{"id":5706,"date":"2025-12-14T19:44:57","date_gmt":"2025-12-14T22:44:57","guid":{"rendered":"https:\/\/elcanillita.info\/press\/?p=5706"},"modified":"2025-12-15T14:57:01","modified_gmt":"2025-12-15T17:57:01","slug":"bondi-beach","status":"publish","type":"post","link":"https:\/\/elcanillita.info\/press\/2025\/12\/14\/bondi-beach\/","title":{"rendered":"La fiesta de las luces termin\u00f3 a balazos"},"content":{"rendered":"\n<figure class=\"wp-block-video\"><video controls src=\"https:\/\/elcanillita.info\/press\/images\/2025\/12\/bond.mp4\"><\/video><\/figure>\n\n\n\n<p>Sidney, Australia<br>En plena celebraci\u00f3n de Hanukkah, dos hombres armados \u2014padre e hijo\u2014 abrieron fuego contra familias reunidas junto al mar. El saldo oficial: 15 muertos, cerca de treinta heridos y una comunidad entera golpeada en su coraz\u00f3n.<\/p>\n\n\n\n<p class=\"p1\">El ataque fue r\u00e1pido, met\u00f3dico y brutal. Desde un puente peatonal elevado sobre Campbell Parade, los agresores dispararon repetidamente contra el c\u00e9sped del festival. Testigos hablan de una secuencia interminable de detonaciones, de gente corriendo sin entender de d\u00f3nde ven\u00edan los tiros, de ni\u00f1os, ancianos y familias atrapadas en una trampa a cielo abierto.<\/p>\n\n\n\n<p class=\"p1\">La polic\u00eda australiana calific\u00f3 el hecho sin rodeos: terrorismo. Uno de los atacantes, de 50 a\u00f1os, muri\u00f3 durante el enfrentamiento; el otro, de 24, permanece hospitalizado bajo custodia. No hay m\u00e1s sospechosos, aseguraron las autoridades de Nueva Gales del Sur, que adem\u00e1s confirmaron el hallazgo de artefactos explosivos improvisados en un veh\u00edculo cercano. El plan era matar m\u00e1s.<\/p>\n\n\n\n<p class=\"p1\">Entre las v\u00edctimas figuran el rabino de S\u00eddney, una ni\u00f1a de 12 a\u00f1os y un sobreviviente del Holocausto. Dos agentes resultaron gravemente heridos. La escena dej\u00f3 una imagen inc\u00f3moda y potente: los socorristas evacuando heridos sobre tablas de surf, mientras el sol ca\u00eda sobre una playa que minutos antes estaba llena de vida.<\/p>\n\n\n\n<p class=\"p1\">En medio del caos emergi\u00f3 un gesto que evit\u00f3 una tragedia a\u00fan mayor. Un transe\u00fante, Ahmed al Ahmed, se lanz\u00f3 desarmado contra uno de los tiradores, logr\u00f3 quitarle el fusil y lo desestabiliz\u00f3. Fue herido en el brazo por el segundo atacante, pero su acci\u00f3n permiti\u00f3 a la polic\u00eda cercar y neutralizar a los agresores. \u201cUn verdadero h\u00e9roe\u201d, lo definieron las autoridades locales.<\/p>\n\n\n\n<p class=\"p1\">El primer ministro Anthony Albanese habl\u00f3 de \u201cun acto de antisemitismo despiadado que ha golpeado el coraz\u00f3n de la naci\u00f3n\u201d. La condena fue un\u00e1nime dentro de Australia, acompa\u00f1ada por mensajes de solidaridad de l\u00edderes internacionales, de la comunidad musulmana australiana y de la Autoridad Palestina. El pa\u00eds amaneci\u00f3 en duelo.<\/p>\n\n\n\n<p class=\"p1\">Desde Jerusal\u00e9n, sin embargo, el tono fue otro. Benjamin Netanyahu apunt\u00f3 directamente contra Canberra y acus\u00f3 al gobierno australiano de \u201cechar le\u00f1a al fuego del antisemitismo\u201d, en referencia a decisiones diplom\u00e1ticas recientes, como el reconocimiento del Estado palestino. Para Israel, el silencio \u2014o la ambig\u00fcedad\u2014 tambi\u00e9n mata.<\/p>\n\n\n\n<p class=\"p1\">Bondi Beach, \u00edcono tur\u00edstico, postal de verano y s\u00edmbolo de convivencia, qued\u00f3 marcada por el sonido de las sirenas y los gritos de una multitud que hab\u00eda ido a celebrar la luz. La fiesta termin\u00f3, pero la pregunta queda flotando sobre la arena: cu\u00e1nta oscuridad m\u00e1s puede tolerar una sociedad antes de reaccionar de verdad.<\/p>\n\n\n\n<p><\/p>\n\n\n\n<p>\u270d\ufe0f \u00a9 2025 SalaStampa.eu \u2013 All Rights Reserved<\/p>\n\n\n\n<p><\/p>\n\n\n<hr style=\"\n    border: none;\n    height: 1px;\n    background: linear-gradient(to right, transparent, #ccc, transparent);\n    margin: 0;\n\" \/>\n<\/p>\n<p><small>\u00a9\ufe0f2025  Guzzo Photos  &#038; Graphic Publications \u2013 All Rights Reserved \u2013 Copyright \u00a9\ufe0f 2025 SalaStampa.eu, world press service \u2013 Guzzo Photos &#038; Graphic Publications \u2013 Registro Editori e Stampatori n. 1441 Turin, Italy<\/small><\/p>\n\n\n<p><\/p>\n","protected":false},"excerpt":{"rendered":"<p>La tarde que promet\u00eda m\u00fasica, juegos y alegr\u00eda en Bondi Beach acab\u00f3 convertida en una de las peores masacres antisemitas fuera de Israel.<\/p>\n","protected":false},"author":1,"featured_media":5710,"comment_status":"closed","ping_status":"closed","sticky":false,"template":"","format":"standard","meta":{"footnotes":"","_links_to":"","_links_to_target":""},"categories":[108,121,70,17,25,143],"tags":[],"class_list":["post-5706","post","type-post","status-publish","format-standard","has-post-thumbnail","hentry","category-blogdiario","category-dc24","category-actualidad","category-oceania","category-sociedad","category-terrorismo","entry","double"],"yoast_head":"<!-- This site is optimized with the Yoast SEO plugin v27.5 - https:\/\/yoast.com\/product\/yoast-seo-wordpress\/ -->\n<title>La fiesta de las luces termin\u00f3 a balazos - ElCanillita.Info<\/title>\n<meta name=\"robots\" content=\"index, follow, max-snippet:-1, max-image-preview:large, max-video-preview:-1\" \/>\n<link rel=\"canonical\" href=\"https:\/\/elcanillita.info\/press\/2025\/12\/14\/bondi-beach\/\" \/>\n<meta property=\"og:locale\" content=\"es_ES\" \/>\n<meta property=\"og:type\" content=\"article\" \/>\n<meta property=\"og:title\" content=\"La fiesta de las luces termin\u00f3 a balazos - ElCanillita.Info\" \/>\n<meta property=\"og:description\" content=\"La tarde que promet\u00eda m\u00fasica, juegos y alegr\u00eda en Bondi Beach acab\u00f3 convertida en una de las peores masacres antisemitas fuera de Israel.\" \/>\n<meta property=\"og:url\" content=\"https:\/\/elcanillita.info\/press\/2025\/12\/14\/bondi-beach\/\" \/>\n<meta property=\"og:site_name\" content=\"ElCanillita.Info\" \/>\n<meta property=\"article:publisher\" content=\"https:\/\/ar-ar.facebook.com\/ElCanillitainfo-114249515285712\/\" \/>\n<meta property=\"article:published_time\" content=\"2025-12-14T22:44:57+00:00\" \/>\n<meta property=\"article:modified_time\" content=\"2025-12-15T17:57:01+00:00\" \/>\n<meta property=\"og:image\" content=\"https:\/\/elcanillita.info\/press\/images\/2025\/12\/bondcov.jpg\" \/>\n\t<meta property=\"og:image:width\" content=\"568\" \/>\n\t<meta property=\"og:image:height\" content=\"379\" \/>\n\t<meta property=\"og:image:type\" content=\"image\/jpeg\" \/>\n<meta name=\"author\" content=\"SalaStampa.eu, world press service\" \/>\n<meta name=\"twitter:card\" content=\"summary_large_image\" \/>\n<meta name=\"twitter:label1\" content=\"Escrito por\" \/>\n\t<meta name=\"twitter:data1\" content=\"SalaStampa.eu, world press service\" \/>\n\t<meta name=\"twitter:label2\" content=\"Tiempo de lectura\" \/>\n\t<meta name=\"twitter:data2\" content=\"3 minutos\" \/>\n<script type=\"application\/ld+json\" class=\"yoast-schema-graph\">{\"@context\":\"https:\\\/\\\/schema.org\",\"@graph\":[{\"@type\":\"Article\",\"@id\":\"https:\\\/\\\/elcanillita.info\\\/press\\\/2025\\\/12\\\/14\\\/bondi-beach\\\/#article\",\"isPartOf\":{\"@id\":\"https:\\\/\\\/elcanillita.info\\\/press\\\/2025\\\/12\\\/14\\\/bondi-beach\\\/\"},\"author\":{\"name\":\"SalaStampa.eu, world press service\",\"@id\":\"https:\\\/\\\/elcanillita.info\\\/press\\\/#\\\/schema\\\/person\\\/7fcb79f38045700919f7da6d97e71ba0\"},\"headline\":\"La fiesta de las luces termin\u00f3 a balazos\",\"datePublished\":\"2025-12-14T22:44:57+00:00\",\"dateModified\":\"2025-12-15T17:57:01+00:00\",\"mainEntityOfPage\":{\"@id\":\"https:\\\/\\\/elcanillita.info\\\/press\\\/2025\\\/12\\\/14\\\/bondi-beach\\\/\"},\"wordCount\":491,\"publisher\":{\"@id\":\"https:\\\/\\\/elcanillita.info\\\/press\\\/#organization\"},\"image\":{\"@id\":\"https:\\\/\\\/elcanillita.info\\\/press\\\/2025\\\/12\\\/14\\\/bondi-beach\\\/#primaryimage\"},\"thumbnailUrl\":\"https:\\\/\\\/elcanillita.info\\\/press\\\/images\\\/2025\\\/12\\\/bondcov.jpg\",\"articleSection\":[\".\",\".\",\"Actualidad\",\"Oceania\",\"Sociedad\",\"Terrorismo\"],\"inLanguage\":\"es-AR\"},{\"@type\":\"WebPage\",\"@id\":\"https:\\\/\\\/elcanillita.info\\\/press\\\/2025\\\/12\\\/14\\\/bondi-beach\\\/\",\"url\":\"https:\\\/\\\/elcanillita.info\\\/press\\\/2025\\\/12\\\/14\\\/bondi-beach\\\/\",\"name\":\"La fiesta de las luces termin\u00f3 a balazos - ElCanillita.Info\",\"isPartOf\":{\"@id\":\"https:\\\/\\\/elcanillita.info\\\/press\\\/#website\"},\"primaryImageOfPage\":{\"@id\":\"https:\\\/\\\/elcanillita.info\\\/press\\\/2025\\\/12\\\/14\\\/bondi-beach\\\/#primaryimage\"},\"image\":{\"@id\":\"https:\\\/\\\/elcanillita.info\\\/press\\\/2025\\\/12\\\/14\\\/bondi-beach\\\/#primaryimage\"},\"thumbnailUrl\":\"https:\\\/\\\/elcanillita.info\\\/press\\\/images\\\/2025\\\/12\\\/bondcov.jpg\",\"datePublished\":\"2025-12-14T22:44:57+00:00\",\"dateModified\":\"2025-12-15T17:57:01+00:00\",\"inLanguage\":\"es-AR\",\"potentialAction\":[{\"@type\":\"ReadAction\",\"target\":[\"https:\\\/\\\/elcanillita.info\\\/press\\\/2025\\\/12\\\/14\\\/bondi-beach\\\/\"]}]},{\"@type\":\"ImageObject\",\"inLanguage\":\"es-AR\",\"@id\":\"https:\\\/\\\/elcanillita.info\\\/press\\\/2025\\\/12\\\/14\\\/bondi-beach\\\/#primaryimage\",\"url\":\"https:\\\/\\\/elcanillita.info\\\/press\\\/images\\\/2025\\\/12\\\/bondcov.jpg\",\"contentUrl\":\"https:\\\/\\\/elcanillita.info\\\/press\\\/images\\\/2025\\\/12\\\/bondcov.jpg\",\"width\":568,\"height\":379},{\"@type\":\"WebSite\",\"@id\":\"https:\\\/\\\/elcanillita.info\\\/press\\\/#website\",\"url\":\"https:\\\/\\\/elcanillita.info\\\/press\\\/\",\"name\":\"ElCanillita.Info\",\"description\":\"desde los Apeninos a los Andes\",\"publisher\":{\"@id\":\"https:\\\/\\\/elcanillita.info\\\/press\\\/#organization\"},\"potentialAction\":[{\"@type\":\"SearchAction\",\"target\":{\"@type\":\"EntryPoint\",\"urlTemplate\":\"https:\\\/\\\/elcanillita.info\\\/press\\\/?s={search_term_string}\"},\"query-input\":{\"@type\":\"PropertyValueSpecification\",\"valueRequired\":true,\"valueName\":\"search_term_string\"}}],\"inLanguage\":\"es-AR\"},{\"@type\":\"Organization\",\"@id\":\"https:\\\/\\\/elcanillita.info\\\/press\\\/#organization\",\"name\":\"Guzzo Photos & Graphic Publications\",\"url\":\"https:\\\/\\\/elcanillita.info\\\/press\\\/\",\"logo\":{\"@type\":\"ImageObject\",\"inLanguage\":\"es-AR\",\"@id\":\"https:\\\/\\\/elcanillita.info\\\/press\\\/#\\\/schema\\\/logo\\\/image\\\/\",\"url\":\"https:\\\/\\\/elcanillita.info\\\/press\\\/images\\\/2020\\\/01\\\/cropped-cropped-cropped-elcanillitainfo.png\",\"contentUrl\":\"https:\\\/\\\/elcanillita.info\\\/press\\\/images\\\/2020\\\/01\\\/cropped-cropped-cropped-elcanillitainfo.png\",\"width\":460,\"height\":50,\"caption\":\"Guzzo Photos & Graphic Publications\"},\"image\":{\"@id\":\"https:\\\/\\\/elcanillita.info\\\/press\\\/#\\\/schema\\\/logo\\\/image\\\/\"},\"sameAs\":[\"https:\\\/\\\/ar-ar.facebook.com\\\/ElCanillitainfo-114249515285712\\\/\"]},{\"@type\":\"Person\",\"@id\":\"https:\\\/\\\/elcanillita.info\\\/press\\\/#\\\/schema\\\/person\\\/7fcb79f38045700919f7da6d97e71ba0\",\"name\":\"SalaStampa.eu, world press service\",\"image\":{\"@type\":\"ImageObject\",\"inLanguage\":\"es-AR\",\"@id\":\"https:\\\/\\\/secure.gravatar.com\\\/avatar\\\/c2f0e0d515a107624234994507816ca4724c7199cef73fc8bedebf6931d73888?s=96&d=mm&r=g\",\"url\":\"https:\\\/\\\/secure.gravatar.com\\\/avatar\\\/c2f0e0d515a107624234994507816ca4724c7199cef73fc8bedebf6931d73888?s=96&d=mm&r=g\",\"contentUrl\":\"https:\\\/\\\/secure.gravatar.com\\\/avatar\\\/c2f0e0d515a107624234994507816ca4724c7199cef73fc8bedebf6931d73888?s=96&d=mm&r=g\",\"caption\":\"SalaStampa.eu, world press service\"}}]}<\/script>\n<!-- \/ Yoast SEO plugin. -->","yoast_head_json":{"title":"La fiesta de las luces termin\u00f3 a balazos - ElCanillita.Info","robots":{"index":"index","follow":"follow","max-snippet":"max-snippet:-1","max-image-preview":"max-image-preview:large","max-video-preview":"max-video-preview:-1"},"canonical":"https:\/\/elcanillita.info\/press\/2025\/12\/14\/bondi-beach\/","og_locale":"es_ES","og_type":"article","og_title":"La fiesta de las luces termin\u00f3 a balazos - ElCanillita.Info","og_description":"La tarde que promet\u00eda m\u00fasica, juegos y alegr\u00eda en Bondi Beach acab\u00f3 convertida en una de las peores masacres antisemitas fuera de Israel.","og_url":"https:\/\/elcanillita.info\/press\/2025\/12\/14\/bondi-beach\/","og_site_name":"ElCanillita.Info","article_publisher":"https:\/\/ar-ar.facebook.com\/ElCanillitainfo-114249515285712\/","article_published_time":"2025-12-14T22:44:57+00:00","article_modified_time":"2025-12-15T17:57:01+00:00","og_image":[{"width":568,"height":379,"url":"https:\/\/elcanillita.info\/press\/images\/2025\/12\/bondcov.jpg","type":"image\/jpeg"}],"author":"SalaStampa.eu, world press service","twitter_card":"summary_large_image","twitter_misc":{"Escrito por":"SalaStampa.eu, world press service","Tiempo de lectura":"3 minutos"},"schema":{"@context":"https:\/\/schema.org","@graph":[{"@type":"Article","@id":"https:\/\/elcanillita.info\/press\/2025\/12\/14\/bondi-beach\/#article","isPartOf":{"@id":"https:\/\/elcanillita.info\/press\/2025\/12\/14\/bondi-beach\/"},"author":{"name":"SalaStampa.eu, world press service","@id":"https:\/\/elcanillita.info\/press\/#\/schema\/person\/7fcb79f38045700919f7da6d97e71ba0"},"headline":"La fiesta de las luces termin\u00f3 a balazos","datePublished":"2025-12-14T22:44:57+00:00","dateModified":"2025-12-15T17:57:01+00:00","mainEntityOfPage":{"@id":"https:\/\/elcanillita.info\/press\/2025\/12\/14\/bondi-beach\/"},"wordCount":491,"publisher":{"@id":"https:\/\/elcanillita.info\/press\/#organization"},"image":{"@id":"https:\/\/elcanillita.info\/press\/2025\/12\/14\/bondi-beach\/#primaryimage"},"thumbnailUrl":"https:\/\/elcanillita.info\/press\/images\/2025\/12\/bondcov.jpg","articleSection":[".",".","Actualidad","Oceania","Sociedad","Terrorismo"],"inLanguage":"es-AR"},{"@type":"WebPage","@id":"https:\/\/elcanillita.info\/press\/2025\/12\/14\/bondi-beach\/","url":"https:\/\/elcanillita.info\/press\/2025\/12\/14\/bondi-beach\/","name":"La fiesta de las luces termin\u00f3 a balazos - ElCanillita.Info","isPartOf":{"@id":"https:\/\/elcanillita.info\/press\/#website"},"primaryImageOfPage":{"@id":"https:\/\/elcanillita.info\/press\/2025\/12\/14\/bondi-beach\/#primaryimage"},"image":{"@id":"https:\/\/elcanillita.info\/press\/2025\/12\/14\/bondi-beach\/#primaryimage"},"thumbnailUrl":"https:\/\/elcanillita.info\/press\/images\/2025\/12\/bondcov.jpg","datePublished":"2025-12-14T22:44:57+00:00","dateModified":"2025-12-15T17:57:01+00:00","inLanguage":"es-AR","potentialAction":[{"@type":"ReadAction","target":["https:\/\/elcanillita.info\/press\/2025\/12\/14\/bondi-beach\/"]}]},{"@type":"ImageObject","inLanguage":"es-AR","@id":"https:\/\/elcanillita.info\/press\/2025\/12\/14\/bondi-beach\/#primaryimage","url":"https:\/\/elcanillita.info\/press\/images\/2025\/12\/bondcov.jpg","contentUrl":"https:\/\/elcanillita.info\/press\/images\/2025\/12\/bondcov.jpg","width":568,"height":379},{"@type":"WebSite","@id":"https:\/\/elcanillita.info\/press\/#website","url":"https:\/\/elcanillita.info\/press\/","name":"ElCanillita.Info","description":"desde los Apeninos a los Andes","publisher":{"@id":"https:\/\/elcanillita.info\/press\/#organization"},"potentialAction":[{"@type":"SearchAction","target":{"@type":"EntryPoint","urlTemplate":"https:\/\/elcanillita.info\/press\/?s={search_term_string}"},"query-input":{"@type":"PropertyValueSpecification","valueRequired":true,"valueName":"search_term_string"}}],"inLanguage":"es-AR"},{"@type":"Organization","@id":"https:\/\/elcanillita.info\/press\/#organization","name":"Guzzo Photos & Graphic Publications","url":"https:\/\/elcanillita.info\/press\/","logo":{"@type":"ImageObject","inLanguage":"es-AR","@id":"https:\/\/elcanillita.info\/press\/#\/schema\/logo\/image\/","url":"https:\/\/elcanillita.info\/press\/images\/2020\/01\/cropped-cropped-cropped-elcanillitainfo.png","contentUrl":"https:\/\/elcanillita.info\/press\/images\/2020\/01\/cropped-cropped-cropped-elcanillitainfo.png","width":460,"height":50,"caption":"Guzzo Photos & Graphic Publications"},"image":{"@id":"https:\/\/elcanillita.info\/press\/#\/schema\/logo\/image\/"},"sameAs":["https:\/\/ar-ar.facebook.com\/ElCanillitainfo-114249515285712\/"]},{"@type":"Person","@id":"https:\/\/elcanillita.info\/press\/#\/schema\/person\/7fcb79f38045700919f7da6d97e71ba0","name":"SalaStampa.eu, world press service","image":{"@type":"ImageObject","inLanguage":"es-AR","@id":"https:\/\/secure.gravatar.com\/avatar\/c2f0e0d515a107624234994507816ca4724c7199cef73fc8bedebf6931d73888?s=96&d=mm&r=g","url":"https:\/\/secure.gravatar.com\/avatar\/c2f0e0d515a107624234994507816ca4724c7199cef73fc8bedebf6931d73888?s=96&d=mm&r=g","contentUrl":"https:\/\/secure.gravatar.com\/avatar\/c2f0e0d515a107624234994507816ca4724c7199cef73fc8bedebf6931d73888?s=96&d=mm&r=g","caption":"SalaStampa.eu, world press service"}}]}},"views":169,"_links":{"self":[{"href":"https:\/\/elcanillita.info\/press\/wp-json\/wp\/v2\/posts\/5706","targetHints":{"allow":["GET"]}}],"collection":[{"href":"https:\/\/elcanillita.info\/press\/wp-json\/wp\/v2\/posts"}],"about":[{"href":"https:\/\/elcanillita.info\/press\/wp-json\/wp\/v2\/types\/post"}],"author":[{"embeddable":true,"href":"https:\/\/elcanillita.info\/press\/wp-json\/wp\/v2\/users\/1"}],"replies":[{"embeddable":true,"href":"https:\/\/elcanillita.info\/press\/wp-json\/wp\/v2\/comments?post=5706"}],"version-history":[{"count":0,"href":"https:\/\/elcanillita.info\/press\/wp-json\/wp\/v2\/posts\/5706\/revisions"}],"wp:featuredmedia":[{"embeddable":true,"href":"https:\/\/elcanillita.info\/press\/wp-json\/wp\/v2\/media\/5710"}],"wp:attachment":[{"href":"https:\/\/elcanillita.info\/press\/wp-json\/wp\/v2\/media?parent=5706"}],"wp:term":[{"taxonomy":"category","embeddable":true,"href":"https:\/\/elcanillita.info\/press\/wp-json\/wp\/v2\/categories?post=5706"},{"taxonomy":"post_tag","embeddable":true,"href":"https:\/\/elcanillita.info\/press\/wp-json\/wp\/v2\/tags?post=5706"}],"curies":[{"name":"wp","href":"https:\/\/api.w.org\/{rel}","templated":true}]}}