{"id":570,"date":"2020-02-24T16:06:14","date_gmt":"2020-02-24T19:06:14","guid":{"rendered":"https:\/\/elcanillita.info\/press\/?p=570"},"modified":"2020-02-24T16:07:24","modified_gmt":"2020-02-24T19:07:24","slug":"venezolanos-enfrenta-condiciones-hambre","status":"publish","type":"post","link":"https:\/\/elcanillita.info\/press\/2020\/02\/24\/venezolanos-enfrenta-condiciones-hambre\/","title":{"rendered":"Uno de cada tres venezolanos enfrenta condiciones de hambre"},"content":{"rendered":"\n<p>Caracas, 24.02.2020 &#8211; Una de cada tres personas en Venezuela pasa dificultades para poner sobre la mesa comida suficiente que cumpla con el m\u00ednimo de nutrientes requeridos debido a la severa contracci\u00f3n econ\u00f3mica del pa\u00eds y a la persistencia de su crisis pol\u00edtica, seg\u00fan un estudio del Programa Mundial de Alimentos de la ONU publicado el domingo.<\/p>\n\n\n\n<p>Un sondeo a nivel nacional basado en 8.375 cuestionarios revela el sorprendente panorama de un gran n\u00famero de venezolanos que sobreviven con una dieta formada principalmente por tub\u00e9rculos y frijoles debido a que la hiperinflaci\u00f3n en Venezuela ha vuelto inservibles muchos salarios.<\/p>\n\n\n\n<p>Un total de 9,3 millones de personas \u2013 pr\u00e1cticamente la tercera parte de la poblaci\u00f3n \u2013 padecen inseguridad alimentaria moderada o severa, indic\u00f3 el PMA en su informe, realizado a invitaci\u00f3n del gobierno de Venezuela. La inseguridad alimentaria se define como la incapacidad de una persona para obtener los requerimientos diet\u00e9ticos b\u00e1sicos.<\/p>\n\n\n\n<p>El estudio dice que dicha inseguridad es una preocupaci\u00f3n a nivel nacional, aunque algunos estados como Delta Amacuro, Amazonas y Falc\u00f3n tienen niveles particularmente elevados. Incluso en las regiones m\u00e1s pr\u00f3speras se calcula que una de cada cinco personas padece dificultades para comer bien.<\/p>\n\n\n\n<p>\u201cLa realidad que presenta este informe evidencia la gravedad de la crisis social, econ\u00f3mica y pol\u00edtica en nuestro pa\u00eds\u201d, dijo Miguel Pizarro, un l\u00edder opositor.<\/p>\n\n\n\n<p>Enviado de la Uni\u00f3n Europea de gira para destrabar juego pol\u00edtico en Venezuela<\/p>\n\n\n\n<p>El presidente venezolano Nicol\u00e1s Maduro se ha mostrado mayormente renuente en los \u00faltimos a\u00f1os a invitar a las organizaciones internacionales a evaluar la situaci\u00f3n humanitaria en su pa\u00eds, aunque el PMA asegur\u00f3 que se le brind\u00f3 \u201ccompleta independencia\u201d y recab\u00f3 los datos en todo el pa\u00eds \u201csin ning\u00fan tipo de impedimento u obstrucci\u00f3n\u201d.<\/p>\n\n\n\n<p>El organismo de las Naciones Unidas \u201cespera continuar su di\u00e1logo con el gobierno venezolano y proseguir conversaciones que se enfocar\u00e1n en el camino a seguir para brindar asistencia a aquellos en inseguridad alimentaria\u201d, indic\u00f3 en un comunicado.<\/p>\n\n\n\n<p>El gobierno de Maduro no hizo declaraciones sobre los resultados del estudio.<\/p>\n\n\n\n<p>El sondeo revel\u00f3 que el 74% de las familias han implementado estrategias alimenticias para hacer frente al problema, como la reducci\u00f3n en la variedad y calidad de la comida que consumen. El 60% de las familias reportaron haber reducido sus porciones, el 33% indic\u00f3 que han aceptado alimento en pago a su trabajo y el 20% report\u00f3 haber vendido bienes familiares para cubrir sus necesidades b\u00e1sicas.<\/p>\n\n\n\n<p>El problema parece centrarse m\u00e1s en la dificultad para obtener alimentos que en su disponibilidad. Siete de cada 10 personas reportaron que siempre es posible localizarlos, pero indicaron que es complicado adquirirlos debido a los altos precios. Un 37% report\u00f3 que han perdido su trabajo o su negocio debido a la severa contracci\u00f3n econ\u00f3mica de Venezuela.<\/p>\n\n\n\n<p>El pa\u00eds ha estado sumido en una crisis pol\u00edtica y humanitaria que ha obligado a m\u00e1s de 4,5 millones de personas a irse en los \u00faltimos a\u00f1os. Maduro ha logrado mantenerse en el poder a pesar de los intentos del l\u00edder opositor Juan Guaid\u00f3 por derrocarlo y de las crecientes sanciones de Estados Unidos.<\/p>\n\n\n\n<p>Maduro culpa frecuentemente al gobierno del presidente estadounidense Donald Trump por la situaci\u00f3n en su pa\u00eds, y su gobierno ha instado a la Corte Internacional de Justicia a iniciar una investigaci\u00f3n, argumentando que las sanciones financieras est\u00e1n provocando sufrimiento e incluso la muerte. Sin embargo, los problemas del pa\u00eds para alimentar a sus ciudadanos y brindar atenci\u00f3n m\u00e9dica adecuada ya exist\u00edan antes de las sanciones de Washington.<br><br>\n<small>2020 voanoticias \u2013 salastampa.eu, afiliada a la red Broadcasting Board of Governors \u00a9 2020 BBG<\/small><\/p>\n","protected":false},"excerpt":{"rendered":"<p>Caracas, 24.02.2020 &#8211; Una de cada tres personas en Venezuela pasa dificultades para poner sobre la mesa comida suficiente que cumpla con el m\u00ednimo de nutrientes requeridos debido a la severa contracci\u00f3n econ\u00f3mica del pa\u00eds y a la persistencia de su crisis pol\u00edtica, seg\u00fan un estudio del Programa Mundial de Alimentos de la ONU publicado el domingo.<\/p>\n","protected":false},"author":1,"featured_media":0,"comment_status":"closed","ping_status":"closed","sticky":false,"template":"","format":"standard","meta":{"footnotes":"","_links_to":"","_links_to_target":""},"categories":[70,11,20,25],"tags":[37],"class_list":["post-570","post","type-post","status-publish","format-standard","hentry","category-actualidad","category-america-del-sur","category-economia","category-sociedad","tag-venezuela","entry","double"],"yoast_head":"<!-- This site is optimized with the Yoast SEO plugin v27.5 - https:\/\/yoast.com\/product\/yoast-seo-wordpress\/ -->\n<title>Uno de cada tres venezolanos enfrenta condiciones de hambre - ElCanillita.Info<\/title>\n<meta name=\"robots\" content=\"index, follow, max-snippet:-1, max-image-preview:large, max-video-preview:-1\" \/>\n<link rel=\"canonical\" href=\"https:\/\/elcanillita.info\/press\/2020\/02\/24\/venezolanos-enfrenta-condiciones-hambre\/\" \/>\n<meta property=\"og:locale\" content=\"es_ES\" \/>\n<meta property=\"og:type\" content=\"article\" \/>\n<meta property=\"og:title\" content=\"Uno de cada tres venezolanos enfrenta condiciones de hambre - ElCanillita.Info\" \/>\n<meta property=\"og:description\" content=\"Caracas, 24.02.2020 - Una de cada tres personas en Venezuela pasa dificultades para poner sobre la mesa comida suficiente que cumpla con el m\u00ednimo de nutrientes requeridos debido a la severa contracci\u00f3n econ\u00f3mica del pa\u00eds y a la persistencia de su crisis pol\u00edtica, seg\u00fan un estudio del Programa Mundial de Alimentos de la ONU publicado el domingo.\" \/>\n<meta property=\"og:url\" content=\"https:\/\/elcanillita.info\/press\/2020\/02\/24\/venezolanos-enfrenta-condiciones-hambre\/\" \/>\n<meta property=\"og:site_name\" content=\"ElCanillita.Info\" \/>\n<meta property=\"article:publisher\" content=\"https:\/\/ar-ar.facebook.com\/ElCanillitainfo-114249515285712\/\" \/>\n<meta property=\"article:published_time\" content=\"2020-02-24T19:06:14+00:00\" \/>\n<meta property=\"article:modified_time\" content=\"2020-02-24T19:07:24+00:00\" \/>\n<meta name=\"author\" content=\"SalaStampa.eu, world press service\" \/>\n<meta name=\"twitter:card\" content=\"summary_large_image\" \/>\n<meta name=\"twitter:label1\" content=\"Escrito por\" \/>\n\t<meta name=\"twitter:data1\" content=\"SalaStampa.eu, world press service\" \/>\n\t<meta name=\"twitter:label2\" content=\"Tiempo de lectura\" \/>\n\t<meta name=\"twitter:data2\" content=\"3 minutos\" \/>\n<script type=\"application\/ld+json\" class=\"yoast-schema-graph\">{\"@context\":\"https:\\\/\\\/schema.org\",\"@graph\":[{\"@type\":\"Article\",\"@id\":\"https:\\\/\\\/elcanillita.info\\\/press\\\/2020\\\/02\\\/24\\\/venezolanos-enfrenta-condiciones-hambre\\\/#article\",\"isPartOf\":{\"@id\":\"https:\\\/\\\/elcanillita.info\\\/press\\\/2020\\\/02\\\/24\\\/venezolanos-enfrenta-condiciones-hambre\\\/\"},\"author\":{\"name\":\"SalaStampa.eu, world press service\",\"@id\":\"https:\\\/\\\/elcanillita.info\\\/press\\\/#\\\/schema\\\/person\\\/7fcb79f38045700919f7da6d97e71ba0\"},\"headline\":\"Uno de cada tres venezolanos enfrenta condiciones de hambre\",\"datePublished\":\"2020-02-24T19:06:14+00:00\",\"dateModified\":\"2020-02-24T19:07:24+00:00\",\"mainEntityOfPage\":{\"@id\":\"https:\\\/\\\/elcanillita.info\\\/press\\\/2020\\\/02\\\/24\\\/venezolanos-enfrenta-condiciones-hambre\\\/\"},\"wordCount\":638,\"publisher\":{\"@id\":\"https:\\\/\\\/elcanillita.info\\\/press\\\/#organization\"},\"keywords\":[\"Venezuela\"],\"articleSection\":[\"Actualidad\",\"Am\u00e9rica del Sur\",\"Economia\",\"Sociedad\"],\"inLanguage\":\"es-AR\"},{\"@type\":\"WebPage\",\"@id\":\"https:\\\/\\\/elcanillita.info\\\/press\\\/2020\\\/02\\\/24\\\/venezolanos-enfrenta-condiciones-hambre\\\/\",\"url\":\"https:\\\/\\\/elcanillita.info\\\/press\\\/2020\\\/02\\\/24\\\/venezolanos-enfrenta-condiciones-hambre\\\/\",\"name\":\"Uno de cada tres venezolanos enfrenta condiciones de hambre - ElCanillita.Info\",\"isPartOf\":{\"@id\":\"https:\\\/\\\/elcanillita.info\\\/press\\\/#website\"},\"datePublished\":\"2020-02-24T19:06:14+00:00\",\"dateModified\":\"2020-02-24T19:07:24+00:00\",\"inLanguage\":\"es-AR\",\"potentialAction\":[{\"@type\":\"ReadAction\",\"target\":[\"https:\\\/\\\/elcanillita.info\\\/press\\\/2020\\\/02\\\/24\\\/venezolanos-enfrenta-condiciones-hambre\\\/\"]}]},{\"@type\":\"WebSite\",\"@id\":\"https:\\\/\\\/elcanillita.info\\\/press\\\/#website\",\"url\":\"https:\\\/\\\/elcanillita.info\\\/press\\\/\",\"name\":\"ElCanillita.Info\",\"description\":\"desde los Apeninos a los Andes\",\"publisher\":{\"@id\":\"https:\\\/\\\/elcanillita.info\\\/press\\\/#organization\"},\"potentialAction\":[{\"@type\":\"SearchAction\",\"target\":{\"@type\":\"EntryPoint\",\"urlTemplate\":\"https:\\\/\\\/elcanillita.info\\\/press\\\/?s={search_term_string}\"},\"query-input\":{\"@type\":\"PropertyValueSpecification\",\"valueRequired\":true,\"valueName\":\"search_term_string\"}}],\"inLanguage\":\"es-AR\"},{\"@type\":\"Organization\",\"@id\":\"https:\\\/\\\/elcanillita.info\\\/press\\\/#organization\",\"name\":\"Guzzo Photos & Graphic Publications\",\"url\":\"https:\\\/\\\/elcanillita.info\\\/press\\\/\",\"logo\":{\"@type\":\"ImageObject\",\"inLanguage\":\"es-AR\",\"@id\":\"https:\\\/\\\/elcanillita.info\\\/press\\\/#\\\/schema\\\/logo\\\/image\\\/\",\"url\":\"https:\\\/\\\/elcanillita.info\\\/press\\\/images\\\/2020\\\/01\\\/cropped-cropped-cropped-elcanillitainfo.png\",\"contentUrl\":\"https:\\\/\\\/elcanillita.info\\\/press\\\/images\\\/2020\\\/01\\\/cropped-cropped-cropped-elcanillitainfo.png\",\"width\":460,\"height\":50,\"caption\":\"Guzzo Photos & Graphic Publications\"},\"image\":{\"@id\":\"https:\\\/\\\/elcanillita.info\\\/press\\\/#\\\/schema\\\/logo\\\/image\\\/\"},\"sameAs\":[\"https:\\\/\\\/ar-ar.facebook.com\\\/ElCanillitainfo-114249515285712\\\/\"]},{\"@type\":\"Person\",\"@id\":\"https:\\\/\\\/elcanillita.info\\\/press\\\/#\\\/schema\\\/person\\\/7fcb79f38045700919f7da6d97e71ba0\",\"name\":\"SalaStampa.eu, world press service\",\"image\":{\"@type\":\"ImageObject\",\"inLanguage\":\"es-AR\",\"@id\":\"https:\\\/\\\/secure.gravatar.com\\\/avatar\\\/c2f0e0d515a107624234994507816ca4724c7199cef73fc8bedebf6931d73888?s=96&d=mm&r=g\",\"url\":\"https:\\\/\\\/secure.gravatar.com\\\/avatar\\\/c2f0e0d515a107624234994507816ca4724c7199cef73fc8bedebf6931d73888?s=96&d=mm&r=g\",\"contentUrl\":\"https:\\\/\\\/secure.gravatar.com\\\/avatar\\\/c2f0e0d515a107624234994507816ca4724c7199cef73fc8bedebf6931d73888?s=96&d=mm&r=g\",\"caption\":\"SalaStampa.eu, world press service\"}}]}<\/script>\n<!-- \/ Yoast SEO plugin. -->","yoast_head_json":{"title":"Uno de cada tres venezolanos enfrenta condiciones de hambre - ElCanillita.Info","robots":{"index":"index","follow":"follow","max-snippet":"max-snippet:-1","max-image-preview":"max-image-preview:large","max-video-preview":"max-video-preview:-1"},"canonical":"https:\/\/elcanillita.info\/press\/2020\/02\/24\/venezolanos-enfrenta-condiciones-hambre\/","og_locale":"es_ES","og_type":"article","og_title":"Uno de cada tres venezolanos enfrenta condiciones de hambre - ElCanillita.Info","og_description":"Caracas, 24.02.2020 - Una de cada tres personas en Venezuela pasa dificultades para poner sobre la mesa comida suficiente que cumpla con el m\u00ednimo de nutrientes requeridos debido a la severa contracci\u00f3n econ\u00f3mica del pa\u00eds y a la persistencia de su crisis pol\u00edtica, seg\u00fan un estudio del Programa Mundial de Alimentos de la ONU publicado el domingo.","og_url":"https:\/\/elcanillita.info\/press\/2020\/02\/24\/venezolanos-enfrenta-condiciones-hambre\/","og_site_name":"ElCanillita.Info","article_publisher":"https:\/\/ar-ar.facebook.com\/ElCanillitainfo-114249515285712\/","article_published_time":"2020-02-24T19:06:14+00:00","article_modified_time":"2020-02-24T19:07:24+00:00","author":"SalaStampa.eu, world press service","twitter_card":"summary_large_image","twitter_misc":{"Escrito por":"SalaStampa.eu, world press service","Tiempo de lectura":"3 minutos"},"schema":{"@context":"https:\/\/schema.org","@graph":[{"@type":"Article","@id":"https:\/\/elcanillita.info\/press\/2020\/02\/24\/venezolanos-enfrenta-condiciones-hambre\/#article","isPartOf":{"@id":"https:\/\/elcanillita.info\/press\/2020\/02\/24\/venezolanos-enfrenta-condiciones-hambre\/"},"author":{"name":"SalaStampa.eu, world press service","@id":"https:\/\/elcanillita.info\/press\/#\/schema\/person\/7fcb79f38045700919f7da6d97e71ba0"},"headline":"Uno de cada tres venezolanos enfrenta condiciones de hambre","datePublished":"2020-02-24T19:06:14+00:00","dateModified":"2020-02-24T19:07:24+00:00","mainEntityOfPage":{"@id":"https:\/\/elcanillita.info\/press\/2020\/02\/24\/venezolanos-enfrenta-condiciones-hambre\/"},"wordCount":638,"publisher":{"@id":"https:\/\/elcanillita.info\/press\/#organization"},"keywords":["Venezuela"],"articleSection":["Actualidad","Am\u00e9rica del Sur","Economia","Sociedad"],"inLanguage":"es-AR"},{"@type":"WebPage","@id":"https:\/\/elcanillita.info\/press\/2020\/02\/24\/venezolanos-enfrenta-condiciones-hambre\/","url":"https:\/\/elcanillita.info\/press\/2020\/02\/24\/venezolanos-enfrenta-condiciones-hambre\/","name":"Uno de cada tres venezolanos enfrenta condiciones de hambre - ElCanillita.Info","isPartOf":{"@id":"https:\/\/elcanillita.info\/press\/#website"},"datePublished":"2020-02-24T19:06:14+00:00","dateModified":"2020-02-24T19:07:24+00:00","inLanguage":"es-AR","potentialAction":[{"@type":"ReadAction","target":["https:\/\/elcanillita.info\/press\/2020\/02\/24\/venezolanos-enfrenta-condiciones-hambre\/"]}]},{"@type":"WebSite","@id":"https:\/\/elcanillita.info\/press\/#website","url":"https:\/\/elcanillita.info\/press\/","name":"ElCanillita.Info","description":"desde los Apeninos a los Andes","publisher":{"@id":"https:\/\/elcanillita.info\/press\/#organization"},"potentialAction":[{"@type":"SearchAction","target":{"@type":"EntryPoint","urlTemplate":"https:\/\/elcanillita.info\/press\/?s={search_term_string}"},"query-input":{"@type":"PropertyValueSpecification","valueRequired":true,"valueName":"search_term_string"}}],"inLanguage":"es-AR"},{"@type":"Organization","@id":"https:\/\/elcanillita.info\/press\/#organization","name":"Guzzo Photos & Graphic Publications","url":"https:\/\/elcanillita.info\/press\/","logo":{"@type":"ImageObject","inLanguage":"es-AR","@id":"https:\/\/elcanillita.info\/press\/#\/schema\/logo\/image\/","url":"https:\/\/elcanillita.info\/press\/images\/2020\/01\/cropped-cropped-cropped-elcanillitainfo.png","contentUrl":"https:\/\/elcanillita.info\/press\/images\/2020\/01\/cropped-cropped-cropped-elcanillitainfo.png","width":460,"height":50,"caption":"Guzzo Photos & Graphic Publications"},"image":{"@id":"https:\/\/elcanillita.info\/press\/#\/schema\/logo\/image\/"},"sameAs":["https:\/\/ar-ar.facebook.com\/ElCanillitainfo-114249515285712\/"]},{"@type":"Person","@id":"https:\/\/elcanillita.info\/press\/#\/schema\/person\/7fcb79f38045700919f7da6d97e71ba0","name":"SalaStampa.eu, world press service","image":{"@type":"ImageObject","inLanguage":"es-AR","@id":"https:\/\/secure.gravatar.com\/avatar\/c2f0e0d515a107624234994507816ca4724c7199cef73fc8bedebf6931d73888?s=96&d=mm&r=g","url":"https:\/\/secure.gravatar.com\/avatar\/c2f0e0d515a107624234994507816ca4724c7199cef73fc8bedebf6931d73888?s=96&d=mm&r=g","contentUrl":"https:\/\/secure.gravatar.com\/avatar\/c2f0e0d515a107624234994507816ca4724c7199cef73fc8bedebf6931d73888?s=96&d=mm&r=g","caption":"SalaStampa.eu, world press service"}}]}},"views":694,"_links":{"self":[{"href":"https:\/\/elcanillita.info\/press\/wp-json\/wp\/v2\/posts\/570","targetHints":{"allow":["GET"]}}],"collection":[{"href":"https:\/\/elcanillita.info\/press\/wp-json\/wp\/v2\/posts"}],"about":[{"href":"https:\/\/elcanillita.info\/press\/wp-json\/wp\/v2\/types\/post"}],"author":[{"embeddable":true,"href":"https:\/\/elcanillita.info\/press\/wp-json\/wp\/v2\/users\/1"}],"replies":[{"embeddable":true,"href":"https:\/\/elcanillita.info\/press\/wp-json\/wp\/v2\/comments?post=570"}],"version-history":[{"count":0,"href":"https:\/\/elcanillita.info\/press\/wp-json\/wp\/v2\/posts\/570\/revisions"}],"wp:attachment":[{"href":"https:\/\/elcanillita.info\/press\/wp-json\/wp\/v2\/media?parent=570"}],"wp:term":[{"taxonomy":"category","embeddable":true,"href":"https:\/\/elcanillita.info\/press\/wp-json\/wp\/v2\/categories?post=570"},{"taxonomy":"post_tag","embeddable":true,"href":"https:\/\/elcanillita.info\/press\/wp-json\/wp\/v2\/tags?post=570"}],"curies":[{"name":"wp","href":"https:\/\/api.w.org\/{rel}","templated":true}]}}