{"id":5679,"date":"2025-12-10T21:22:09","date_gmt":"2025-12-11T00:22:09","guid":{"rendered":"https:\/\/elcanillita.info\/press\/?p=5679"},"modified":"2025-12-11T07:09:38","modified_gmt":"2025-12-11T10:09:38","slug":"viajes-de-lujo-pais-en-saldo","status":"publish","type":"post","link":"https:\/\/elcanillita.info\/press\/2025\/12\/10\/viajes-de-lujo-pais-en-saldo\/","title":{"rendered":"Viajes de lujo, pa\u00eds en saldo"},"content":{"rendered":"\n<figure class=\"wp-block-image size-large\"><img loading=\"lazy\" decoding=\"async\" width=\"600\" height=\"400\" src=\"https:\/\/elcanillita.info\/press\/images\/2025\/05\/ar_600_20250511.jpg\" alt=\"\" class=\"wp-image-4586\" srcset=\"https:\/\/elcanillita.info\/press\/images\/2025\/05\/ar_600_20250511.jpg 600w, https:\/\/elcanillita.info\/press\/images\/2025\/05\/ar_600_20250511-300x200.jpg 300w\" sizes=\"auto, (max-width: 600px) 100vw, 600px\" \/><\/figure>\n\n\n\n<p class=\"p1\"><strong>Argentina<\/strong><br>Hay d\u00edas en que la realidad argentina parece escrita por un contador con humor negro. Mientras el Gobierno promete tijera, motosierra y ayuno fiscal, el avi\u00f3n presidencial acumula millas como si la patria fuera una empresa de turismo. Entre Oslo, reuniones suspendidas, cambios de agenda, escoltas y vuelos especiales, la pregunta vuelve a golpear la puerta del contribuyente: \u00bfqui\u00e9n paga todo esto?<\/p>\n\n\n\n<p class=\"p1\">Milei y su comitiva decidieron cortar la gira noruega por \u201cincertidumbre log\u00edstica\u201d. En traducci\u00f3n simult\u00e1nea: si Mar\u00eda Corina Machado llegaba, hab\u00eda que dejarle el escenario entero. Y como el Presidente odia el papel de actor de reparto, volvi\u00f3 a subir al avi\u00f3n. Otra vez. A las 16 despegaron hacia Buenos Aires en un vuelo especial que no es precisamente low-cost.<\/p>\n\n\n\n<p class=\"p1\">Mientras tanto, en Madrid andaba la vicepresidenta Villarruel, y en Buenos Aires qued\u00f3 Bartolom\u00e9 Abdala asumiendo la presidencia provisional. Un pa\u00eds dividido en tres: uno en vuelo, otro en Europa y el oficial sentado en un escritorio prestado.<\/p>\n\n\n\n<p class=\"p1\">El acto del Premio S\u00e1jarov sigui\u00f3 sin Milei, pero con aplausos y dramatismo venezolano. Ana Corina Sosa ley\u00f3 el discurso de su madre, Mar\u00eda Corina Machado, y record\u00f3 que la democracia se defiende todos los d\u00edas, no solo cuando es trending topic. Un mensaje serio, profundo\u2026 y completamente desconectado de la novela a\u00e9rea criolla.<\/p>\n\n\n\n<p class=\"p1\">Porque mientras Venezuela hablaba de libertad, en Argentina habl\u00e1bamos del costo del catering en business. Y de la seguridad. Y del avi\u00f3n. Y del s\u00e9quito que acompa\u00f1a cada movimiento del Presidente convertido en influencer global.<\/p>\n\n\n\n<p class=\"p1\">Es curioso: la austeridad siempre se aplica en tierra. En el aire, parece que no rige. El pueblo aprieta el cintur\u00f3n; el avi\u00f3n presidencial, no.<\/p>\n\n\n\n<p class=\"p1\">Y as\u00ed seguimos: recortando en jubilaciones mientras financiamos giras internacionales que empiezan con \u00e9pica libertaria y terminan con cambios improvisados de agenda.<\/p>\n\n\n\n<p class=\"p1\">En definitiva: el Estado paga los viajes con la misma plata con que paga todo\u2014la tuya, la m\u00eda y la del que ya no sabe qu\u00e9 m\u00e1s vender para llegar a fin de mes. Lo dem\u00e1s es relato.<\/p>\n\n\n\n<p><\/p>\n\n\n\n<p>\u270d\ufe0f \u00a9\ufe0f 2025 El Analista del Fondo y de la Caja \u2013 All Rights Reserved<\/p>\n\n\n\n<p><\/p>\n\n\n<hr style=\"\n    border: none;\n    height: 1px;\n    background: linear-gradient(to right, transparent, #ccc, transparent);\n    margin: 0;\n\" \/>\n<\/p>\n<p><small>\u00a9\ufe0f2025  Guzzo Photos  &#038; Graphic Publications \u2013 All Rights Reserved \u2013 Copyright \u00a9\ufe0f 2025 SalaStampa.eu, world press service \u2013 Guzzo Photos &#038; Graphic Publications \u2013 Registro Editori e Stampatori n. 1441 Turin, Italy<\/small><\/p>\n\n\n<p><\/p>\n","protected":false},"excerpt":{"rendered":"<p>Un presidente que predica austeridad con motosierra en mano, pero viaja como un jeque sin petr\u00f3leo. La pregunta no es ideol\u00f3gica: es contable.<\/p>\n","protected":false},"author":14,"featured_media":4586,"comment_status":"closed","ping_status":"closed","sticky":false,"template":"","format":"standard","meta":{"footnotes":"","_links_to":"","_links_to_target":""},"categories":[108,121,70,123,20,23,137],"tags":[29],"class_list":["post-5679","post","type-post","status-publish","format-standard","has-post-thumbnail","hentry","category-blogdiario","category-dc24","category-actualidad","category-argentina","category-economia","category-politica","category-sociedad-y-valores","tag-argentina","entry","double"],"yoast_head":"<!-- This site is optimized with the Yoast SEO plugin v27.4 - https:\/\/yoast.com\/product\/yoast-seo-wordpress\/ -->\n<title>Viajes de lujo, pa\u00eds en saldo - ElCanillita.Info<\/title>\n<meta name=\"robots\" content=\"index, follow, max-snippet:-1, max-image-preview:large, max-video-preview:-1\" \/>\n<link rel=\"canonical\" href=\"https:\/\/elcanillita.info\/press\/2025\/12\/10\/viajes-de-lujo-pais-en-saldo\/\" \/>\n<meta property=\"og:locale\" content=\"es_ES\" \/>\n<meta property=\"og:type\" content=\"article\" \/>\n<meta property=\"og:title\" content=\"Viajes de lujo, pa\u00eds en saldo - ElCanillita.Info\" \/>\n<meta property=\"og:description\" content=\"Un presidente que predica austeridad con motosierra en mano, pero viaja como un jeque sin petr\u00f3leo. La pregunta no es ideol\u00f3gica: es contable.\" \/>\n<meta property=\"og:url\" content=\"https:\/\/elcanillita.info\/press\/2025\/12\/10\/viajes-de-lujo-pais-en-saldo\/\" \/>\n<meta property=\"og:site_name\" content=\"ElCanillita.Info\" \/>\n<meta property=\"article:publisher\" content=\"https:\/\/ar-ar.facebook.com\/ElCanillitainfo-114249515285712\/\" \/>\n<meta property=\"article:published_time\" content=\"2025-12-11T00:22:09+00:00\" \/>\n<meta property=\"article:modified_time\" content=\"2025-12-11T10:09:38+00:00\" \/>\n<meta property=\"og:image\" content=\"https:\/\/elcanillita.info\/press\/images\/2025\/05\/ar_600_20250511.jpg\" \/>\n\t<meta property=\"og:image:width\" content=\"600\" \/>\n\t<meta property=\"og:image:height\" content=\"400\" \/>\n\t<meta property=\"og:image:type\" content=\"image\/jpeg\" \/>\n<meta name=\"author\" content=\"ElCanillita.info Guzzo Photos &amp; Graphic Publications\" \/>\n<meta name=\"twitter:card\" content=\"summary_large_image\" \/>\n<meta name=\"twitter:label1\" content=\"Escrito por\" \/>\n\t<meta name=\"twitter:data1\" content=\"ElCanillita.info Guzzo Photos &amp; Graphic Publications\" \/>\n\t<meta name=\"twitter:label2\" content=\"Tiempo de lectura\" \/>\n\t<meta name=\"twitter:data2\" content=\"3 minutos\" \/>\n<script type=\"application\/ld+json\" class=\"yoast-schema-graph\">{\"@context\":\"https:\\\/\\\/schema.org\",\"@graph\":[{\"@type\":\"Article\",\"@id\":\"https:\\\/\\\/elcanillita.info\\\/press\\\/2025\\\/12\\\/10\\\/viajes-de-lujo-pais-en-saldo\\\/#article\",\"isPartOf\":{\"@id\":\"https:\\\/\\\/elcanillita.info\\\/press\\\/2025\\\/12\\\/10\\\/viajes-de-lujo-pais-en-saldo\\\/\"},\"author\":{\"name\":\"ElCanillita.info Guzzo Photos &amp; Graphic Publications\",\"@id\":\"https:\\\/\\\/elcanillita.info\\\/press\\\/#\\\/schema\\\/person\\\/e37a550cff8f5f3407ed112e4cc619cb\"},\"headline\":\"Viajes de lujo, pa\u00eds en saldo\",\"datePublished\":\"2025-12-11T00:22:09+00:00\",\"dateModified\":\"2025-12-11T10:09:38+00:00\",\"mainEntityOfPage\":{\"@id\":\"https:\\\/\\\/elcanillita.info\\\/press\\\/2025\\\/12\\\/10\\\/viajes-de-lujo-pais-en-saldo\\\/\"},\"wordCount\":400,\"publisher\":{\"@id\":\"https:\\\/\\\/elcanillita.info\\\/press\\\/#organization\"},\"image\":{\"@id\":\"https:\\\/\\\/elcanillita.info\\\/press\\\/2025\\\/12\\\/10\\\/viajes-de-lujo-pais-en-saldo\\\/#primaryimage\"},\"thumbnailUrl\":\"https:\\\/\\\/elcanillita.info\\\/press\\\/images\\\/2025\\\/05\\\/ar_600_20250511.jpg\",\"keywords\":[\"Argentina\"],\"articleSection\":[\".\",\".\",\"Actualidad\",\"Argentina\",\"Economia\",\"Politica\",\"Sociedad y valores\"],\"inLanguage\":\"es-AR\"},{\"@type\":\"WebPage\",\"@id\":\"https:\\\/\\\/elcanillita.info\\\/press\\\/2025\\\/12\\\/10\\\/viajes-de-lujo-pais-en-saldo\\\/\",\"url\":\"https:\\\/\\\/elcanillita.info\\\/press\\\/2025\\\/12\\\/10\\\/viajes-de-lujo-pais-en-saldo\\\/\",\"name\":\"Viajes de lujo, pa\u00eds en saldo - ElCanillita.Info\",\"isPartOf\":{\"@id\":\"https:\\\/\\\/elcanillita.info\\\/press\\\/#website\"},\"primaryImageOfPage\":{\"@id\":\"https:\\\/\\\/elcanillita.info\\\/press\\\/2025\\\/12\\\/10\\\/viajes-de-lujo-pais-en-saldo\\\/#primaryimage\"},\"image\":{\"@id\":\"https:\\\/\\\/elcanillita.info\\\/press\\\/2025\\\/12\\\/10\\\/viajes-de-lujo-pais-en-saldo\\\/#primaryimage\"},\"thumbnailUrl\":\"https:\\\/\\\/elcanillita.info\\\/press\\\/images\\\/2025\\\/05\\\/ar_600_20250511.jpg\",\"datePublished\":\"2025-12-11T00:22:09+00:00\",\"dateModified\":\"2025-12-11T10:09:38+00:00\",\"inLanguage\":\"es-AR\",\"potentialAction\":[{\"@type\":\"ReadAction\",\"target\":[\"https:\\\/\\\/elcanillita.info\\\/press\\\/2025\\\/12\\\/10\\\/viajes-de-lujo-pais-en-saldo\\\/\"]}]},{\"@type\":\"ImageObject\",\"inLanguage\":\"es-AR\",\"@id\":\"https:\\\/\\\/elcanillita.info\\\/press\\\/2025\\\/12\\\/10\\\/viajes-de-lujo-pais-en-saldo\\\/#primaryimage\",\"url\":\"https:\\\/\\\/elcanillita.info\\\/press\\\/images\\\/2025\\\/05\\\/ar_600_20250511.jpg\",\"contentUrl\":\"https:\\\/\\\/elcanillita.info\\\/press\\\/images\\\/2025\\\/05\\\/ar_600_20250511.jpg\",\"width\":600,\"height\":400},{\"@type\":\"WebSite\",\"@id\":\"https:\\\/\\\/elcanillita.info\\\/press\\\/#website\",\"url\":\"https:\\\/\\\/elcanillita.info\\\/press\\\/\",\"name\":\"ElCanillita.Info\",\"description\":\"desde los Apeninos a los Andes\",\"publisher\":{\"@id\":\"https:\\\/\\\/elcanillita.info\\\/press\\\/#organization\"},\"potentialAction\":[{\"@type\":\"SearchAction\",\"target\":{\"@type\":\"EntryPoint\",\"urlTemplate\":\"https:\\\/\\\/elcanillita.info\\\/press\\\/?s={search_term_string}\"},\"query-input\":{\"@type\":\"PropertyValueSpecification\",\"valueRequired\":true,\"valueName\":\"search_term_string\"}}],\"inLanguage\":\"es-AR\"},{\"@type\":\"Organization\",\"@id\":\"https:\\\/\\\/elcanillita.info\\\/press\\\/#organization\",\"name\":\"Guzzo Photos & Graphic Publications\",\"url\":\"https:\\\/\\\/elcanillita.info\\\/press\\\/\",\"logo\":{\"@type\":\"ImageObject\",\"inLanguage\":\"es-AR\",\"@id\":\"https:\\\/\\\/elcanillita.info\\\/press\\\/#\\\/schema\\\/logo\\\/image\\\/\",\"url\":\"https:\\\/\\\/elcanillita.info\\\/press\\\/images\\\/2020\\\/01\\\/cropped-cropped-cropped-elcanillitainfo.png\",\"contentUrl\":\"https:\\\/\\\/elcanillita.info\\\/press\\\/images\\\/2020\\\/01\\\/cropped-cropped-cropped-elcanillitainfo.png\",\"width\":460,\"height\":50,\"caption\":\"Guzzo Photos & Graphic Publications\"},\"image\":{\"@id\":\"https:\\\/\\\/elcanillita.info\\\/press\\\/#\\\/schema\\\/logo\\\/image\\\/\"},\"sameAs\":[\"https:\\\/\\\/ar-ar.facebook.com\\\/ElCanillitainfo-114249515285712\\\/\"]},{\"@type\":\"Person\",\"@id\":\"https:\\\/\\\/elcanillita.info\\\/press\\\/#\\\/schema\\\/person\\\/e37a550cff8f5f3407ed112e4cc619cb\",\"name\":\"ElCanillita.info Guzzo Photos &amp; Graphic Publications\",\"image\":{\"@type\":\"ImageObject\",\"inLanguage\":\"es-AR\",\"@id\":\"https:\\\/\\\/secure.gravatar.com\\\/avatar\\\/8914fbe0ef09248907e331ab93dfa89c7f76decf6b51cd1b2f8444e6260db772?s=96&d=mm&r=g\",\"url\":\"https:\\\/\\\/secure.gravatar.com\\\/avatar\\\/8914fbe0ef09248907e331ab93dfa89c7f76decf6b51cd1b2f8444e6260db772?s=96&d=mm&r=g\",\"contentUrl\":\"https:\\\/\\\/secure.gravatar.com\\\/avatar\\\/8914fbe0ef09248907e331ab93dfa89c7f76decf6b51cd1b2f8444e6260db772?s=96&d=mm&r=g\",\"caption\":\"ElCanillita.info Guzzo Photos &amp; Graphic Publications\"},\"sameAs\":[\"http:\\\/\\\/guzzophotos.com\"]}]}<\/script>\n<!-- \/ Yoast SEO plugin. -->","yoast_head_json":{"title":"Viajes de lujo, pa\u00eds en saldo - ElCanillita.Info","robots":{"index":"index","follow":"follow","max-snippet":"max-snippet:-1","max-image-preview":"max-image-preview:large","max-video-preview":"max-video-preview:-1"},"canonical":"https:\/\/elcanillita.info\/press\/2025\/12\/10\/viajes-de-lujo-pais-en-saldo\/","og_locale":"es_ES","og_type":"article","og_title":"Viajes de lujo, pa\u00eds en saldo - ElCanillita.Info","og_description":"Un presidente que predica austeridad con motosierra en mano, pero viaja como un jeque sin petr\u00f3leo. La pregunta no es ideol\u00f3gica: es contable.","og_url":"https:\/\/elcanillita.info\/press\/2025\/12\/10\/viajes-de-lujo-pais-en-saldo\/","og_site_name":"ElCanillita.Info","article_publisher":"https:\/\/ar-ar.facebook.com\/ElCanillitainfo-114249515285712\/","article_published_time":"2025-12-11T00:22:09+00:00","article_modified_time":"2025-12-11T10:09:38+00:00","og_image":[{"width":600,"height":400,"url":"https:\/\/elcanillita.info\/press\/images\/2025\/05\/ar_600_20250511.jpg","type":"image\/jpeg"}],"author":"ElCanillita.info Guzzo Photos &amp; Graphic Publications","twitter_card":"summary_large_image","twitter_misc":{"Escrito por":"ElCanillita.info Guzzo Photos &amp; Graphic Publications","Tiempo de lectura":"3 minutos"},"schema":{"@context":"https:\/\/schema.org","@graph":[{"@type":"Article","@id":"https:\/\/elcanillita.info\/press\/2025\/12\/10\/viajes-de-lujo-pais-en-saldo\/#article","isPartOf":{"@id":"https:\/\/elcanillita.info\/press\/2025\/12\/10\/viajes-de-lujo-pais-en-saldo\/"},"author":{"name":"ElCanillita.info Guzzo Photos &amp; Graphic Publications","@id":"https:\/\/elcanillita.info\/press\/#\/schema\/person\/e37a550cff8f5f3407ed112e4cc619cb"},"headline":"Viajes de lujo, pa\u00eds en saldo","datePublished":"2025-12-11T00:22:09+00:00","dateModified":"2025-12-11T10:09:38+00:00","mainEntityOfPage":{"@id":"https:\/\/elcanillita.info\/press\/2025\/12\/10\/viajes-de-lujo-pais-en-saldo\/"},"wordCount":400,"publisher":{"@id":"https:\/\/elcanillita.info\/press\/#organization"},"image":{"@id":"https:\/\/elcanillita.info\/press\/2025\/12\/10\/viajes-de-lujo-pais-en-saldo\/#primaryimage"},"thumbnailUrl":"https:\/\/elcanillita.info\/press\/images\/2025\/05\/ar_600_20250511.jpg","keywords":["Argentina"],"articleSection":[".",".","Actualidad","Argentina","Economia","Politica","Sociedad y valores"],"inLanguage":"es-AR"},{"@type":"WebPage","@id":"https:\/\/elcanillita.info\/press\/2025\/12\/10\/viajes-de-lujo-pais-en-saldo\/","url":"https:\/\/elcanillita.info\/press\/2025\/12\/10\/viajes-de-lujo-pais-en-saldo\/","name":"Viajes de lujo, pa\u00eds en saldo - ElCanillita.Info","isPartOf":{"@id":"https:\/\/elcanillita.info\/press\/#website"},"primaryImageOfPage":{"@id":"https:\/\/elcanillita.info\/press\/2025\/12\/10\/viajes-de-lujo-pais-en-saldo\/#primaryimage"},"image":{"@id":"https:\/\/elcanillita.info\/press\/2025\/12\/10\/viajes-de-lujo-pais-en-saldo\/#primaryimage"},"thumbnailUrl":"https:\/\/elcanillita.info\/press\/images\/2025\/05\/ar_600_20250511.jpg","datePublished":"2025-12-11T00:22:09+00:00","dateModified":"2025-12-11T10:09:38+00:00","inLanguage":"es-AR","potentialAction":[{"@type":"ReadAction","target":["https:\/\/elcanillita.info\/press\/2025\/12\/10\/viajes-de-lujo-pais-en-saldo\/"]}]},{"@type":"ImageObject","inLanguage":"es-AR","@id":"https:\/\/elcanillita.info\/press\/2025\/12\/10\/viajes-de-lujo-pais-en-saldo\/#primaryimage","url":"https:\/\/elcanillita.info\/press\/images\/2025\/05\/ar_600_20250511.jpg","contentUrl":"https:\/\/elcanillita.info\/press\/images\/2025\/05\/ar_600_20250511.jpg","width":600,"height":400},{"@type":"WebSite","@id":"https:\/\/elcanillita.info\/press\/#website","url":"https:\/\/elcanillita.info\/press\/","name":"ElCanillita.Info","description":"desde los Apeninos a los Andes","publisher":{"@id":"https:\/\/elcanillita.info\/press\/#organization"},"potentialAction":[{"@type":"SearchAction","target":{"@type":"EntryPoint","urlTemplate":"https:\/\/elcanillita.info\/press\/?s={search_term_string}"},"query-input":{"@type":"PropertyValueSpecification","valueRequired":true,"valueName":"search_term_string"}}],"inLanguage":"es-AR"},{"@type":"Organization","@id":"https:\/\/elcanillita.info\/press\/#organization","name":"Guzzo Photos & Graphic Publications","url":"https:\/\/elcanillita.info\/press\/","logo":{"@type":"ImageObject","inLanguage":"es-AR","@id":"https:\/\/elcanillita.info\/press\/#\/schema\/logo\/image\/","url":"https:\/\/elcanillita.info\/press\/images\/2020\/01\/cropped-cropped-cropped-elcanillitainfo.png","contentUrl":"https:\/\/elcanillita.info\/press\/images\/2020\/01\/cropped-cropped-cropped-elcanillitainfo.png","width":460,"height":50,"caption":"Guzzo Photos & Graphic Publications"},"image":{"@id":"https:\/\/elcanillita.info\/press\/#\/schema\/logo\/image\/"},"sameAs":["https:\/\/ar-ar.facebook.com\/ElCanillitainfo-114249515285712\/"]},{"@type":"Person","@id":"https:\/\/elcanillita.info\/press\/#\/schema\/person\/e37a550cff8f5f3407ed112e4cc619cb","name":"ElCanillita.info Guzzo Photos &amp; Graphic Publications","image":{"@type":"ImageObject","inLanguage":"es-AR","@id":"https:\/\/secure.gravatar.com\/avatar\/8914fbe0ef09248907e331ab93dfa89c7f76decf6b51cd1b2f8444e6260db772?s=96&d=mm&r=g","url":"https:\/\/secure.gravatar.com\/avatar\/8914fbe0ef09248907e331ab93dfa89c7f76decf6b51cd1b2f8444e6260db772?s=96&d=mm&r=g","contentUrl":"https:\/\/secure.gravatar.com\/avatar\/8914fbe0ef09248907e331ab93dfa89c7f76decf6b51cd1b2f8444e6260db772?s=96&d=mm&r=g","caption":"ElCanillita.info Guzzo Photos &amp; Graphic Publications"},"sameAs":["http:\/\/guzzophotos.com"]}]}},"views":254,"_links":{"self":[{"href":"https:\/\/elcanillita.info\/press\/wp-json\/wp\/v2\/posts\/5679","targetHints":{"allow":["GET"]}}],"collection":[{"href":"https:\/\/elcanillita.info\/press\/wp-json\/wp\/v2\/posts"}],"about":[{"href":"https:\/\/elcanillita.info\/press\/wp-json\/wp\/v2\/types\/post"}],"author":[{"embeddable":true,"href":"https:\/\/elcanillita.info\/press\/wp-json\/wp\/v2\/users\/14"}],"replies":[{"embeddable":true,"href":"https:\/\/elcanillita.info\/press\/wp-json\/wp\/v2\/comments?post=5679"}],"version-history":[{"count":0,"href":"https:\/\/elcanillita.info\/press\/wp-json\/wp\/v2\/posts\/5679\/revisions"}],"wp:featuredmedia":[{"embeddable":true,"href":"https:\/\/elcanillita.info\/press\/wp-json\/wp\/v2\/media\/4586"}],"wp:attachment":[{"href":"https:\/\/elcanillita.info\/press\/wp-json\/wp\/v2\/media?parent=5679"}],"wp:term":[{"taxonomy":"category","embeddable":true,"href":"https:\/\/elcanillita.info\/press\/wp-json\/wp\/v2\/categories?post=5679"},{"taxonomy":"post_tag","embeddable":true,"href":"https:\/\/elcanillita.info\/press\/wp-json\/wp\/v2\/tags?post=5679"}],"curies":[{"name":"wp","href":"https:\/\/api.w.org\/{rel}","templated":true}]}}