{"id":5676,"date":"2025-12-10T08:11:25","date_gmt":"2025-12-10T11:11:25","guid":{"rendered":"https:\/\/elcanillita.info\/press\/?p=5676"},"modified":"2025-12-10T08:17:54","modified_gmt":"2025-12-10T11:17:54","slug":"presupuesto-en-llamas-y-reforma-a-contrarreloj","status":"publish","type":"post","link":"https:\/\/elcanillita.info\/press\/2025\/12\/10\/presupuesto-en-llamas-y-reforma-a-contrarreloj\/","title":{"rendered":"Presupuesto en llamas y reforma a contrarreloj"},"content":{"rendered":"\n<figure class=\"wp-block-image size-full\"><img loading=\"lazy\" decoding=\"async\" width=\"600\" height=\"400\" src=\"https:\/\/elcanillita.info\/press\/images\/2025\/09\/swapcoverlogo.jpg\" alt=\"\" class=\"wp-image-5404\" srcset=\"https:\/\/elcanillita.info\/press\/images\/2025\/09\/swapcoverlogo.jpg 600w, https:\/\/elcanillita.info\/press\/images\/2025\/09\/swapcoverlogo-300x200.jpg 300w\" sizes=\"auto, (max-width: 600px) 100vw, 600px\" \/><\/figure>\n\n\n\n<p>El Congreso arranca sus sesiones extraordinarias con el v\u00e9rtigo de una mudanza mal organizada: cajas apiladas, gritos cruzados y un oficialismo que ahora presume de m\u00fasculo legislativo despu\u00e9s de inflar su bancada como si fuera un globo de feria. La Libertad Avanza estrena su primera minor\u00eda en Diputados y casi triplica su presencia en el Senado, un poder\u00edo que Milei no tuvo ni en sue\u00f1os durante su primer a\u00f1o.<\/p>\n\n\n\n<p>El men\u00fa viene apretado: Presupuesto, Inocencia Fiscal, Estabilidad Fiscal y Monetaria, reforma del C\u00f3digo Penal, Glaciares y hasta un intento de modernizaci\u00f3n laboral. Todo junto, todo urgente, todo antes del 30 de diciembre, ese d\u00eda donde la Argentina suele decretar el apag\u00f3n cerebral nacional.<\/p>\n\n\n\n<p>La prioridad, dicen, es el Presupuesto 2026. Despu\u00e9s de dos a\u00f1os prorrogando n\u00fameros ajenos \u2014como quien vive en la casa del ex sin pagar el alquiler\u2014 el Gobierno quiere por fin su propia ley de gastos. Mart\u00edn Menem tiene la misi\u00f3n de armar comisiones, firmar dict\u00e1menes y hacer malabares con los aliados antes de que suene el timbre navide\u00f1o.<\/p>\n\n\n\n<p>Pero el milagro no sale gratis: Milei necesita 34 votos extra en Diputados, as\u00ed que deber\u00e1 seducir a radicales, macristas, federales, provinciales y cualquiera que pase cerca del recinto y levante la mano. Prometer\u00e1 cajas previsionales, obras en rutas y avales para endeudarse, porque en el fondo todos quieren lo mismo: que la billetera nacional haga un gesto de cari\u00f1o.<\/p>\n\n\n\n<p>El Presupuesto se vende como un cuentito optimista: crecimiento del 5% del PBI, inflaci\u00f3n del 10,1% y un d\u00f3lar a 1423 en diciembre de 2026. Quienes recuerdan las proyecciones del INDEC durante la Convertibilidad ya sienten un d\u00e9j\u00e0 vu. Aun as\u00ed, el oficialismo muestra el n\u00famero m\u00e1gico: un super\u00e1vit primario de 2,7 billones gracias a una estructura donde el 85% del gasto va a lo social. Social, claro est\u00e1, en el sentido m\u00e1s el\u00e1stico del t\u00e9rmino.<\/p>\n\n\n\n<p>Mientras Diputados cocina los n\u00fameros, el Senado abrir\u00e1 otro frente de guerra: la reforma laboral. Victoria Villarruel tiene que armar la Comisi\u00f3n de Trabajo y Previsi\u00f3n Social, donde el peronismo y las centrales sindicales ya afilan el serrucho. El Gobierno promete \u201ccrear empleo\u201d; los gremios prometen resistencia; la historia argentina promete caos.<\/p>\n\n\n\n<p>Para aprobar la reforma, el oficialismo debe conquistar radicales, macristas y provinciales. Con 20 senadores (19 hasta que jure Fullone), necesita casi la mitad del recinto para no naufragar. All\u00ed tambi\u00e9n aparecer\u00e1n los gobernadores, como siempre: listos para apoyar\u2026 si antes les depositan algo en la cuenta.<\/p>\n\n\n\n<p>Todo el operativo extraordinario resume la l\u00f3gica de este segundo cap\u00edtulo del mile\u00edsmo: correr, negociar, presionar y aprobar antes de que la realidad vuelva a patear la puerta. En Argentina las fiestas suelen apagar la pol\u00edtica; este a\u00f1o, en cambio, la pol\u00edtica llega insistiendo en que falta un tr\u00e1mite urgente.<\/p>\n\n\n\n<p>Un diciembre m\u00e1s. Un presupuesto m\u00e1s. Un d\u00e9j\u00e0 vu m\u00e1s.<br>La diferencia es que esta vez el oficialismo cree que puede ganar la pulseada.<\/p>\n\n\n\n<p><p>La Argentina, mientras tanto, mira la escena como siempre: con la esperanza apagada y el puchero al fuego.<br><br>\u270d\ufe0f <small>\u00a92025 Juan de los D\u00e9bitos &#8211; All Rights Reserved<\/small><\/p><hr style=\"border: none; height: 1px; background-color: #ccc; margin: 2em 0;\"><\/hr><small>\u00a9 2025 SalaStampa.eu, world press service &#8211; All Rights Reserved &#8211;  Guzzo Photos &amp; Graphic  Publications \u2013 Registro Editori e Stampatori n. 1441 Turin, Italy<\/small><\/p>\n","protected":false},"excerpt":{"rendered":"<p>Envalentonado por su nueva aritm\u00e9tica parlamentaria, el Gobierno inaugura sesiones extraordinarias tratando de hacer en trece d\u00edas lo que no logr\u00f3 en dos a\u00f1os: tener un Presupuesto propio y una reforma laboral que sobreviva al primer chisporroteo.<\/p>\n","protected":false},"author":1,"featured_media":5404,"comment_status":"closed","ping_status":"closed","sticky":false,"template":"","format":"standard","meta":{"footnotes":"","_links_to":"","_links_to_target":""},"categories":[121,108,70,123,20,23,25],"tags":[29],"class_list":["post-5676","post","type-post","status-publish","format-standard","has-post-thumbnail","hentry","category-dc24","category-blogdiario","category-actualidad","category-argentina","category-economia","category-politica","category-sociedad","tag-argentina","entry","double"],"yoast_head":"<!-- This site is optimized with the Yoast SEO plugin v27.4 - https:\/\/yoast.com\/product\/yoast-seo-wordpress\/ -->\n<title>Presupuesto en llamas y reforma a contrarreloj - ElCanillita.Info<\/title>\n<meta name=\"robots\" content=\"index, follow, max-snippet:-1, max-image-preview:large, max-video-preview:-1\" \/>\n<link rel=\"canonical\" href=\"https:\/\/elcanillita.info\/press\/2025\/12\/10\/presupuesto-en-llamas-y-reforma-a-contrarreloj\/\" \/>\n<meta property=\"og:locale\" content=\"es_ES\" \/>\n<meta property=\"og:type\" content=\"article\" \/>\n<meta property=\"og:title\" content=\"Presupuesto en llamas y reforma a contrarreloj - ElCanillita.Info\" \/>\n<meta property=\"og:description\" content=\"Envalentonado por su nueva aritm\u00e9tica parlamentaria, el Gobierno inaugura sesiones extraordinarias tratando de hacer en trece d\u00edas lo que no logr\u00f3 en dos a\u00f1os: tener un Presupuesto propio y una reforma laboral que sobreviva al primer chisporroteo.\" \/>\n<meta property=\"og:url\" content=\"https:\/\/elcanillita.info\/press\/2025\/12\/10\/presupuesto-en-llamas-y-reforma-a-contrarreloj\/\" \/>\n<meta property=\"og:site_name\" content=\"ElCanillita.Info\" \/>\n<meta property=\"article:publisher\" content=\"https:\/\/ar-ar.facebook.com\/ElCanillitainfo-114249515285712\/\" \/>\n<meta property=\"article:published_time\" content=\"2025-12-10T11:11:25+00:00\" \/>\n<meta property=\"article:modified_time\" content=\"2025-12-10T11:17:54+00:00\" \/>\n<meta property=\"og:image\" content=\"https:\/\/elcanillita.info\/press\/images\/2025\/09\/swapcoverlogo.jpg\" \/>\n\t<meta property=\"og:image:width\" content=\"600\" \/>\n\t<meta property=\"og:image:height\" content=\"400\" \/>\n\t<meta property=\"og:image:type\" content=\"image\/jpeg\" \/>\n<meta name=\"author\" content=\"SalaStampa.eu, world press service\" \/>\n<meta name=\"twitter:card\" content=\"summary_large_image\" \/>\n<meta name=\"twitter:label1\" content=\"Escrito por\" \/>\n\t<meta name=\"twitter:data1\" content=\"SalaStampa.eu, world press service\" \/>\n\t<meta name=\"twitter:label2\" content=\"Tiempo de lectura\" \/>\n\t<meta name=\"twitter:data2\" content=\"3 minutos\" \/>\n<script type=\"application\/ld+json\" class=\"yoast-schema-graph\">{\"@context\":\"https:\\\/\\\/schema.org\",\"@graph\":[{\"@type\":\"Article\",\"@id\":\"https:\\\/\\\/elcanillita.info\\\/press\\\/2025\\\/12\\\/10\\\/presupuesto-en-llamas-y-reforma-a-contrarreloj\\\/#article\",\"isPartOf\":{\"@id\":\"https:\\\/\\\/elcanillita.info\\\/press\\\/2025\\\/12\\\/10\\\/presupuesto-en-llamas-y-reforma-a-contrarreloj\\\/\"},\"author\":{\"name\":\"SalaStampa.eu, world press service\",\"@id\":\"https:\\\/\\\/elcanillita.info\\\/press\\\/#\\\/schema\\\/person\\\/7fcb79f38045700919f7da6d97e71ba0\"},\"headline\":\"Presupuesto en llamas y reforma a contrarreloj\",\"datePublished\":\"2025-12-10T11:11:25+00:00\",\"dateModified\":\"2025-12-10T11:17:54+00:00\",\"mainEntityOfPage\":{\"@id\":\"https:\\\/\\\/elcanillita.info\\\/press\\\/2025\\\/12\\\/10\\\/presupuesto-en-llamas-y-reforma-a-contrarreloj\\\/\"},\"wordCount\":570,\"publisher\":{\"@id\":\"https:\\\/\\\/elcanillita.info\\\/press\\\/#organization\"},\"image\":{\"@id\":\"https:\\\/\\\/elcanillita.info\\\/press\\\/2025\\\/12\\\/10\\\/presupuesto-en-llamas-y-reforma-a-contrarreloj\\\/#primaryimage\"},\"thumbnailUrl\":\"https:\\\/\\\/elcanillita.info\\\/press\\\/images\\\/2025\\\/09\\\/swapcoverlogo.jpg\",\"keywords\":[\"Argentina\"],\"articleSection\":[\".\",\".\",\"Actualidad\",\"Argentina\",\"Economia\",\"Politica\",\"Sociedad\"],\"inLanguage\":\"es-AR\"},{\"@type\":\"WebPage\",\"@id\":\"https:\\\/\\\/elcanillita.info\\\/press\\\/2025\\\/12\\\/10\\\/presupuesto-en-llamas-y-reforma-a-contrarreloj\\\/\",\"url\":\"https:\\\/\\\/elcanillita.info\\\/press\\\/2025\\\/12\\\/10\\\/presupuesto-en-llamas-y-reforma-a-contrarreloj\\\/\",\"name\":\"Presupuesto en llamas y reforma a contrarreloj - ElCanillita.Info\",\"isPartOf\":{\"@id\":\"https:\\\/\\\/elcanillita.info\\\/press\\\/#website\"},\"primaryImageOfPage\":{\"@id\":\"https:\\\/\\\/elcanillita.info\\\/press\\\/2025\\\/12\\\/10\\\/presupuesto-en-llamas-y-reforma-a-contrarreloj\\\/#primaryimage\"},\"image\":{\"@id\":\"https:\\\/\\\/elcanillita.info\\\/press\\\/2025\\\/12\\\/10\\\/presupuesto-en-llamas-y-reforma-a-contrarreloj\\\/#primaryimage\"},\"thumbnailUrl\":\"https:\\\/\\\/elcanillita.info\\\/press\\\/images\\\/2025\\\/09\\\/swapcoverlogo.jpg\",\"datePublished\":\"2025-12-10T11:11:25+00:00\",\"dateModified\":\"2025-12-10T11:17:54+00:00\",\"inLanguage\":\"es-AR\",\"potentialAction\":[{\"@type\":\"ReadAction\",\"target\":[\"https:\\\/\\\/elcanillita.info\\\/press\\\/2025\\\/12\\\/10\\\/presupuesto-en-llamas-y-reforma-a-contrarreloj\\\/\"]}]},{\"@type\":\"ImageObject\",\"inLanguage\":\"es-AR\",\"@id\":\"https:\\\/\\\/elcanillita.info\\\/press\\\/2025\\\/12\\\/10\\\/presupuesto-en-llamas-y-reforma-a-contrarreloj\\\/#primaryimage\",\"url\":\"https:\\\/\\\/elcanillita.info\\\/press\\\/images\\\/2025\\\/09\\\/swapcoverlogo.jpg\",\"contentUrl\":\"https:\\\/\\\/elcanillita.info\\\/press\\\/images\\\/2025\\\/09\\\/swapcoverlogo.jpg\",\"width\":600,\"height\":400},{\"@type\":\"WebSite\",\"@id\":\"https:\\\/\\\/elcanillita.info\\\/press\\\/#website\",\"url\":\"https:\\\/\\\/elcanillita.info\\\/press\\\/\",\"name\":\"ElCanillita.Info\",\"description\":\"desde los Apeninos a los Andes\",\"publisher\":{\"@id\":\"https:\\\/\\\/elcanillita.info\\\/press\\\/#organization\"},\"potentialAction\":[{\"@type\":\"SearchAction\",\"target\":{\"@type\":\"EntryPoint\",\"urlTemplate\":\"https:\\\/\\\/elcanillita.info\\\/press\\\/?s={search_term_string}\"},\"query-input\":{\"@type\":\"PropertyValueSpecification\",\"valueRequired\":true,\"valueName\":\"search_term_string\"}}],\"inLanguage\":\"es-AR\"},{\"@type\":\"Organization\",\"@id\":\"https:\\\/\\\/elcanillita.info\\\/press\\\/#organization\",\"name\":\"Guzzo Photos & Graphic Publications\",\"url\":\"https:\\\/\\\/elcanillita.info\\\/press\\\/\",\"logo\":{\"@type\":\"ImageObject\",\"inLanguage\":\"es-AR\",\"@id\":\"https:\\\/\\\/elcanillita.info\\\/press\\\/#\\\/schema\\\/logo\\\/image\\\/\",\"url\":\"https:\\\/\\\/elcanillita.info\\\/press\\\/images\\\/2020\\\/01\\\/cropped-cropped-cropped-elcanillitainfo.png\",\"contentUrl\":\"https:\\\/\\\/elcanillita.info\\\/press\\\/images\\\/2020\\\/01\\\/cropped-cropped-cropped-elcanillitainfo.png\",\"width\":460,\"height\":50,\"caption\":\"Guzzo Photos & Graphic Publications\"},\"image\":{\"@id\":\"https:\\\/\\\/elcanillita.info\\\/press\\\/#\\\/schema\\\/logo\\\/image\\\/\"},\"sameAs\":[\"https:\\\/\\\/ar-ar.facebook.com\\\/ElCanillitainfo-114249515285712\\\/\"]},{\"@type\":\"Person\",\"@id\":\"https:\\\/\\\/elcanillita.info\\\/press\\\/#\\\/schema\\\/person\\\/7fcb79f38045700919f7da6d97e71ba0\",\"name\":\"SalaStampa.eu, world press service\",\"image\":{\"@type\":\"ImageObject\",\"inLanguage\":\"es-AR\",\"@id\":\"https:\\\/\\\/secure.gravatar.com\\\/avatar\\\/c2f0e0d515a107624234994507816ca4724c7199cef73fc8bedebf6931d73888?s=96&d=mm&r=g\",\"url\":\"https:\\\/\\\/secure.gravatar.com\\\/avatar\\\/c2f0e0d515a107624234994507816ca4724c7199cef73fc8bedebf6931d73888?s=96&d=mm&r=g\",\"contentUrl\":\"https:\\\/\\\/secure.gravatar.com\\\/avatar\\\/c2f0e0d515a107624234994507816ca4724c7199cef73fc8bedebf6931d73888?s=96&d=mm&r=g\",\"caption\":\"SalaStampa.eu, world press service\"}}]}<\/script>\n<!-- \/ Yoast SEO plugin. -->","yoast_head_json":{"title":"Presupuesto en llamas y reforma a contrarreloj - ElCanillita.Info","robots":{"index":"index","follow":"follow","max-snippet":"max-snippet:-1","max-image-preview":"max-image-preview:large","max-video-preview":"max-video-preview:-1"},"canonical":"https:\/\/elcanillita.info\/press\/2025\/12\/10\/presupuesto-en-llamas-y-reforma-a-contrarreloj\/","og_locale":"es_ES","og_type":"article","og_title":"Presupuesto en llamas y reforma a contrarreloj - ElCanillita.Info","og_description":"Envalentonado por su nueva aritm\u00e9tica parlamentaria, el Gobierno inaugura sesiones extraordinarias tratando de hacer en trece d\u00edas lo que no logr\u00f3 en dos a\u00f1os: tener un Presupuesto propio y una reforma laboral que sobreviva al primer chisporroteo.","og_url":"https:\/\/elcanillita.info\/press\/2025\/12\/10\/presupuesto-en-llamas-y-reforma-a-contrarreloj\/","og_site_name":"ElCanillita.Info","article_publisher":"https:\/\/ar-ar.facebook.com\/ElCanillitainfo-114249515285712\/","article_published_time":"2025-12-10T11:11:25+00:00","article_modified_time":"2025-12-10T11:17:54+00:00","og_image":[{"width":600,"height":400,"url":"https:\/\/elcanillita.info\/press\/images\/2025\/09\/swapcoverlogo.jpg","type":"image\/jpeg"}],"author":"SalaStampa.eu, world press service","twitter_card":"summary_large_image","twitter_misc":{"Escrito por":"SalaStampa.eu, world press service","Tiempo de lectura":"3 minutos"},"schema":{"@context":"https:\/\/schema.org","@graph":[{"@type":"Article","@id":"https:\/\/elcanillita.info\/press\/2025\/12\/10\/presupuesto-en-llamas-y-reforma-a-contrarreloj\/#article","isPartOf":{"@id":"https:\/\/elcanillita.info\/press\/2025\/12\/10\/presupuesto-en-llamas-y-reforma-a-contrarreloj\/"},"author":{"name":"SalaStampa.eu, world press service","@id":"https:\/\/elcanillita.info\/press\/#\/schema\/person\/7fcb79f38045700919f7da6d97e71ba0"},"headline":"Presupuesto en llamas y reforma a contrarreloj","datePublished":"2025-12-10T11:11:25+00:00","dateModified":"2025-12-10T11:17:54+00:00","mainEntityOfPage":{"@id":"https:\/\/elcanillita.info\/press\/2025\/12\/10\/presupuesto-en-llamas-y-reforma-a-contrarreloj\/"},"wordCount":570,"publisher":{"@id":"https:\/\/elcanillita.info\/press\/#organization"},"image":{"@id":"https:\/\/elcanillita.info\/press\/2025\/12\/10\/presupuesto-en-llamas-y-reforma-a-contrarreloj\/#primaryimage"},"thumbnailUrl":"https:\/\/elcanillita.info\/press\/images\/2025\/09\/swapcoverlogo.jpg","keywords":["Argentina"],"articleSection":[".",".","Actualidad","Argentina","Economia","Politica","Sociedad"],"inLanguage":"es-AR"},{"@type":"WebPage","@id":"https:\/\/elcanillita.info\/press\/2025\/12\/10\/presupuesto-en-llamas-y-reforma-a-contrarreloj\/","url":"https:\/\/elcanillita.info\/press\/2025\/12\/10\/presupuesto-en-llamas-y-reforma-a-contrarreloj\/","name":"Presupuesto en llamas y reforma a contrarreloj - ElCanillita.Info","isPartOf":{"@id":"https:\/\/elcanillita.info\/press\/#website"},"primaryImageOfPage":{"@id":"https:\/\/elcanillita.info\/press\/2025\/12\/10\/presupuesto-en-llamas-y-reforma-a-contrarreloj\/#primaryimage"},"image":{"@id":"https:\/\/elcanillita.info\/press\/2025\/12\/10\/presupuesto-en-llamas-y-reforma-a-contrarreloj\/#primaryimage"},"thumbnailUrl":"https:\/\/elcanillita.info\/press\/images\/2025\/09\/swapcoverlogo.jpg","datePublished":"2025-12-10T11:11:25+00:00","dateModified":"2025-12-10T11:17:54+00:00","inLanguage":"es-AR","potentialAction":[{"@type":"ReadAction","target":["https:\/\/elcanillita.info\/press\/2025\/12\/10\/presupuesto-en-llamas-y-reforma-a-contrarreloj\/"]}]},{"@type":"ImageObject","inLanguage":"es-AR","@id":"https:\/\/elcanillita.info\/press\/2025\/12\/10\/presupuesto-en-llamas-y-reforma-a-contrarreloj\/#primaryimage","url":"https:\/\/elcanillita.info\/press\/images\/2025\/09\/swapcoverlogo.jpg","contentUrl":"https:\/\/elcanillita.info\/press\/images\/2025\/09\/swapcoverlogo.jpg","width":600,"height":400},{"@type":"WebSite","@id":"https:\/\/elcanillita.info\/press\/#website","url":"https:\/\/elcanillita.info\/press\/","name":"ElCanillita.Info","description":"desde los Apeninos a los Andes","publisher":{"@id":"https:\/\/elcanillita.info\/press\/#organization"},"potentialAction":[{"@type":"SearchAction","target":{"@type":"EntryPoint","urlTemplate":"https:\/\/elcanillita.info\/press\/?s={search_term_string}"},"query-input":{"@type":"PropertyValueSpecification","valueRequired":true,"valueName":"search_term_string"}}],"inLanguage":"es-AR"},{"@type":"Organization","@id":"https:\/\/elcanillita.info\/press\/#organization","name":"Guzzo Photos & Graphic Publications","url":"https:\/\/elcanillita.info\/press\/","logo":{"@type":"ImageObject","inLanguage":"es-AR","@id":"https:\/\/elcanillita.info\/press\/#\/schema\/logo\/image\/","url":"https:\/\/elcanillita.info\/press\/images\/2020\/01\/cropped-cropped-cropped-elcanillitainfo.png","contentUrl":"https:\/\/elcanillita.info\/press\/images\/2020\/01\/cropped-cropped-cropped-elcanillitainfo.png","width":460,"height":50,"caption":"Guzzo Photos & Graphic Publications"},"image":{"@id":"https:\/\/elcanillita.info\/press\/#\/schema\/logo\/image\/"},"sameAs":["https:\/\/ar-ar.facebook.com\/ElCanillitainfo-114249515285712\/"]},{"@type":"Person","@id":"https:\/\/elcanillita.info\/press\/#\/schema\/person\/7fcb79f38045700919f7da6d97e71ba0","name":"SalaStampa.eu, world press service","image":{"@type":"ImageObject","inLanguage":"es-AR","@id":"https:\/\/secure.gravatar.com\/avatar\/c2f0e0d515a107624234994507816ca4724c7199cef73fc8bedebf6931d73888?s=96&d=mm&r=g","url":"https:\/\/secure.gravatar.com\/avatar\/c2f0e0d515a107624234994507816ca4724c7199cef73fc8bedebf6931d73888?s=96&d=mm&r=g","contentUrl":"https:\/\/secure.gravatar.com\/avatar\/c2f0e0d515a107624234994507816ca4724c7199cef73fc8bedebf6931d73888?s=96&d=mm&r=g","caption":"SalaStampa.eu, world press service"}}]}},"views":133,"_links":{"self":[{"href":"https:\/\/elcanillita.info\/press\/wp-json\/wp\/v2\/posts\/5676","targetHints":{"allow":["GET"]}}],"collection":[{"href":"https:\/\/elcanillita.info\/press\/wp-json\/wp\/v2\/posts"}],"about":[{"href":"https:\/\/elcanillita.info\/press\/wp-json\/wp\/v2\/types\/post"}],"author":[{"embeddable":true,"href":"https:\/\/elcanillita.info\/press\/wp-json\/wp\/v2\/users\/1"}],"replies":[{"embeddable":true,"href":"https:\/\/elcanillita.info\/press\/wp-json\/wp\/v2\/comments?post=5676"}],"version-history":[{"count":0,"href":"https:\/\/elcanillita.info\/press\/wp-json\/wp\/v2\/posts\/5676\/revisions"}],"wp:featuredmedia":[{"embeddable":true,"href":"https:\/\/elcanillita.info\/press\/wp-json\/wp\/v2\/media\/5404"}],"wp:attachment":[{"href":"https:\/\/elcanillita.info\/press\/wp-json\/wp\/v2\/media?parent=5676"}],"wp:term":[{"taxonomy":"category","embeddable":true,"href":"https:\/\/elcanillita.info\/press\/wp-json\/wp\/v2\/categories?post=5676"},{"taxonomy":"post_tag","embeddable":true,"href":"https:\/\/elcanillita.info\/press\/wp-json\/wp\/v2\/tags?post=5676"}],"curies":[{"name":"wp","href":"https:\/\/api.w.org\/{rel}","templated":true}]}}