{"id":567,"date":"2020-02-24T15:55:45","date_gmt":"2020-02-24T18:55:45","guid":{"rendered":"https:\/\/elcanillita.info\/press\/?p=567"},"modified":"2020-02-24T15:56:32","modified_gmt":"2020-02-24T18:56:32","slug":"partido-evo-morales-lidera-intencion-voto-bolivia-2","status":"publish","type":"post","link":"https:\/\/elcanillita.info\/press\/2020\/02\/24\/partido-evo-morales-lidera-intencion-voto-bolivia-2\/","title":{"rendered":"Partido de Evo Morales lidera intenci\u00f3n de voto en Bolivia"},"content":{"rendered":"\n<p>La Paz, 24.02.2020 &#8211; Una nueva encuesta difundida este domingo por la empresa Mercados y Muestras para tres medios de comunicaci\u00f3n en Bolivia reflej\u00f3 al Movimiento Al Socialismo, MAS, partido del expresidente Evo Morales, como l\u00edder en la intenci\u00f3n de voto para las elecciones generales del pr\u00f3ximo 3 de mayo.<\/p>\n\n\n\n<p>El candidato del MAS, Luis Arce, acumul\u00f3 un total de 32%, mientras en segundo lugar marchaba Carlos Mesa, de Comunidad Ciudadana, con el 23%, y en tercer lugar la actual presidenta del Gobierno transitorio, Jeanine \u00c1\u00f1ez con el 21%.<\/p>\n\n\n\n<p>A 70 d\u00edas de los comicios presidenciales en Bolivia, la polit\u00f3loga Ver\u00f3nica Rocha consider\u00f3 que \u201clo que se viene adelante es ver cu\u00e1les son las combinaciones que permitir\u00edan que el MAS no retorne al Gobierno\u201d.<\/p>\n\n\n\n<p>\u201cEntonces, como variables que me parece que van a ingresar en la campa\u00f1a, est\u00e1n la dispersi\u00f3n del voto, la especulaci\u00f3n respecto a la primera vuelta o si se llega a una segunda vuelta y la especulaci\u00f3n respecto a qu\u00e9 candidaturas est\u00e1n perjudicando esta dispersi\u00f3n del voto\u201d, dijo Rocha.<\/p>\n\n\n\n<p><strong>Candidatos presidenciales enfrentan el desaf\u00edo de lograr un frente \u00fanico<\/strong><\/p>\n\n\n\n<p>Por otra parte, Morales reclam\u00f3 por la inhabilitaci\u00f3n de su candidatura a senador y a trav\u00e9s de su cuenta de Twitter asegur\u00f3 que a\u00fan no hab\u00eda sido notificado de manera formal. El expresidente acus\u00f3 al Tribunal Supremo Electoral de querer dilatar la posibilidad de un reclamo ante otras instancias.<\/p>\n\n\n\n<p>El Tribunal Supremo Electoral de Bolivia inhabilit\u00f3 la semana pasada la candidatura de Morales como senador por Cochabamba.<br>\nAlgunos ciudadanos consultados por la Voz de Am\u00e9rica expresaron&nbsp; diversas expectativas para los comicios del 3 de mayo.<\/p>\n\n\n\n<p>\u201cExiste el antecedente del fraude electoral y que sin duda alguna debe tener alg\u00fan peso sobre las decisiones que se vayan a tomar\u201d, dijo una persona que no quiso dar su nombre.<\/p>\n\n\n\n<p>Otro boliviano critic\u00f3 a la administraci\u00f3n de \u00c1\u00f1ez: \u201cIncertidumbre y preocupaci\u00f3n respecto a que se ha cuestionado mucho anteriormente que el gobierno del MAS administre los par\u00e1metros de supervisi\u00f3n electoral y ahora el gobierno de transici\u00f3n est\u00e1 haciendo de la misma manera\u201d.<\/p>\n\n\n\n<p>\u201cPersonalmente, me molesta mucho que se piense m\u00e1s en lo personal que en lo que Bolivia necesita ahora\u201d, se\u00f1al\u00f3 un tercero.<\/p>\n\n\n\n<p>De acuerdo con la encuesta de Mercados y Muestras, el 61% de los consultados consider\u00f3 que el Tribunal Supremo Electoral de Bolivia tiene la capacidad de llevar adelante unas elecciones transparentes y limpias. El 28% opin\u00f3 lo contrario y un 11% no supo o no respondi\u00f3 a la pregunta<br><br>\n<small>2020 voanoticias \u2013 salastampa.eu, afiliada a la red Broadcasting Board of Governors \u00a9 2020 BBG<\/small><\/p>\n","protected":false},"excerpt":{"rendered":"<p>La Paz, 24.02.2020 &#8211; Una nueva encuesta difundida este domingo por la empresa Mercados y Muestras para tres medios de comunicaci\u00f3n en Bolivia reflej\u00f3 al Movimiento Al Socialismo, MAS, partido del expresidente Evo Morales, como l\u00edder en la intenci\u00f3n de voto para las elecciones generales del pr\u00f3ximo 3 de mayo.<\/p>\n","protected":false},"author":1,"featured_media":0,"comment_status":"closed","ping_status":"closed","sticky":false,"template":"","format":"standard","meta":{"footnotes":"","_links_to":"","_links_to_target":""},"categories":[70,11,23,25],"tags":[30],"class_list":["post-567","post","type-post","status-publish","format-standard","hentry","category-actualidad","category-america-del-sur","category-politica","category-sociedad","tag-bolivia","entry","double"],"yoast_head":"<!-- This site is optimized with the Yoast SEO plugin v27.5 - https:\/\/yoast.com\/product\/yoast-seo-wordpress\/ -->\n<title>Partido de Evo Morales lidera intenci\u00f3n de voto en Bolivia - ElCanillita.Info<\/title>\n<meta name=\"robots\" content=\"index, follow, max-snippet:-1, max-image-preview:large, max-video-preview:-1\" \/>\n<link rel=\"canonical\" href=\"https:\/\/elcanillita.info\/press\/2020\/02\/24\/partido-evo-morales-lidera-intencion-voto-bolivia-2\/\" \/>\n<meta property=\"og:locale\" content=\"es_ES\" \/>\n<meta property=\"og:type\" content=\"article\" \/>\n<meta property=\"og:title\" content=\"Partido de Evo Morales lidera intenci\u00f3n de voto en Bolivia - ElCanillita.Info\" \/>\n<meta property=\"og:description\" content=\"La Paz, 24.02.2020 - Una nueva encuesta difundida este domingo por la empresa Mercados y Muestras para tres medios de comunicaci\u00f3n en Bolivia reflej\u00f3 al Movimiento Al Socialismo, MAS, partido del expresidente Evo Morales, como l\u00edder en la intenci\u00f3n de voto para las elecciones generales del pr\u00f3ximo 3 de mayo.\" \/>\n<meta property=\"og:url\" content=\"https:\/\/elcanillita.info\/press\/2020\/02\/24\/partido-evo-morales-lidera-intencion-voto-bolivia-2\/\" \/>\n<meta property=\"og:site_name\" content=\"ElCanillita.Info\" \/>\n<meta property=\"article:publisher\" content=\"https:\/\/ar-ar.facebook.com\/ElCanillitainfo-114249515285712\/\" \/>\n<meta property=\"article:published_time\" content=\"2020-02-24T18:55:45+00:00\" \/>\n<meta property=\"article:modified_time\" content=\"2020-02-24T18:56:32+00:00\" \/>\n<meta name=\"author\" content=\"SalaStampa.eu, world press service\" \/>\n<meta name=\"twitter:card\" content=\"summary_large_image\" \/>\n<meta name=\"twitter:label1\" content=\"Escrito por\" \/>\n\t<meta name=\"twitter:data1\" content=\"SalaStampa.eu, world press service\" \/>\n\t<meta name=\"twitter:label2\" content=\"Tiempo de lectura\" \/>\n\t<meta name=\"twitter:data2\" content=\"2 minutos\" \/>\n<script type=\"application\/ld+json\" class=\"yoast-schema-graph\">{\"@context\":\"https:\\\/\\\/schema.org\",\"@graph\":[{\"@type\":\"Article\",\"@id\":\"https:\\\/\\\/elcanillita.info\\\/press\\\/2020\\\/02\\\/24\\\/partido-evo-morales-lidera-intencion-voto-bolivia-2\\\/#article\",\"isPartOf\":{\"@id\":\"https:\\\/\\\/elcanillita.info\\\/press\\\/2020\\\/02\\\/24\\\/partido-evo-morales-lidera-intencion-voto-bolivia-2\\\/\"},\"author\":{\"name\":\"SalaStampa.eu, world press service\",\"@id\":\"https:\\\/\\\/elcanillita.info\\\/press\\\/#\\\/schema\\\/person\\\/7fcb79f38045700919f7da6d97e71ba0\"},\"headline\":\"Partido de Evo Morales lidera intenci\u00f3n de voto en Bolivia\",\"datePublished\":\"2020-02-24T18:55:45+00:00\",\"dateModified\":\"2020-02-24T18:56:32+00:00\",\"mainEntityOfPage\":{\"@id\":\"https:\\\/\\\/elcanillita.info\\\/press\\\/2020\\\/02\\\/24\\\/partido-evo-morales-lidera-intencion-voto-bolivia-2\\\/\"},\"wordCount\":455,\"publisher\":{\"@id\":\"https:\\\/\\\/elcanillita.info\\\/press\\\/#organization\"},\"keywords\":[\"Bolivia\"],\"articleSection\":[\"Actualidad\",\"Am\u00e9rica del Sur\",\"Politica\",\"Sociedad\"],\"inLanguage\":\"es-AR\"},{\"@type\":\"WebPage\",\"@id\":\"https:\\\/\\\/elcanillita.info\\\/press\\\/2020\\\/02\\\/24\\\/partido-evo-morales-lidera-intencion-voto-bolivia-2\\\/\",\"url\":\"https:\\\/\\\/elcanillita.info\\\/press\\\/2020\\\/02\\\/24\\\/partido-evo-morales-lidera-intencion-voto-bolivia-2\\\/\",\"name\":\"Partido de Evo Morales lidera intenci\u00f3n de voto en Bolivia - ElCanillita.Info\",\"isPartOf\":{\"@id\":\"https:\\\/\\\/elcanillita.info\\\/press\\\/#website\"},\"datePublished\":\"2020-02-24T18:55:45+00:00\",\"dateModified\":\"2020-02-24T18:56:32+00:00\",\"inLanguage\":\"es-AR\",\"potentialAction\":[{\"@type\":\"ReadAction\",\"target\":[\"https:\\\/\\\/elcanillita.info\\\/press\\\/2020\\\/02\\\/24\\\/partido-evo-morales-lidera-intencion-voto-bolivia-2\\\/\"]}]},{\"@type\":\"WebSite\",\"@id\":\"https:\\\/\\\/elcanillita.info\\\/press\\\/#website\",\"url\":\"https:\\\/\\\/elcanillita.info\\\/press\\\/\",\"name\":\"ElCanillita.Info\",\"description\":\"desde los Apeninos a los Andes\",\"publisher\":{\"@id\":\"https:\\\/\\\/elcanillita.info\\\/press\\\/#organization\"},\"potentialAction\":[{\"@type\":\"SearchAction\",\"target\":{\"@type\":\"EntryPoint\",\"urlTemplate\":\"https:\\\/\\\/elcanillita.info\\\/press\\\/?s={search_term_string}\"},\"query-input\":{\"@type\":\"PropertyValueSpecification\",\"valueRequired\":true,\"valueName\":\"search_term_string\"}}],\"inLanguage\":\"es-AR\"},{\"@type\":\"Organization\",\"@id\":\"https:\\\/\\\/elcanillita.info\\\/press\\\/#organization\",\"name\":\"Guzzo Photos & Graphic Publications\",\"url\":\"https:\\\/\\\/elcanillita.info\\\/press\\\/\",\"logo\":{\"@type\":\"ImageObject\",\"inLanguage\":\"es-AR\",\"@id\":\"https:\\\/\\\/elcanillita.info\\\/press\\\/#\\\/schema\\\/logo\\\/image\\\/\",\"url\":\"https:\\\/\\\/elcanillita.info\\\/press\\\/images\\\/2020\\\/01\\\/cropped-cropped-cropped-elcanillitainfo.png\",\"contentUrl\":\"https:\\\/\\\/elcanillita.info\\\/press\\\/images\\\/2020\\\/01\\\/cropped-cropped-cropped-elcanillitainfo.png\",\"width\":460,\"height\":50,\"caption\":\"Guzzo Photos & Graphic Publications\"},\"image\":{\"@id\":\"https:\\\/\\\/elcanillita.info\\\/press\\\/#\\\/schema\\\/logo\\\/image\\\/\"},\"sameAs\":[\"https:\\\/\\\/ar-ar.facebook.com\\\/ElCanillitainfo-114249515285712\\\/\"]},{\"@type\":\"Person\",\"@id\":\"https:\\\/\\\/elcanillita.info\\\/press\\\/#\\\/schema\\\/person\\\/7fcb79f38045700919f7da6d97e71ba0\",\"name\":\"SalaStampa.eu, world press service\",\"image\":{\"@type\":\"ImageObject\",\"inLanguage\":\"es-AR\",\"@id\":\"https:\\\/\\\/secure.gravatar.com\\\/avatar\\\/c2f0e0d515a107624234994507816ca4724c7199cef73fc8bedebf6931d73888?s=96&d=mm&r=g\",\"url\":\"https:\\\/\\\/secure.gravatar.com\\\/avatar\\\/c2f0e0d515a107624234994507816ca4724c7199cef73fc8bedebf6931d73888?s=96&d=mm&r=g\",\"contentUrl\":\"https:\\\/\\\/secure.gravatar.com\\\/avatar\\\/c2f0e0d515a107624234994507816ca4724c7199cef73fc8bedebf6931d73888?s=96&d=mm&r=g\",\"caption\":\"SalaStampa.eu, world press service\"}}]}<\/script>\n<!-- \/ Yoast SEO plugin. -->","yoast_head_json":{"title":"Partido de Evo Morales lidera intenci\u00f3n de voto en Bolivia - ElCanillita.Info","robots":{"index":"index","follow":"follow","max-snippet":"max-snippet:-1","max-image-preview":"max-image-preview:large","max-video-preview":"max-video-preview:-1"},"canonical":"https:\/\/elcanillita.info\/press\/2020\/02\/24\/partido-evo-morales-lidera-intencion-voto-bolivia-2\/","og_locale":"es_ES","og_type":"article","og_title":"Partido de Evo Morales lidera intenci\u00f3n de voto en Bolivia - ElCanillita.Info","og_description":"La Paz, 24.02.2020 - Una nueva encuesta difundida este domingo por la empresa Mercados y Muestras para tres medios de comunicaci\u00f3n en Bolivia reflej\u00f3 al Movimiento Al Socialismo, MAS, partido del expresidente Evo Morales, como l\u00edder en la intenci\u00f3n de voto para las elecciones generales del pr\u00f3ximo 3 de mayo.","og_url":"https:\/\/elcanillita.info\/press\/2020\/02\/24\/partido-evo-morales-lidera-intencion-voto-bolivia-2\/","og_site_name":"ElCanillita.Info","article_publisher":"https:\/\/ar-ar.facebook.com\/ElCanillitainfo-114249515285712\/","article_published_time":"2020-02-24T18:55:45+00:00","article_modified_time":"2020-02-24T18:56:32+00:00","author":"SalaStampa.eu, world press service","twitter_card":"summary_large_image","twitter_misc":{"Escrito por":"SalaStampa.eu, world press service","Tiempo de lectura":"2 minutos"},"schema":{"@context":"https:\/\/schema.org","@graph":[{"@type":"Article","@id":"https:\/\/elcanillita.info\/press\/2020\/02\/24\/partido-evo-morales-lidera-intencion-voto-bolivia-2\/#article","isPartOf":{"@id":"https:\/\/elcanillita.info\/press\/2020\/02\/24\/partido-evo-morales-lidera-intencion-voto-bolivia-2\/"},"author":{"name":"SalaStampa.eu, world press service","@id":"https:\/\/elcanillita.info\/press\/#\/schema\/person\/7fcb79f38045700919f7da6d97e71ba0"},"headline":"Partido de Evo Morales lidera intenci\u00f3n de voto en Bolivia","datePublished":"2020-02-24T18:55:45+00:00","dateModified":"2020-02-24T18:56:32+00:00","mainEntityOfPage":{"@id":"https:\/\/elcanillita.info\/press\/2020\/02\/24\/partido-evo-morales-lidera-intencion-voto-bolivia-2\/"},"wordCount":455,"publisher":{"@id":"https:\/\/elcanillita.info\/press\/#organization"},"keywords":["Bolivia"],"articleSection":["Actualidad","Am\u00e9rica del Sur","Politica","Sociedad"],"inLanguage":"es-AR"},{"@type":"WebPage","@id":"https:\/\/elcanillita.info\/press\/2020\/02\/24\/partido-evo-morales-lidera-intencion-voto-bolivia-2\/","url":"https:\/\/elcanillita.info\/press\/2020\/02\/24\/partido-evo-morales-lidera-intencion-voto-bolivia-2\/","name":"Partido de Evo Morales lidera intenci\u00f3n de voto en Bolivia - ElCanillita.Info","isPartOf":{"@id":"https:\/\/elcanillita.info\/press\/#website"},"datePublished":"2020-02-24T18:55:45+00:00","dateModified":"2020-02-24T18:56:32+00:00","inLanguage":"es-AR","potentialAction":[{"@type":"ReadAction","target":["https:\/\/elcanillita.info\/press\/2020\/02\/24\/partido-evo-morales-lidera-intencion-voto-bolivia-2\/"]}]},{"@type":"WebSite","@id":"https:\/\/elcanillita.info\/press\/#website","url":"https:\/\/elcanillita.info\/press\/","name":"ElCanillita.Info","description":"desde los Apeninos a los Andes","publisher":{"@id":"https:\/\/elcanillita.info\/press\/#organization"},"potentialAction":[{"@type":"SearchAction","target":{"@type":"EntryPoint","urlTemplate":"https:\/\/elcanillita.info\/press\/?s={search_term_string}"},"query-input":{"@type":"PropertyValueSpecification","valueRequired":true,"valueName":"search_term_string"}}],"inLanguage":"es-AR"},{"@type":"Organization","@id":"https:\/\/elcanillita.info\/press\/#organization","name":"Guzzo Photos & Graphic Publications","url":"https:\/\/elcanillita.info\/press\/","logo":{"@type":"ImageObject","inLanguage":"es-AR","@id":"https:\/\/elcanillita.info\/press\/#\/schema\/logo\/image\/","url":"https:\/\/elcanillita.info\/press\/images\/2020\/01\/cropped-cropped-cropped-elcanillitainfo.png","contentUrl":"https:\/\/elcanillita.info\/press\/images\/2020\/01\/cropped-cropped-cropped-elcanillitainfo.png","width":460,"height":50,"caption":"Guzzo Photos & Graphic Publications"},"image":{"@id":"https:\/\/elcanillita.info\/press\/#\/schema\/logo\/image\/"},"sameAs":["https:\/\/ar-ar.facebook.com\/ElCanillitainfo-114249515285712\/"]},{"@type":"Person","@id":"https:\/\/elcanillita.info\/press\/#\/schema\/person\/7fcb79f38045700919f7da6d97e71ba0","name":"SalaStampa.eu, world press service","image":{"@type":"ImageObject","inLanguage":"es-AR","@id":"https:\/\/secure.gravatar.com\/avatar\/c2f0e0d515a107624234994507816ca4724c7199cef73fc8bedebf6931d73888?s=96&d=mm&r=g","url":"https:\/\/secure.gravatar.com\/avatar\/c2f0e0d515a107624234994507816ca4724c7199cef73fc8bedebf6931d73888?s=96&d=mm&r=g","contentUrl":"https:\/\/secure.gravatar.com\/avatar\/c2f0e0d515a107624234994507816ca4724c7199cef73fc8bedebf6931d73888?s=96&d=mm&r=g","caption":"SalaStampa.eu, world press service"}}]}},"views":843,"_links":{"self":[{"href":"https:\/\/elcanillita.info\/press\/wp-json\/wp\/v2\/posts\/567","targetHints":{"allow":["GET"]}}],"collection":[{"href":"https:\/\/elcanillita.info\/press\/wp-json\/wp\/v2\/posts"}],"about":[{"href":"https:\/\/elcanillita.info\/press\/wp-json\/wp\/v2\/types\/post"}],"author":[{"embeddable":true,"href":"https:\/\/elcanillita.info\/press\/wp-json\/wp\/v2\/users\/1"}],"replies":[{"embeddable":true,"href":"https:\/\/elcanillita.info\/press\/wp-json\/wp\/v2\/comments?post=567"}],"version-history":[{"count":0,"href":"https:\/\/elcanillita.info\/press\/wp-json\/wp\/v2\/posts\/567\/revisions"}],"wp:attachment":[{"href":"https:\/\/elcanillita.info\/press\/wp-json\/wp\/v2\/media?parent=567"}],"wp:term":[{"taxonomy":"category","embeddable":true,"href":"https:\/\/elcanillita.info\/press\/wp-json\/wp\/v2\/categories?post=567"},{"taxonomy":"post_tag","embeddable":true,"href":"https:\/\/elcanillita.info\/press\/wp-json\/wp\/v2\/tags?post=567"}],"curies":[{"name":"wp","href":"https:\/\/api.w.org\/{rel}","templated":true}]}}