{"id":5667,"date":"2025-12-08T21:01:53","date_gmt":"2025-12-09T00:01:53","guid":{"rendered":"https:\/\/elcanillita.info\/press\/?p=5667"},"modified":"2025-12-09T07:01:43","modified_gmt":"2025-12-09T10:01:43","slug":"un-gobierno-sediento-de-dinero","status":"publish","type":"post","link":"https:\/\/elcanillita.info\/press\/2025\/12\/08\/un-gobierno-sediento-de-dinero\/","title":{"rendered":"Un gobierno sediento de dinero"},"content":{"rendered":"<div class=\"wp-block-image\">\n<figure class=\"alignleft size-full is-resized\"><img loading=\"lazy\" decoding=\"async\" width=\"500\" height=\"496\" src=\"https:\/\/elcanillita.info\/press\/images\/2025\/12\/edmza_20251209.jpg\" alt=\"\" class=\"wp-image-5668\" style=\"width:404px;height:auto\" srcset=\"https:\/\/elcanillita.info\/press\/images\/2025\/12\/edmza_20251209.jpg 500w, https:\/\/elcanillita.info\/press\/images\/2025\/12\/edmza_20251209-300x298.jpg 300w, https:\/\/elcanillita.info\/press\/images\/2025\/12\/edmza_20251209-150x150.jpg 150w\" sizes=\"auto, (max-width: 500px) 100vw, 500px\" \/><\/figure>\n<\/div>\n\n\n<p class=\"p1\">La provincia Mendoza volvi\u00f3 a pararse frente al Gobierno como quien frena a un borracho que insiste en vender el tanque de agua de la casa para pagar deudas viejas. El conflicto por la mina San Jorge tiene dos ingredientes explosivos: un recurso escaso y un Gobierno nacional con sed cr\u00f3nica de d\u00f3lares.<\/p>\n\n\n\n<p>La caravana iniciada en Uspallata no es un paseo dominical: es una marcha que atraviesa m\u00e1s de cien kil\u00f3metros para recordarle a la pol\u00edtica que, en esta provincia, tocar el agua es tocar la dignidad. Y si algo aprendi\u00f3 Mendoza desde 2019 es que cuando el pueblo camina, las leyes tambalean.<\/p>\n\n\n\n<p>La \u201cGesta Libertadora por el Agua\u201d tiene m\u00e1s organizaci\u00f3n que algunos ministerios. Postas cada siete kil\u00f3metros, grupos sum\u00e1ndose desde el Valle de Uco, Lavalle y el Este, familias enteras empujando carritos y bicicletas. Todo para llegar a una Legislatura que ma\u00f1ana se jugar\u00e1 la credibilidad frente a sus propios votantes.<\/p>\n\n\n\n<p>Mientras tanto, desde Buenos Aires el Presidente Milei agit\u00f3 el pomponcito del libre mercado y celebr\u00f3 la mina como si fuera la llave m\u00e1gica de la prosperidad eterna. \u201c600 millones de d\u00f3lares, 40.000 toneladas por a\u00f1o, progreso y trabajo\u201d, enumer\u00f3, como si la geograf\u00eda mendocina fuera un Excel sin monta\u00f1as, acu\u00edferos ni historia reciente.<\/p>\n\n\n\n<p>Los manifestantes lo ven distinto: San Jorge \u2014ahora maquillado como PSJ Cobre Mendocino\u2014 es otra versi\u00f3n del viejo truco de siempre. Promesas de inversi\u00f3n arriba, residuos abajo. Y cuando falta agua, no hay relato que tape la sed.<\/p>\n\n\n\n<p>El Senado provincial carga con la responsabilidad inc\u00f3moda de decidir entre aplaudir la billetera o escuchar a los que caminan. La calle ya eligi\u00f3: si la Legislatura aprueba la DIA, la crisis pol\u00edtica puede ser m\u00e1s grande que la mina.<\/p>\n\n\n\n<p><strong>Y como si el Gobierno necesitara refuerzos para empujar la narrativa del \u201cprogreso extractivo\u201d, apareci\u00f3 Patricia Bullrich para ponerle mo\u00f1o a la pol\u00e9mica. La exministra de Seguridad y flamante senadora porte\u00f1a se sum\u00f3 desde X al coro oficialista, citando entusiasta la publicaci\u00f3n de Milei.<\/strong><\/p>\n\n\n\n<p>\u201cMendoza tiene la oportunidad de crecer, de generar trabajo, riqueza y desarrollo. Y, como siempre, el kirchnerismo del otro lado: frenando, trabando y oponi\u00e9ndose al progreso. Nada nuevo. Es hora de hacer lo que hace a\u00f1os funciona del otro lado de la cordillera. Vamos, Hebe Casado\u201d, escribi\u00f3, como si la cordillera fuera un decorado y no el l\u00edmite natural de una crisis h\u00eddrica que ya es estructural.<\/p>\n\n\n\n<p>El mensaje es claro, firme y repetido en cada cartel: <em>\u201cEl agua no se negocia\u201d<\/em>. Pero en la Casa Rosada y sus alrededores, la br\u00fajula parece se\u00f1alar siempre el mismo norte: inversi\u00f3n a cualquier costo. Aunque el costo lo paguen otros.<\/p>\n\n\n\n<p>Mendoza camina, el Gobierno calcula, y la tensi\u00f3n sube. Ma\u00f1ana, cuando la caravana llegue a la capital, se sabr\u00e1 qui\u00e9n tiene m\u00e1s peso: si el pueblo que defiende su agua o un poder central desesperado por exprimir cada recurso como si el pa\u00eds fuera un dep\u00f3sito en liquidaci\u00f3n.<\/p>\n\n\n\n<p class=\"p1\">El cap\u00edtulo est\u00e1 abierto. Y huele a que el agua vuelve a ense\u00f1ar lo que la pol\u00edtica olvida: que no todo se compra. Y menos todav\u00eda, se vende.<\/p>\n\n\n\n<p><\/p>\n\n\n\n<p>\u270d\ufe0f \u00a9\ufe0f2025&nbsp; El alquimista del cianuro &#8211; All Rights Reserved<\/p>\n\n\n<hr style=\"border: none; height: 1px; background-color: #e0e0e0; max-width: 80%; margin: 2em auto;\" \/>\n\n\n\u00bfQuieres decir algo ?<br>\n\n\ud83d\udcec Envia tu texto a email@soapboxorators.org o bien sube a la Caja de los oradores: <br> SoapBoxOrators.org. <br>\n\n\ud83c\udde6\ud83c\uddf7 CASTELLANO\n\n<form action=\"https:\/\/formspree.io\/f\/mjkrjzed\" method=\"POST\">\n  <label for=\"name\">Nombre o seud\u00f3nimo:<\/label><br>\n  <input type=\"text\" id=\"name\" name=\"name\" required><br><br>\n\n  <label for=\"title\">T\u00edtulo del discurso o editorial:<\/label><br>\n  <input type=\"text\" id=\"title\" name=\"title\" required><br><br>\n\n  <label for=\"message\">Texto (m\u00e1x. 3.000 caracteres):<\/label><br>\n  <textarea id=\"message\" name=\"message\" rows=\"10\" maxlength=\"3000\" required><\/textarea><br><br>\n\n  <label>\n    <input type=\"checkbox\" name=\"consent\" required>\n    Autorizo la publicaci\u00f3n de este texto en SoapboxOrators.org\n  <\/label><br><br>\n\n  <button type=\"submit\">Enviar<\/button>\n  <button type=\"reset\">Borrar<\/button>\n<\/form>\n\n<hr style=\"\n    border: none;\n    height: 1px;\n    background: linear-gradient(to right, transparent, #ccc, transparent);\n    margin: 0;\n\" \/>\n<\/p>\n<p><small>\u00a9\ufe0f2025  Guzzo Photos  &#038; Graphic Publications \u2013 All Rights Reserved \u2013 Copyright \u00a9\ufe0f 2025 SalaStampa.eu, world press service \u2013 Guzzo Photos &#038; Graphic Publications \u2013 Registro Editori e Stampatori n. 1441 Turin, Italy<\/small><\/p>\n\n\n<p><\/p>\n","protected":false},"excerpt":{"rendered":"<p>Cuando el agua escasea, la paciencia tambi\u00e9n. Mendoza volvi\u00f3 a las rutas mientras la Casa Rosada ya hizo fila para cobrar la inversi\u00f3n antes de que caiga la primera gota.<\/p>\n","protected":false},"author":14,"featured_media":5668,"comment_status":"closed","ping_status":"closed","sticky":false,"template":"","format":"standard","meta":{"footnotes":"","_links_to":"","_links_to_target":""},"categories":[108,121,70,11,123,20,149,23,137],"tags":[29],"class_list":["post-5667","post","type-post","status-publish","format-standard","has-post-thumbnail","hentry","category-blogdiario","category-dc24","category-actualidad","category-america-del-sur","category-argentina","category-economia","category-mineria","category-politica","category-sociedad-y-valores","tag-argentina","entry","double"],"yoast_head":"<!-- This site is optimized with the Yoast SEO plugin v27.4 - https:\/\/yoast.com\/product\/yoast-seo-wordpress\/ -->\n<title>Un gobierno sediento de dinero - ElCanillita.Info<\/title>\n<meta name=\"robots\" content=\"index, follow, max-snippet:-1, max-image-preview:large, max-video-preview:-1\" \/>\n<link rel=\"canonical\" href=\"https:\/\/elcanillita.info\/press\/2025\/12\/08\/un-gobierno-sediento-de-dinero\/\" \/>\n<meta property=\"og:locale\" content=\"es_ES\" \/>\n<meta property=\"og:type\" content=\"article\" \/>\n<meta property=\"og:title\" content=\"Un gobierno sediento de dinero - ElCanillita.Info\" \/>\n<meta property=\"og:description\" content=\"Cuando el agua escasea, la paciencia tambi\u00e9n. Mendoza volvi\u00f3 a las rutas mientras la Casa Rosada ya hizo fila para cobrar la inversi\u00f3n antes de que caiga la primera gota.\" \/>\n<meta property=\"og:url\" content=\"https:\/\/elcanillita.info\/press\/2025\/12\/08\/un-gobierno-sediento-de-dinero\/\" \/>\n<meta property=\"og:site_name\" content=\"ElCanillita.Info\" \/>\n<meta property=\"article:publisher\" content=\"https:\/\/ar-ar.facebook.com\/ElCanillitainfo-114249515285712\/\" \/>\n<meta property=\"article:published_time\" content=\"2025-12-09T00:01:53+00:00\" \/>\n<meta property=\"article:modified_time\" content=\"2025-12-09T10:01:43+00:00\" \/>\n<meta property=\"og:image\" content=\"https:\/\/elcanillita.info\/press\/images\/2025\/12\/edmza_20251209.jpg\" \/>\n\t<meta property=\"og:image:width\" content=\"500\" \/>\n\t<meta property=\"og:image:height\" content=\"496\" \/>\n\t<meta property=\"og:image:type\" content=\"image\/jpeg\" \/>\n<meta name=\"author\" content=\"ElCanillita.info Guzzo Photos &amp; Graphic Publications\" \/>\n<meta name=\"twitter:card\" content=\"summary_large_image\" \/>\n<meta name=\"twitter:label1\" content=\"Escrito por\" \/>\n\t<meta name=\"twitter:data1\" content=\"ElCanillita.info Guzzo Photos &amp; Graphic Publications\" \/>\n\t<meta name=\"twitter:label2\" content=\"Tiempo de lectura\" \/>\n\t<meta name=\"twitter:data2\" content=\"4 minutos\" \/>\n<script type=\"application\/ld+json\" class=\"yoast-schema-graph\">{\"@context\":\"https:\\\/\\\/schema.org\",\"@graph\":[{\"@type\":\"Article\",\"@id\":\"https:\\\/\\\/elcanillita.info\\\/press\\\/2025\\\/12\\\/08\\\/un-gobierno-sediento-de-dinero\\\/#article\",\"isPartOf\":{\"@id\":\"https:\\\/\\\/elcanillita.info\\\/press\\\/2025\\\/12\\\/08\\\/un-gobierno-sediento-de-dinero\\\/\"},\"author\":{\"name\":\"ElCanillita.info Guzzo Photos &amp; Graphic Publications\",\"@id\":\"https:\\\/\\\/elcanillita.info\\\/press\\\/#\\\/schema\\\/person\\\/e37a550cff8f5f3407ed112e4cc619cb\"},\"headline\":\"Un gobierno sediento de dinero\",\"datePublished\":\"2025-12-09T00:01:53+00:00\",\"dateModified\":\"2025-12-09T10:01:43+00:00\",\"mainEntityOfPage\":{\"@id\":\"https:\\\/\\\/elcanillita.info\\\/press\\\/2025\\\/12\\\/08\\\/un-gobierno-sediento-de-dinero\\\/\"},\"wordCount\":640,\"publisher\":{\"@id\":\"https:\\\/\\\/elcanillita.info\\\/press\\\/#organization\"},\"image\":{\"@id\":\"https:\\\/\\\/elcanillita.info\\\/press\\\/2025\\\/12\\\/08\\\/un-gobierno-sediento-de-dinero\\\/#primaryimage\"},\"thumbnailUrl\":\"https:\\\/\\\/elcanillita.info\\\/press\\\/images\\\/2025\\\/12\\\/edmza_20251209.jpg\",\"keywords\":[\"Argentina\"],\"articleSection\":[\".\",\".\",\"Actualidad\",\"Am\u00e9rica del Sur\",\"Argentina\",\"Economia\",\"Mineria\",\"Politica\",\"Sociedad y valores\"],\"inLanguage\":\"es-AR\"},{\"@type\":\"WebPage\",\"@id\":\"https:\\\/\\\/elcanillita.info\\\/press\\\/2025\\\/12\\\/08\\\/un-gobierno-sediento-de-dinero\\\/\",\"url\":\"https:\\\/\\\/elcanillita.info\\\/press\\\/2025\\\/12\\\/08\\\/un-gobierno-sediento-de-dinero\\\/\",\"name\":\"Un gobierno sediento de dinero - ElCanillita.Info\",\"isPartOf\":{\"@id\":\"https:\\\/\\\/elcanillita.info\\\/press\\\/#website\"},\"primaryImageOfPage\":{\"@id\":\"https:\\\/\\\/elcanillita.info\\\/press\\\/2025\\\/12\\\/08\\\/un-gobierno-sediento-de-dinero\\\/#primaryimage\"},\"image\":{\"@id\":\"https:\\\/\\\/elcanillita.info\\\/press\\\/2025\\\/12\\\/08\\\/un-gobierno-sediento-de-dinero\\\/#primaryimage\"},\"thumbnailUrl\":\"https:\\\/\\\/elcanillita.info\\\/press\\\/images\\\/2025\\\/12\\\/edmza_20251209.jpg\",\"datePublished\":\"2025-12-09T00:01:53+00:00\",\"dateModified\":\"2025-12-09T10:01:43+00:00\",\"inLanguage\":\"es-AR\",\"potentialAction\":[{\"@type\":\"ReadAction\",\"target\":[\"https:\\\/\\\/elcanillita.info\\\/press\\\/2025\\\/12\\\/08\\\/un-gobierno-sediento-de-dinero\\\/\"]}]},{\"@type\":\"ImageObject\",\"inLanguage\":\"es-AR\",\"@id\":\"https:\\\/\\\/elcanillita.info\\\/press\\\/2025\\\/12\\\/08\\\/un-gobierno-sediento-de-dinero\\\/#primaryimage\",\"url\":\"https:\\\/\\\/elcanillita.info\\\/press\\\/images\\\/2025\\\/12\\\/edmza_20251209.jpg\",\"contentUrl\":\"https:\\\/\\\/elcanillita.info\\\/press\\\/images\\\/2025\\\/12\\\/edmza_20251209.jpg\",\"width\":500,\"height\":496},{\"@type\":\"WebSite\",\"@id\":\"https:\\\/\\\/elcanillita.info\\\/press\\\/#website\",\"url\":\"https:\\\/\\\/elcanillita.info\\\/press\\\/\",\"name\":\"ElCanillita.Info\",\"description\":\"desde los Apeninos a los Andes\",\"publisher\":{\"@id\":\"https:\\\/\\\/elcanillita.info\\\/press\\\/#organization\"},\"potentialAction\":[{\"@type\":\"SearchAction\",\"target\":{\"@type\":\"EntryPoint\",\"urlTemplate\":\"https:\\\/\\\/elcanillita.info\\\/press\\\/?s={search_term_string}\"},\"query-input\":{\"@type\":\"PropertyValueSpecification\",\"valueRequired\":true,\"valueName\":\"search_term_string\"}}],\"inLanguage\":\"es-AR\"},{\"@type\":\"Organization\",\"@id\":\"https:\\\/\\\/elcanillita.info\\\/press\\\/#organization\",\"name\":\"Guzzo Photos & Graphic Publications\",\"url\":\"https:\\\/\\\/elcanillita.info\\\/press\\\/\",\"logo\":{\"@type\":\"ImageObject\",\"inLanguage\":\"es-AR\",\"@id\":\"https:\\\/\\\/elcanillita.info\\\/press\\\/#\\\/schema\\\/logo\\\/image\\\/\",\"url\":\"https:\\\/\\\/elcanillita.info\\\/press\\\/images\\\/2020\\\/01\\\/cropped-cropped-cropped-elcanillitainfo.png\",\"contentUrl\":\"https:\\\/\\\/elcanillita.info\\\/press\\\/images\\\/2020\\\/01\\\/cropped-cropped-cropped-elcanillitainfo.png\",\"width\":460,\"height\":50,\"caption\":\"Guzzo Photos & Graphic Publications\"},\"image\":{\"@id\":\"https:\\\/\\\/elcanillita.info\\\/press\\\/#\\\/schema\\\/logo\\\/image\\\/\"},\"sameAs\":[\"https:\\\/\\\/ar-ar.facebook.com\\\/ElCanillitainfo-114249515285712\\\/\"]},{\"@type\":\"Person\",\"@id\":\"https:\\\/\\\/elcanillita.info\\\/press\\\/#\\\/schema\\\/person\\\/e37a550cff8f5f3407ed112e4cc619cb\",\"name\":\"ElCanillita.info Guzzo Photos &amp; Graphic Publications\",\"image\":{\"@type\":\"ImageObject\",\"inLanguage\":\"es-AR\",\"@id\":\"https:\\\/\\\/secure.gravatar.com\\\/avatar\\\/8914fbe0ef09248907e331ab93dfa89c7f76decf6b51cd1b2f8444e6260db772?s=96&d=mm&r=g\",\"url\":\"https:\\\/\\\/secure.gravatar.com\\\/avatar\\\/8914fbe0ef09248907e331ab93dfa89c7f76decf6b51cd1b2f8444e6260db772?s=96&d=mm&r=g\",\"contentUrl\":\"https:\\\/\\\/secure.gravatar.com\\\/avatar\\\/8914fbe0ef09248907e331ab93dfa89c7f76decf6b51cd1b2f8444e6260db772?s=96&d=mm&r=g\",\"caption\":\"ElCanillita.info Guzzo Photos &amp; Graphic Publications\"},\"sameAs\":[\"http:\\\/\\\/guzzophotos.com\"]}]}<\/script>\n<!-- \/ Yoast SEO plugin. -->","yoast_head_json":{"title":"Un gobierno sediento de dinero - ElCanillita.Info","robots":{"index":"index","follow":"follow","max-snippet":"max-snippet:-1","max-image-preview":"max-image-preview:large","max-video-preview":"max-video-preview:-1"},"canonical":"https:\/\/elcanillita.info\/press\/2025\/12\/08\/un-gobierno-sediento-de-dinero\/","og_locale":"es_ES","og_type":"article","og_title":"Un gobierno sediento de dinero - ElCanillita.Info","og_description":"Cuando el agua escasea, la paciencia tambi\u00e9n. Mendoza volvi\u00f3 a las rutas mientras la Casa Rosada ya hizo fila para cobrar la inversi\u00f3n antes de que caiga la primera gota.","og_url":"https:\/\/elcanillita.info\/press\/2025\/12\/08\/un-gobierno-sediento-de-dinero\/","og_site_name":"ElCanillita.Info","article_publisher":"https:\/\/ar-ar.facebook.com\/ElCanillitainfo-114249515285712\/","article_published_time":"2025-12-09T00:01:53+00:00","article_modified_time":"2025-12-09T10:01:43+00:00","og_image":[{"width":500,"height":496,"url":"https:\/\/elcanillita.info\/press\/images\/2025\/12\/edmza_20251209.jpg","type":"image\/jpeg"}],"author":"ElCanillita.info Guzzo Photos &amp; Graphic Publications","twitter_card":"summary_large_image","twitter_misc":{"Escrito por":"ElCanillita.info Guzzo Photos &amp; Graphic Publications","Tiempo de lectura":"4 minutos"},"schema":{"@context":"https:\/\/schema.org","@graph":[{"@type":"Article","@id":"https:\/\/elcanillita.info\/press\/2025\/12\/08\/un-gobierno-sediento-de-dinero\/#article","isPartOf":{"@id":"https:\/\/elcanillita.info\/press\/2025\/12\/08\/un-gobierno-sediento-de-dinero\/"},"author":{"name":"ElCanillita.info Guzzo Photos &amp; Graphic Publications","@id":"https:\/\/elcanillita.info\/press\/#\/schema\/person\/e37a550cff8f5f3407ed112e4cc619cb"},"headline":"Un gobierno sediento de dinero","datePublished":"2025-12-09T00:01:53+00:00","dateModified":"2025-12-09T10:01:43+00:00","mainEntityOfPage":{"@id":"https:\/\/elcanillita.info\/press\/2025\/12\/08\/un-gobierno-sediento-de-dinero\/"},"wordCount":640,"publisher":{"@id":"https:\/\/elcanillita.info\/press\/#organization"},"image":{"@id":"https:\/\/elcanillita.info\/press\/2025\/12\/08\/un-gobierno-sediento-de-dinero\/#primaryimage"},"thumbnailUrl":"https:\/\/elcanillita.info\/press\/images\/2025\/12\/edmza_20251209.jpg","keywords":["Argentina"],"articleSection":[".",".","Actualidad","Am\u00e9rica del Sur","Argentina","Economia","Mineria","Politica","Sociedad y valores"],"inLanguage":"es-AR"},{"@type":"WebPage","@id":"https:\/\/elcanillita.info\/press\/2025\/12\/08\/un-gobierno-sediento-de-dinero\/","url":"https:\/\/elcanillita.info\/press\/2025\/12\/08\/un-gobierno-sediento-de-dinero\/","name":"Un gobierno sediento de dinero - ElCanillita.Info","isPartOf":{"@id":"https:\/\/elcanillita.info\/press\/#website"},"primaryImageOfPage":{"@id":"https:\/\/elcanillita.info\/press\/2025\/12\/08\/un-gobierno-sediento-de-dinero\/#primaryimage"},"image":{"@id":"https:\/\/elcanillita.info\/press\/2025\/12\/08\/un-gobierno-sediento-de-dinero\/#primaryimage"},"thumbnailUrl":"https:\/\/elcanillita.info\/press\/images\/2025\/12\/edmza_20251209.jpg","datePublished":"2025-12-09T00:01:53+00:00","dateModified":"2025-12-09T10:01:43+00:00","inLanguage":"es-AR","potentialAction":[{"@type":"ReadAction","target":["https:\/\/elcanillita.info\/press\/2025\/12\/08\/un-gobierno-sediento-de-dinero\/"]}]},{"@type":"ImageObject","inLanguage":"es-AR","@id":"https:\/\/elcanillita.info\/press\/2025\/12\/08\/un-gobierno-sediento-de-dinero\/#primaryimage","url":"https:\/\/elcanillita.info\/press\/images\/2025\/12\/edmza_20251209.jpg","contentUrl":"https:\/\/elcanillita.info\/press\/images\/2025\/12\/edmza_20251209.jpg","width":500,"height":496},{"@type":"WebSite","@id":"https:\/\/elcanillita.info\/press\/#website","url":"https:\/\/elcanillita.info\/press\/","name":"ElCanillita.Info","description":"desde los Apeninos a los Andes","publisher":{"@id":"https:\/\/elcanillita.info\/press\/#organization"},"potentialAction":[{"@type":"SearchAction","target":{"@type":"EntryPoint","urlTemplate":"https:\/\/elcanillita.info\/press\/?s={search_term_string}"},"query-input":{"@type":"PropertyValueSpecification","valueRequired":true,"valueName":"search_term_string"}}],"inLanguage":"es-AR"},{"@type":"Organization","@id":"https:\/\/elcanillita.info\/press\/#organization","name":"Guzzo Photos & Graphic Publications","url":"https:\/\/elcanillita.info\/press\/","logo":{"@type":"ImageObject","inLanguage":"es-AR","@id":"https:\/\/elcanillita.info\/press\/#\/schema\/logo\/image\/","url":"https:\/\/elcanillita.info\/press\/images\/2020\/01\/cropped-cropped-cropped-elcanillitainfo.png","contentUrl":"https:\/\/elcanillita.info\/press\/images\/2020\/01\/cropped-cropped-cropped-elcanillitainfo.png","width":460,"height":50,"caption":"Guzzo Photos & Graphic Publications"},"image":{"@id":"https:\/\/elcanillita.info\/press\/#\/schema\/logo\/image\/"},"sameAs":["https:\/\/ar-ar.facebook.com\/ElCanillitainfo-114249515285712\/"]},{"@type":"Person","@id":"https:\/\/elcanillita.info\/press\/#\/schema\/person\/e37a550cff8f5f3407ed112e4cc619cb","name":"ElCanillita.info Guzzo Photos &amp; Graphic Publications","image":{"@type":"ImageObject","inLanguage":"es-AR","@id":"https:\/\/secure.gravatar.com\/avatar\/8914fbe0ef09248907e331ab93dfa89c7f76decf6b51cd1b2f8444e6260db772?s=96&d=mm&r=g","url":"https:\/\/secure.gravatar.com\/avatar\/8914fbe0ef09248907e331ab93dfa89c7f76decf6b51cd1b2f8444e6260db772?s=96&d=mm&r=g","contentUrl":"https:\/\/secure.gravatar.com\/avatar\/8914fbe0ef09248907e331ab93dfa89c7f76decf6b51cd1b2f8444e6260db772?s=96&d=mm&r=g","caption":"ElCanillita.info Guzzo Photos &amp; Graphic Publications"},"sameAs":["http:\/\/guzzophotos.com"]}]}},"views":86,"_links":{"self":[{"href":"https:\/\/elcanillita.info\/press\/wp-json\/wp\/v2\/posts\/5667","targetHints":{"allow":["GET"]}}],"collection":[{"href":"https:\/\/elcanillita.info\/press\/wp-json\/wp\/v2\/posts"}],"about":[{"href":"https:\/\/elcanillita.info\/press\/wp-json\/wp\/v2\/types\/post"}],"author":[{"embeddable":true,"href":"https:\/\/elcanillita.info\/press\/wp-json\/wp\/v2\/users\/14"}],"replies":[{"embeddable":true,"href":"https:\/\/elcanillita.info\/press\/wp-json\/wp\/v2\/comments?post=5667"}],"version-history":[{"count":0,"href":"https:\/\/elcanillita.info\/press\/wp-json\/wp\/v2\/posts\/5667\/revisions"}],"wp:featuredmedia":[{"embeddable":true,"href":"https:\/\/elcanillita.info\/press\/wp-json\/wp\/v2\/media\/5668"}],"wp:attachment":[{"href":"https:\/\/elcanillita.info\/press\/wp-json\/wp\/v2\/media?parent=5667"}],"wp:term":[{"taxonomy":"category","embeddable":true,"href":"https:\/\/elcanillita.info\/press\/wp-json\/wp\/v2\/categories?post=5667"},{"taxonomy":"post_tag","embeddable":true,"href":"https:\/\/elcanillita.info\/press\/wp-json\/wp\/v2\/tags?post=5667"}],"curies":[{"name":"wp","href":"https:\/\/api.w.org\/{rel}","templated":true}]}}