{"id":5666,"date":"2025-12-07T19:44:49","date_gmt":"2025-12-07T22:44:49","guid":{"rendered":"https:\/\/elcanillita.info\/press\/?p=5666"},"modified":"2025-12-07T19:44:49","modified_gmt":"2025-12-07T22:44:49","slug":"dos-pesos-dos-medidas","status":"publish","type":"post","link":"https:\/\/elcanillita.info\/press\/2025\/12\/07\/dos-pesos-dos-medidas\/","title":{"rendered":"Dos pesos, dos medidas"},"content":{"rendered":"\n<p class=\"p1\">En la frontera entre Santo Tom\u00e9 y S\u00e3o Borja, la matem\u00e1tica dej\u00f3 de ser un misterio: el peaje pas\u00f3 de $28.000 a $1.600 y la Argentina descubri\u00f3, otra vez, que los n\u00fameros tambi\u00e9n son un acto de sinceridad pol\u00edtica. Nada como una concesi\u00f3n brasile\u00f1a para demostrar que lo imposible s\u00f3lo tarda un cambio de operador.<\/p>\n\n\n\n<p class=\"p1\">La nueva tarifa \u2014que pas\u00f3 de parecer un control aduanero a un impuesto al asfalto\u2014 derrib\u00f3 de un plumazo la \u00e9pica del \u201ccosto irrecuperable\u201d. Durante 25 a\u00f1os, se nos dijo que el puente necesitaba amortizarse como si fuera una pir\u00e1mide fara\u00f3nica. Ahora resulta que la obra ya estaba pagada, amortizada y con mo\u00f1o. Milagros fronterizos: no vienen de Roma, vienen de Brasil.<\/p>\n\n\n\n<p class=\"p1\">El intendente Jos\u00e9 Augusto Suaid, con gran diplomacia, evit\u00f3 decir lo evidente: que alguien tuvo la mano demasiado pesada durante demasiado tiempo. \u201cNo podemos medir con la misma vara\u201d, aclar\u00f3. Y claro que no: una vara mide $28.000; la otra, $1.600. La geometr\u00eda del Mercosur es as\u00ed de simple.<\/p>\n\n\n\n<p class=\"p1\">La rebaja no s\u00f3lo alivi\u00f3 bolsillos: dej\u00f3 expuesto qui\u00e9n respiraba dentro de la concesi\u00f3n anterior. La frase \u201cotro tipo de contrato\u201d suena elegante, pero traduce lo de siempre: tarifas que no se discut\u00edan porque el argumento era \u201crecuperar la inversi\u00f3n\u201d\u2026 aunque la inversi\u00f3n ya hubiera vuelto de vacaciones hace rato.<\/p>\n\n\n\n<p class=\"p1\">Mientras tanto, la vida fronteriza sigue movi\u00e9ndose con la precisi\u00f3n de un reloj suizo: argentinos que cruzan a Brasil para comprar leche al precio argentino de 2019, y brasile\u00f1os que estudian en Santo Tom\u00e9 carreras que en su pa\u00eds cuestan un semestre de sol y playa. Todo bajo el mismo puente que, ahora, cobra como si reci\u00e9n se despertara.<\/p>\n\n\n\n<p class=\"p1\">El tr\u00e1nsito \u2014que mueve m\u00e1s del 25% de los camiones entre ambos pa\u00edses\u2014 agradece la rebaja como quien agradece una tregua. No es un regalo: es una tarifa que dej\u00f3 de ser un impedimento para volver a ser un precio.<\/p>\n\n\n\n<p class=\"p1\">La historia, claro, no empez\u00f3 hoy. Mercovia S.A. vivi\u00f3 a\u00f1os de pr\u00f3rrogas como si la licitaci\u00f3n fuera un mito urbano. Cuando finalmente apareci\u00f3 competencia real, gan\u00f3 una empresa brasile\u00f1a con un plan de USD 100 millones para mantener el paso. Una inversi\u00f3n seria, sin \u00e9pica ni discursos, s\u00f3lo n\u00fameros que cierran.<\/p>\n\n\n\n<p class=\"p1\">Y ah\u00ed est\u00e1 la ense\u00f1anza: cuando dos pa\u00edses administran un puente, uno baja el peaje y el otro mira el piso como quien perdi\u00f3 las llaves. Entre Santo Tom\u00e9 y S\u00e3o Borja no hay misterio: hay dos pesos, dos medidas\u2026 y una frontera que acaba de revelar qui\u00e9n hac\u00eda el negocio y qui\u00e9n pon\u00eda la plata.<\/p>\n\n\n\n<p class=\"p1\">Porque, al final, los puentes unen. Pero las concesiones, a veces, separan: entre el que paga y el que cobra. Y en este caso, la diferencia no es ideol\u00f3gica: es de $26.400.<\/p>\n\n\n\n<p class=\"p1\">En la Argentina, la moral p\u00fablica puede ser flexible. Pero la calculadora no perdona. Y menos cuando est\u00e1 al lado de una frontera.<\/p>\n\n\n\n<p><\/p>\n\n\n\n<p>&nbsp;\u270d\ufe0f \u00a9\ufe0f2025 El Analista del Fondo de la Caja &#8211; All Rights Reserved<\/p>\n\n\n\n<p><\/p>\n\n\n<hr style=\"\n    border: none;\n    height: 1px;\n    background: linear-gradient(to right, transparent, #ccc, transparent);\n    margin: 0;\n\" \/>\n<\/p>\n<p><small>\u00a9\ufe0f2025  Guzzo Photos  &#038; Graphic Publications \u2013 All Rights Reserved \u2013 Copyright \u00a9\ufe0f 2025 SalaStampa.eu, world press service \u2013 Guzzo Photos &#038; Graphic Publications \u2013 Registro Editori e Stampatori n. 1441 Turin, Italy<\/small><\/p>\n\n\n<p><\/p>\n","protected":false},"excerpt":{"rendered":"<p>Un peaje que cae de $28.000 a $1.600 no es un ajuste: es una confesi\u00f3n. Y entre Santo Tom\u00e9 y S\u00e3o Borja, qued\u00f3 a la vista la eterna regla rioplatense: cuando alguien baja los precios, otro los estuvo subiendo sin verg\u00fcenza.<\/p>\n","protected":false},"author":14,"featured_media":0,"comment_status":"closed","ping_status":"","sticky":false,"template":"","format":"standard","meta":{"footnotes":"","_links_to":"","_links_to_target":""},"categories":[108,121,70,11,123,20,23,137,120],"tags":[29],"class_list":["post-5666","post","type-post","status-publish","format-standard","hentry","category-blogdiario","category-dc24","category-actualidad","category-america-del-sur","category-argentina","category-economia","category-politica","category-sociedad-y-valores","category-transporte","tag-argentina","entry","double"],"yoast_head":"<!-- This site is optimized with the Yoast SEO plugin v27.4 - https:\/\/yoast.com\/product\/yoast-seo-wordpress\/ -->\n<title>Dos pesos, dos medidas - ElCanillita.Info<\/title>\n<meta name=\"robots\" content=\"index, follow, max-snippet:-1, max-image-preview:large, max-video-preview:-1\" \/>\n<link rel=\"canonical\" href=\"https:\/\/elcanillita.info\/press\/2025\/12\/07\/dos-pesos-dos-medidas\/\" \/>\n<meta property=\"og:locale\" content=\"es_ES\" \/>\n<meta property=\"og:type\" content=\"article\" \/>\n<meta property=\"og:title\" content=\"Dos pesos, dos medidas - ElCanillita.Info\" \/>\n<meta property=\"og:description\" content=\"Un peaje que cae de $28.000 a $1.600 no es un ajuste: es una confesi\u00f3n. Y entre Santo Tom\u00e9 y S\u00e3o Borja, qued\u00f3 a la vista la eterna regla rioplatense: cuando alguien baja los precios, otro los estuvo subiendo sin verg\u00fcenza.\" \/>\n<meta property=\"og:url\" content=\"https:\/\/elcanillita.info\/press\/2025\/12\/07\/dos-pesos-dos-medidas\/\" \/>\n<meta property=\"og:site_name\" content=\"ElCanillita.Info\" \/>\n<meta property=\"article:publisher\" content=\"https:\/\/ar-ar.facebook.com\/ElCanillitainfo-114249515285712\/\" \/>\n<meta property=\"article:published_time\" content=\"2025-12-07T22:44:49+00:00\" \/>\n<meta name=\"author\" content=\"ElCanillita.info Guzzo Photos &amp; Graphic Publications\" \/>\n<meta name=\"twitter:card\" content=\"summary_large_image\" \/>\n<meta name=\"twitter:label1\" content=\"Escrito por\" \/>\n\t<meta name=\"twitter:data1\" content=\"ElCanillita.info Guzzo Photos &amp; Graphic Publications\" \/>\n\t<meta name=\"twitter:label2\" content=\"Tiempo de lectura\" \/>\n\t<meta name=\"twitter:data2\" content=\"3 minutos\" \/>\n<script type=\"application\/ld+json\" class=\"yoast-schema-graph\">{\"@context\":\"https:\\\/\\\/schema.org\",\"@graph\":[{\"@type\":\"Article\",\"@id\":\"https:\\\/\\\/elcanillita.info\\\/press\\\/2025\\\/12\\\/07\\\/dos-pesos-dos-medidas\\\/#article\",\"isPartOf\":{\"@id\":\"https:\\\/\\\/elcanillita.info\\\/press\\\/2025\\\/12\\\/07\\\/dos-pesos-dos-medidas\\\/\"},\"author\":{\"name\":\"ElCanillita.info Guzzo Photos &amp; Graphic Publications\",\"@id\":\"https:\\\/\\\/elcanillita.info\\\/press\\\/#\\\/schema\\\/person\\\/e37a550cff8f5f3407ed112e4cc619cb\"},\"headline\":\"Dos pesos, dos medidas\",\"datePublished\":\"2025-12-07T22:44:49+00:00\",\"mainEntityOfPage\":{\"@id\":\"https:\\\/\\\/elcanillita.info\\\/press\\\/2025\\\/12\\\/07\\\/dos-pesos-dos-medidas\\\/\"},\"wordCount\":552,\"publisher\":{\"@id\":\"https:\\\/\\\/elcanillita.info\\\/press\\\/#organization\"},\"keywords\":[\"Argentina\"],\"articleSection\":[\".\",\".\",\"Actualidad\",\"Am\u00e9rica del Sur\",\"Argentina\",\"Economia\",\"Politica\",\"Sociedad y valores\",\"Transporte\"],\"inLanguage\":\"es-AR\"},{\"@type\":\"WebPage\",\"@id\":\"https:\\\/\\\/elcanillita.info\\\/press\\\/2025\\\/12\\\/07\\\/dos-pesos-dos-medidas\\\/\",\"url\":\"https:\\\/\\\/elcanillita.info\\\/press\\\/2025\\\/12\\\/07\\\/dos-pesos-dos-medidas\\\/\",\"name\":\"Dos pesos, dos medidas - ElCanillita.Info\",\"isPartOf\":{\"@id\":\"https:\\\/\\\/elcanillita.info\\\/press\\\/#website\"},\"datePublished\":\"2025-12-07T22:44:49+00:00\",\"inLanguage\":\"es-AR\",\"potentialAction\":[{\"@type\":\"ReadAction\",\"target\":[\"https:\\\/\\\/elcanillita.info\\\/press\\\/2025\\\/12\\\/07\\\/dos-pesos-dos-medidas\\\/\"]}]},{\"@type\":\"WebSite\",\"@id\":\"https:\\\/\\\/elcanillita.info\\\/press\\\/#website\",\"url\":\"https:\\\/\\\/elcanillita.info\\\/press\\\/\",\"name\":\"ElCanillita.Info\",\"description\":\"desde los Apeninos a los Andes\",\"publisher\":{\"@id\":\"https:\\\/\\\/elcanillita.info\\\/press\\\/#organization\"},\"potentialAction\":[{\"@type\":\"SearchAction\",\"target\":{\"@type\":\"EntryPoint\",\"urlTemplate\":\"https:\\\/\\\/elcanillita.info\\\/press\\\/?s={search_term_string}\"},\"query-input\":{\"@type\":\"PropertyValueSpecification\",\"valueRequired\":true,\"valueName\":\"search_term_string\"}}],\"inLanguage\":\"es-AR\"},{\"@type\":\"Organization\",\"@id\":\"https:\\\/\\\/elcanillita.info\\\/press\\\/#organization\",\"name\":\"Guzzo Photos & Graphic Publications\",\"url\":\"https:\\\/\\\/elcanillita.info\\\/press\\\/\",\"logo\":{\"@type\":\"ImageObject\",\"inLanguage\":\"es-AR\",\"@id\":\"https:\\\/\\\/elcanillita.info\\\/press\\\/#\\\/schema\\\/logo\\\/image\\\/\",\"url\":\"https:\\\/\\\/elcanillita.info\\\/press\\\/images\\\/2020\\\/01\\\/cropped-cropped-cropped-elcanillitainfo.png\",\"contentUrl\":\"https:\\\/\\\/elcanillita.info\\\/press\\\/images\\\/2020\\\/01\\\/cropped-cropped-cropped-elcanillitainfo.png\",\"width\":460,\"height\":50,\"caption\":\"Guzzo Photos & Graphic Publications\"},\"image\":{\"@id\":\"https:\\\/\\\/elcanillita.info\\\/press\\\/#\\\/schema\\\/logo\\\/image\\\/\"},\"sameAs\":[\"https:\\\/\\\/ar-ar.facebook.com\\\/ElCanillitainfo-114249515285712\\\/\"]},{\"@type\":\"Person\",\"@id\":\"https:\\\/\\\/elcanillita.info\\\/press\\\/#\\\/schema\\\/person\\\/e37a550cff8f5f3407ed112e4cc619cb\",\"name\":\"ElCanillita.info Guzzo Photos &amp; Graphic Publications\",\"image\":{\"@type\":\"ImageObject\",\"inLanguage\":\"es-AR\",\"@id\":\"https:\\\/\\\/secure.gravatar.com\\\/avatar\\\/8914fbe0ef09248907e331ab93dfa89c7f76decf6b51cd1b2f8444e6260db772?s=96&d=mm&r=g\",\"url\":\"https:\\\/\\\/secure.gravatar.com\\\/avatar\\\/8914fbe0ef09248907e331ab93dfa89c7f76decf6b51cd1b2f8444e6260db772?s=96&d=mm&r=g\",\"contentUrl\":\"https:\\\/\\\/secure.gravatar.com\\\/avatar\\\/8914fbe0ef09248907e331ab93dfa89c7f76decf6b51cd1b2f8444e6260db772?s=96&d=mm&r=g\",\"caption\":\"ElCanillita.info Guzzo Photos &amp; Graphic Publications\"},\"sameAs\":[\"http:\\\/\\\/guzzophotos.com\"]}]}<\/script>\n<!-- \/ Yoast SEO plugin. -->","yoast_head_json":{"title":"Dos pesos, dos medidas - ElCanillita.Info","robots":{"index":"index","follow":"follow","max-snippet":"max-snippet:-1","max-image-preview":"max-image-preview:large","max-video-preview":"max-video-preview:-1"},"canonical":"https:\/\/elcanillita.info\/press\/2025\/12\/07\/dos-pesos-dos-medidas\/","og_locale":"es_ES","og_type":"article","og_title":"Dos pesos, dos medidas - ElCanillita.Info","og_description":"Un peaje que cae de $28.000 a $1.600 no es un ajuste: es una confesi\u00f3n. Y entre Santo Tom\u00e9 y S\u00e3o Borja, qued\u00f3 a la vista la eterna regla rioplatense: cuando alguien baja los precios, otro los estuvo subiendo sin verg\u00fcenza.","og_url":"https:\/\/elcanillita.info\/press\/2025\/12\/07\/dos-pesos-dos-medidas\/","og_site_name":"ElCanillita.Info","article_publisher":"https:\/\/ar-ar.facebook.com\/ElCanillitainfo-114249515285712\/","article_published_time":"2025-12-07T22:44:49+00:00","author":"ElCanillita.info Guzzo Photos &amp; Graphic Publications","twitter_card":"summary_large_image","twitter_misc":{"Escrito por":"ElCanillita.info Guzzo Photos &amp; Graphic Publications","Tiempo de lectura":"3 minutos"},"schema":{"@context":"https:\/\/schema.org","@graph":[{"@type":"Article","@id":"https:\/\/elcanillita.info\/press\/2025\/12\/07\/dos-pesos-dos-medidas\/#article","isPartOf":{"@id":"https:\/\/elcanillita.info\/press\/2025\/12\/07\/dos-pesos-dos-medidas\/"},"author":{"name":"ElCanillita.info Guzzo Photos &amp; Graphic Publications","@id":"https:\/\/elcanillita.info\/press\/#\/schema\/person\/e37a550cff8f5f3407ed112e4cc619cb"},"headline":"Dos pesos, dos medidas","datePublished":"2025-12-07T22:44:49+00:00","mainEntityOfPage":{"@id":"https:\/\/elcanillita.info\/press\/2025\/12\/07\/dos-pesos-dos-medidas\/"},"wordCount":552,"publisher":{"@id":"https:\/\/elcanillita.info\/press\/#organization"},"keywords":["Argentina"],"articleSection":[".",".","Actualidad","Am\u00e9rica del Sur","Argentina","Economia","Politica","Sociedad y valores","Transporte"],"inLanguage":"es-AR"},{"@type":"WebPage","@id":"https:\/\/elcanillita.info\/press\/2025\/12\/07\/dos-pesos-dos-medidas\/","url":"https:\/\/elcanillita.info\/press\/2025\/12\/07\/dos-pesos-dos-medidas\/","name":"Dos pesos, dos medidas - ElCanillita.Info","isPartOf":{"@id":"https:\/\/elcanillita.info\/press\/#website"},"datePublished":"2025-12-07T22:44:49+00:00","inLanguage":"es-AR","potentialAction":[{"@type":"ReadAction","target":["https:\/\/elcanillita.info\/press\/2025\/12\/07\/dos-pesos-dos-medidas\/"]}]},{"@type":"WebSite","@id":"https:\/\/elcanillita.info\/press\/#website","url":"https:\/\/elcanillita.info\/press\/","name":"ElCanillita.Info","description":"desde los Apeninos a los Andes","publisher":{"@id":"https:\/\/elcanillita.info\/press\/#organization"},"potentialAction":[{"@type":"SearchAction","target":{"@type":"EntryPoint","urlTemplate":"https:\/\/elcanillita.info\/press\/?s={search_term_string}"},"query-input":{"@type":"PropertyValueSpecification","valueRequired":true,"valueName":"search_term_string"}}],"inLanguage":"es-AR"},{"@type":"Organization","@id":"https:\/\/elcanillita.info\/press\/#organization","name":"Guzzo Photos & Graphic Publications","url":"https:\/\/elcanillita.info\/press\/","logo":{"@type":"ImageObject","inLanguage":"es-AR","@id":"https:\/\/elcanillita.info\/press\/#\/schema\/logo\/image\/","url":"https:\/\/elcanillita.info\/press\/images\/2020\/01\/cropped-cropped-cropped-elcanillitainfo.png","contentUrl":"https:\/\/elcanillita.info\/press\/images\/2020\/01\/cropped-cropped-cropped-elcanillitainfo.png","width":460,"height":50,"caption":"Guzzo Photos & Graphic Publications"},"image":{"@id":"https:\/\/elcanillita.info\/press\/#\/schema\/logo\/image\/"},"sameAs":["https:\/\/ar-ar.facebook.com\/ElCanillitainfo-114249515285712\/"]},{"@type":"Person","@id":"https:\/\/elcanillita.info\/press\/#\/schema\/person\/e37a550cff8f5f3407ed112e4cc619cb","name":"ElCanillita.info Guzzo Photos &amp; Graphic Publications","image":{"@type":"ImageObject","inLanguage":"es-AR","@id":"https:\/\/secure.gravatar.com\/avatar\/8914fbe0ef09248907e331ab93dfa89c7f76decf6b51cd1b2f8444e6260db772?s=96&d=mm&r=g","url":"https:\/\/secure.gravatar.com\/avatar\/8914fbe0ef09248907e331ab93dfa89c7f76decf6b51cd1b2f8444e6260db772?s=96&d=mm&r=g","contentUrl":"https:\/\/secure.gravatar.com\/avatar\/8914fbe0ef09248907e331ab93dfa89c7f76decf6b51cd1b2f8444e6260db772?s=96&d=mm&r=g","caption":"ElCanillita.info Guzzo Photos &amp; Graphic Publications"},"sameAs":["http:\/\/guzzophotos.com"]}]}},"views":83,"_links":{"self":[{"href":"https:\/\/elcanillita.info\/press\/wp-json\/wp\/v2\/posts\/5666","targetHints":{"allow":["GET"]}}],"collection":[{"href":"https:\/\/elcanillita.info\/press\/wp-json\/wp\/v2\/posts"}],"about":[{"href":"https:\/\/elcanillita.info\/press\/wp-json\/wp\/v2\/types\/post"}],"author":[{"embeddable":true,"href":"https:\/\/elcanillita.info\/press\/wp-json\/wp\/v2\/users\/14"}],"replies":[{"embeddable":true,"href":"https:\/\/elcanillita.info\/press\/wp-json\/wp\/v2\/comments?post=5666"}],"version-history":[{"count":0,"href":"https:\/\/elcanillita.info\/press\/wp-json\/wp\/v2\/posts\/5666\/revisions"}],"wp:attachment":[{"href":"https:\/\/elcanillita.info\/press\/wp-json\/wp\/v2\/media?parent=5666"}],"wp:term":[{"taxonomy":"category","embeddable":true,"href":"https:\/\/elcanillita.info\/press\/wp-json\/wp\/v2\/categories?post=5666"},{"taxonomy":"post_tag","embeddable":true,"href":"https:\/\/elcanillita.info\/press\/wp-json\/wp\/v2\/tags?post=5666"}],"curies":[{"name":"wp","href":"https:\/\/api.w.org\/{rel}","templated":true}]}}