{"id":5663,"date":"2025-12-06T13:07:54","date_gmt":"2025-12-06T16:07:54","guid":{"rendered":"https:\/\/elcanillita.info\/press\/?p=5663"},"modified":"2025-12-06T13:08:30","modified_gmt":"2025-12-06T16:08:30","slug":"un-show-de-leyendas-para-un-mundial-de-sobremesa","status":"publish","type":"post","link":"https:\/\/elcanillita.info\/press\/2025\/12\/06\/un-show-de-leyendas-para-un-mundial-de-sobremesa\/","title":{"rendered":"Un show de leyendas para un Mundial de sobremesa"},"content":{"rendered":"\n<figure class=\"wp-block-image size-full\"><img loading=\"lazy\" decoding=\"async\" width=\"530\" height=\"400\" src=\"https:\/\/elcanillita.info\/press\/images\/2025\/12\/sport_20251206.jpg\" alt=\"\" class=\"wp-image-5664\" srcset=\"https:\/\/elcanillita.info\/press\/images\/2025\/12\/sport_20251206.jpg 530w, https:\/\/elcanillita.info\/press\/images\/2025\/12\/sport_20251206-300x226.jpg 300w\" sizes=\"auto, (max-width: 530px) 100vw, 530px\" \/><\/figure>\n\n\n\n<p>La FIFA descubri\u00f3 la f\u00f3rmula m\u00e1gica: si un anuncio es aburrido, ll\u00e9nalo de estrellas retiradas. Este s\u00e1bado, mientras el mundo intenta recordar qu\u00e9 hora es en EST, Gianni Infantino presentar\u00e1 el calendario completo del Mundial 2026 acompa\u00f1ado de Ronaldo, Totti, Stoichkov y Lalas. Una alineaci\u00f3n digna de videojuego vintage para un torneo que promete ser todo, menos compacto.<\/p>\n\n\n\n<p>Porque si algo caracteriza a esta edici\u00f3n XXL es su ambici\u00f3n de r\u00e9cord. M\u00e1s equipos, m\u00e1s partidos, m\u00e1s sedes, m\u00e1s viajes y, por supuesto, m\u00e1s discursos de Infantino sobre \u201cunidad y legado\u201d. Lo curioso es que, para revelar simples horarios y estadios, el presidente decidi\u00f3 invocar un mini Sal\u00f3n de la Fama ambulante. Todo sea por la \u00e9pica del streaming.<\/p>\n\n\n\n<p>Ronaldo y Totti \u2014dos que levantaron el trofeo cuando el f\u00fatbol a\u00fan cab\u00eda en un almanaque de 64 partidos\u2014 se encargar\u00e1n de analizar lo que ya est\u00e1 sorteado. Un ejercicio de pundonor nost\u00e1lgico: la pelota rueda, pero el marketing corre m\u00e1s r\u00e1pido. A su lado, Stoichkov, el eterno rebelde b\u00falgaro, y Alexi Lalas, \u00edcono de la edici\u00f3n \u201994, aportar\u00e1n color, memoria y probablemente alguna an\u00e9cdota que la FIFA editar\u00e1 despu\u00e9s.<\/p>\n\n\n\n<p>La transmisi\u00f3n global ser\u00e1 conducida por Andr\u00e9s Cantor, en lo que promete ser un \u201c\u00a1gol!\u201d prolongado hacia la grilla final del torneo. La ceremonia llega como ap\u00e9ndice del sorteo de Washington, donde ya se confirmaron los doce grupos de cuatro y se celebr\u00f3 que el f\u00fatbol moderno ahora es un laberinto que ni Google Maps resuelve sin recalcular.<\/p>\n\n\n\n<p>En marzo llegar\u00e1 el calendario definitivo, cuando terminen las \u00faltimas eliminatorias y se conozcan los seis equipos rezagados que todav\u00eda luchan por un asiento en el avi\u00f3n. Pero la FIFA, experta en convertir tr\u00e1mites en festivales, decidi\u00f3 anticiparse y montar un show intercontinental con la excusa de los \u201cprimeros horarios oficiales\u201d.<\/p>\n\n\n\n<p>En tiempos donde el f\u00fatbol se debate entre tradici\u00f3n y negocio, lo \u00fanico claro es que Infantino entendi\u00f3 algo: si vas a vender un Mundial gigantesco, empieza vendiendo el trailer. Y si ese trailer trae a Ronaldo, Totti y compa\u00f1\u00eda, mejor a\u00fan. El calendario puede esperar; el espect\u00e1culo, jam\u00e1s.<\/p>\n\n\n\n<p>\u270d\ufe0f<small>\u00a92025 Pepe Offside &#8211; All Rights Reserved<\/small><br><br><small>\u00a9 2025 ElCanillita.info \/ SportJournal.pictures &#8211; All Rights Reserved &#8211; SalaStampa.eu, world press service &#8211; Guzzo Photos &amp; Graphic Publications \u2013 Registro Editori e Stampatori n. 1441 Turin, Italy<\/small><\/p>\n\n\n\n<p><\/p>\n","protected":false},"excerpt":{"rendered":"<p>La FIFA promete espect\u00e1culo, nostalgia y \u00e9pica global para anunciar algo tan b\u00e1sico como el calendario. Infantino convoca a Ronaldo, Totti, Stoichkov y Lalas para ponerle brillo a una agenda que ya viene inflada: 48 equipos, 104 partidos y un marketing m\u00e1s largo que un alargue sin gol de oro.<\/p>\n","protected":false},"author":1,"featured_media":5664,"comment_status":"closed","ping_status":"closed","sticky":false,"template":"","format":"standard","meta":{"footnotes":"","_links_to":"","_links_to_target":""},"categories":[108,121,70,9,137,26],"tags":[34],"class_list":["post-5663","post","type-post","status-publish","format-standard","has-post-thumbnail","hentry","category-blogdiario","category-dc24","category-actualidad","category-america-del-norte","category-sociedad-y-valores","category-sport","tag-estados-unidos","entry","double"],"yoast_head":"<!-- This site is optimized with the Yoast SEO plugin v27.4 - https:\/\/yoast.com\/product\/yoast-seo-wordpress\/ -->\n<title>Un show de leyendas para un Mundial de sobremesa - ElCanillita.Info<\/title>\n<meta name=\"robots\" content=\"index, follow, max-snippet:-1, max-image-preview:large, max-video-preview:-1\" \/>\n<link rel=\"canonical\" href=\"https:\/\/elcanillita.info\/press\/2025\/12\/06\/un-show-de-leyendas-para-un-mundial-de-sobremesa\/\" \/>\n<meta property=\"og:locale\" content=\"es_ES\" \/>\n<meta property=\"og:type\" content=\"article\" \/>\n<meta property=\"og:title\" content=\"Un show de leyendas para un Mundial de sobremesa - ElCanillita.Info\" \/>\n<meta property=\"og:description\" content=\"La FIFA promete espect\u00e1culo, nostalgia y \u00e9pica global para anunciar algo tan b\u00e1sico como el calendario. Infantino convoca a Ronaldo, Totti, Stoichkov y Lalas para ponerle brillo a una agenda que ya viene inflada: 48 equipos, 104 partidos y un marketing m\u00e1s largo que un alargue sin gol de oro.\" \/>\n<meta property=\"og:url\" content=\"https:\/\/elcanillita.info\/press\/2025\/12\/06\/un-show-de-leyendas-para-un-mundial-de-sobremesa\/\" \/>\n<meta property=\"og:site_name\" content=\"ElCanillita.Info\" \/>\n<meta property=\"article:publisher\" content=\"https:\/\/ar-ar.facebook.com\/ElCanillitainfo-114249515285712\/\" \/>\n<meta property=\"article:published_time\" content=\"2025-12-06T16:07:54+00:00\" \/>\n<meta property=\"article:modified_time\" content=\"2025-12-06T16:08:30+00:00\" \/>\n<meta property=\"og:image\" content=\"https:\/\/elcanillita.info\/press\/images\/2025\/12\/sport_20251206.jpg\" \/>\n\t<meta property=\"og:image:width\" content=\"530\" \/>\n\t<meta property=\"og:image:height\" content=\"400\" \/>\n\t<meta property=\"og:image:type\" content=\"image\/jpeg\" \/>\n<meta name=\"author\" content=\"SalaStampa.eu, world press service\" \/>\n<meta name=\"twitter:card\" content=\"summary_large_image\" \/>\n<meta name=\"twitter:label1\" content=\"Escrito por\" \/>\n\t<meta name=\"twitter:data1\" content=\"SalaStampa.eu, world press service\" \/>\n\t<meta name=\"twitter:label2\" content=\"Tiempo de lectura\" \/>\n\t<meta name=\"twitter:data2\" content=\"3 minutos\" \/>\n<script type=\"application\/ld+json\" class=\"yoast-schema-graph\">{\"@context\":\"https:\\\/\\\/schema.org\",\"@graph\":[{\"@type\":\"Article\",\"@id\":\"https:\\\/\\\/elcanillita.info\\\/press\\\/2025\\\/12\\\/06\\\/un-show-de-leyendas-para-un-mundial-de-sobremesa\\\/#article\",\"isPartOf\":{\"@id\":\"https:\\\/\\\/elcanillita.info\\\/press\\\/2025\\\/12\\\/06\\\/un-show-de-leyendas-para-un-mundial-de-sobremesa\\\/\"},\"author\":{\"name\":\"SalaStampa.eu, world press service\",\"@id\":\"https:\\\/\\\/elcanillita.info\\\/press\\\/#\\\/schema\\\/person\\\/7fcb79f38045700919f7da6d97e71ba0\"},\"headline\":\"Un show de leyendas para un Mundial de sobremesa\",\"datePublished\":\"2025-12-06T16:07:54+00:00\",\"dateModified\":\"2025-12-06T16:08:30+00:00\",\"mainEntityOfPage\":{\"@id\":\"https:\\\/\\\/elcanillita.info\\\/press\\\/2025\\\/12\\\/06\\\/un-show-de-leyendas-para-un-mundial-de-sobremesa\\\/\"},\"wordCount\":425,\"publisher\":{\"@id\":\"https:\\\/\\\/elcanillita.info\\\/press\\\/#organization\"},\"image\":{\"@id\":\"https:\\\/\\\/elcanillita.info\\\/press\\\/2025\\\/12\\\/06\\\/un-show-de-leyendas-para-un-mundial-de-sobremesa\\\/#primaryimage\"},\"thumbnailUrl\":\"https:\\\/\\\/elcanillita.info\\\/press\\\/images\\\/2025\\\/12\\\/sport_20251206.jpg\",\"keywords\":[\"Estados Unidos\"],\"articleSection\":[\".\",\".\",\"Actualidad\",\"Am\u00e9rica del Norte\",\"Sociedad y valores\",\"Sport\"],\"inLanguage\":\"es-AR\"},{\"@type\":\"WebPage\",\"@id\":\"https:\\\/\\\/elcanillita.info\\\/press\\\/2025\\\/12\\\/06\\\/un-show-de-leyendas-para-un-mundial-de-sobremesa\\\/\",\"url\":\"https:\\\/\\\/elcanillita.info\\\/press\\\/2025\\\/12\\\/06\\\/un-show-de-leyendas-para-un-mundial-de-sobremesa\\\/\",\"name\":\"Un show de leyendas para un Mundial de sobremesa - ElCanillita.Info\",\"isPartOf\":{\"@id\":\"https:\\\/\\\/elcanillita.info\\\/press\\\/#website\"},\"primaryImageOfPage\":{\"@id\":\"https:\\\/\\\/elcanillita.info\\\/press\\\/2025\\\/12\\\/06\\\/un-show-de-leyendas-para-un-mundial-de-sobremesa\\\/#primaryimage\"},\"image\":{\"@id\":\"https:\\\/\\\/elcanillita.info\\\/press\\\/2025\\\/12\\\/06\\\/un-show-de-leyendas-para-un-mundial-de-sobremesa\\\/#primaryimage\"},\"thumbnailUrl\":\"https:\\\/\\\/elcanillita.info\\\/press\\\/images\\\/2025\\\/12\\\/sport_20251206.jpg\",\"datePublished\":\"2025-12-06T16:07:54+00:00\",\"dateModified\":\"2025-12-06T16:08:30+00:00\",\"inLanguage\":\"es-AR\",\"potentialAction\":[{\"@type\":\"ReadAction\",\"target\":[\"https:\\\/\\\/elcanillita.info\\\/press\\\/2025\\\/12\\\/06\\\/un-show-de-leyendas-para-un-mundial-de-sobremesa\\\/\"]}]},{\"@type\":\"ImageObject\",\"inLanguage\":\"es-AR\",\"@id\":\"https:\\\/\\\/elcanillita.info\\\/press\\\/2025\\\/12\\\/06\\\/un-show-de-leyendas-para-un-mundial-de-sobremesa\\\/#primaryimage\",\"url\":\"https:\\\/\\\/elcanillita.info\\\/press\\\/images\\\/2025\\\/12\\\/sport_20251206.jpg\",\"contentUrl\":\"https:\\\/\\\/elcanillita.info\\\/press\\\/images\\\/2025\\\/12\\\/sport_20251206.jpg\",\"width\":530,\"height\":400},{\"@type\":\"WebSite\",\"@id\":\"https:\\\/\\\/elcanillita.info\\\/press\\\/#website\",\"url\":\"https:\\\/\\\/elcanillita.info\\\/press\\\/\",\"name\":\"ElCanillita.Info\",\"description\":\"desde los Apeninos a los Andes\",\"publisher\":{\"@id\":\"https:\\\/\\\/elcanillita.info\\\/press\\\/#organization\"},\"potentialAction\":[{\"@type\":\"SearchAction\",\"target\":{\"@type\":\"EntryPoint\",\"urlTemplate\":\"https:\\\/\\\/elcanillita.info\\\/press\\\/?s={search_term_string}\"},\"query-input\":{\"@type\":\"PropertyValueSpecification\",\"valueRequired\":true,\"valueName\":\"search_term_string\"}}],\"inLanguage\":\"es-AR\"},{\"@type\":\"Organization\",\"@id\":\"https:\\\/\\\/elcanillita.info\\\/press\\\/#organization\",\"name\":\"Guzzo Photos & Graphic Publications\",\"url\":\"https:\\\/\\\/elcanillita.info\\\/press\\\/\",\"logo\":{\"@type\":\"ImageObject\",\"inLanguage\":\"es-AR\",\"@id\":\"https:\\\/\\\/elcanillita.info\\\/press\\\/#\\\/schema\\\/logo\\\/image\\\/\",\"url\":\"https:\\\/\\\/elcanillita.info\\\/press\\\/images\\\/2020\\\/01\\\/cropped-cropped-cropped-elcanillitainfo.png\",\"contentUrl\":\"https:\\\/\\\/elcanillita.info\\\/press\\\/images\\\/2020\\\/01\\\/cropped-cropped-cropped-elcanillitainfo.png\",\"width\":460,\"height\":50,\"caption\":\"Guzzo Photos & Graphic Publications\"},\"image\":{\"@id\":\"https:\\\/\\\/elcanillita.info\\\/press\\\/#\\\/schema\\\/logo\\\/image\\\/\"},\"sameAs\":[\"https:\\\/\\\/ar-ar.facebook.com\\\/ElCanillitainfo-114249515285712\\\/\"]},{\"@type\":\"Person\",\"@id\":\"https:\\\/\\\/elcanillita.info\\\/press\\\/#\\\/schema\\\/person\\\/7fcb79f38045700919f7da6d97e71ba0\",\"name\":\"SalaStampa.eu, world press service\",\"image\":{\"@type\":\"ImageObject\",\"inLanguage\":\"es-AR\",\"@id\":\"https:\\\/\\\/secure.gravatar.com\\\/avatar\\\/c2f0e0d515a107624234994507816ca4724c7199cef73fc8bedebf6931d73888?s=96&d=mm&r=g\",\"url\":\"https:\\\/\\\/secure.gravatar.com\\\/avatar\\\/c2f0e0d515a107624234994507816ca4724c7199cef73fc8bedebf6931d73888?s=96&d=mm&r=g\",\"contentUrl\":\"https:\\\/\\\/secure.gravatar.com\\\/avatar\\\/c2f0e0d515a107624234994507816ca4724c7199cef73fc8bedebf6931d73888?s=96&d=mm&r=g\",\"caption\":\"SalaStampa.eu, world press service\"}}]}<\/script>\n<!-- \/ Yoast SEO plugin. -->","yoast_head_json":{"title":"Un show de leyendas para un Mundial de sobremesa - ElCanillita.Info","robots":{"index":"index","follow":"follow","max-snippet":"max-snippet:-1","max-image-preview":"max-image-preview:large","max-video-preview":"max-video-preview:-1"},"canonical":"https:\/\/elcanillita.info\/press\/2025\/12\/06\/un-show-de-leyendas-para-un-mundial-de-sobremesa\/","og_locale":"es_ES","og_type":"article","og_title":"Un show de leyendas para un Mundial de sobremesa - ElCanillita.Info","og_description":"La FIFA promete espect\u00e1culo, nostalgia y \u00e9pica global para anunciar algo tan b\u00e1sico como el calendario. Infantino convoca a Ronaldo, Totti, Stoichkov y Lalas para ponerle brillo a una agenda que ya viene inflada: 48 equipos, 104 partidos y un marketing m\u00e1s largo que un alargue sin gol de oro.","og_url":"https:\/\/elcanillita.info\/press\/2025\/12\/06\/un-show-de-leyendas-para-un-mundial-de-sobremesa\/","og_site_name":"ElCanillita.Info","article_publisher":"https:\/\/ar-ar.facebook.com\/ElCanillitainfo-114249515285712\/","article_published_time":"2025-12-06T16:07:54+00:00","article_modified_time":"2025-12-06T16:08:30+00:00","og_image":[{"width":530,"height":400,"url":"https:\/\/elcanillita.info\/press\/images\/2025\/12\/sport_20251206.jpg","type":"image\/jpeg"}],"author":"SalaStampa.eu, world press service","twitter_card":"summary_large_image","twitter_misc":{"Escrito por":"SalaStampa.eu, world press service","Tiempo de lectura":"3 minutos"},"schema":{"@context":"https:\/\/schema.org","@graph":[{"@type":"Article","@id":"https:\/\/elcanillita.info\/press\/2025\/12\/06\/un-show-de-leyendas-para-un-mundial-de-sobremesa\/#article","isPartOf":{"@id":"https:\/\/elcanillita.info\/press\/2025\/12\/06\/un-show-de-leyendas-para-un-mundial-de-sobremesa\/"},"author":{"name":"SalaStampa.eu, world press service","@id":"https:\/\/elcanillita.info\/press\/#\/schema\/person\/7fcb79f38045700919f7da6d97e71ba0"},"headline":"Un show de leyendas para un Mundial de sobremesa","datePublished":"2025-12-06T16:07:54+00:00","dateModified":"2025-12-06T16:08:30+00:00","mainEntityOfPage":{"@id":"https:\/\/elcanillita.info\/press\/2025\/12\/06\/un-show-de-leyendas-para-un-mundial-de-sobremesa\/"},"wordCount":425,"publisher":{"@id":"https:\/\/elcanillita.info\/press\/#organization"},"image":{"@id":"https:\/\/elcanillita.info\/press\/2025\/12\/06\/un-show-de-leyendas-para-un-mundial-de-sobremesa\/#primaryimage"},"thumbnailUrl":"https:\/\/elcanillita.info\/press\/images\/2025\/12\/sport_20251206.jpg","keywords":["Estados Unidos"],"articleSection":[".",".","Actualidad","Am\u00e9rica del Norte","Sociedad y valores","Sport"],"inLanguage":"es-AR"},{"@type":"WebPage","@id":"https:\/\/elcanillita.info\/press\/2025\/12\/06\/un-show-de-leyendas-para-un-mundial-de-sobremesa\/","url":"https:\/\/elcanillita.info\/press\/2025\/12\/06\/un-show-de-leyendas-para-un-mundial-de-sobremesa\/","name":"Un show de leyendas para un Mundial de sobremesa - ElCanillita.Info","isPartOf":{"@id":"https:\/\/elcanillita.info\/press\/#website"},"primaryImageOfPage":{"@id":"https:\/\/elcanillita.info\/press\/2025\/12\/06\/un-show-de-leyendas-para-un-mundial-de-sobremesa\/#primaryimage"},"image":{"@id":"https:\/\/elcanillita.info\/press\/2025\/12\/06\/un-show-de-leyendas-para-un-mundial-de-sobremesa\/#primaryimage"},"thumbnailUrl":"https:\/\/elcanillita.info\/press\/images\/2025\/12\/sport_20251206.jpg","datePublished":"2025-12-06T16:07:54+00:00","dateModified":"2025-12-06T16:08:30+00:00","inLanguage":"es-AR","potentialAction":[{"@type":"ReadAction","target":["https:\/\/elcanillita.info\/press\/2025\/12\/06\/un-show-de-leyendas-para-un-mundial-de-sobremesa\/"]}]},{"@type":"ImageObject","inLanguage":"es-AR","@id":"https:\/\/elcanillita.info\/press\/2025\/12\/06\/un-show-de-leyendas-para-un-mundial-de-sobremesa\/#primaryimage","url":"https:\/\/elcanillita.info\/press\/images\/2025\/12\/sport_20251206.jpg","contentUrl":"https:\/\/elcanillita.info\/press\/images\/2025\/12\/sport_20251206.jpg","width":530,"height":400},{"@type":"WebSite","@id":"https:\/\/elcanillita.info\/press\/#website","url":"https:\/\/elcanillita.info\/press\/","name":"ElCanillita.Info","description":"desde los Apeninos a los Andes","publisher":{"@id":"https:\/\/elcanillita.info\/press\/#organization"},"potentialAction":[{"@type":"SearchAction","target":{"@type":"EntryPoint","urlTemplate":"https:\/\/elcanillita.info\/press\/?s={search_term_string}"},"query-input":{"@type":"PropertyValueSpecification","valueRequired":true,"valueName":"search_term_string"}}],"inLanguage":"es-AR"},{"@type":"Organization","@id":"https:\/\/elcanillita.info\/press\/#organization","name":"Guzzo Photos & Graphic Publications","url":"https:\/\/elcanillita.info\/press\/","logo":{"@type":"ImageObject","inLanguage":"es-AR","@id":"https:\/\/elcanillita.info\/press\/#\/schema\/logo\/image\/","url":"https:\/\/elcanillita.info\/press\/images\/2020\/01\/cropped-cropped-cropped-elcanillitainfo.png","contentUrl":"https:\/\/elcanillita.info\/press\/images\/2020\/01\/cropped-cropped-cropped-elcanillitainfo.png","width":460,"height":50,"caption":"Guzzo Photos & Graphic Publications"},"image":{"@id":"https:\/\/elcanillita.info\/press\/#\/schema\/logo\/image\/"},"sameAs":["https:\/\/ar-ar.facebook.com\/ElCanillitainfo-114249515285712\/"]},{"@type":"Person","@id":"https:\/\/elcanillita.info\/press\/#\/schema\/person\/7fcb79f38045700919f7da6d97e71ba0","name":"SalaStampa.eu, world press service","image":{"@type":"ImageObject","inLanguage":"es-AR","@id":"https:\/\/secure.gravatar.com\/avatar\/c2f0e0d515a107624234994507816ca4724c7199cef73fc8bedebf6931d73888?s=96&d=mm&r=g","url":"https:\/\/secure.gravatar.com\/avatar\/c2f0e0d515a107624234994507816ca4724c7199cef73fc8bedebf6931d73888?s=96&d=mm&r=g","contentUrl":"https:\/\/secure.gravatar.com\/avatar\/c2f0e0d515a107624234994507816ca4724c7199cef73fc8bedebf6931d73888?s=96&d=mm&r=g","caption":"SalaStampa.eu, world press service"}}]}},"views":135,"_links":{"self":[{"href":"https:\/\/elcanillita.info\/press\/wp-json\/wp\/v2\/posts\/5663","targetHints":{"allow":["GET"]}}],"collection":[{"href":"https:\/\/elcanillita.info\/press\/wp-json\/wp\/v2\/posts"}],"about":[{"href":"https:\/\/elcanillita.info\/press\/wp-json\/wp\/v2\/types\/post"}],"author":[{"embeddable":true,"href":"https:\/\/elcanillita.info\/press\/wp-json\/wp\/v2\/users\/1"}],"replies":[{"embeddable":true,"href":"https:\/\/elcanillita.info\/press\/wp-json\/wp\/v2\/comments?post=5663"}],"version-history":[{"count":0,"href":"https:\/\/elcanillita.info\/press\/wp-json\/wp\/v2\/posts\/5663\/revisions"}],"wp:featuredmedia":[{"embeddable":true,"href":"https:\/\/elcanillita.info\/press\/wp-json\/wp\/v2\/media\/5664"}],"wp:attachment":[{"href":"https:\/\/elcanillita.info\/press\/wp-json\/wp\/v2\/media?parent=5663"}],"wp:term":[{"taxonomy":"category","embeddable":true,"href":"https:\/\/elcanillita.info\/press\/wp-json\/wp\/v2\/categories?post=5663"},{"taxonomy":"post_tag","embeddable":true,"href":"https:\/\/elcanillita.info\/press\/wp-json\/wp\/v2\/tags?post=5663"}],"curies":[{"name":"wp","href":"https:\/\/api.w.org\/{rel}","templated":true}]}}