{"id":5661,"date":"2025-12-03T00:10:06","date_gmt":"2025-12-03T03:10:06","guid":{"rendered":"https:\/\/elcanillita.info\/press\/?p=5661"},"modified":"2025-12-03T00:13:21","modified_gmt":"2025-12-03T03:13:21","slug":"el-impuesto-que-huele-mal","status":"publish","type":"post","link":"https:\/\/elcanillita.info\/press\/2025\/12\/03\/el-impuesto-que-huele-mal\/","title":{"rendered":"El impuesto que huele mal"},"content":{"rendered":"\n<p class=\"p1\">Argentina vuelve a su tradici\u00f3n m\u00e1s firme: disfrazar de preocupaci\u00f3n ambiental lo que en realidad es pura necesidad de recaudar. La \u201cTasa Ambiental sobre el Metano\u201d \u2014que en el campo ya rebautizaron con precisi\u00f3n qu\u00edmica\u2014 irrumpe como la propuesta m\u00e1s pintoresca del cierre legislativo bonaerense.<\/p>\n\n\n\n<p class=\"p1\">La diputada Luc\u00eda Klug, a d\u00edas de dejar su banca, decidi\u00f3 dejar su legado: convertir cada eructo bovino en una oportunidad fiscal. El proyecto promete cobrarle a la ganader\u00eda su aporte al cambio clim\u00e1tico, pero el destino del dinero recaudado es, curiosamente, un fondo para residuos urbanos. Traducido: la vaca paga por la basura de la ciudad. Ecolog\u00eda federal estilo argentino.<\/p>\n\n\n\n<p class=\"p1\">El campo reaccion\u00f3 de inmediato. Productores y c\u00e1maras del sector no sab\u00edan si tomarse la iniciativa con seriedad o con anti\u00e1cidos. Se\u00f1alan que el texto tiene errores biol\u00f3gicos, m\u00e9tricas clim\u00e1ticas desactualizadas y un entusiasmo recaudatorio que roza lo experimental. Un impuesto sin base t\u00e9cnica, pero con una base pol\u00edtica m\u00e1s que evidente.<\/p>\n\n\n\n<p class=\"p1\">Entre tanta espuma, la voz m\u00e1s clara fue la del investigador Ernesto Viglizzo, referente de primer nivel. Con calma desarm\u00f3 la iniciativa en tres puntos: falencia biol\u00f3gica, inconsistencia fiscal y un sesgo pol\u00edtico que disfraza ambientalismo con necesidad de caja. El debate \u2014dice\u2014 se simplific\u00f3 hasta niveles que deforman el fen\u00f3meno que se pretende regular.<\/p>\n\n\n\n<p class=\"p1\">El problema no es el metano: es la caricatura del metano. Se toma un proceso natural del ciclo biog\u00e9nico, se lo mide con par\u00e1metros viejos y se pretende transformarlo en un pecado impositivo. Como si una vaca fuera un motor di\u00e9sel con pezu\u00f1as y la pampa un estacionamiento sin medidor.<\/p>\n\n\n\n<p class=\"p1\">Pero cuando un impuesto entra a escena, nunca se retira. La tentaci\u00f3n de convertir gases en pesos seduce a cualquier gobierno con agujeros fiscales. M\u00e1s en Buenos Aires, donde cada problema ecol\u00f3gico encuentra siempre la misma soluci\u00f3n: un nuevo timbreo tributario.<\/p>\n\n\n\n<p class=\"p1\">Mientras tanto, el agro hace n\u00fameros. Si esto avanza, no solo habr\u00e1 que contratar contadores: tambi\u00e9n veterinarios especializados en declaraciones juradas de fermentaci\u00f3n ruminal. La Argentina, laboratorio del surrealismo fiscal, suma as\u00ed otro experimento inolvidable.<\/p>\n\n\n\n<p class=\"p1\">Y as\u00ed seguimos: livianos de ideas, pesados de impuestos. No ser\u00e1 sustentable, pero es indiscutiblemente argentino.<\/p>\n\n\n\n<p><\/p>\n\n\n\n<p>\u270d\ufe0f \u00a9\ufe0f 2025 &nbsp; El Cu\u00f1ado Nacional &#8211;&nbsp; All Rights Reserved<\/p>\n\n\n\n<p><\/p>\n\n\n<hr style=\"\n    border: none;\n    height: 1px;\n    background: linear-gradient(to right, transparent, #ccc, transparent);\n    margin: 0;\n\" \/>\n<\/p>\n<p><small>\u00a9\ufe0f2025  Guzzo Photos  &#038; Graphic Publications \u2013 All Rights Reserved \u2013 Copyright \u00a9\ufe0f 2025 SalaStampa.eu, world press service \u2013 Guzzo Photos &#038; Graphic Publications \u2013 Registro Editori e Stampatori n. 1441 Turin, Italy<\/small><\/p>\n\n\n<p><\/p>\n","protected":false},"excerpt":{"rendered":"<p>En la Argentina, cuando faltan ideas, aparece siempre un tributo milagroso. Esta vez, el metano es la nueva excusa para llenar la caja.<\/p>\n","protected":false},"author":14,"featured_media":0,"comment_status":"closed","ping_status":"","sticky":false,"template":"","format":"standard","meta":{"footnotes":"","_links_to":"","_links_to_target":""},"categories":[108,121,70,11,123,20,23,25],"tags":[29],"class_list":["post-5661","post","type-post","status-publish","format-standard","hentry","category-blogdiario","category-dc24","category-actualidad","category-america-del-sur","category-argentina","category-economia","category-politica","category-sociedad","tag-argentina","entry","double"],"yoast_head":"<!-- This site is optimized with the Yoast SEO plugin v27.4 - https:\/\/yoast.com\/product\/yoast-seo-wordpress\/ -->\n<title>El impuesto que huele mal - ElCanillita.Info<\/title>\n<meta name=\"robots\" content=\"index, follow, max-snippet:-1, max-image-preview:large, max-video-preview:-1\" \/>\n<link rel=\"canonical\" href=\"https:\/\/elcanillita.info\/press\/2025\/12\/03\/el-impuesto-que-huele-mal\/\" \/>\n<meta property=\"og:locale\" content=\"es_ES\" \/>\n<meta property=\"og:type\" content=\"article\" \/>\n<meta property=\"og:title\" content=\"El impuesto que huele mal - ElCanillita.Info\" \/>\n<meta property=\"og:description\" content=\"En la Argentina, cuando faltan ideas, aparece siempre un tributo milagroso. Esta vez, el metano es la nueva excusa para llenar la caja.\" \/>\n<meta property=\"og:url\" content=\"https:\/\/elcanillita.info\/press\/2025\/12\/03\/el-impuesto-que-huele-mal\/\" \/>\n<meta property=\"og:site_name\" content=\"ElCanillita.Info\" \/>\n<meta property=\"article:publisher\" content=\"https:\/\/ar-ar.facebook.com\/ElCanillitainfo-114249515285712\/\" \/>\n<meta property=\"article:published_time\" content=\"2025-12-03T03:10:06+00:00\" \/>\n<meta property=\"article:modified_time\" content=\"2025-12-03T03:13:21+00:00\" \/>\n<meta name=\"author\" content=\"ElCanillita.info Guzzo Photos &amp; Graphic Publications\" \/>\n<meta name=\"twitter:card\" content=\"summary_large_image\" \/>\n<meta name=\"twitter:label1\" content=\"Escrito por\" \/>\n\t<meta name=\"twitter:data1\" content=\"ElCanillita.info Guzzo Photos &amp; Graphic Publications\" \/>\n\t<meta name=\"twitter:label2\" content=\"Tiempo de lectura\" \/>\n\t<meta name=\"twitter:data2\" content=\"2 minutos\" \/>\n<script type=\"application\/ld+json\" class=\"yoast-schema-graph\">{\"@context\":\"https:\\\/\\\/schema.org\",\"@graph\":[{\"@type\":\"Article\",\"@id\":\"https:\\\/\\\/elcanillita.info\\\/press\\\/2025\\\/12\\\/03\\\/el-impuesto-que-huele-mal\\\/#article\",\"isPartOf\":{\"@id\":\"https:\\\/\\\/elcanillita.info\\\/press\\\/2025\\\/12\\\/03\\\/el-impuesto-que-huele-mal\\\/\"},\"author\":{\"name\":\"ElCanillita.info Guzzo Photos &amp; Graphic Publications\",\"@id\":\"https:\\\/\\\/elcanillita.info\\\/press\\\/#\\\/schema\\\/person\\\/e37a550cff8f5f3407ed112e4cc619cb\"},\"headline\":\"El impuesto que huele mal\",\"datePublished\":\"2025-12-03T03:10:06+00:00\",\"dateModified\":\"2025-12-03T03:13:21+00:00\",\"mainEntityOfPage\":{\"@id\":\"https:\\\/\\\/elcanillita.info\\\/press\\\/2025\\\/12\\\/03\\\/el-impuesto-que-huele-mal\\\/\"},\"wordCount\":430,\"publisher\":{\"@id\":\"https:\\\/\\\/elcanillita.info\\\/press\\\/#organization\"},\"keywords\":[\"Argentina\"],\"articleSection\":[\".\",\".\",\"Actualidad\",\"Am\u00e9rica del Sur\",\"Argentina\",\"Economia\",\"Politica\",\"Sociedad\"],\"inLanguage\":\"es-AR\"},{\"@type\":\"WebPage\",\"@id\":\"https:\\\/\\\/elcanillita.info\\\/press\\\/2025\\\/12\\\/03\\\/el-impuesto-que-huele-mal\\\/\",\"url\":\"https:\\\/\\\/elcanillita.info\\\/press\\\/2025\\\/12\\\/03\\\/el-impuesto-que-huele-mal\\\/\",\"name\":\"El impuesto que huele mal - ElCanillita.Info\",\"isPartOf\":{\"@id\":\"https:\\\/\\\/elcanillita.info\\\/press\\\/#website\"},\"datePublished\":\"2025-12-03T03:10:06+00:00\",\"dateModified\":\"2025-12-03T03:13:21+00:00\",\"inLanguage\":\"es-AR\",\"potentialAction\":[{\"@type\":\"ReadAction\",\"target\":[\"https:\\\/\\\/elcanillita.info\\\/press\\\/2025\\\/12\\\/03\\\/el-impuesto-que-huele-mal\\\/\"]}]},{\"@type\":\"WebSite\",\"@id\":\"https:\\\/\\\/elcanillita.info\\\/press\\\/#website\",\"url\":\"https:\\\/\\\/elcanillita.info\\\/press\\\/\",\"name\":\"ElCanillita.Info\",\"description\":\"desde los Apeninos a los Andes\",\"publisher\":{\"@id\":\"https:\\\/\\\/elcanillita.info\\\/press\\\/#organization\"},\"potentialAction\":[{\"@type\":\"SearchAction\",\"target\":{\"@type\":\"EntryPoint\",\"urlTemplate\":\"https:\\\/\\\/elcanillita.info\\\/press\\\/?s={search_term_string}\"},\"query-input\":{\"@type\":\"PropertyValueSpecification\",\"valueRequired\":true,\"valueName\":\"search_term_string\"}}],\"inLanguage\":\"es-AR\"},{\"@type\":\"Organization\",\"@id\":\"https:\\\/\\\/elcanillita.info\\\/press\\\/#organization\",\"name\":\"Guzzo Photos & Graphic Publications\",\"url\":\"https:\\\/\\\/elcanillita.info\\\/press\\\/\",\"logo\":{\"@type\":\"ImageObject\",\"inLanguage\":\"es-AR\",\"@id\":\"https:\\\/\\\/elcanillita.info\\\/press\\\/#\\\/schema\\\/logo\\\/image\\\/\",\"url\":\"https:\\\/\\\/elcanillita.info\\\/press\\\/images\\\/2020\\\/01\\\/cropped-cropped-cropped-elcanillitainfo.png\",\"contentUrl\":\"https:\\\/\\\/elcanillita.info\\\/press\\\/images\\\/2020\\\/01\\\/cropped-cropped-cropped-elcanillitainfo.png\",\"width\":460,\"height\":50,\"caption\":\"Guzzo Photos & Graphic Publications\"},\"image\":{\"@id\":\"https:\\\/\\\/elcanillita.info\\\/press\\\/#\\\/schema\\\/logo\\\/image\\\/\"},\"sameAs\":[\"https:\\\/\\\/ar-ar.facebook.com\\\/ElCanillitainfo-114249515285712\\\/\"]},{\"@type\":\"Person\",\"@id\":\"https:\\\/\\\/elcanillita.info\\\/press\\\/#\\\/schema\\\/person\\\/e37a550cff8f5f3407ed112e4cc619cb\",\"name\":\"ElCanillita.info Guzzo Photos &amp; Graphic Publications\",\"image\":{\"@type\":\"ImageObject\",\"inLanguage\":\"es-AR\",\"@id\":\"https:\\\/\\\/secure.gravatar.com\\\/avatar\\\/8914fbe0ef09248907e331ab93dfa89c7f76decf6b51cd1b2f8444e6260db772?s=96&d=mm&r=g\",\"url\":\"https:\\\/\\\/secure.gravatar.com\\\/avatar\\\/8914fbe0ef09248907e331ab93dfa89c7f76decf6b51cd1b2f8444e6260db772?s=96&d=mm&r=g\",\"contentUrl\":\"https:\\\/\\\/secure.gravatar.com\\\/avatar\\\/8914fbe0ef09248907e331ab93dfa89c7f76decf6b51cd1b2f8444e6260db772?s=96&d=mm&r=g\",\"caption\":\"ElCanillita.info Guzzo Photos &amp; Graphic Publications\"},\"sameAs\":[\"http:\\\/\\\/guzzophotos.com\"]}]}<\/script>\n<!-- \/ Yoast SEO plugin. -->","yoast_head_json":{"title":"El impuesto que huele mal - ElCanillita.Info","robots":{"index":"index","follow":"follow","max-snippet":"max-snippet:-1","max-image-preview":"max-image-preview:large","max-video-preview":"max-video-preview:-1"},"canonical":"https:\/\/elcanillita.info\/press\/2025\/12\/03\/el-impuesto-que-huele-mal\/","og_locale":"es_ES","og_type":"article","og_title":"El impuesto que huele mal - ElCanillita.Info","og_description":"En la Argentina, cuando faltan ideas, aparece siempre un tributo milagroso. Esta vez, el metano es la nueva excusa para llenar la caja.","og_url":"https:\/\/elcanillita.info\/press\/2025\/12\/03\/el-impuesto-que-huele-mal\/","og_site_name":"ElCanillita.Info","article_publisher":"https:\/\/ar-ar.facebook.com\/ElCanillitainfo-114249515285712\/","article_published_time":"2025-12-03T03:10:06+00:00","article_modified_time":"2025-12-03T03:13:21+00:00","author":"ElCanillita.info Guzzo Photos &amp; Graphic Publications","twitter_card":"summary_large_image","twitter_misc":{"Escrito por":"ElCanillita.info Guzzo Photos &amp; Graphic Publications","Tiempo de lectura":"2 minutos"},"schema":{"@context":"https:\/\/schema.org","@graph":[{"@type":"Article","@id":"https:\/\/elcanillita.info\/press\/2025\/12\/03\/el-impuesto-que-huele-mal\/#article","isPartOf":{"@id":"https:\/\/elcanillita.info\/press\/2025\/12\/03\/el-impuesto-que-huele-mal\/"},"author":{"name":"ElCanillita.info Guzzo Photos &amp; Graphic Publications","@id":"https:\/\/elcanillita.info\/press\/#\/schema\/person\/e37a550cff8f5f3407ed112e4cc619cb"},"headline":"El impuesto que huele mal","datePublished":"2025-12-03T03:10:06+00:00","dateModified":"2025-12-03T03:13:21+00:00","mainEntityOfPage":{"@id":"https:\/\/elcanillita.info\/press\/2025\/12\/03\/el-impuesto-que-huele-mal\/"},"wordCount":430,"publisher":{"@id":"https:\/\/elcanillita.info\/press\/#organization"},"keywords":["Argentina"],"articleSection":[".",".","Actualidad","Am\u00e9rica del Sur","Argentina","Economia","Politica","Sociedad"],"inLanguage":"es-AR"},{"@type":"WebPage","@id":"https:\/\/elcanillita.info\/press\/2025\/12\/03\/el-impuesto-que-huele-mal\/","url":"https:\/\/elcanillita.info\/press\/2025\/12\/03\/el-impuesto-que-huele-mal\/","name":"El impuesto que huele mal - ElCanillita.Info","isPartOf":{"@id":"https:\/\/elcanillita.info\/press\/#website"},"datePublished":"2025-12-03T03:10:06+00:00","dateModified":"2025-12-03T03:13:21+00:00","inLanguage":"es-AR","potentialAction":[{"@type":"ReadAction","target":["https:\/\/elcanillita.info\/press\/2025\/12\/03\/el-impuesto-que-huele-mal\/"]}]},{"@type":"WebSite","@id":"https:\/\/elcanillita.info\/press\/#website","url":"https:\/\/elcanillita.info\/press\/","name":"ElCanillita.Info","description":"desde los Apeninos a los Andes","publisher":{"@id":"https:\/\/elcanillita.info\/press\/#organization"},"potentialAction":[{"@type":"SearchAction","target":{"@type":"EntryPoint","urlTemplate":"https:\/\/elcanillita.info\/press\/?s={search_term_string}"},"query-input":{"@type":"PropertyValueSpecification","valueRequired":true,"valueName":"search_term_string"}}],"inLanguage":"es-AR"},{"@type":"Organization","@id":"https:\/\/elcanillita.info\/press\/#organization","name":"Guzzo Photos & Graphic Publications","url":"https:\/\/elcanillita.info\/press\/","logo":{"@type":"ImageObject","inLanguage":"es-AR","@id":"https:\/\/elcanillita.info\/press\/#\/schema\/logo\/image\/","url":"https:\/\/elcanillita.info\/press\/images\/2020\/01\/cropped-cropped-cropped-elcanillitainfo.png","contentUrl":"https:\/\/elcanillita.info\/press\/images\/2020\/01\/cropped-cropped-cropped-elcanillitainfo.png","width":460,"height":50,"caption":"Guzzo Photos & Graphic Publications"},"image":{"@id":"https:\/\/elcanillita.info\/press\/#\/schema\/logo\/image\/"},"sameAs":["https:\/\/ar-ar.facebook.com\/ElCanillitainfo-114249515285712\/"]},{"@type":"Person","@id":"https:\/\/elcanillita.info\/press\/#\/schema\/person\/e37a550cff8f5f3407ed112e4cc619cb","name":"ElCanillita.info Guzzo Photos &amp; Graphic Publications","image":{"@type":"ImageObject","inLanguage":"es-AR","@id":"https:\/\/secure.gravatar.com\/avatar\/8914fbe0ef09248907e331ab93dfa89c7f76decf6b51cd1b2f8444e6260db772?s=96&d=mm&r=g","url":"https:\/\/secure.gravatar.com\/avatar\/8914fbe0ef09248907e331ab93dfa89c7f76decf6b51cd1b2f8444e6260db772?s=96&d=mm&r=g","contentUrl":"https:\/\/secure.gravatar.com\/avatar\/8914fbe0ef09248907e331ab93dfa89c7f76decf6b51cd1b2f8444e6260db772?s=96&d=mm&r=g","caption":"ElCanillita.info Guzzo Photos &amp; Graphic Publications"},"sameAs":["http:\/\/guzzophotos.com"]}]}},"views":131,"_links":{"self":[{"href":"https:\/\/elcanillita.info\/press\/wp-json\/wp\/v2\/posts\/5661","targetHints":{"allow":["GET"]}}],"collection":[{"href":"https:\/\/elcanillita.info\/press\/wp-json\/wp\/v2\/posts"}],"about":[{"href":"https:\/\/elcanillita.info\/press\/wp-json\/wp\/v2\/types\/post"}],"author":[{"embeddable":true,"href":"https:\/\/elcanillita.info\/press\/wp-json\/wp\/v2\/users\/14"}],"replies":[{"embeddable":true,"href":"https:\/\/elcanillita.info\/press\/wp-json\/wp\/v2\/comments?post=5661"}],"version-history":[{"count":0,"href":"https:\/\/elcanillita.info\/press\/wp-json\/wp\/v2\/posts\/5661\/revisions"}],"wp:attachment":[{"href":"https:\/\/elcanillita.info\/press\/wp-json\/wp\/v2\/media?parent=5661"}],"wp:term":[{"taxonomy":"category","embeddable":true,"href":"https:\/\/elcanillita.info\/press\/wp-json\/wp\/v2\/categories?post=5661"},{"taxonomy":"post_tag","embeddable":true,"href":"https:\/\/elcanillita.info\/press\/wp-json\/wp\/v2\/tags?post=5661"}],"curies":[{"name":"wp","href":"https:\/\/api.w.org\/{rel}","templated":true}]}}