{"id":5660,"date":"2025-12-02T03:37:08","date_gmt":"2025-12-02T06:37:08","guid":{"rendered":"https:\/\/elcanillita.info\/press\/?p=5660"},"modified":"2025-12-02T03:55:24","modified_gmt":"2025-12-02T06:55:24","slug":"en-argentina-la-madre-de-la-improvisacion-esta-siempre-encinta","status":"publish","type":"post","link":"https:\/\/elcanillita.info\/press\/2025\/12\/02\/en-argentina-la-madre-de-la-improvisacion-esta-siempre-encinta\/","title":{"rendered":"En Argentina, la madre de la improvisaci\u00f3n est\u00e1 siempre encinta"},"content":{"rendered":"\n<p class=\"p1\">Buenos Aires <\/p>\n\n\n\n<p class=\"p1\">Patricia Bullrich dej\u00f3 el Ministerio de Seguridad con una carta prolija, un agradecimiento solemne y un mensaje en redes que son\u00f3 m\u00e1s a ceremonia militar que a renuncia pol\u00edtica. El Gobierno lo celebr\u00f3 como un \u201cpaso natural\u201d, cuando en realidad fue otra sacudida m\u00e1s en un tablero donde nadie tiene claro qui\u00e9n ocupa qu\u00e9 silla ni por cu\u00e1nto tiempo.<\/p>\n\n\n\n<p class=\"p1\">La exministra enfatiz\u00f3 el \u201corden recuperado\u201d y la \u201cdoctrina aplicada\u201d, como si el pa\u00eds hubiera atravesado un renacimiento institucional durante su gesti\u00f3n. En verdad, su a\u00f1o al frente de Seguridad fue una mezcla de protocolos de hierro, declaraciones de western y un uso del poder que gener\u00f3 m\u00e1s tensi\u00f3n que claridad. Pero en la carta no hubo espacio para dudas ni balances inc\u00f3modos: solo \u00e9pica y despedida.<\/p>\n\n\n\n<p class=\"p1\">Su renuncia, fijada para el 1\u00b0 de diciembre, abri\u00f3 otro agujero en la l\u00ednea de defensa del Gobierno. Alejandra Monteoliva heredar\u00e1 el ministerio con la misi\u00f3n de sostener una doctrina que, m\u00e1s que orden, funcion\u00f3 como campa\u00f1a permanente. No es un traspaso: es un pase de antorcha dentro de un mismo credo.<\/p>\n\n\n\n<p class=\"p1\">Bullrich, por su parte, ya se prueba el traje de senadora. Desde el 10 de diciembre promete defender \u201clas reformas que el pa\u00eds necesita\u201d y custodiar la libertad de \u201clos argentinos de bien\u201d, ese eufemismo que cada espacio acomoda a su antojo. En los hechos, ser\u00e1 la voz halc\u00f3n del mile\u00edsmo dentro de un Senado que no termina de entender si debe acompa\u00f1ar, corregir o apagar incendios.<\/p>\n\n\n\n<p class=\"p1\">Este movimiento, que el oficialismo intenta presentar como pura normalidad republicana, deja al desnudo un problema estructural: el Gobierno improvisa porque no tiene una base pol\u00edtica seria. Funciona por impulsos, reacciones r\u00e1pidas y decisiones que parecen dictadas por la urgencia del d\u00eda, no por un proyecto estable. Por eso los ministros entran, salen, rotan y se reciclan con la facilidad de las fichas en un tablero sin reglas claras.<\/p>\n\n\n\n<p class=\"p1\">La biograf\u00eda larga de Bullrich \u2014Montonera adolescente, funcionaria de De la R\u00faa, ministra de Macri, presidenta del PRO, ministra de Milei y ahora senadora libertaria\u2014 vuelve a demostrar que en Argentina la identidad pol\u00edtica es un traje con cierre lateral: se ajusta, se encoge, se estira y se adapta al cap\u00edtulo que sigue. No es incoherencia: es supervivencia.<\/p>\n\n\n\n<p class=\"p1\">Pero cuando esta gimnasia personal se traslada a la gesti\u00f3n p\u00fablica, la improvisaci\u00f3n se vuelve pol\u00edtica de Estado. Y el resultado est\u00e1 a la vista: anuncios que cambian, decisiones que se revierten, funcionarios que duran lo que un hilo de Twitter y una conducci\u00f3n que gobierna m\u00e1s desde la reacci\u00f3n que desde la estrategia.<\/p>\n\n\n\n<p class=\"p1\">Bullrich cruzar\u00e1 ahora el Congreso como quien deja un cuartel para dirigir otra batalla. El problema es que el pa\u00eds necesita menos guerreros y m\u00e1s claridad. Menos \u00e9pica personal y m\u00e1s orden institucional. Menos parches y m\u00e1s planificaci\u00f3n.<\/p>\n\n\n\n<p class=\"p1\">Porque si algo demuestra este nuevo cap\u00edtulo es que \u2014como bien sabemos desde hace d\u00e9cadas\u2014<\/p>\n\n\n\n<p class=\"p1\">en Argentina, la madre de la improvisaci\u00f3n est\u00e1 siempre encinta.<\/p>\n\n\n\n<p><\/p>\n\n\n\n<p>\u270d\ufe0f \u00a9 2025 Don Enchufe -All Rights Reserved&nbsp;<\/p>\n\n\n\n<p><\/p>\n\n\n<hr style=\"\n    border: none;\n    height: 1px;\n    background: linear-gradient(to right, transparent, #ccc, transparent);\n    margin: 0;\n\" \/>\n<\/p>\n<p><small>\u00a9\ufe0f2025  Guzzo Photos  &#038; Graphic Publications \u2013 All Rights Reserved \u2013 Copyright \u00a9\ufe0f 2025 SalaStampa.eu, world press service \u2013 Guzzo Photos &#038; Graphic Publications \u2013 Registro Editori e Stampatori n. 1441 Turin, Italy<\/small><\/p>\n\n\n<p><\/p>\n","protected":false},"excerpt":{"rendered":"<p>Ministerios que se abandonan como viejos cascos, cargos que se cambian como camisas y un gobierno que corre detr\u00e1s de sus propios anuncios. La renuncia de Patricia Bullrich no es un episodio: es el s\u00edntoma perfecto de una administraci\u00f3n que improvisa porque jam\u00e1s construy\u00f3 una base pol\u00edtica s\u00f3lida.<\/p>\n","protected":false},"author":14,"featured_media":0,"comment_status":"closed","ping_status":"","sticky":false,"template":"","format":"standard","meta":{"footnotes":"","_links_to":"","_links_to_target":""},"categories":[108,121,70,11,123,19,23,137],"tags":[29],"class_list":["post-5660","post","type-post","status-publish","format-standard","hentry","category-blogdiario","category-dc24","category-actualidad","category-america-del-sur","category-argentina","category-cultura","category-politica","category-sociedad-y-valores","tag-argentina","entry","double"],"yoast_head":"<!-- This site is optimized with the Yoast SEO plugin v27.4 - https:\/\/yoast.com\/product\/yoast-seo-wordpress\/ -->\n<title>En Argentina, la madre de la improvisaci\u00f3n est\u00e1 siempre encinta - ElCanillita.Info<\/title>\n<meta name=\"robots\" content=\"index, follow, max-snippet:-1, max-image-preview:large, max-video-preview:-1\" \/>\n<link rel=\"canonical\" href=\"https:\/\/elcanillita.info\/press\/2025\/12\/02\/en-argentina-la-madre-de-la-improvisacion-esta-siempre-encinta\/\" \/>\n<meta property=\"og:locale\" content=\"es_ES\" \/>\n<meta property=\"og:type\" content=\"article\" \/>\n<meta property=\"og:title\" content=\"En Argentina, la madre de la improvisaci\u00f3n est\u00e1 siempre encinta - ElCanillita.Info\" \/>\n<meta property=\"og:description\" content=\"Ministerios que se abandonan como viejos cascos, cargos que se cambian como camisas y un gobierno que corre detr\u00e1s de sus propios anuncios. La renuncia de Patricia Bullrich no es un episodio: es el s\u00edntoma perfecto de una administraci\u00f3n que improvisa porque jam\u00e1s construy\u00f3 una base pol\u00edtica s\u00f3lida.\" \/>\n<meta property=\"og:url\" content=\"https:\/\/elcanillita.info\/press\/2025\/12\/02\/en-argentina-la-madre-de-la-improvisacion-esta-siempre-encinta\/\" \/>\n<meta property=\"og:site_name\" content=\"ElCanillita.Info\" \/>\n<meta property=\"article:publisher\" content=\"https:\/\/ar-ar.facebook.com\/ElCanillitainfo-114249515285712\/\" \/>\n<meta property=\"article:published_time\" content=\"2025-12-02T06:37:08+00:00\" \/>\n<meta property=\"article:modified_time\" content=\"2025-12-02T06:55:24+00:00\" \/>\n<meta name=\"author\" content=\"ElCanillita.info Guzzo Photos &amp; Graphic Publications\" \/>\n<meta name=\"twitter:card\" content=\"summary_large_image\" \/>\n<meta name=\"twitter:label1\" content=\"Escrito por\" \/>\n\t<meta name=\"twitter:data1\" content=\"ElCanillita.info Guzzo Photos &amp; Graphic Publications\" \/>\n\t<meta name=\"twitter:label2\" content=\"Tiempo de lectura\" \/>\n\t<meta name=\"twitter:data2\" content=\"3 minutos\" \/>\n<script type=\"application\/ld+json\" class=\"yoast-schema-graph\">{\"@context\":\"https:\\\/\\\/schema.org\",\"@graph\":[{\"@type\":\"Article\",\"@id\":\"https:\\\/\\\/elcanillita.info\\\/press\\\/2025\\\/12\\\/02\\\/en-argentina-la-madre-de-la-improvisacion-esta-siempre-encinta\\\/#article\",\"isPartOf\":{\"@id\":\"https:\\\/\\\/elcanillita.info\\\/press\\\/2025\\\/12\\\/02\\\/en-argentina-la-madre-de-la-improvisacion-esta-siempre-encinta\\\/\"},\"author\":{\"name\":\"ElCanillita.info Guzzo Photos &amp; Graphic Publications\",\"@id\":\"https:\\\/\\\/elcanillita.info\\\/press\\\/#\\\/schema\\\/person\\\/e37a550cff8f5f3407ed112e4cc619cb\"},\"headline\":\"En Argentina, la madre de la improvisaci\u00f3n est\u00e1 siempre encinta\",\"datePublished\":\"2025-12-02T06:37:08+00:00\",\"dateModified\":\"2025-12-02T06:55:24+00:00\",\"mainEntityOfPage\":{\"@id\":\"https:\\\/\\\/elcanillita.info\\\/press\\\/2025\\\/12\\\/02\\\/en-argentina-la-madre-de-la-improvisacion-esta-siempre-encinta\\\/\"},\"wordCount\":571,\"publisher\":{\"@id\":\"https:\\\/\\\/elcanillita.info\\\/press\\\/#organization\"},\"keywords\":[\"Argentina\"],\"articleSection\":[\".\",\".\",\"Actualidad\",\"Am\u00e9rica del Sur\",\"Argentina\",\"Cultura\",\"Politica\",\"Sociedad y valores\"],\"inLanguage\":\"es-AR\"},{\"@type\":\"WebPage\",\"@id\":\"https:\\\/\\\/elcanillita.info\\\/press\\\/2025\\\/12\\\/02\\\/en-argentina-la-madre-de-la-improvisacion-esta-siempre-encinta\\\/\",\"url\":\"https:\\\/\\\/elcanillita.info\\\/press\\\/2025\\\/12\\\/02\\\/en-argentina-la-madre-de-la-improvisacion-esta-siempre-encinta\\\/\",\"name\":\"En Argentina, la madre de la improvisaci\u00f3n est\u00e1 siempre encinta - ElCanillita.Info\",\"isPartOf\":{\"@id\":\"https:\\\/\\\/elcanillita.info\\\/press\\\/#website\"},\"datePublished\":\"2025-12-02T06:37:08+00:00\",\"dateModified\":\"2025-12-02T06:55:24+00:00\",\"inLanguage\":\"es-AR\",\"potentialAction\":[{\"@type\":\"ReadAction\",\"target\":[\"https:\\\/\\\/elcanillita.info\\\/press\\\/2025\\\/12\\\/02\\\/en-argentina-la-madre-de-la-improvisacion-esta-siempre-encinta\\\/\"]}]},{\"@type\":\"WebSite\",\"@id\":\"https:\\\/\\\/elcanillita.info\\\/press\\\/#website\",\"url\":\"https:\\\/\\\/elcanillita.info\\\/press\\\/\",\"name\":\"ElCanillita.Info\",\"description\":\"desde los Apeninos a los Andes\",\"publisher\":{\"@id\":\"https:\\\/\\\/elcanillita.info\\\/press\\\/#organization\"},\"potentialAction\":[{\"@type\":\"SearchAction\",\"target\":{\"@type\":\"EntryPoint\",\"urlTemplate\":\"https:\\\/\\\/elcanillita.info\\\/press\\\/?s={search_term_string}\"},\"query-input\":{\"@type\":\"PropertyValueSpecification\",\"valueRequired\":true,\"valueName\":\"search_term_string\"}}],\"inLanguage\":\"es-AR\"},{\"@type\":\"Organization\",\"@id\":\"https:\\\/\\\/elcanillita.info\\\/press\\\/#organization\",\"name\":\"Guzzo Photos & Graphic Publications\",\"url\":\"https:\\\/\\\/elcanillita.info\\\/press\\\/\",\"logo\":{\"@type\":\"ImageObject\",\"inLanguage\":\"es-AR\",\"@id\":\"https:\\\/\\\/elcanillita.info\\\/press\\\/#\\\/schema\\\/logo\\\/image\\\/\",\"url\":\"https:\\\/\\\/elcanillita.info\\\/press\\\/images\\\/2020\\\/01\\\/cropped-cropped-cropped-elcanillitainfo.png\",\"contentUrl\":\"https:\\\/\\\/elcanillita.info\\\/press\\\/images\\\/2020\\\/01\\\/cropped-cropped-cropped-elcanillitainfo.png\",\"width\":460,\"height\":50,\"caption\":\"Guzzo Photos & Graphic Publications\"},\"image\":{\"@id\":\"https:\\\/\\\/elcanillita.info\\\/press\\\/#\\\/schema\\\/logo\\\/image\\\/\"},\"sameAs\":[\"https:\\\/\\\/ar-ar.facebook.com\\\/ElCanillitainfo-114249515285712\\\/\"]},{\"@type\":\"Person\",\"@id\":\"https:\\\/\\\/elcanillita.info\\\/press\\\/#\\\/schema\\\/person\\\/e37a550cff8f5f3407ed112e4cc619cb\",\"name\":\"ElCanillita.info Guzzo Photos &amp; Graphic Publications\",\"image\":{\"@type\":\"ImageObject\",\"inLanguage\":\"es-AR\",\"@id\":\"https:\\\/\\\/secure.gravatar.com\\\/avatar\\\/8914fbe0ef09248907e331ab93dfa89c7f76decf6b51cd1b2f8444e6260db772?s=96&d=mm&r=g\",\"url\":\"https:\\\/\\\/secure.gravatar.com\\\/avatar\\\/8914fbe0ef09248907e331ab93dfa89c7f76decf6b51cd1b2f8444e6260db772?s=96&d=mm&r=g\",\"contentUrl\":\"https:\\\/\\\/secure.gravatar.com\\\/avatar\\\/8914fbe0ef09248907e331ab93dfa89c7f76decf6b51cd1b2f8444e6260db772?s=96&d=mm&r=g\",\"caption\":\"ElCanillita.info Guzzo Photos &amp; Graphic Publications\"},\"sameAs\":[\"http:\\\/\\\/guzzophotos.com\"]}]}<\/script>\n<!-- \/ Yoast SEO plugin. -->","yoast_head_json":{"title":"En Argentina, la madre de la improvisaci\u00f3n est\u00e1 siempre encinta - ElCanillita.Info","robots":{"index":"index","follow":"follow","max-snippet":"max-snippet:-1","max-image-preview":"max-image-preview:large","max-video-preview":"max-video-preview:-1"},"canonical":"https:\/\/elcanillita.info\/press\/2025\/12\/02\/en-argentina-la-madre-de-la-improvisacion-esta-siempre-encinta\/","og_locale":"es_ES","og_type":"article","og_title":"En Argentina, la madre de la improvisaci\u00f3n est\u00e1 siempre encinta - ElCanillita.Info","og_description":"Ministerios que se abandonan como viejos cascos, cargos que se cambian como camisas y un gobierno que corre detr\u00e1s de sus propios anuncios. La renuncia de Patricia Bullrich no es un episodio: es el s\u00edntoma perfecto de una administraci\u00f3n que improvisa porque jam\u00e1s construy\u00f3 una base pol\u00edtica s\u00f3lida.","og_url":"https:\/\/elcanillita.info\/press\/2025\/12\/02\/en-argentina-la-madre-de-la-improvisacion-esta-siempre-encinta\/","og_site_name":"ElCanillita.Info","article_publisher":"https:\/\/ar-ar.facebook.com\/ElCanillitainfo-114249515285712\/","article_published_time":"2025-12-02T06:37:08+00:00","article_modified_time":"2025-12-02T06:55:24+00:00","author":"ElCanillita.info Guzzo Photos &amp; Graphic Publications","twitter_card":"summary_large_image","twitter_misc":{"Escrito por":"ElCanillita.info Guzzo Photos &amp; Graphic Publications","Tiempo de lectura":"3 minutos"},"schema":{"@context":"https:\/\/schema.org","@graph":[{"@type":"Article","@id":"https:\/\/elcanillita.info\/press\/2025\/12\/02\/en-argentina-la-madre-de-la-improvisacion-esta-siempre-encinta\/#article","isPartOf":{"@id":"https:\/\/elcanillita.info\/press\/2025\/12\/02\/en-argentina-la-madre-de-la-improvisacion-esta-siempre-encinta\/"},"author":{"name":"ElCanillita.info Guzzo Photos &amp; Graphic Publications","@id":"https:\/\/elcanillita.info\/press\/#\/schema\/person\/e37a550cff8f5f3407ed112e4cc619cb"},"headline":"En Argentina, la madre de la improvisaci\u00f3n est\u00e1 siempre encinta","datePublished":"2025-12-02T06:37:08+00:00","dateModified":"2025-12-02T06:55:24+00:00","mainEntityOfPage":{"@id":"https:\/\/elcanillita.info\/press\/2025\/12\/02\/en-argentina-la-madre-de-la-improvisacion-esta-siempre-encinta\/"},"wordCount":571,"publisher":{"@id":"https:\/\/elcanillita.info\/press\/#organization"},"keywords":["Argentina"],"articleSection":[".",".","Actualidad","Am\u00e9rica del Sur","Argentina","Cultura","Politica","Sociedad y valores"],"inLanguage":"es-AR"},{"@type":"WebPage","@id":"https:\/\/elcanillita.info\/press\/2025\/12\/02\/en-argentina-la-madre-de-la-improvisacion-esta-siempre-encinta\/","url":"https:\/\/elcanillita.info\/press\/2025\/12\/02\/en-argentina-la-madre-de-la-improvisacion-esta-siempre-encinta\/","name":"En Argentina, la madre de la improvisaci\u00f3n est\u00e1 siempre encinta - ElCanillita.Info","isPartOf":{"@id":"https:\/\/elcanillita.info\/press\/#website"},"datePublished":"2025-12-02T06:37:08+00:00","dateModified":"2025-12-02T06:55:24+00:00","inLanguage":"es-AR","potentialAction":[{"@type":"ReadAction","target":["https:\/\/elcanillita.info\/press\/2025\/12\/02\/en-argentina-la-madre-de-la-improvisacion-esta-siempre-encinta\/"]}]},{"@type":"WebSite","@id":"https:\/\/elcanillita.info\/press\/#website","url":"https:\/\/elcanillita.info\/press\/","name":"ElCanillita.Info","description":"desde los Apeninos a los Andes","publisher":{"@id":"https:\/\/elcanillita.info\/press\/#organization"},"potentialAction":[{"@type":"SearchAction","target":{"@type":"EntryPoint","urlTemplate":"https:\/\/elcanillita.info\/press\/?s={search_term_string}"},"query-input":{"@type":"PropertyValueSpecification","valueRequired":true,"valueName":"search_term_string"}}],"inLanguage":"es-AR"},{"@type":"Organization","@id":"https:\/\/elcanillita.info\/press\/#organization","name":"Guzzo Photos & Graphic Publications","url":"https:\/\/elcanillita.info\/press\/","logo":{"@type":"ImageObject","inLanguage":"es-AR","@id":"https:\/\/elcanillita.info\/press\/#\/schema\/logo\/image\/","url":"https:\/\/elcanillita.info\/press\/images\/2020\/01\/cropped-cropped-cropped-elcanillitainfo.png","contentUrl":"https:\/\/elcanillita.info\/press\/images\/2020\/01\/cropped-cropped-cropped-elcanillitainfo.png","width":460,"height":50,"caption":"Guzzo Photos & Graphic Publications"},"image":{"@id":"https:\/\/elcanillita.info\/press\/#\/schema\/logo\/image\/"},"sameAs":["https:\/\/ar-ar.facebook.com\/ElCanillitainfo-114249515285712\/"]},{"@type":"Person","@id":"https:\/\/elcanillita.info\/press\/#\/schema\/person\/e37a550cff8f5f3407ed112e4cc619cb","name":"ElCanillita.info Guzzo Photos &amp; Graphic Publications","image":{"@type":"ImageObject","inLanguage":"es-AR","@id":"https:\/\/secure.gravatar.com\/avatar\/8914fbe0ef09248907e331ab93dfa89c7f76decf6b51cd1b2f8444e6260db772?s=96&d=mm&r=g","url":"https:\/\/secure.gravatar.com\/avatar\/8914fbe0ef09248907e331ab93dfa89c7f76decf6b51cd1b2f8444e6260db772?s=96&d=mm&r=g","contentUrl":"https:\/\/secure.gravatar.com\/avatar\/8914fbe0ef09248907e331ab93dfa89c7f76decf6b51cd1b2f8444e6260db772?s=96&d=mm&r=g","caption":"ElCanillita.info Guzzo Photos &amp; Graphic Publications"},"sameAs":["http:\/\/guzzophotos.com"]}]}},"views":146,"_links":{"self":[{"href":"https:\/\/elcanillita.info\/press\/wp-json\/wp\/v2\/posts\/5660","targetHints":{"allow":["GET"]}}],"collection":[{"href":"https:\/\/elcanillita.info\/press\/wp-json\/wp\/v2\/posts"}],"about":[{"href":"https:\/\/elcanillita.info\/press\/wp-json\/wp\/v2\/types\/post"}],"author":[{"embeddable":true,"href":"https:\/\/elcanillita.info\/press\/wp-json\/wp\/v2\/users\/14"}],"replies":[{"embeddable":true,"href":"https:\/\/elcanillita.info\/press\/wp-json\/wp\/v2\/comments?post=5660"}],"version-history":[{"count":0,"href":"https:\/\/elcanillita.info\/press\/wp-json\/wp\/v2\/posts\/5660\/revisions"}],"wp:attachment":[{"href":"https:\/\/elcanillita.info\/press\/wp-json\/wp\/v2\/media?parent=5660"}],"wp:term":[{"taxonomy":"category","embeddable":true,"href":"https:\/\/elcanillita.info\/press\/wp-json\/wp\/v2\/categories?post=5660"},{"taxonomy":"post_tag","embeddable":true,"href":"https:\/\/elcanillita.info\/press\/wp-json\/wp\/v2\/tags?post=5660"}],"curies":[{"name":"wp","href":"https:\/\/api.w.org\/{rel}","templated":true}]}}