{"id":5659,"date":"2025-12-02T01:58:12","date_gmt":"2025-12-02T04:58:12","guid":{"rendered":"https:\/\/elcanillita.info\/press\/?p=5659"},"modified":"2025-12-02T01:58:12","modified_gmt":"2025-12-02T04:58:12","slug":"multados-por-la-politica","status":"publish","type":"post","link":"https:\/\/elcanillita.info\/press\/2025\/12\/02\/multados-por-la-politica\/","title":{"rendered":"Multados por la pol\u00edtica"},"content":{"rendered":"\n<p class=\"p1\">En la Argentina de las tarifas din\u00e1micas y la moral el\u00e1stica, era cuesti\u00f3n de tiempo para que el esquema de fotomultas bonaerenses chocara contra su propio bache. Y el impacto fue directo: el fiscal \u00c1lvaro Garganta convoc\u00f3 a indagatoria al exministro de Transporte Jorge D\u2019Onofrio, referencia inevitable del tablero Kicillofista, por irregularidades que ya huelen m\u00e1s a negocio que a tr\u00e1nsito.<\/p>\n\n\n\n<p class=\"p1\">La acusaci\u00f3n es breve, letal y sin rodeos: cohecho y negociaciones incompatibles. En criollo, un tr\u00e1nsito fluido entre el Estado y la caja privada, con peajes que no aparecen en ninguna ruta. D\u2019Onofrio deber\u00e1 presentarse el 15 de diciembre, fecha en la que, parad\u00f3jicamente, se verificar\u00e1 algo que su VTV nunca control\u00f3: si frena, si patina o si confiesa.<\/p>\n\n\n\n<p class=\"p1\">La n\u00f3mina de empresarios involucrados es digna de un directorio paralelo del Ministerio: Sebasti\u00e1n Desio, Mart\u00edn Hern\u00e1n Serrano, Germ\u00e1n Rebolo, Leonardo Sclafani, Aitor Reter Aguado, Juan Manuel Funes Bige, Juan Pablo Pesculich y Germ\u00e1n Jorge Neuss. Todos vinculados a la maquinaria que hac\u00eda funcionar la VTV y que ahora deber\u00e1 explicar por qu\u00e9 funcionaba tan bien\u2026 para algunos.<\/p>\n\n\n\n<p class=\"p1\">El Juzgado Federal de Campana ya hab\u00eda procesado a D\u2019Onofrio y embargado bienes. No fue exactamente una multa, pero s\u00ed un recordatorio de que el GPS judicial a\u00fan est\u00e1 encendido. Y lo estar\u00e1 por largo rato: la denuncia original, del 5 de septiembre de 2024, lo se\u00f1ala como cabeza de una estructura con divisi\u00f3n de roles tan detallada que hasta un inspector municipal la envidiar\u00eda.<\/p>\n\n\n\n<p class=\"p1\">Seg\u00fan la causa, hab\u00eda gestores con descuentos del 50% para infractores, pero s\u00f3lo si pagaban por atr\u00e1s. Un \u201cBlack Friday\u201d permanente que habr\u00eda costado entre 4 y 10 millones de d\u00f3lares mensuales a Secutrans. Ni el CyberMonday se anim\u00f3 a tanto.<\/p>\n\n\n\n<p class=\"p1\">La lista negra sigue: siete empresas que habr\u00edan sido obligadas a contratar a Soluciones en Telecomunicaciones y Electr\u00f3nica S.A., cobrando un 8,5% m\u00e1s IVA por cada turno de VTV. Cuando la ventanilla p\u00fablica te obliga a pasar por la privada, ya nadie finge sorpresa.<\/p>\n\n\n\n<p class=\"p1\">Y eso no es todo: CECAITRA, la asociaci\u00f3n civil que administra ingresos de infracciones, aparece bajo la lupa por el manejo de por lo menos 155 radares en municipios del conurbano. Si esos cinem\u00f3metros pudieran hablar, pedir\u00edan custodia autom\u00e1tica.<\/p>\n\n\n\n<p class=\"p1\">D\u2019Onofrio renunci\u00f3 apenas el caso tom\u00f3 aire p\u00fablico. Lo reemplaz\u00f3 Mart\u00edn Marinucci, quien lleg\u00f3 con el discurso cl\u00e1sico del pol\u00edtico heredero: \u201cNosotros venimos a ordenar\u201d. Pero el tablero que recibe no necesita orden; necesita desinfecci\u00f3n.<\/p>\n\n\n\n<p class=\"p1\">En la provincia, la VTV nunca tuvo tanta demanda: ahora todos quieren verificar qui\u00e9n era el verdadero conductor del negocio. Y si la Justicia hace su trabajo, varios autos oficiales podr\u00edan quedar definitivamente fuera de circulaci\u00f3n.<\/p>\n\n\n\n<p><\/p>\n\n\n\n<p>\u270d\ufe0f \u00a9\ufe0f2025&nbsp; La Voz de la calle &#8211; All Rights Reserved<\/p>\n\n\n\n<p><\/p>\n\n\n<hr style=\"\n    border: none;\n    height: 1px;\n    background: linear-gradient(to right, transparent, #ccc, transparent);\n    margin: 0;\n\" \/><br \/>\n<\/p>\n<p><small>\u00a9\ufe0f2025  Guzzo Photos  &#038; Graphic Publications \u2013 All Rights Reserved \u2013 Copyright \u00a9\ufe0f 2025 SalaStampa.eu, world press service \u2013 Guzzo Photos &#038; Graphic Publications \u2013 Registro Editori e Stampatori n. 1441 Turin, Italy<\/small><\/p>\n\n\n<p><\/p>\n","protected":false},"excerpt":{"rendered":"<p>Un sistema de multas que nunca mult\u00f3 a los amigos, una VTV que verificaba todo menos la honestidad y un exministro citado por la Justicia. En Buenos Aires, diciembre lleg\u00f3 con villancicos judiciales y facturas pol\u00edticas sin descuento.<\/p>\n","protected":false},"author":14,"featured_media":0,"comment_status":"closed","ping_status":"","sticky":false,"template":"","format":"standard","meta":{"footnotes":"","_links_to":"","_links_to_target":""},"categories":[108,121,70,11,123,118,22,23,137],"tags":[29],"class_list":["post-5659","post","type-post","status-publish","format-standard","hentry","category-blogdiario","category-dc24","category-actualidad","category-america-del-sur","category-argentina","category-corrupcion","category-justicia","category-politica","category-sociedad-y-valores","tag-argentina","entry","double"],"yoast_head":"<!-- This site is optimized with the Yoast SEO plugin v27.4 - https:\/\/yoast.com\/product\/yoast-seo-wordpress\/ -->\n<title>Multados por la pol\u00edtica - ElCanillita.Info<\/title>\n<meta name=\"robots\" content=\"index, follow, max-snippet:-1, max-image-preview:large, max-video-preview:-1\" \/>\n<link rel=\"canonical\" href=\"https:\/\/elcanillita.info\/press\/2025\/12\/02\/multados-por-la-politica\/\" \/>\n<meta property=\"og:locale\" content=\"es_ES\" \/>\n<meta property=\"og:type\" content=\"article\" \/>\n<meta property=\"og:title\" content=\"Multados por la pol\u00edtica - ElCanillita.Info\" \/>\n<meta property=\"og:description\" content=\"Un sistema de multas que nunca mult\u00f3 a los amigos, una VTV que verificaba todo menos la honestidad y un exministro citado por la Justicia. En Buenos Aires, diciembre lleg\u00f3 con villancicos judiciales y facturas pol\u00edticas sin descuento.\" \/>\n<meta property=\"og:url\" content=\"https:\/\/elcanillita.info\/press\/2025\/12\/02\/multados-por-la-politica\/\" \/>\n<meta property=\"og:site_name\" content=\"ElCanillita.Info\" \/>\n<meta property=\"article:publisher\" content=\"https:\/\/ar-ar.facebook.com\/ElCanillitainfo-114249515285712\/\" \/>\n<meta property=\"article:published_time\" content=\"2025-12-02T04:58:12+00:00\" \/>\n<meta name=\"author\" content=\"ElCanillita.info Guzzo Photos &amp; Graphic Publications\" \/>\n<meta name=\"twitter:card\" content=\"summary_large_image\" \/>\n<meta name=\"twitter:label1\" content=\"Escrito por\" \/>\n\t<meta name=\"twitter:data1\" content=\"ElCanillita.info Guzzo Photos &amp; Graphic Publications\" \/>\n\t<meta name=\"twitter:label2\" content=\"Tiempo de lectura\" \/>\n\t<meta name=\"twitter:data2\" content=\"3 minutos\" \/>\n<script type=\"application\/ld+json\" class=\"yoast-schema-graph\">{\"@context\":\"https:\\\/\\\/schema.org\",\"@graph\":[{\"@type\":\"Article\",\"@id\":\"https:\\\/\\\/elcanillita.info\\\/press\\\/2025\\\/12\\\/02\\\/multados-por-la-politica\\\/#article\",\"isPartOf\":{\"@id\":\"https:\\\/\\\/elcanillita.info\\\/press\\\/2025\\\/12\\\/02\\\/multados-por-la-politica\\\/\"},\"author\":{\"name\":\"ElCanillita.info Guzzo Photos &amp; Graphic Publications\",\"@id\":\"https:\\\/\\\/elcanillita.info\\\/press\\\/#\\\/schema\\\/person\\\/e37a550cff8f5f3407ed112e4cc619cb\"},\"headline\":\"Multados por la pol\u00edtica\",\"datePublished\":\"2025-12-02T04:58:12+00:00\",\"mainEntityOfPage\":{\"@id\":\"https:\\\/\\\/elcanillita.info\\\/press\\\/2025\\\/12\\\/02\\\/multados-por-la-politica\\\/\"},\"wordCount\":516,\"publisher\":{\"@id\":\"https:\\\/\\\/elcanillita.info\\\/press\\\/#organization\"},\"keywords\":[\"Argentina\"],\"articleSection\":[\".\",\".\",\"Actualidad\",\"Am\u00e9rica del Sur\",\"Argentina\",\"Corrupci\u00f3n\",\"Justicia\",\"Politica\",\"Sociedad y valores\"],\"inLanguage\":\"es-AR\"},{\"@type\":\"WebPage\",\"@id\":\"https:\\\/\\\/elcanillita.info\\\/press\\\/2025\\\/12\\\/02\\\/multados-por-la-politica\\\/\",\"url\":\"https:\\\/\\\/elcanillita.info\\\/press\\\/2025\\\/12\\\/02\\\/multados-por-la-politica\\\/\",\"name\":\"Multados por la pol\u00edtica - ElCanillita.Info\",\"isPartOf\":{\"@id\":\"https:\\\/\\\/elcanillita.info\\\/press\\\/#website\"},\"datePublished\":\"2025-12-02T04:58:12+00:00\",\"inLanguage\":\"es-AR\",\"potentialAction\":[{\"@type\":\"ReadAction\",\"target\":[\"https:\\\/\\\/elcanillita.info\\\/press\\\/2025\\\/12\\\/02\\\/multados-por-la-politica\\\/\"]}]},{\"@type\":\"WebSite\",\"@id\":\"https:\\\/\\\/elcanillita.info\\\/press\\\/#website\",\"url\":\"https:\\\/\\\/elcanillita.info\\\/press\\\/\",\"name\":\"ElCanillita.Info\",\"description\":\"desde los Apeninos a los Andes\",\"publisher\":{\"@id\":\"https:\\\/\\\/elcanillita.info\\\/press\\\/#organization\"},\"potentialAction\":[{\"@type\":\"SearchAction\",\"target\":{\"@type\":\"EntryPoint\",\"urlTemplate\":\"https:\\\/\\\/elcanillita.info\\\/press\\\/?s={search_term_string}\"},\"query-input\":{\"@type\":\"PropertyValueSpecification\",\"valueRequired\":true,\"valueName\":\"search_term_string\"}}],\"inLanguage\":\"es-AR\"},{\"@type\":\"Organization\",\"@id\":\"https:\\\/\\\/elcanillita.info\\\/press\\\/#organization\",\"name\":\"Guzzo Photos & Graphic Publications\",\"url\":\"https:\\\/\\\/elcanillita.info\\\/press\\\/\",\"logo\":{\"@type\":\"ImageObject\",\"inLanguage\":\"es-AR\",\"@id\":\"https:\\\/\\\/elcanillita.info\\\/press\\\/#\\\/schema\\\/logo\\\/image\\\/\",\"url\":\"https:\\\/\\\/elcanillita.info\\\/press\\\/images\\\/2020\\\/01\\\/cropped-cropped-cropped-elcanillitainfo.png\",\"contentUrl\":\"https:\\\/\\\/elcanillita.info\\\/press\\\/images\\\/2020\\\/01\\\/cropped-cropped-cropped-elcanillitainfo.png\",\"width\":460,\"height\":50,\"caption\":\"Guzzo Photos & Graphic Publications\"},\"image\":{\"@id\":\"https:\\\/\\\/elcanillita.info\\\/press\\\/#\\\/schema\\\/logo\\\/image\\\/\"},\"sameAs\":[\"https:\\\/\\\/ar-ar.facebook.com\\\/ElCanillitainfo-114249515285712\\\/\"]},{\"@type\":\"Person\",\"@id\":\"https:\\\/\\\/elcanillita.info\\\/press\\\/#\\\/schema\\\/person\\\/e37a550cff8f5f3407ed112e4cc619cb\",\"name\":\"ElCanillita.info Guzzo Photos &amp; Graphic Publications\",\"image\":{\"@type\":\"ImageObject\",\"inLanguage\":\"es-AR\",\"@id\":\"https:\\\/\\\/secure.gravatar.com\\\/avatar\\\/8914fbe0ef09248907e331ab93dfa89c7f76decf6b51cd1b2f8444e6260db772?s=96&d=mm&r=g\",\"url\":\"https:\\\/\\\/secure.gravatar.com\\\/avatar\\\/8914fbe0ef09248907e331ab93dfa89c7f76decf6b51cd1b2f8444e6260db772?s=96&d=mm&r=g\",\"contentUrl\":\"https:\\\/\\\/secure.gravatar.com\\\/avatar\\\/8914fbe0ef09248907e331ab93dfa89c7f76decf6b51cd1b2f8444e6260db772?s=96&d=mm&r=g\",\"caption\":\"ElCanillita.info Guzzo Photos &amp; Graphic Publications\"},\"sameAs\":[\"http:\\\/\\\/guzzophotos.com\"]}]}<\/script>\n<!-- \/ Yoast SEO plugin. -->","yoast_head_json":{"title":"Multados por la pol\u00edtica - ElCanillita.Info","robots":{"index":"index","follow":"follow","max-snippet":"max-snippet:-1","max-image-preview":"max-image-preview:large","max-video-preview":"max-video-preview:-1"},"canonical":"https:\/\/elcanillita.info\/press\/2025\/12\/02\/multados-por-la-politica\/","og_locale":"es_ES","og_type":"article","og_title":"Multados por la pol\u00edtica - ElCanillita.Info","og_description":"Un sistema de multas que nunca mult\u00f3 a los amigos, una VTV que verificaba todo menos la honestidad y un exministro citado por la Justicia. En Buenos Aires, diciembre lleg\u00f3 con villancicos judiciales y facturas pol\u00edticas sin descuento.","og_url":"https:\/\/elcanillita.info\/press\/2025\/12\/02\/multados-por-la-politica\/","og_site_name":"ElCanillita.Info","article_publisher":"https:\/\/ar-ar.facebook.com\/ElCanillitainfo-114249515285712\/","article_published_time":"2025-12-02T04:58:12+00:00","author":"ElCanillita.info Guzzo Photos &amp; Graphic Publications","twitter_card":"summary_large_image","twitter_misc":{"Escrito por":"ElCanillita.info Guzzo Photos &amp; Graphic Publications","Tiempo de lectura":"3 minutos"},"schema":{"@context":"https:\/\/schema.org","@graph":[{"@type":"Article","@id":"https:\/\/elcanillita.info\/press\/2025\/12\/02\/multados-por-la-politica\/#article","isPartOf":{"@id":"https:\/\/elcanillita.info\/press\/2025\/12\/02\/multados-por-la-politica\/"},"author":{"name":"ElCanillita.info Guzzo Photos &amp; Graphic Publications","@id":"https:\/\/elcanillita.info\/press\/#\/schema\/person\/e37a550cff8f5f3407ed112e4cc619cb"},"headline":"Multados por la pol\u00edtica","datePublished":"2025-12-02T04:58:12+00:00","mainEntityOfPage":{"@id":"https:\/\/elcanillita.info\/press\/2025\/12\/02\/multados-por-la-politica\/"},"wordCount":516,"publisher":{"@id":"https:\/\/elcanillita.info\/press\/#organization"},"keywords":["Argentina"],"articleSection":[".",".","Actualidad","Am\u00e9rica del Sur","Argentina","Corrupci\u00f3n","Justicia","Politica","Sociedad y valores"],"inLanguage":"es-AR"},{"@type":"WebPage","@id":"https:\/\/elcanillita.info\/press\/2025\/12\/02\/multados-por-la-politica\/","url":"https:\/\/elcanillita.info\/press\/2025\/12\/02\/multados-por-la-politica\/","name":"Multados por la pol\u00edtica - ElCanillita.Info","isPartOf":{"@id":"https:\/\/elcanillita.info\/press\/#website"},"datePublished":"2025-12-02T04:58:12+00:00","inLanguage":"es-AR","potentialAction":[{"@type":"ReadAction","target":["https:\/\/elcanillita.info\/press\/2025\/12\/02\/multados-por-la-politica\/"]}]},{"@type":"WebSite","@id":"https:\/\/elcanillita.info\/press\/#website","url":"https:\/\/elcanillita.info\/press\/","name":"ElCanillita.Info","description":"desde los Apeninos a los Andes","publisher":{"@id":"https:\/\/elcanillita.info\/press\/#organization"},"potentialAction":[{"@type":"SearchAction","target":{"@type":"EntryPoint","urlTemplate":"https:\/\/elcanillita.info\/press\/?s={search_term_string}"},"query-input":{"@type":"PropertyValueSpecification","valueRequired":true,"valueName":"search_term_string"}}],"inLanguage":"es-AR"},{"@type":"Organization","@id":"https:\/\/elcanillita.info\/press\/#organization","name":"Guzzo Photos & Graphic Publications","url":"https:\/\/elcanillita.info\/press\/","logo":{"@type":"ImageObject","inLanguage":"es-AR","@id":"https:\/\/elcanillita.info\/press\/#\/schema\/logo\/image\/","url":"https:\/\/elcanillita.info\/press\/images\/2020\/01\/cropped-cropped-cropped-elcanillitainfo.png","contentUrl":"https:\/\/elcanillita.info\/press\/images\/2020\/01\/cropped-cropped-cropped-elcanillitainfo.png","width":460,"height":50,"caption":"Guzzo Photos & Graphic Publications"},"image":{"@id":"https:\/\/elcanillita.info\/press\/#\/schema\/logo\/image\/"},"sameAs":["https:\/\/ar-ar.facebook.com\/ElCanillitainfo-114249515285712\/"]},{"@type":"Person","@id":"https:\/\/elcanillita.info\/press\/#\/schema\/person\/e37a550cff8f5f3407ed112e4cc619cb","name":"ElCanillita.info Guzzo Photos &amp; Graphic Publications","image":{"@type":"ImageObject","inLanguage":"es-AR","@id":"https:\/\/secure.gravatar.com\/avatar\/8914fbe0ef09248907e331ab93dfa89c7f76decf6b51cd1b2f8444e6260db772?s=96&d=mm&r=g","url":"https:\/\/secure.gravatar.com\/avatar\/8914fbe0ef09248907e331ab93dfa89c7f76decf6b51cd1b2f8444e6260db772?s=96&d=mm&r=g","contentUrl":"https:\/\/secure.gravatar.com\/avatar\/8914fbe0ef09248907e331ab93dfa89c7f76decf6b51cd1b2f8444e6260db772?s=96&d=mm&r=g","caption":"ElCanillita.info Guzzo Photos &amp; Graphic Publications"},"sameAs":["http:\/\/guzzophotos.com"]}]}},"views":124,"_links":{"self":[{"href":"https:\/\/elcanillita.info\/press\/wp-json\/wp\/v2\/posts\/5659","targetHints":{"allow":["GET"]}}],"collection":[{"href":"https:\/\/elcanillita.info\/press\/wp-json\/wp\/v2\/posts"}],"about":[{"href":"https:\/\/elcanillita.info\/press\/wp-json\/wp\/v2\/types\/post"}],"author":[{"embeddable":true,"href":"https:\/\/elcanillita.info\/press\/wp-json\/wp\/v2\/users\/14"}],"replies":[{"embeddable":true,"href":"https:\/\/elcanillita.info\/press\/wp-json\/wp\/v2\/comments?post=5659"}],"version-history":[{"count":0,"href":"https:\/\/elcanillita.info\/press\/wp-json\/wp\/v2\/posts\/5659\/revisions"}],"wp:attachment":[{"href":"https:\/\/elcanillita.info\/press\/wp-json\/wp\/v2\/media?parent=5659"}],"wp:term":[{"taxonomy":"category","embeddable":true,"href":"https:\/\/elcanillita.info\/press\/wp-json\/wp\/v2\/categories?post=5659"},{"taxonomy":"post_tag","embeddable":true,"href":"https:\/\/elcanillita.info\/press\/wp-json\/wp\/v2\/tags?post=5659"}],"curies":[{"name":"wp","href":"https:\/\/api.w.org\/{rel}","templated":true}]}}