{"id":5658,"date":"2025-12-01T20:11:43","date_gmt":"2025-12-01T23:11:43","guid":{"rendered":"https:\/\/elcanillita.info\/press\/?p=5658"},"modified":"2025-12-01T20:15:02","modified_gmt":"2025-12-01T23:15:02","slug":"cuando-el-miedo-escribe-la-razon-debe-responder","status":"publish","type":"post","link":"https:\/\/elcanillita.info\/press\/2025\/12\/01\/cuando-el-miedo-escribe-la-razon-debe-responder\/","title":{"rendered":"\ud83d\uddde\ufe0f\u2728\ud83c\udde6\ud83c\uddf7 Cuando el miedo escribe, la raz\u00f3n debe responder"},"content":{"rendered":"\n<p>Argentina<\/p>\n\n\n\n<p class=\"p1\">Hay correos que no informan: incendian. Llegan disfrazados de advertencias urgentes, apelan al apuro, a la indignaci\u00f3n y al reenv\u00edo compulsivo. No son nuevos; la novedad es que siguen funcionando. El texto que circula sobre mezquitas, alcaldes musulmanes y \u201cinvasiones silenciosas\u201d es apenas el \u00faltimo eslab\u00f3n de una larga cadena donde la emoci\u00f3n suplanta a los hechos y la estad\u00edstica se manipula sin pudor.<\/p>\n\n\n\n<p class=\"p1\">El problema no es discutir el v\u00ednculo entre religi\u00f3n, integraci\u00f3n y pol\u00edticas migratorias \u2014debate leg\u00edtimo, necesario y europeo desde hace d\u00e9cadas\u2014 sino reemplazarlo por un guion prefabricado que convierte a millones de personas en una amenaza monol\u00edtica. El truco es conocido: mezclar datos aislados, omitir contexto y presentar cada fen\u00f3meno como parte de un plan maestro que solo el autor del correo ha logrado descifrar.<\/p>\n\n\n\n<p class=\"p1\">La realidad es bastante menos \u00e9pica y mucho m\u00e1s trabajosa. En el Reino Unido, los alcaldes mencionados fueron elegidos mediante procesos democr\u00e1ticos impecables. No llegaron con ej\u00e9rcitos ni con \u201cmayor\u00edas silenciosas\u201d, sino con votos. Que un ciudadano musulm\u00e1n gane una alcald\u00eda no demuestra una \u201cinvasi\u00f3n\u201d: demuestra que un pa\u00eds plural permite que cualquiera, incluso quien profesa una fe minoritaria, pueda gobernar si convence a sus vecinos. Eso, lejos de ser un s\u00edntoma de colapso occidental, es precisamente su fortaleza.<\/p>\n\n\n\n<p class=\"p1\">Del otro lado, es cierto que hay pa\u00edses del Golfo con restricciones grav\u00edsimas a la libertad religiosa. Y es cierto que Occidente suele mirar para otro lado cuando le conviene. Pero la respuesta jam\u00e1s puede ser copiar a quienes restringen derechos. La libertad religiosa \u2014para cristianos, musulmanes, budistas o ateos\u2014 es indivisible: se defiende completa o no se defiende.<\/p>\n\n\n\n<p class=\"p1\">La cadena viral tambi\u00e9n ignora un detalle decisivo: las mezquitas que se construyen en Europa no \u201cinvaden\u201d, sino que reflejan que viven musulmanes europeos, con pasaporte, impuestos y vida cotidiana como cualquiera. La inmensa mayor\u00eda trabaja, estudia, vota, monta negocios y cruza los mismos sem\u00e1foros que todos. Reducirlos a un bloque homog\u00e9neo presto a apoyar el terrorismo es, adem\u00e1s de falso, una forma barata de fabricar enemigos desde la comodidad del teclado.<\/p>\n\n\n\n<p class=\"p1\">Argentina puede \u2014y debe\u2014 discutir sus pol\u00edticas migratorias. De hecho, siempre lo hizo, con mayor o menor acierto. Pero caer en el \u201cni una mezquita m\u00e1s\u201d es cruzar una l\u00ednea peligrosa: la que convierte una religi\u00f3n en sospechosa por defecto. Cuando un Estado empieza a prohibir templos por identidad religiosa, deja de ser un Estado de derecho: pasa a ser otra cosa.<\/p>\n\n\n\n<p class=\"p1\">Que haya radicalismos isl\u00e1micos, claro que los hay; como los hay cristianos, jud\u00edos, nacionalistas, laicos y de cualquier etiqueta humana. Lo que diferencia a una sociedad democr\u00e1tica no es la ausencia de extremistas, sino c\u00f3mo decide tratarlos. Y aqu\u00ed hay un m\u00e9todo probado: leyes claras, seguridad profesional, integraci\u00f3n inteligente y cero tolerancia al delito, venga de quien venga.<\/p>\n\n\n\n<p class=\"p1\">Lo dif\u00edcil \u2014y lo noble\u2014 es resistir la tentaci\u00f3n del simplismo. Porque lo verdaderamente \u201csilencioso\u201d no es ninguna invasi\u00f3n: es el modo en que los miedos, si no se los discute con datos y serenidad, terminan escribiendo la pol\u00edtica en lugar de la raz\u00f3n.<\/p>\n\n\n\n<p><\/p>\n\n\n\n<p>\u270d\ufe0f \u00a92025 Redacci\u00f3n cultural, con asistencia del Laboratorio de Realismo Callejero<\/p>\n\n\n\n<p><\/p>\n\n\n<hr style=\"\n    border: none;\n    height: 1px;\n    background: linear-gradient(to right, transparent, #ccc, transparent);\n    margin: 0;\n\" \/>\n<\/p>\n<p><small>\u00a9\ufe0f2025  Guzzo Photos  &#038; Graphic Publications \u2013 All Rights Reserved \u2013 Copyright \u00a9\ufe0f 2025 SalaStampa.eu, world press service \u2013 Guzzo Photos &#038; Graphic Publications \u2013 Registro Editori e Stampatori n. 1441 Turin, Italy<\/small><\/p>\n\n\n<p><\/p>\n","protected":false},"excerpt":{"rendered":"<p>En tiempos de reenv\u00edos virales, conviene recordar que la realidad no cabe en un correo en cadena ni en una cruzada instant\u00e1nea. Ni el alarmismo construye convivencia, ni las simplificaciones sostienen una democracia adulta.<\/p>\n","protected":false},"author":14,"featured_media":0,"comment_status":"closed","ping_status":"","sticky":false,"template":"","format":"standard","meta":{"footnotes":"","_links_to":"","_links_to_target":""},"categories":[121,108,70,11,123,19,134,136,137],"tags":[29],"class_list":["post-5658","post","type-post","status-publish","format-standard","hentry","category-dc24","category-blogdiario","category-actualidad","category-america-del-sur","category-argentina","category-cultura","category-educacion","category-opinion","category-sociedad-y-valores","tag-argentina","entry","double"],"yoast_head":"<!-- This site is optimized with the Yoast SEO plugin v27.4 - https:\/\/yoast.com\/product\/yoast-seo-wordpress\/ -->\n<title>\ud83d\uddde\ufe0f\u2728\ud83c\udde6\ud83c\uddf7 Cuando el miedo escribe, la raz\u00f3n debe responder - ElCanillita.Info<\/title>\n<meta name=\"robots\" content=\"index, follow, max-snippet:-1, max-image-preview:large, max-video-preview:-1\" \/>\n<link rel=\"canonical\" href=\"https:\/\/elcanillita.info\/press\/2025\/12\/01\/cuando-el-miedo-escribe-la-razon-debe-responder\/\" \/>\n<meta property=\"og:locale\" content=\"es_ES\" \/>\n<meta property=\"og:type\" content=\"article\" \/>\n<meta property=\"og:title\" content=\"\ud83d\uddde\ufe0f\u2728\ud83c\udde6\ud83c\uddf7 Cuando el miedo escribe, la raz\u00f3n debe responder - ElCanillita.Info\" \/>\n<meta property=\"og:description\" content=\"En tiempos de reenv\u00edos virales, conviene recordar que la realidad no cabe en un correo en cadena ni en una cruzada instant\u00e1nea. Ni el alarmismo construye convivencia, ni las simplificaciones sostienen una democracia adulta.\" \/>\n<meta property=\"og:url\" content=\"https:\/\/elcanillita.info\/press\/2025\/12\/01\/cuando-el-miedo-escribe-la-razon-debe-responder\/\" \/>\n<meta property=\"og:site_name\" content=\"ElCanillita.Info\" \/>\n<meta property=\"article:publisher\" content=\"https:\/\/ar-ar.facebook.com\/ElCanillitainfo-114249515285712\/\" \/>\n<meta property=\"article:published_time\" content=\"2025-12-01T23:11:43+00:00\" \/>\n<meta property=\"article:modified_time\" content=\"2025-12-01T23:15:02+00:00\" \/>\n<meta name=\"author\" content=\"ElCanillita.info Guzzo Photos &amp; Graphic Publications\" \/>\n<meta name=\"twitter:card\" content=\"summary_large_image\" \/>\n<meta name=\"twitter:label1\" content=\"Escrito por\" \/>\n\t<meta name=\"twitter:data1\" content=\"ElCanillita.info Guzzo Photos &amp; Graphic Publications\" \/>\n\t<meta name=\"twitter:label2\" content=\"Tiempo de lectura\" \/>\n\t<meta name=\"twitter:data2\" content=\"3 minutos\" \/>\n<script type=\"application\/ld+json\" class=\"yoast-schema-graph\">{\"@context\":\"https:\\\/\\\/schema.org\",\"@graph\":[{\"@type\":\"Article\",\"@id\":\"https:\\\/\\\/elcanillita.info\\\/press\\\/2025\\\/12\\\/01\\\/cuando-el-miedo-escribe-la-razon-debe-responder\\\/#article\",\"isPartOf\":{\"@id\":\"https:\\\/\\\/elcanillita.info\\\/press\\\/2025\\\/12\\\/01\\\/cuando-el-miedo-escribe-la-razon-debe-responder\\\/\"},\"author\":{\"name\":\"ElCanillita.info Guzzo Photos &amp; Graphic Publications\",\"@id\":\"https:\\\/\\\/elcanillita.info\\\/press\\\/#\\\/schema\\\/person\\\/e37a550cff8f5f3407ed112e4cc619cb\"},\"headline\":\"\ud83d\uddde\ufe0f\u2728\ud83c\udde6\ud83c\uddf7 Cuando el miedo escribe, la raz\u00f3n debe responder\",\"datePublished\":\"2025-12-01T23:11:43+00:00\",\"dateModified\":\"2025-12-01T23:15:02+00:00\",\"mainEntityOfPage\":{\"@id\":\"https:\\\/\\\/elcanillita.info\\\/press\\\/2025\\\/12\\\/01\\\/cuando-el-miedo-escribe-la-razon-debe-responder\\\/\"},\"wordCount\":592,\"publisher\":{\"@id\":\"https:\\\/\\\/elcanillita.info\\\/press\\\/#organization\"},\"keywords\":[\"Argentina\"],\"articleSection\":[\".\",\".\",\"Actualidad\",\"Am\u00e9rica del Sur\",\"Argentina\",\"Cultura\",\"Educaci\u00f3n\",\"Opini\u00f3n\",\"Sociedad y valores\"],\"inLanguage\":\"es-AR\"},{\"@type\":\"WebPage\",\"@id\":\"https:\\\/\\\/elcanillita.info\\\/press\\\/2025\\\/12\\\/01\\\/cuando-el-miedo-escribe-la-razon-debe-responder\\\/\",\"url\":\"https:\\\/\\\/elcanillita.info\\\/press\\\/2025\\\/12\\\/01\\\/cuando-el-miedo-escribe-la-razon-debe-responder\\\/\",\"name\":\"\ud83d\uddde\ufe0f\u2728\ud83c\udde6\ud83c\uddf7 Cuando el miedo escribe, la raz\u00f3n debe responder - ElCanillita.Info\",\"isPartOf\":{\"@id\":\"https:\\\/\\\/elcanillita.info\\\/press\\\/#website\"},\"datePublished\":\"2025-12-01T23:11:43+00:00\",\"dateModified\":\"2025-12-01T23:15:02+00:00\",\"inLanguage\":\"es-AR\",\"potentialAction\":[{\"@type\":\"ReadAction\",\"target\":[\"https:\\\/\\\/elcanillita.info\\\/press\\\/2025\\\/12\\\/01\\\/cuando-el-miedo-escribe-la-razon-debe-responder\\\/\"]}]},{\"@type\":\"WebSite\",\"@id\":\"https:\\\/\\\/elcanillita.info\\\/press\\\/#website\",\"url\":\"https:\\\/\\\/elcanillita.info\\\/press\\\/\",\"name\":\"ElCanillita.Info\",\"description\":\"desde los Apeninos a los Andes\",\"publisher\":{\"@id\":\"https:\\\/\\\/elcanillita.info\\\/press\\\/#organization\"},\"potentialAction\":[{\"@type\":\"SearchAction\",\"target\":{\"@type\":\"EntryPoint\",\"urlTemplate\":\"https:\\\/\\\/elcanillita.info\\\/press\\\/?s={search_term_string}\"},\"query-input\":{\"@type\":\"PropertyValueSpecification\",\"valueRequired\":true,\"valueName\":\"search_term_string\"}}],\"inLanguage\":\"es-AR\"},{\"@type\":\"Organization\",\"@id\":\"https:\\\/\\\/elcanillita.info\\\/press\\\/#organization\",\"name\":\"Guzzo Photos & Graphic Publications\",\"url\":\"https:\\\/\\\/elcanillita.info\\\/press\\\/\",\"logo\":{\"@type\":\"ImageObject\",\"inLanguage\":\"es-AR\",\"@id\":\"https:\\\/\\\/elcanillita.info\\\/press\\\/#\\\/schema\\\/logo\\\/image\\\/\",\"url\":\"https:\\\/\\\/elcanillita.info\\\/press\\\/images\\\/2020\\\/01\\\/cropped-cropped-cropped-elcanillitainfo.png\",\"contentUrl\":\"https:\\\/\\\/elcanillita.info\\\/press\\\/images\\\/2020\\\/01\\\/cropped-cropped-cropped-elcanillitainfo.png\",\"width\":460,\"height\":50,\"caption\":\"Guzzo Photos & Graphic Publications\"},\"image\":{\"@id\":\"https:\\\/\\\/elcanillita.info\\\/press\\\/#\\\/schema\\\/logo\\\/image\\\/\"},\"sameAs\":[\"https:\\\/\\\/ar-ar.facebook.com\\\/ElCanillitainfo-114249515285712\\\/\"]},{\"@type\":\"Person\",\"@id\":\"https:\\\/\\\/elcanillita.info\\\/press\\\/#\\\/schema\\\/person\\\/e37a550cff8f5f3407ed112e4cc619cb\",\"name\":\"ElCanillita.info Guzzo Photos &amp; Graphic Publications\",\"image\":{\"@type\":\"ImageObject\",\"inLanguage\":\"es-AR\",\"@id\":\"https:\\\/\\\/secure.gravatar.com\\\/avatar\\\/8914fbe0ef09248907e331ab93dfa89c7f76decf6b51cd1b2f8444e6260db772?s=96&d=mm&r=g\",\"url\":\"https:\\\/\\\/secure.gravatar.com\\\/avatar\\\/8914fbe0ef09248907e331ab93dfa89c7f76decf6b51cd1b2f8444e6260db772?s=96&d=mm&r=g\",\"contentUrl\":\"https:\\\/\\\/secure.gravatar.com\\\/avatar\\\/8914fbe0ef09248907e331ab93dfa89c7f76decf6b51cd1b2f8444e6260db772?s=96&d=mm&r=g\",\"caption\":\"ElCanillita.info Guzzo Photos &amp; Graphic Publications\"},\"sameAs\":[\"http:\\\/\\\/guzzophotos.com\"]}]}<\/script>\n<!-- \/ Yoast SEO plugin. -->","yoast_head_json":{"title":"\ud83d\uddde\ufe0f\u2728\ud83c\udde6\ud83c\uddf7 Cuando el miedo escribe, la raz\u00f3n debe responder - ElCanillita.Info","robots":{"index":"index","follow":"follow","max-snippet":"max-snippet:-1","max-image-preview":"max-image-preview:large","max-video-preview":"max-video-preview:-1"},"canonical":"https:\/\/elcanillita.info\/press\/2025\/12\/01\/cuando-el-miedo-escribe-la-razon-debe-responder\/","og_locale":"es_ES","og_type":"article","og_title":"\ud83d\uddde\ufe0f\u2728\ud83c\udde6\ud83c\uddf7 Cuando el miedo escribe, la raz\u00f3n debe responder - ElCanillita.Info","og_description":"En tiempos de reenv\u00edos virales, conviene recordar que la realidad no cabe en un correo en cadena ni en una cruzada instant\u00e1nea. Ni el alarmismo construye convivencia, ni las simplificaciones sostienen una democracia adulta.","og_url":"https:\/\/elcanillita.info\/press\/2025\/12\/01\/cuando-el-miedo-escribe-la-razon-debe-responder\/","og_site_name":"ElCanillita.Info","article_publisher":"https:\/\/ar-ar.facebook.com\/ElCanillitainfo-114249515285712\/","article_published_time":"2025-12-01T23:11:43+00:00","article_modified_time":"2025-12-01T23:15:02+00:00","author":"ElCanillita.info Guzzo Photos &amp; Graphic Publications","twitter_card":"summary_large_image","twitter_misc":{"Escrito por":"ElCanillita.info Guzzo Photos &amp; Graphic Publications","Tiempo de lectura":"3 minutos"},"schema":{"@context":"https:\/\/schema.org","@graph":[{"@type":"Article","@id":"https:\/\/elcanillita.info\/press\/2025\/12\/01\/cuando-el-miedo-escribe-la-razon-debe-responder\/#article","isPartOf":{"@id":"https:\/\/elcanillita.info\/press\/2025\/12\/01\/cuando-el-miedo-escribe-la-razon-debe-responder\/"},"author":{"name":"ElCanillita.info Guzzo Photos &amp; Graphic Publications","@id":"https:\/\/elcanillita.info\/press\/#\/schema\/person\/e37a550cff8f5f3407ed112e4cc619cb"},"headline":"\ud83d\uddde\ufe0f\u2728\ud83c\udde6\ud83c\uddf7 Cuando el miedo escribe, la raz\u00f3n debe responder","datePublished":"2025-12-01T23:11:43+00:00","dateModified":"2025-12-01T23:15:02+00:00","mainEntityOfPage":{"@id":"https:\/\/elcanillita.info\/press\/2025\/12\/01\/cuando-el-miedo-escribe-la-razon-debe-responder\/"},"wordCount":592,"publisher":{"@id":"https:\/\/elcanillita.info\/press\/#organization"},"keywords":["Argentina"],"articleSection":[".",".","Actualidad","Am\u00e9rica del Sur","Argentina","Cultura","Educaci\u00f3n","Opini\u00f3n","Sociedad y valores"],"inLanguage":"es-AR"},{"@type":"WebPage","@id":"https:\/\/elcanillita.info\/press\/2025\/12\/01\/cuando-el-miedo-escribe-la-razon-debe-responder\/","url":"https:\/\/elcanillita.info\/press\/2025\/12\/01\/cuando-el-miedo-escribe-la-razon-debe-responder\/","name":"\ud83d\uddde\ufe0f\u2728\ud83c\udde6\ud83c\uddf7 Cuando el miedo escribe, la raz\u00f3n debe responder - ElCanillita.Info","isPartOf":{"@id":"https:\/\/elcanillita.info\/press\/#website"},"datePublished":"2025-12-01T23:11:43+00:00","dateModified":"2025-12-01T23:15:02+00:00","inLanguage":"es-AR","potentialAction":[{"@type":"ReadAction","target":["https:\/\/elcanillita.info\/press\/2025\/12\/01\/cuando-el-miedo-escribe-la-razon-debe-responder\/"]}]},{"@type":"WebSite","@id":"https:\/\/elcanillita.info\/press\/#website","url":"https:\/\/elcanillita.info\/press\/","name":"ElCanillita.Info","description":"desde los Apeninos a los Andes","publisher":{"@id":"https:\/\/elcanillita.info\/press\/#organization"},"potentialAction":[{"@type":"SearchAction","target":{"@type":"EntryPoint","urlTemplate":"https:\/\/elcanillita.info\/press\/?s={search_term_string}"},"query-input":{"@type":"PropertyValueSpecification","valueRequired":true,"valueName":"search_term_string"}}],"inLanguage":"es-AR"},{"@type":"Organization","@id":"https:\/\/elcanillita.info\/press\/#organization","name":"Guzzo Photos & Graphic Publications","url":"https:\/\/elcanillita.info\/press\/","logo":{"@type":"ImageObject","inLanguage":"es-AR","@id":"https:\/\/elcanillita.info\/press\/#\/schema\/logo\/image\/","url":"https:\/\/elcanillita.info\/press\/images\/2020\/01\/cropped-cropped-cropped-elcanillitainfo.png","contentUrl":"https:\/\/elcanillita.info\/press\/images\/2020\/01\/cropped-cropped-cropped-elcanillitainfo.png","width":460,"height":50,"caption":"Guzzo Photos & Graphic Publications"},"image":{"@id":"https:\/\/elcanillita.info\/press\/#\/schema\/logo\/image\/"},"sameAs":["https:\/\/ar-ar.facebook.com\/ElCanillitainfo-114249515285712\/"]},{"@type":"Person","@id":"https:\/\/elcanillita.info\/press\/#\/schema\/person\/e37a550cff8f5f3407ed112e4cc619cb","name":"ElCanillita.info Guzzo Photos &amp; Graphic Publications","image":{"@type":"ImageObject","inLanguage":"es-AR","@id":"https:\/\/secure.gravatar.com\/avatar\/8914fbe0ef09248907e331ab93dfa89c7f76decf6b51cd1b2f8444e6260db772?s=96&d=mm&r=g","url":"https:\/\/secure.gravatar.com\/avatar\/8914fbe0ef09248907e331ab93dfa89c7f76decf6b51cd1b2f8444e6260db772?s=96&d=mm&r=g","contentUrl":"https:\/\/secure.gravatar.com\/avatar\/8914fbe0ef09248907e331ab93dfa89c7f76decf6b51cd1b2f8444e6260db772?s=96&d=mm&r=g","caption":"ElCanillita.info Guzzo Photos &amp; Graphic Publications"},"sameAs":["http:\/\/guzzophotos.com"]}]}},"views":180,"_links":{"self":[{"href":"https:\/\/elcanillita.info\/press\/wp-json\/wp\/v2\/posts\/5658","targetHints":{"allow":["GET"]}}],"collection":[{"href":"https:\/\/elcanillita.info\/press\/wp-json\/wp\/v2\/posts"}],"about":[{"href":"https:\/\/elcanillita.info\/press\/wp-json\/wp\/v2\/types\/post"}],"author":[{"embeddable":true,"href":"https:\/\/elcanillita.info\/press\/wp-json\/wp\/v2\/users\/14"}],"replies":[{"embeddable":true,"href":"https:\/\/elcanillita.info\/press\/wp-json\/wp\/v2\/comments?post=5658"}],"version-history":[{"count":0,"href":"https:\/\/elcanillita.info\/press\/wp-json\/wp\/v2\/posts\/5658\/revisions"}],"wp:attachment":[{"href":"https:\/\/elcanillita.info\/press\/wp-json\/wp\/v2\/media?parent=5658"}],"wp:term":[{"taxonomy":"category","embeddable":true,"href":"https:\/\/elcanillita.info\/press\/wp-json\/wp\/v2\/categories?post=5658"},{"taxonomy":"post_tag","embeddable":true,"href":"https:\/\/elcanillita.info\/press\/wp-json\/wp\/v2\/tags?post=5658"}],"curies":[{"name":"wp","href":"https:\/\/api.w.org\/{rel}","templated":true}]}}