{"id":5657,"date":"2025-11-30T21:50:10","date_gmt":"2025-12-01T00:50:10","guid":{"rendered":"https:\/\/elcanillita.info\/press\/?p=5657"},"modified":"2025-11-30T22:23:50","modified_gmt":"2025-12-01T01:23:50","slug":"cristina-y-la-moral-cuando-el-agua-tibia-parece-lava-volcanica","status":"publish","type":"post","link":"https:\/\/elcanillita.info\/press\/2025\/11\/30\/cristina-y-la-moral-cuando-el-agua-tibia-parece-lava-volcanica\/","title":{"rendered":"Cristina y la moral: cuando el agua tibia parece lava volc\u00e1nica"},"content":{"rendered":"\n<p class=\"p1\">Argentina amaneci\u00f3 con una revelaci\u00f3n revolucionaria: la corrupci\u00f3n existe. S\u00ed, existe, y no solo en las zonas oscuras del Estado, sino en las vidrieras parisinas que Cristina fotografiaba para que otro pagara por ella. El art\u00edculo de Morales Sol\u00e1 \u2014una suerte de \u201carchivo resucitado\u201d\u2014 volvi\u00f3 a encender la pregunta inc\u00f3moda que todos fingen olvidar: \u00bfqui\u00e9n mata m\u00e1s, la pobreza o la impunidad?<\/p>\n\n\n\n<p class=\"p1\">Que el caso de Fabi\u00e1n Guti\u00e9rrez haya sido una novela negra con final mafioso no sorprende a nadie que haya vivido en este pa\u00eds m\u00e1s de veinte minutos. Lo que sorprende es la insistencia de un sector en repetir el mismo libreto: \u201cpersecuci\u00f3n pol\u00edtica\u201d. Parece que en la Argentina del relato, la tortura no es tortura, la plata no es plata y la Justicia solo existe si absuelve.<\/p>\n\n\n\n<p class=\"p1\">Tapia, por su parte, decidi\u00f3 aportar su granito de arena para completar el cuadro del derrumbe moral nacional. Invent\u00f3 campeonatos, reparti\u00f3 premios sin reglamento y disciplin\u00f3 clubes como si fuera el due\u00f1o del potrero m\u00e1s grande del pa\u00eds. AFA S.A., sucursal de la discrecionalidad eterna. Un ecosistema donde la pelota pica, pero los principios no.<\/p>\n\n\n\n<p class=\"p1\">El elenco estable de jueces que orbitan alrededor de Tapia tambi\u00e9n merece un cap\u00edtulo propio. Algunos tienen la firma temblorosa de tantos a\u00f1os bordando sentencias a medida. La sanci\u00f3n a Ver\u00f3n no fue justicia ni disciplina: fue un mensaje. En la Argentina del poder chico, los s\u00edmbolos valen m\u00e1s que los reglamentos, y los castigos hablan m\u00e1s que los hechos.<\/p>\n\n\n\n<p class=\"p1\">Mientras tanto, Milei navega entre dos mares: el de la revoluci\u00f3n monetaria y el de la reconstrucci\u00f3n moral. El primero lo entusiasma. El segundo le incomoda, porque ah\u00ed no alcanza con gritar \u201c\u00a1Viva la libertad, carajo!\u201d. Ah\u00ed hay que tocar intereses, abrir cajones y desatar nudos que vienen de cuarenta a\u00f1os de decadencia impecablemente organizada.<\/p>\n\n\n\n<p class=\"p1\">Macri, que conoce a Milei m\u00e1s de lo que admite, asegura que \u201ca Javier no le importa la plata\u201d. Bien. A su entorno, en cambio, algunos billetes parecen importarles bastante. El desaf\u00edo de Milei es justamente \u00e9se: demostrar que un gobierno liberal puede ser moralmente m\u00e1s limpio que cualquier progresismo de utiler\u00eda. El mercado resuelve precios, pero no virtudes.<\/p>\n\n\n\n<p class=\"p1\">La historia reciente es brutal: en los \u00faltimos doce a\u00f1os, la pobreza subi\u00f3, el salario real cay\u00f3 y el pa\u00eds se volvi\u00f3 experto en fabricar nuevos pobres para alimentar viejos relatos. Cristina no invent\u00f3 la corrupci\u00f3n, pero la convirti\u00f3 en una \u00e9pica. Y el peronismo, incapaz de jubilarla, sigue aferrado a una sombra que ya no manda pero a\u00fan incomoda.<\/p>\n\n\n\n<p class=\"p1\">Los empresarios, como siempre, bailaron seg\u00fan la m\u00fasica del poder: algunos dijeron que no y sobrevivieron; otros dijeron que s\u00ed y se hicieron millonarios; otros simplemente no tuvieron opci\u00f3n. Pero en todos los casos, la regla fue la misma: la pol\u00edtica abre la puerta, el privado empuja. La responsabilidad moral del funcionario, en cambio, es irremplazable.<\/p>\n\n\n\n<p class=\"p1\">La misi\u00f3n de Milei, guste o no, ya no es solo econ\u00f3mica. Deber\u00e1, adem\u00e1s, reinstalar un sistema de valores donde robar dej\u00f3 de ser pecado y pas\u00f3 a ser, durante d\u00e9cadas, un tr\u00e1mite administrativo. Un pa\u00eds puede soportar inflaci\u00f3n, puede soportar crisis, pero no puede soportar que la corrupci\u00f3n se vuelva paisaje.<\/p>\n\n\n\n<p class=\"p1\">Argentina vuelve a descubrir el agua tibia. Ojal\u00e1 esta vez no se queme los dedos.<\/p>\n\n\n\n<p><\/p>\n\n\n\n<p>\u270d\ufe0f \u00a9 2025 El Auditor de las Sombras \u2013 All Rights Reserved<\/p>\n\n\n\n<p><\/p>\n\n\n<hr style=\"\n    border: none;\n    height: 1px;\n    background: linear-gradient(to right, transparent, #ccc, transparent);\n    margin: 0;\n\" \/>\n<\/p>\n<p><small>\u00a9\ufe0f2025  Guzzo Photos  &#038; Graphic Publications \u2013 All Rights Reserved \u2013 Copyright \u00a9\ufe0f 2025 SalaStampa.eu, world press service \u2013 Guzzo Photos &#038; Graphic Publications \u2013 Registro Editori e Stampatori n. 1441 Turin, Italy<\/small><\/p>\n\n\n<p><\/p>\n","protected":false},"excerpt":{"rendered":"<p>Mientras Morales Sol\u00e1 desempolva el prontuario eterno de Cristina, el pa\u00eds vuelve a descubrir \u2014con asombro teatral\u2014 que la corrupci\u00f3n no era un mito n\u00f3rdico, sino una industria nacional. Y que Milei, para horror de sus devotos y detractores, deber\u00e1 decidir si sigue contando billetes o si empieza a contar valores.<\/p>\n","protected":false},"author":14,"featured_media":0,"comment_status":"closed","ping_status":"","sticky":false,"template":"","format":"standard","meta":{"footnotes":"","_links_to":"","_links_to_target":""},"categories":[121,108,70,11,123,118,20,136,23,137],"tags":[29],"class_list":["post-5657","post","type-post","status-publish","format-standard","hentry","category-dc24","category-blogdiario","category-actualidad","category-america-del-sur","category-argentina","category-corrupcion","category-economia","category-opinion","category-politica","category-sociedad-y-valores","tag-argentina","entry","double"],"yoast_head":"<!-- This site is optimized with the Yoast SEO plugin v27.4 - https:\/\/yoast.com\/product\/yoast-seo-wordpress\/ -->\n<title>Cristina y la moral: cuando el agua tibia parece lava volc\u00e1nica - ElCanillita.Info<\/title>\n<meta name=\"robots\" content=\"index, follow, max-snippet:-1, max-image-preview:large, max-video-preview:-1\" \/>\n<link rel=\"canonical\" href=\"https:\/\/elcanillita.info\/press\/2025\/11\/30\/cristina-y-la-moral-cuando-el-agua-tibia-parece-lava-volcanica\/\" \/>\n<meta property=\"og:locale\" content=\"es_ES\" \/>\n<meta property=\"og:type\" content=\"article\" \/>\n<meta property=\"og:title\" content=\"Cristina y la moral: cuando el agua tibia parece lava volc\u00e1nica - ElCanillita.Info\" \/>\n<meta property=\"og:description\" content=\"Mientras Morales Sol\u00e1 desempolva el prontuario eterno de Cristina, el pa\u00eds vuelve a descubrir \u2014con asombro teatral\u2014 que la corrupci\u00f3n no era un mito n\u00f3rdico, sino una industria nacional. Y que Milei, para horror de sus devotos y detractores, deber\u00e1 decidir si sigue contando billetes o si empieza a contar valores.\" \/>\n<meta property=\"og:url\" content=\"https:\/\/elcanillita.info\/press\/2025\/11\/30\/cristina-y-la-moral-cuando-el-agua-tibia-parece-lava-volcanica\/\" \/>\n<meta property=\"og:site_name\" content=\"ElCanillita.Info\" \/>\n<meta property=\"article:publisher\" content=\"https:\/\/ar-ar.facebook.com\/ElCanillitainfo-114249515285712\/\" \/>\n<meta property=\"article:published_time\" content=\"2025-12-01T00:50:10+00:00\" \/>\n<meta property=\"article:modified_time\" content=\"2025-12-01T01:23:50+00:00\" \/>\n<meta name=\"author\" content=\"ElCanillita.info Guzzo Photos &amp; Graphic Publications\" \/>\n<meta name=\"twitter:card\" content=\"summary_large_image\" \/>\n<meta name=\"twitter:label1\" content=\"Escrito por\" \/>\n\t<meta name=\"twitter:data1\" content=\"ElCanillita.info Guzzo Photos &amp; Graphic Publications\" \/>\n\t<meta name=\"twitter:label2\" content=\"Tiempo de lectura\" \/>\n\t<meta name=\"twitter:data2\" content=\"3 minutos\" \/>\n<script type=\"application\/ld+json\" class=\"yoast-schema-graph\">{\"@context\":\"https:\\\/\\\/schema.org\",\"@graph\":[{\"@type\":\"Article\",\"@id\":\"https:\\\/\\\/elcanillita.info\\\/press\\\/2025\\\/11\\\/30\\\/cristina-y-la-moral-cuando-el-agua-tibia-parece-lava-volcanica\\\/#article\",\"isPartOf\":{\"@id\":\"https:\\\/\\\/elcanillita.info\\\/press\\\/2025\\\/11\\\/30\\\/cristina-y-la-moral-cuando-el-agua-tibia-parece-lava-volcanica\\\/\"},\"author\":{\"name\":\"ElCanillita.info Guzzo Photos &amp; Graphic Publications\",\"@id\":\"https:\\\/\\\/elcanillita.info\\\/press\\\/#\\\/schema\\\/person\\\/e37a550cff8f5f3407ed112e4cc619cb\"},\"headline\":\"Cristina y la moral: cuando el agua tibia parece lava volc\u00e1nica\",\"datePublished\":\"2025-12-01T00:50:10+00:00\",\"dateModified\":\"2025-12-01T01:23:50+00:00\",\"mainEntityOfPage\":{\"@id\":\"https:\\\/\\\/elcanillita.info\\\/press\\\/2025\\\/11\\\/30\\\/cristina-y-la-moral-cuando-el-agua-tibia-parece-lava-volcanica\\\/\"},\"wordCount\":633,\"publisher\":{\"@id\":\"https:\\\/\\\/elcanillita.info\\\/press\\\/#organization\"},\"keywords\":[\"Argentina\"],\"articleSection\":[\".\",\".\",\"Actualidad\",\"Am\u00e9rica del Sur\",\"Argentina\",\"Corrupci\u00f3n\",\"Economia\",\"Opini\u00f3n\",\"Politica\",\"Sociedad y valores\"],\"inLanguage\":\"es-AR\"},{\"@type\":\"WebPage\",\"@id\":\"https:\\\/\\\/elcanillita.info\\\/press\\\/2025\\\/11\\\/30\\\/cristina-y-la-moral-cuando-el-agua-tibia-parece-lava-volcanica\\\/\",\"url\":\"https:\\\/\\\/elcanillita.info\\\/press\\\/2025\\\/11\\\/30\\\/cristina-y-la-moral-cuando-el-agua-tibia-parece-lava-volcanica\\\/\",\"name\":\"Cristina y la moral: cuando el agua tibia parece lava volc\u00e1nica - ElCanillita.Info\",\"isPartOf\":{\"@id\":\"https:\\\/\\\/elcanillita.info\\\/press\\\/#website\"},\"datePublished\":\"2025-12-01T00:50:10+00:00\",\"dateModified\":\"2025-12-01T01:23:50+00:00\",\"inLanguage\":\"es-AR\",\"potentialAction\":[{\"@type\":\"ReadAction\",\"target\":[\"https:\\\/\\\/elcanillita.info\\\/press\\\/2025\\\/11\\\/30\\\/cristina-y-la-moral-cuando-el-agua-tibia-parece-lava-volcanica\\\/\"]}]},{\"@type\":\"WebSite\",\"@id\":\"https:\\\/\\\/elcanillita.info\\\/press\\\/#website\",\"url\":\"https:\\\/\\\/elcanillita.info\\\/press\\\/\",\"name\":\"ElCanillita.Info\",\"description\":\"desde los Apeninos a los Andes\",\"publisher\":{\"@id\":\"https:\\\/\\\/elcanillita.info\\\/press\\\/#organization\"},\"potentialAction\":[{\"@type\":\"SearchAction\",\"target\":{\"@type\":\"EntryPoint\",\"urlTemplate\":\"https:\\\/\\\/elcanillita.info\\\/press\\\/?s={search_term_string}\"},\"query-input\":{\"@type\":\"PropertyValueSpecification\",\"valueRequired\":true,\"valueName\":\"search_term_string\"}}],\"inLanguage\":\"es-AR\"},{\"@type\":\"Organization\",\"@id\":\"https:\\\/\\\/elcanillita.info\\\/press\\\/#organization\",\"name\":\"Guzzo Photos & Graphic Publications\",\"url\":\"https:\\\/\\\/elcanillita.info\\\/press\\\/\",\"logo\":{\"@type\":\"ImageObject\",\"inLanguage\":\"es-AR\",\"@id\":\"https:\\\/\\\/elcanillita.info\\\/press\\\/#\\\/schema\\\/logo\\\/image\\\/\",\"url\":\"https:\\\/\\\/elcanillita.info\\\/press\\\/images\\\/2020\\\/01\\\/cropped-cropped-cropped-elcanillitainfo.png\",\"contentUrl\":\"https:\\\/\\\/elcanillita.info\\\/press\\\/images\\\/2020\\\/01\\\/cropped-cropped-cropped-elcanillitainfo.png\",\"width\":460,\"height\":50,\"caption\":\"Guzzo Photos & Graphic Publications\"},\"image\":{\"@id\":\"https:\\\/\\\/elcanillita.info\\\/press\\\/#\\\/schema\\\/logo\\\/image\\\/\"},\"sameAs\":[\"https:\\\/\\\/ar-ar.facebook.com\\\/ElCanillitainfo-114249515285712\\\/\"]},{\"@type\":\"Person\",\"@id\":\"https:\\\/\\\/elcanillita.info\\\/press\\\/#\\\/schema\\\/person\\\/e37a550cff8f5f3407ed112e4cc619cb\",\"name\":\"ElCanillita.info Guzzo Photos &amp; Graphic Publications\",\"image\":{\"@type\":\"ImageObject\",\"inLanguage\":\"es-AR\",\"@id\":\"https:\\\/\\\/secure.gravatar.com\\\/avatar\\\/8914fbe0ef09248907e331ab93dfa89c7f76decf6b51cd1b2f8444e6260db772?s=96&d=mm&r=g\",\"url\":\"https:\\\/\\\/secure.gravatar.com\\\/avatar\\\/8914fbe0ef09248907e331ab93dfa89c7f76decf6b51cd1b2f8444e6260db772?s=96&d=mm&r=g\",\"contentUrl\":\"https:\\\/\\\/secure.gravatar.com\\\/avatar\\\/8914fbe0ef09248907e331ab93dfa89c7f76decf6b51cd1b2f8444e6260db772?s=96&d=mm&r=g\",\"caption\":\"ElCanillita.info Guzzo Photos &amp; Graphic Publications\"},\"sameAs\":[\"http:\\\/\\\/guzzophotos.com\"]}]}<\/script>\n<!-- \/ Yoast SEO plugin. -->","yoast_head_json":{"title":"Cristina y la moral: cuando el agua tibia parece lava volc\u00e1nica - ElCanillita.Info","robots":{"index":"index","follow":"follow","max-snippet":"max-snippet:-1","max-image-preview":"max-image-preview:large","max-video-preview":"max-video-preview:-1"},"canonical":"https:\/\/elcanillita.info\/press\/2025\/11\/30\/cristina-y-la-moral-cuando-el-agua-tibia-parece-lava-volcanica\/","og_locale":"es_ES","og_type":"article","og_title":"Cristina y la moral: cuando el agua tibia parece lava volc\u00e1nica - ElCanillita.Info","og_description":"Mientras Morales Sol\u00e1 desempolva el prontuario eterno de Cristina, el pa\u00eds vuelve a descubrir \u2014con asombro teatral\u2014 que la corrupci\u00f3n no era un mito n\u00f3rdico, sino una industria nacional. Y que Milei, para horror de sus devotos y detractores, deber\u00e1 decidir si sigue contando billetes o si empieza a contar valores.","og_url":"https:\/\/elcanillita.info\/press\/2025\/11\/30\/cristina-y-la-moral-cuando-el-agua-tibia-parece-lava-volcanica\/","og_site_name":"ElCanillita.Info","article_publisher":"https:\/\/ar-ar.facebook.com\/ElCanillitainfo-114249515285712\/","article_published_time":"2025-12-01T00:50:10+00:00","article_modified_time":"2025-12-01T01:23:50+00:00","author":"ElCanillita.info Guzzo Photos &amp; Graphic Publications","twitter_card":"summary_large_image","twitter_misc":{"Escrito por":"ElCanillita.info Guzzo Photos &amp; Graphic Publications","Tiempo de lectura":"3 minutos"},"schema":{"@context":"https:\/\/schema.org","@graph":[{"@type":"Article","@id":"https:\/\/elcanillita.info\/press\/2025\/11\/30\/cristina-y-la-moral-cuando-el-agua-tibia-parece-lava-volcanica\/#article","isPartOf":{"@id":"https:\/\/elcanillita.info\/press\/2025\/11\/30\/cristina-y-la-moral-cuando-el-agua-tibia-parece-lava-volcanica\/"},"author":{"name":"ElCanillita.info Guzzo Photos &amp; Graphic Publications","@id":"https:\/\/elcanillita.info\/press\/#\/schema\/person\/e37a550cff8f5f3407ed112e4cc619cb"},"headline":"Cristina y la moral: cuando el agua tibia parece lava volc\u00e1nica","datePublished":"2025-12-01T00:50:10+00:00","dateModified":"2025-12-01T01:23:50+00:00","mainEntityOfPage":{"@id":"https:\/\/elcanillita.info\/press\/2025\/11\/30\/cristina-y-la-moral-cuando-el-agua-tibia-parece-lava-volcanica\/"},"wordCount":633,"publisher":{"@id":"https:\/\/elcanillita.info\/press\/#organization"},"keywords":["Argentina"],"articleSection":[".",".","Actualidad","Am\u00e9rica del Sur","Argentina","Corrupci\u00f3n","Economia","Opini\u00f3n","Politica","Sociedad y valores"],"inLanguage":"es-AR"},{"@type":"WebPage","@id":"https:\/\/elcanillita.info\/press\/2025\/11\/30\/cristina-y-la-moral-cuando-el-agua-tibia-parece-lava-volcanica\/","url":"https:\/\/elcanillita.info\/press\/2025\/11\/30\/cristina-y-la-moral-cuando-el-agua-tibia-parece-lava-volcanica\/","name":"Cristina y la moral: cuando el agua tibia parece lava volc\u00e1nica - ElCanillita.Info","isPartOf":{"@id":"https:\/\/elcanillita.info\/press\/#website"},"datePublished":"2025-12-01T00:50:10+00:00","dateModified":"2025-12-01T01:23:50+00:00","inLanguage":"es-AR","potentialAction":[{"@type":"ReadAction","target":["https:\/\/elcanillita.info\/press\/2025\/11\/30\/cristina-y-la-moral-cuando-el-agua-tibia-parece-lava-volcanica\/"]}]},{"@type":"WebSite","@id":"https:\/\/elcanillita.info\/press\/#website","url":"https:\/\/elcanillita.info\/press\/","name":"ElCanillita.Info","description":"desde los Apeninos a los Andes","publisher":{"@id":"https:\/\/elcanillita.info\/press\/#organization"},"potentialAction":[{"@type":"SearchAction","target":{"@type":"EntryPoint","urlTemplate":"https:\/\/elcanillita.info\/press\/?s={search_term_string}"},"query-input":{"@type":"PropertyValueSpecification","valueRequired":true,"valueName":"search_term_string"}}],"inLanguage":"es-AR"},{"@type":"Organization","@id":"https:\/\/elcanillita.info\/press\/#organization","name":"Guzzo Photos & Graphic Publications","url":"https:\/\/elcanillita.info\/press\/","logo":{"@type":"ImageObject","inLanguage":"es-AR","@id":"https:\/\/elcanillita.info\/press\/#\/schema\/logo\/image\/","url":"https:\/\/elcanillita.info\/press\/images\/2020\/01\/cropped-cropped-cropped-elcanillitainfo.png","contentUrl":"https:\/\/elcanillita.info\/press\/images\/2020\/01\/cropped-cropped-cropped-elcanillitainfo.png","width":460,"height":50,"caption":"Guzzo Photos & Graphic Publications"},"image":{"@id":"https:\/\/elcanillita.info\/press\/#\/schema\/logo\/image\/"},"sameAs":["https:\/\/ar-ar.facebook.com\/ElCanillitainfo-114249515285712\/"]},{"@type":"Person","@id":"https:\/\/elcanillita.info\/press\/#\/schema\/person\/e37a550cff8f5f3407ed112e4cc619cb","name":"ElCanillita.info Guzzo Photos &amp; Graphic Publications","image":{"@type":"ImageObject","inLanguage":"es-AR","@id":"https:\/\/secure.gravatar.com\/avatar\/8914fbe0ef09248907e331ab93dfa89c7f76decf6b51cd1b2f8444e6260db772?s=96&d=mm&r=g","url":"https:\/\/secure.gravatar.com\/avatar\/8914fbe0ef09248907e331ab93dfa89c7f76decf6b51cd1b2f8444e6260db772?s=96&d=mm&r=g","contentUrl":"https:\/\/secure.gravatar.com\/avatar\/8914fbe0ef09248907e331ab93dfa89c7f76decf6b51cd1b2f8444e6260db772?s=96&d=mm&r=g","caption":"ElCanillita.info Guzzo Photos &amp; Graphic Publications"},"sameAs":["http:\/\/guzzophotos.com"]}]}},"views":132,"_links":{"self":[{"href":"https:\/\/elcanillita.info\/press\/wp-json\/wp\/v2\/posts\/5657","targetHints":{"allow":["GET"]}}],"collection":[{"href":"https:\/\/elcanillita.info\/press\/wp-json\/wp\/v2\/posts"}],"about":[{"href":"https:\/\/elcanillita.info\/press\/wp-json\/wp\/v2\/types\/post"}],"author":[{"embeddable":true,"href":"https:\/\/elcanillita.info\/press\/wp-json\/wp\/v2\/users\/14"}],"replies":[{"embeddable":true,"href":"https:\/\/elcanillita.info\/press\/wp-json\/wp\/v2\/comments?post=5657"}],"version-history":[{"count":0,"href":"https:\/\/elcanillita.info\/press\/wp-json\/wp\/v2\/posts\/5657\/revisions"}],"wp:attachment":[{"href":"https:\/\/elcanillita.info\/press\/wp-json\/wp\/v2\/media?parent=5657"}],"wp:term":[{"taxonomy":"category","embeddable":true,"href":"https:\/\/elcanillita.info\/press\/wp-json\/wp\/v2\/categories?post=5657"},{"taxonomy":"post_tag","embeddable":true,"href":"https:\/\/elcanillita.info\/press\/wp-json\/wp\/v2\/tags?post=5657"}],"curies":[{"name":"wp","href":"https:\/\/api.w.org\/{rel}","templated":true}]}}