{"id":5656,"date":"2025-11-28T20:39:15","date_gmt":"2025-11-28T23:39:15","guid":{"rendered":"https:\/\/elcanillita.info\/press\/?p=5656"},"modified":"2025-11-28T20:53:00","modified_gmt":"2025-11-28T23:53:00","slug":"chismes-al-horno","status":"publish","type":"post","link":"https:\/\/elcanillita.info\/press\/2025\/11\/28\/chismes-al-horno\/","title":{"rendered":"\ud83d\uddde\ufe0f \ud83d\udc83\ud83c\udfdb\ufe0f  Chismes al horno"},"content":{"rendered":"\n<p>Argentina<\/p>\n\n\n\n<p class=\"p1\">La interna del Gobierno ya no es un rumor: es un horno industrial sin termostato. Esta vez, el pan subi\u00f3 de m\u00e1s cuando Karina Milei y Manuel Adorni aparecieron en la jura de Patricia Bullrich como si fueran invitados VIP\u2026 pero sin invitaci\u00f3n.<\/p>\n\n\n\n<p class=\"p1\">Victoria Villarruel, que preside el Senado y tambi\u00e9n su propio microclima, dej\u00f3 trascender que no quer\u00eda gente del Ejecutivo en la ceremonia. Desde su entorno se hicieron los desentendidos: \u201cNo tenemos conocimiento al respecto\u201d. En la Argentina del \u201cyo no fui\u201d, esa frase ya es un cl\u00e1sico.<\/p>\n\n\n\n<p class=\"p1\">Bullrich, sin embargo, insisti\u00f3 en que fueran. Y ah\u00ed fueron: Karina, Adorni y Santilli, todos aplaudiendo de pie a la nueva senadora. Un aplauso que son\u00f3 m\u00e1s a mensaje que a ovaci\u00f3n. En pol\u00edtica, hasta las palmas tienen destinatario.<\/p>\n\n\n\n<p>El v\u00ednculo con Villarruel lleva meses oxid\u00e1ndose. Sin di\u00e1logo, sin c\u00f3digo com\u00fan y sin se\u00f1ales de reconciliaci\u00f3n. Milei, fiel a su estilo inflamable, lleg\u00f3 incluso a negarle el saludo durante el Tedeum del 25 de mayo en la Catedral Metropolitana, un gesto que sell\u00f3 p\u00fablicamente la distancia entre ambos. <\/p>\n\n\n\n<p class=\"p1\">Desde Balcarce 50 sienten que la vicepresidente juega por cuenta propia y, peor a\u00fan, por la cuenta del futuro: \u201cVictoria intenta voltearnos para asumir\u201d, deslizan voceros que creen que la traici\u00f3n tiene fecha de fabricaci\u00f3n.<\/p>\n\n\n\n<p class=\"p1\">Hace unas semanas, Villarruel protagoniz\u00f3 una velada digital digna de archivo: alent\u00f3 comentarios que la proclamaban como candidata presidencial, lo que gener\u00f3 carcajadas \u2014y preocupaci\u00f3n\u2014 en los pasillos libertarios.<\/p>\n\n\n\n<p class=\"p1\">Para sumar le\u00f1a al horno, la vicepresidente se mostr\u00f3 en sinton\u00eda con usuarios que denunciaban \u201cdecepci\u00f3n\u201d con el Gobierno, y aprovech\u00f3 para tirar sus dardos contra Karina Milei. Nada nuevo: en la Argentina, las redes sociales son el gimnasio donde se entrenan los boxeadores de la pol\u00edtica.<\/p>\n\n\n\n<p class=\"p1\">Y remat\u00f3 con una frase que ya circula en todas las panader\u00edas de la grieta:<\/p>\n\n\n\n<p class=\"p1\">\u201cYo no robo, laburo mucho y no he traicionado. El resto son chismes de panader\u00eda\u201d.<\/p>\n\n\n\n<p>El problema, Se\u00f1ora Vicepresidente, es que en esta panader\u00eda todos amasan, todos fermentan y todos quieren vender el pan del d\u00eda. Y la Rosada \u2014usted lo sabe\u2014 hornea para pocos, pero cocina para todos.<\/p>\n\n\n\n<p><\/p>\n\n\n\n<p>\u270d\ufe0f \u00a9 2025 \u201cLic. ADN &#8211; Analista de Designaciones Nep\u00f3ticas &#8211; All Rights Reserved&nbsp;<\/p>\n\n\n\n<p><\/p>\n\n\n<p><small>\u00a9\ufe0f2025  Guzzo Photos  &#038; Graphic Publications \u2013 All Rights Reserved \u2013 Copyright \u00a9\ufe0f 2025 SalaStampa.eu, world press service \u2013 Guzzo Photos &#038; Graphic Publications \u2013 Registro Editori e Stampatori n. 1441 Turin, Italy<\/small><\/p>\n\n\n<p><\/p>\n","protected":false},"excerpt":{"rendered":"<p>La Rosada cocina intrigas a toda hora: recetas cruzadas, egos inflados y un men\u00fa pol\u00edtico que nunca deja de fermentar.<\/p>\n","protected":false},"author":14,"featured_media":0,"comment_status":"closed","ping_status":"","sticky":false,"template":"","format":"standard","meta":{"footnotes":"","_links_to":"","_links_to_target":""},"categories":[108,121,70,11,123,23,137],"tags":[29],"class_list":["post-5656","post","type-post","status-publish","format-standard","hentry","category-blogdiario","category-dc24","category-actualidad","category-america-del-sur","category-argentina","category-politica","category-sociedad-y-valores","tag-argentina","entry","double"],"yoast_head":"<!-- This site is optimized with the Yoast SEO plugin v27.4 - https:\/\/yoast.com\/product\/yoast-seo-wordpress\/ -->\n<title>\ud83d\uddde\ufe0f \ud83d\udc83\ud83c\udfdb\ufe0f Chismes al horno - ElCanillita.Info<\/title>\n<meta name=\"robots\" content=\"index, follow, max-snippet:-1, max-image-preview:large, max-video-preview:-1\" \/>\n<link rel=\"canonical\" href=\"https:\/\/elcanillita.info\/press\/2025\/11\/28\/chismes-al-horno\/\" \/>\n<meta property=\"og:locale\" content=\"es_ES\" \/>\n<meta property=\"og:type\" content=\"article\" \/>\n<meta property=\"og:title\" content=\"\ud83d\uddde\ufe0f \ud83d\udc83\ud83c\udfdb\ufe0f Chismes al horno - ElCanillita.Info\" \/>\n<meta property=\"og:description\" content=\"La Rosada cocina intrigas a toda hora: recetas cruzadas, egos inflados y un men\u00fa pol\u00edtico que nunca deja de fermentar.\" \/>\n<meta property=\"og:url\" content=\"https:\/\/elcanillita.info\/press\/2025\/11\/28\/chismes-al-horno\/\" \/>\n<meta property=\"og:site_name\" content=\"ElCanillita.Info\" \/>\n<meta property=\"article:publisher\" content=\"https:\/\/ar-ar.facebook.com\/ElCanillitainfo-114249515285712\/\" \/>\n<meta property=\"article:published_time\" content=\"2025-11-28T23:39:15+00:00\" \/>\n<meta property=\"article:modified_time\" content=\"2025-11-28T23:53:00+00:00\" \/>\n<meta name=\"author\" content=\"ElCanillita.info Guzzo Photos &amp; Graphic Publications\" \/>\n<meta name=\"twitter:card\" content=\"summary_large_image\" \/>\n<meta name=\"twitter:label1\" content=\"Escrito por\" \/>\n\t<meta name=\"twitter:data1\" content=\"ElCanillita.info Guzzo Photos &amp; Graphic Publications\" \/>\n\t<meta name=\"twitter:label2\" content=\"Tiempo de lectura\" \/>\n\t<meta name=\"twitter:data2\" content=\"2 minutos\" \/>\n<script type=\"application\/ld+json\" class=\"yoast-schema-graph\">{\"@context\":\"https:\\\/\\\/schema.org\",\"@graph\":[{\"@type\":\"Article\",\"@id\":\"https:\\\/\\\/elcanillita.info\\\/press\\\/2025\\\/11\\\/28\\\/chismes-al-horno\\\/#article\",\"isPartOf\":{\"@id\":\"https:\\\/\\\/elcanillita.info\\\/press\\\/2025\\\/11\\\/28\\\/chismes-al-horno\\\/\"},\"author\":{\"name\":\"ElCanillita.info Guzzo Photos &amp; Graphic Publications\",\"@id\":\"https:\\\/\\\/elcanillita.info\\\/press\\\/#\\\/schema\\\/person\\\/e37a550cff8f5f3407ed112e4cc619cb\"},\"headline\":\"\ud83d\uddde\ufe0f \ud83d\udc83\ud83c\udfdb\ufe0f Chismes al horno\",\"datePublished\":\"2025-11-28T23:39:15+00:00\",\"dateModified\":\"2025-11-28T23:53:00+00:00\",\"mainEntityOfPage\":{\"@id\":\"https:\\\/\\\/elcanillita.info\\\/press\\\/2025\\\/11\\\/28\\\/chismes-al-horno\\\/\"},\"wordCount\":421,\"publisher\":{\"@id\":\"https:\\\/\\\/elcanillita.info\\\/press\\\/#organization\"},\"keywords\":[\"Argentina\"],\"articleSection\":[\".\",\".\",\"Actualidad\",\"Am\u00e9rica del Sur\",\"Argentina\",\"Politica\",\"Sociedad y valores\"],\"inLanguage\":\"es-AR\"},{\"@type\":\"WebPage\",\"@id\":\"https:\\\/\\\/elcanillita.info\\\/press\\\/2025\\\/11\\\/28\\\/chismes-al-horno\\\/\",\"url\":\"https:\\\/\\\/elcanillita.info\\\/press\\\/2025\\\/11\\\/28\\\/chismes-al-horno\\\/\",\"name\":\"\ud83d\uddde\ufe0f \ud83d\udc83\ud83c\udfdb\ufe0f Chismes al horno - ElCanillita.Info\",\"isPartOf\":{\"@id\":\"https:\\\/\\\/elcanillita.info\\\/press\\\/#website\"},\"datePublished\":\"2025-11-28T23:39:15+00:00\",\"dateModified\":\"2025-11-28T23:53:00+00:00\",\"inLanguage\":\"es-AR\",\"potentialAction\":[{\"@type\":\"ReadAction\",\"target\":[\"https:\\\/\\\/elcanillita.info\\\/press\\\/2025\\\/11\\\/28\\\/chismes-al-horno\\\/\"]}]},{\"@type\":\"WebSite\",\"@id\":\"https:\\\/\\\/elcanillita.info\\\/press\\\/#website\",\"url\":\"https:\\\/\\\/elcanillita.info\\\/press\\\/\",\"name\":\"ElCanillita.Info\",\"description\":\"desde los Apeninos a los Andes\",\"publisher\":{\"@id\":\"https:\\\/\\\/elcanillita.info\\\/press\\\/#organization\"},\"potentialAction\":[{\"@type\":\"SearchAction\",\"target\":{\"@type\":\"EntryPoint\",\"urlTemplate\":\"https:\\\/\\\/elcanillita.info\\\/press\\\/?s={search_term_string}\"},\"query-input\":{\"@type\":\"PropertyValueSpecification\",\"valueRequired\":true,\"valueName\":\"search_term_string\"}}],\"inLanguage\":\"es-AR\"},{\"@type\":\"Organization\",\"@id\":\"https:\\\/\\\/elcanillita.info\\\/press\\\/#organization\",\"name\":\"Guzzo Photos & Graphic Publications\",\"url\":\"https:\\\/\\\/elcanillita.info\\\/press\\\/\",\"logo\":{\"@type\":\"ImageObject\",\"inLanguage\":\"es-AR\",\"@id\":\"https:\\\/\\\/elcanillita.info\\\/press\\\/#\\\/schema\\\/logo\\\/image\\\/\",\"url\":\"https:\\\/\\\/elcanillita.info\\\/press\\\/images\\\/2020\\\/01\\\/cropped-cropped-cropped-elcanillitainfo.png\",\"contentUrl\":\"https:\\\/\\\/elcanillita.info\\\/press\\\/images\\\/2020\\\/01\\\/cropped-cropped-cropped-elcanillitainfo.png\",\"width\":460,\"height\":50,\"caption\":\"Guzzo Photos & Graphic Publications\"},\"image\":{\"@id\":\"https:\\\/\\\/elcanillita.info\\\/press\\\/#\\\/schema\\\/logo\\\/image\\\/\"},\"sameAs\":[\"https:\\\/\\\/ar-ar.facebook.com\\\/ElCanillitainfo-114249515285712\\\/\"]},{\"@type\":\"Person\",\"@id\":\"https:\\\/\\\/elcanillita.info\\\/press\\\/#\\\/schema\\\/person\\\/e37a550cff8f5f3407ed112e4cc619cb\",\"name\":\"ElCanillita.info Guzzo Photos &amp; Graphic Publications\",\"image\":{\"@type\":\"ImageObject\",\"inLanguage\":\"es-AR\",\"@id\":\"https:\\\/\\\/secure.gravatar.com\\\/avatar\\\/8914fbe0ef09248907e331ab93dfa89c7f76decf6b51cd1b2f8444e6260db772?s=96&d=mm&r=g\",\"url\":\"https:\\\/\\\/secure.gravatar.com\\\/avatar\\\/8914fbe0ef09248907e331ab93dfa89c7f76decf6b51cd1b2f8444e6260db772?s=96&d=mm&r=g\",\"contentUrl\":\"https:\\\/\\\/secure.gravatar.com\\\/avatar\\\/8914fbe0ef09248907e331ab93dfa89c7f76decf6b51cd1b2f8444e6260db772?s=96&d=mm&r=g\",\"caption\":\"ElCanillita.info Guzzo Photos &amp; Graphic Publications\"},\"sameAs\":[\"http:\\\/\\\/guzzophotos.com\"]}]}<\/script>\n<!-- \/ Yoast SEO plugin. -->","yoast_head_json":{"title":"\ud83d\uddde\ufe0f \ud83d\udc83\ud83c\udfdb\ufe0f Chismes al horno - ElCanillita.Info","robots":{"index":"index","follow":"follow","max-snippet":"max-snippet:-1","max-image-preview":"max-image-preview:large","max-video-preview":"max-video-preview:-1"},"canonical":"https:\/\/elcanillita.info\/press\/2025\/11\/28\/chismes-al-horno\/","og_locale":"es_ES","og_type":"article","og_title":"\ud83d\uddde\ufe0f \ud83d\udc83\ud83c\udfdb\ufe0f Chismes al horno - ElCanillita.Info","og_description":"La Rosada cocina intrigas a toda hora: recetas cruzadas, egos inflados y un men\u00fa pol\u00edtico que nunca deja de fermentar.","og_url":"https:\/\/elcanillita.info\/press\/2025\/11\/28\/chismes-al-horno\/","og_site_name":"ElCanillita.Info","article_publisher":"https:\/\/ar-ar.facebook.com\/ElCanillitainfo-114249515285712\/","article_published_time":"2025-11-28T23:39:15+00:00","article_modified_time":"2025-11-28T23:53:00+00:00","author":"ElCanillita.info Guzzo Photos &amp; Graphic Publications","twitter_card":"summary_large_image","twitter_misc":{"Escrito por":"ElCanillita.info Guzzo Photos &amp; Graphic Publications","Tiempo de lectura":"2 minutos"},"schema":{"@context":"https:\/\/schema.org","@graph":[{"@type":"Article","@id":"https:\/\/elcanillita.info\/press\/2025\/11\/28\/chismes-al-horno\/#article","isPartOf":{"@id":"https:\/\/elcanillita.info\/press\/2025\/11\/28\/chismes-al-horno\/"},"author":{"name":"ElCanillita.info Guzzo Photos &amp; Graphic Publications","@id":"https:\/\/elcanillita.info\/press\/#\/schema\/person\/e37a550cff8f5f3407ed112e4cc619cb"},"headline":"\ud83d\uddde\ufe0f \ud83d\udc83\ud83c\udfdb\ufe0f Chismes al horno","datePublished":"2025-11-28T23:39:15+00:00","dateModified":"2025-11-28T23:53:00+00:00","mainEntityOfPage":{"@id":"https:\/\/elcanillita.info\/press\/2025\/11\/28\/chismes-al-horno\/"},"wordCount":421,"publisher":{"@id":"https:\/\/elcanillita.info\/press\/#organization"},"keywords":["Argentina"],"articleSection":[".",".","Actualidad","Am\u00e9rica del Sur","Argentina","Politica","Sociedad y valores"],"inLanguage":"es-AR"},{"@type":"WebPage","@id":"https:\/\/elcanillita.info\/press\/2025\/11\/28\/chismes-al-horno\/","url":"https:\/\/elcanillita.info\/press\/2025\/11\/28\/chismes-al-horno\/","name":"\ud83d\uddde\ufe0f \ud83d\udc83\ud83c\udfdb\ufe0f Chismes al horno - ElCanillita.Info","isPartOf":{"@id":"https:\/\/elcanillita.info\/press\/#website"},"datePublished":"2025-11-28T23:39:15+00:00","dateModified":"2025-11-28T23:53:00+00:00","inLanguage":"es-AR","potentialAction":[{"@type":"ReadAction","target":["https:\/\/elcanillita.info\/press\/2025\/11\/28\/chismes-al-horno\/"]}]},{"@type":"WebSite","@id":"https:\/\/elcanillita.info\/press\/#website","url":"https:\/\/elcanillita.info\/press\/","name":"ElCanillita.Info","description":"desde los Apeninos a los Andes","publisher":{"@id":"https:\/\/elcanillita.info\/press\/#organization"},"potentialAction":[{"@type":"SearchAction","target":{"@type":"EntryPoint","urlTemplate":"https:\/\/elcanillita.info\/press\/?s={search_term_string}"},"query-input":{"@type":"PropertyValueSpecification","valueRequired":true,"valueName":"search_term_string"}}],"inLanguage":"es-AR"},{"@type":"Organization","@id":"https:\/\/elcanillita.info\/press\/#organization","name":"Guzzo Photos & Graphic Publications","url":"https:\/\/elcanillita.info\/press\/","logo":{"@type":"ImageObject","inLanguage":"es-AR","@id":"https:\/\/elcanillita.info\/press\/#\/schema\/logo\/image\/","url":"https:\/\/elcanillita.info\/press\/images\/2020\/01\/cropped-cropped-cropped-elcanillitainfo.png","contentUrl":"https:\/\/elcanillita.info\/press\/images\/2020\/01\/cropped-cropped-cropped-elcanillitainfo.png","width":460,"height":50,"caption":"Guzzo Photos & Graphic Publications"},"image":{"@id":"https:\/\/elcanillita.info\/press\/#\/schema\/logo\/image\/"},"sameAs":["https:\/\/ar-ar.facebook.com\/ElCanillitainfo-114249515285712\/"]},{"@type":"Person","@id":"https:\/\/elcanillita.info\/press\/#\/schema\/person\/e37a550cff8f5f3407ed112e4cc619cb","name":"ElCanillita.info Guzzo Photos &amp; Graphic Publications","image":{"@type":"ImageObject","inLanguage":"es-AR","@id":"https:\/\/secure.gravatar.com\/avatar\/8914fbe0ef09248907e331ab93dfa89c7f76decf6b51cd1b2f8444e6260db772?s=96&d=mm&r=g","url":"https:\/\/secure.gravatar.com\/avatar\/8914fbe0ef09248907e331ab93dfa89c7f76decf6b51cd1b2f8444e6260db772?s=96&d=mm&r=g","contentUrl":"https:\/\/secure.gravatar.com\/avatar\/8914fbe0ef09248907e331ab93dfa89c7f76decf6b51cd1b2f8444e6260db772?s=96&d=mm&r=g","caption":"ElCanillita.info Guzzo Photos &amp; Graphic Publications"},"sameAs":["http:\/\/guzzophotos.com"]}]}},"views":133,"_links":{"self":[{"href":"https:\/\/elcanillita.info\/press\/wp-json\/wp\/v2\/posts\/5656","targetHints":{"allow":["GET"]}}],"collection":[{"href":"https:\/\/elcanillita.info\/press\/wp-json\/wp\/v2\/posts"}],"about":[{"href":"https:\/\/elcanillita.info\/press\/wp-json\/wp\/v2\/types\/post"}],"author":[{"embeddable":true,"href":"https:\/\/elcanillita.info\/press\/wp-json\/wp\/v2\/users\/14"}],"replies":[{"embeddable":true,"href":"https:\/\/elcanillita.info\/press\/wp-json\/wp\/v2\/comments?post=5656"}],"version-history":[{"count":0,"href":"https:\/\/elcanillita.info\/press\/wp-json\/wp\/v2\/posts\/5656\/revisions"}],"wp:attachment":[{"href":"https:\/\/elcanillita.info\/press\/wp-json\/wp\/v2\/media?parent=5656"}],"wp:term":[{"taxonomy":"category","embeddable":true,"href":"https:\/\/elcanillita.info\/press\/wp-json\/wp\/v2\/categories?post=5656"},{"taxonomy":"post_tag","embeddable":true,"href":"https:\/\/elcanillita.info\/press\/wp-json\/wp\/v2\/tags?post=5656"}],"curies":[{"name":"wp","href":"https:\/\/api.w.org\/{rel}","templated":true}]}}