{"id":5655,"date":"2025-11-28T04:18:00","date_gmt":"2025-11-28T07:18:00","guid":{"rendered":"https:\/\/elcanillita.info\/press\/?p=5655"},"modified":"2025-11-28T04:18:25","modified_gmt":"2025-11-28T07:18:25","slug":"la-pelota-esta-sucia-pero-los-guantes-estan-peor","status":"publish","type":"post","link":"https:\/\/elcanillita.info\/press\/2025\/11\/28\/la-pelota-esta-sucia-pero-los-guantes-estan-peor\/","title":{"rendered":"\ud83d\uddde\ufe0f \u26bd\ud83e\udd47\ud83c\udfdb\ufe0f La pelota est\u00e1 sucia, pero los guantes est\u00e1n peor"},"content":{"rendered":"\n<p class=\"p1\">El d\u00eda empez\u00f3 con un pase corto pero contundente: Manuel Adorni anunci\u00f3 que Javier Milei cancelaba su viaje a Washington para presenciar el sorteo del Mundial. Sin met\u00e1foras, sin rodeos y con su sello final: \u201cFin\u201d.<\/p>\n\n\n\n<p class=\"p1\">Perfecto para un parte de guerra, extra\u00f1o para un evento de FIFA.<\/p>\n\n\n\n<p class=\"p1\">En Balcarce 50 nadie explic\u00f3 demasiado. Tal vez el Presidente calcul\u00f3 que, con tantos incendios internos, no era prudente aparecer en primera fila de un sorteo global. En la Argentina, cualquier bola caliente termina explotando en Casa Rosada.<\/p>\n\n\n\n<p class=\"p1\">A la misma hora, en la otra vereda de esta novela, la AFA confirm\u00f3 la suspensi\u00f3n de Juan Sebasti\u00e1n Ver\u00f3n por seis meses por el c\u00e9lebre pasillo de espaldas. Nada de tibiezas: sanci\u00f3n completa, multa de 4.000 d\u00f3lares y castigos para un plantel que deber\u00e1 cumplirlos reci\u00e9n en el pr\u00f3ximo torneo.<\/p>\n\n\n\n<p class=\"p1\">Disciplinar sin interrumpir los Playoffs: el ADN nacional.<\/p>\n\n\n\n<p class=\"p1\">Para completar la escena, el Tribunal decidi\u00f3 que Santiago N\u00fa\u00f1ez no pueda llevar la cinta de capit\u00e1n durante tres meses. Medida pedag\u00f3gica o gesto pol\u00edtico: seg\u00fan qui\u00e9n la lea, corre en una direcci\u00f3n u otra. En Estudiantes intentan concentrarse en el cruce con Central C\u00f3rdoba, pero el ruido institucional ya juega de volante creativo.<\/p>\n\n\n\n<p class=\"p1\">Y cuando el guion parec\u00eda cerrado, Patricia Bullrich entr\u00f3 a la cancha sin que nadie la llamara.<\/p>\n\n\n\n<p class=\"p1\">\u201cVer\u00f3n est\u00e1 con el hincha de verdad. Tapia, con la casta y la mafia de siempre\u201d, dispar\u00f3 en X.<\/p>\n\n\n\n<p class=\"p1\">No fue un comentario: fue un misil.<\/p>\n\n\n\n<p class=\"p1\">Luego remat\u00f3 con una frase que quedar\u00e1 archivada:<\/p>\n\n\n\n<p class=\"p1\">\u201cLa pelota no se mancha. Aunque creo que ya est\u00e1 bastante sucia.\u201d<\/p>\n\n\n\n<p class=\"p1\">No es solo f\u00fatbol. Es un anticipo de la batalla que se viene por el control pol\u00edtico, econ\u00f3mico y simb\u00f3lico del deporte m\u00e1s importante del pa\u00eds. Cada sanci\u00f3n, cada viaje cancelado y cada tuit incendiario forman parte de un mismo mapa de poder. La AFA es territorio y la pol\u00edtica lo sabe.<\/p>\n\n\n\n<p class=\"p1\">As\u00ed queda planteada la verdadera pregunta del d\u00eda:<\/p>\n\n\n\n<p class=\"p1\">\u00bfLa pelota est\u00e1 demasiado sucia o los guantes demasiado manchados?<\/p>\n\n\n\n<p class=\"p1\">En la Argentina, a veces ni el VAR quiere mirar.<\/p>\n\n\n\n<p><\/p>\n\n\n\n<p>\u270d\ufe0f \u00a9\ufe0f 2025&nbsp; Pepe fuera de campo \u2013 All Rights Reserved<\/p>\n\n\n\n<p><\/p>\n\n\n<p><small>\u00a9\ufe0f2025  Guzzo Photos  &#038; Graphic Publications \u2013 All Rights Reserved \u2013 Copyright \u00a9\ufe0f 2025 SalaStampa.eu, world press service \u2013 Guzzo Photos &#038; Graphic Publications \u2013 Registro Editori e Stampatori n. 1441 Turin, Italy<\/small><\/p>\n\n\n<p><\/p>\n","protected":false},"excerpt":{"rendered":"<p>El Presidente se baja del viaje al sorteo del Mundial, la AFA congela a Ver\u00f3n por seis meses y Patricia Bullrich irrumpe en la interna como si fuera un Supercl\u00e1sico. En la Argentina, el f\u00fatbol nunca es solo f\u00fatbol.<\/p>\n","protected":false},"author":14,"featured_media":0,"comment_status":"closed","ping_status":"","sticky":false,"template":"","format":"standard","meta":{"footnotes":"","_links_to":"","_links_to_target":""},"categories":[121,108,70,11,123,134,23,137,26],"tags":[29],"class_list":["post-5655","post","type-post","status-publish","format-standard","hentry","category-dc24","category-blogdiario","category-actualidad","category-america-del-sur","category-argentina","category-educacion","category-politica","category-sociedad-y-valores","category-sport","tag-argentina","entry","double"],"yoast_head":"<!-- This site is optimized with the Yoast SEO plugin v27.4 - https:\/\/yoast.com\/product\/yoast-seo-wordpress\/ -->\n<title>\ud83d\uddde\ufe0f \u26bd\ud83e\udd47\ud83c\udfdb\ufe0f La pelota est\u00e1 sucia, pero los guantes est\u00e1n peor - ElCanillita.Info<\/title>\n<meta name=\"robots\" content=\"index, follow, max-snippet:-1, max-image-preview:large, max-video-preview:-1\" \/>\n<link rel=\"canonical\" href=\"https:\/\/elcanillita.info\/press\/2025\/11\/28\/la-pelota-esta-sucia-pero-los-guantes-estan-peor\/\" \/>\n<meta property=\"og:locale\" content=\"es_ES\" \/>\n<meta property=\"og:type\" content=\"article\" \/>\n<meta property=\"og:title\" content=\"\ud83d\uddde\ufe0f \u26bd\ud83e\udd47\ud83c\udfdb\ufe0f La pelota est\u00e1 sucia, pero los guantes est\u00e1n peor - ElCanillita.Info\" \/>\n<meta property=\"og:description\" content=\"El Presidente se baja del viaje al sorteo del Mundial, la AFA congela a Ver\u00f3n por seis meses y Patricia Bullrich irrumpe en la interna como si fuera un Supercl\u00e1sico. En la Argentina, el f\u00fatbol nunca es solo f\u00fatbol.\" \/>\n<meta property=\"og:url\" content=\"https:\/\/elcanillita.info\/press\/2025\/11\/28\/la-pelota-esta-sucia-pero-los-guantes-estan-peor\/\" \/>\n<meta property=\"og:site_name\" content=\"ElCanillita.Info\" \/>\n<meta property=\"article:publisher\" content=\"https:\/\/ar-ar.facebook.com\/ElCanillitainfo-114249515285712\/\" \/>\n<meta property=\"article:published_time\" content=\"2025-11-28T07:18:00+00:00\" \/>\n<meta property=\"article:modified_time\" content=\"2025-11-28T07:18:25+00:00\" \/>\n<meta name=\"author\" content=\"ElCanillita.info Guzzo Photos &amp; Graphic Publications\" \/>\n<meta name=\"twitter:card\" content=\"summary_large_image\" \/>\n<meta name=\"twitter:label1\" content=\"Escrito por\" \/>\n\t<meta name=\"twitter:data1\" content=\"ElCanillita.info Guzzo Photos &amp; Graphic Publications\" \/>\n\t<meta name=\"twitter:label2\" content=\"Tiempo de lectura\" \/>\n\t<meta name=\"twitter:data2\" content=\"2 minutos\" \/>\n<script type=\"application\/ld+json\" class=\"yoast-schema-graph\">{\"@context\":\"https:\\\/\\\/schema.org\",\"@graph\":[{\"@type\":\"Article\",\"@id\":\"https:\\\/\\\/elcanillita.info\\\/press\\\/2025\\\/11\\\/28\\\/la-pelota-esta-sucia-pero-los-guantes-estan-peor\\\/#article\",\"isPartOf\":{\"@id\":\"https:\\\/\\\/elcanillita.info\\\/press\\\/2025\\\/11\\\/28\\\/la-pelota-esta-sucia-pero-los-guantes-estan-peor\\\/\"},\"author\":{\"name\":\"ElCanillita.info Guzzo Photos &amp; Graphic Publications\",\"@id\":\"https:\\\/\\\/elcanillita.info\\\/press\\\/#\\\/schema\\\/person\\\/e37a550cff8f5f3407ed112e4cc619cb\"},\"headline\":\"\ud83d\uddde\ufe0f \u26bd\ud83e\udd47\ud83c\udfdb\ufe0f La pelota est\u00e1 sucia, pero los guantes est\u00e1n peor\",\"datePublished\":\"2025-11-28T07:18:00+00:00\",\"dateModified\":\"2025-11-28T07:18:25+00:00\",\"mainEntityOfPage\":{\"@id\":\"https:\\\/\\\/elcanillita.info\\\/press\\\/2025\\\/11\\\/28\\\/la-pelota-esta-sucia-pero-los-guantes-estan-peor\\\/\"},\"wordCount\":412,\"publisher\":{\"@id\":\"https:\\\/\\\/elcanillita.info\\\/press\\\/#organization\"},\"keywords\":[\"Argentina\"],\"articleSection\":[\".\",\".\",\"Actualidad\",\"Am\u00e9rica del Sur\",\"Argentina\",\"Educaci\u00f3n\",\"Politica\",\"Sociedad y valores\",\"Sport\"],\"inLanguage\":\"es-AR\"},{\"@type\":\"WebPage\",\"@id\":\"https:\\\/\\\/elcanillita.info\\\/press\\\/2025\\\/11\\\/28\\\/la-pelota-esta-sucia-pero-los-guantes-estan-peor\\\/\",\"url\":\"https:\\\/\\\/elcanillita.info\\\/press\\\/2025\\\/11\\\/28\\\/la-pelota-esta-sucia-pero-los-guantes-estan-peor\\\/\",\"name\":\"\ud83d\uddde\ufe0f \u26bd\ud83e\udd47\ud83c\udfdb\ufe0f La pelota est\u00e1 sucia, pero los guantes est\u00e1n peor - ElCanillita.Info\",\"isPartOf\":{\"@id\":\"https:\\\/\\\/elcanillita.info\\\/press\\\/#website\"},\"datePublished\":\"2025-11-28T07:18:00+00:00\",\"dateModified\":\"2025-11-28T07:18:25+00:00\",\"inLanguage\":\"es-AR\",\"potentialAction\":[{\"@type\":\"ReadAction\",\"target\":[\"https:\\\/\\\/elcanillita.info\\\/press\\\/2025\\\/11\\\/28\\\/la-pelota-esta-sucia-pero-los-guantes-estan-peor\\\/\"]}]},{\"@type\":\"WebSite\",\"@id\":\"https:\\\/\\\/elcanillita.info\\\/press\\\/#website\",\"url\":\"https:\\\/\\\/elcanillita.info\\\/press\\\/\",\"name\":\"ElCanillita.Info\",\"description\":\"desde los Apeninos a los Andes\",\"publisher\":{\"@id\":\"https:\\\/\\\/elcanillita.info\\\/press\\\/#organization\"},\"potentialAction\":[{\"@type\":\"SearchAction\",\"target\":{\"@type\":\"EntryPoint\",\"urlTemplate\":\"https:\\\/\\\/elcanillita.info\\\/press\\\/?s={search_term_string}\"},\"query-input\":{\"@type\":\"PropertyValueSpecification\",\"valueRequired\":true,\"valueName\":\"search_term_string\"}}],\"inLanguage\":\"es-AR\"},{\"@type\":\"Organization\",\"@id\":\"https:\\\/\\\/elcanillita.info\\\/press\\\/#organization\",\"name\":\"Guzzo Photos & Graphic Publications\",\"url\":\"https:\\\/\\\/elcanillita.info\\\/press\\\/\",\"logo\":{\"@type\":\"ImageObject\",\"inLanguage\":\"es-AR\",\"@id\":\"https:\\\/\\\/elcanillita.info\\\/press\\\/#\\\/schema\\\/logo\\\/image\\\/\",\"url\":\"https:\\\/\\\/elcanillita.info\\\/press\\\/images\\\/2020\\\/01\\\/cropped-cropped-cropped-elcanillitainfo.png\",\"contentUrl\":\"https:\\\/\\\/elcanillita.info\\\/press\\\/images\\\/2020\\\/01\\\/cropped-cropped-cropped-elcanillitainfo.png\",\"width\":460,\"height\":50,\"caption\":\"Guzzo Photos & Graphic Publications\"},\"image\":{\"@id\":\"https:\\\/\\\/elcanillita.info\\\/press\\\/#\\\/schema\\\/logo\\\/image\\\/\"},\"sameAs\":[\"https:\\\/\\\/ar-ar.facebook.com\\\/ElCanillitainfo-114249515285712\\\/\"]},{\"@type\":\"Person\",\"@id\":\"https:\\\/\\\/elcanillita.info\\\/press\\\/#\\\/schema\\\/person\\\/e37a550cff8f5f3407ed112e4cc619cb\",\"name\":\"ElCanillita.info Guzzo Photos &amp; Graphic Publications\",\"image\":{\"@type\":\"ImageObject\",\"inLanguage\":\"es-AR\",\"@id\":\"https:\\\/\\\/secure.gravatar.com\\\/avatar\\\/8914fbe0ef09248907e331ab93dfa89c7f76decf6b51cd1b2f8444e6260db772?s=96&d=mm&r=g\",\"url\":\"https:\\\/\\\/secure.gravatar.com\\\/avatar\\\/8914fbe0ef09248907e331ab93dfa89c7f76decf6b51cd1b2f8444e6260db772?s=96&d=mm&r=g\",\"contentUrl\":\"https:\\\/\\\/secure.gravatar.com\\\/avatar\\\/8914fbe0ef09248907e331ab93dfa89c7f76decf6b51cd1b2f8444e6260db772?s=96&d=mm&r=g\",\"caption\":\"ElCanillita.info Guzzo Photos &amp; Graphic Publications\"},\"sameAs\":[\"http:\\\/\\\/guzzophotos.com\"]}]}<\/script>\n<!-- \/ Yoast SEO plugin. -->","yoast_head_json":{"title":"\ud83d\uddde\ufe0f \u26bd\ud83e\udd47\ud83c\udfdb\ufe0f La pelota est\u00e1 sucia, pero los guantes est\u00e1n peor - ElCanillita.Info","robots":{"index":"index","follow":"follow","max-snippet":"max-snippet:-1","max-image-preview":"max-image-preview:large","max-video-preview":"max-video-preview:-1"},"canonical":"https:\/\/elcanillita.info\/press\/2025\/11\/28\/la-pelota-esta-sucia-pero-los-guantes-estan-peor\/","og_locale":"es_ES","og_type":"article","og_title":"\ud83d\uddde\ufe0f \u26bd\ud83e\udd47\ud83c\udfdb\ufe0f La pelota est\u00e1 sucia, pero los guantes est\u00e1n peor - ElCanillita.Info","og_description":"El Presidente se baja del viaje al sorteo del Mundial, la AFA congela a Ver\u00f3n por seis meses y Patricia Bullrich irrumpe en la interna como si fuera un Supercl\u00e1sico. En la Argentina, el f\u00fatbol nunca es solo f\u00fatbol.","og_url":"https:\/\/elcanillita.info\/press\/2025\/11\/28\/la-pelota-esta-sucia-pero-los-guantes-estan-peor\/","og_site_name":"ElCanillita.Info","article_publisher":"https:\/\/ar-ar.facebook.com\/ElCanillitainfo-114249515285712\/","article_published_time":"2025-11-28T07:18:00+00:00","article_modified_time":"2025-11-28T07:18:25+00:00","author":"ElCanillita.info Guzzo Photos &amp; Graphic Publications","twitter_card":"summary_large_image","twitter_misc":{"Escrito por":"ElCanillita.info Guzzo Photos &amp; Graphic Publications","Tiempo de lectura":"2 minutos"},"schema":{"@context":"https:\/\/schema.org","@graph":[{"@type":"Article","@id":"https:\/\/elcanillita.info\/press\/2025\/11\/28\/la-pelota-esta-sucia-pero-los-guantes-estan-peor\/#article","isPartOf":{"@id":"https:\/\/elcanillita.info\/press\/2025\/11\/28\/la-pelota-esta-sucia-pero-los-guantes-estan-peor\/"},"author":{"name":"ElCanillita.info Guzzo Photos &amp; Graphic Publications","@id":"https:\/\/elcanillita.info\/press\/#\/schema\/person\/e37a550cff8f5f3407ed112e4cc619cb"},"headline":"\ud83d\uddde\ufe0f \u26bd\ud83e\udd47\ud83c\udfdb\ufe0f La pelota est\u00e1 sucia, pero los guantes est\u00e1n peor","datePublished":"2025-11-28T07:18:00+00:00","dateModified":"2025-11-28T07:18:25+00:00","mainEntityOfPage":{"@id":"https:\/\/elcanillita.info\/press\/2025\/11\/28\/la-pelota-esta-sucia-pero-los-guantes-estan-peor\/"},"wordCount":412,"publisher":{"@id":"https:\/\/elcanillita.info\/press\/#organization"},"keywords":["Argentina"],"articleSection":[".",".","Actualidad","Am\u00e9rica del Sur","Argentina","Educaci\u00f3n","Politica","Sociedad y valores","Sport"],"inLanguage":"es-AR"},{"@type":"WebPage","@id":"https:\/\/elcanillita.info\/press\/2025\/11\/28\/la-pelota-esta-sucia-pero-los-guantes-estan-peor\/","url":"https:\/\/elcanillita.info\/press\/2025\/11\/28\/la-pelota-esta-sucia-pero-los-guantes-estan-peor\/","name":"\ud83d\uddde\ufe0f \u26bd\ud83e\udd47\ud83c\udfdb\ufe0f La pelota est\u00e1 sucia, pero los guantes est\u00e1n peor - ElCanillita.Info","isPartOf":{"@id":"https:\/\/elcanillita.info\/press\/#website"},"datePublished":"2025-11-28T07:18:00+00:00","dateModified":"2025-11-28T07:18:25+00:00","inLanguage":"es-AR","potentialAction":[{"@type":"ReadAction","target":["https:\/\/elcanillita.info\/press\/2025\/11\/28\/la-pelota-esta-sucia-pero-los-guantes-estan-peor\/"]}]},{"@type":"WebSite","@id":"https:\/\/elcanillita.info\/press\/#website","url":"https:\/\/elcanillita.info\/press\/","name":"ElCanillita.Info","description":"desde los Apeninos a los Andes","publisher":{"@id":"https:\/\/elcanillita.info\/press\/#organization"},"potentialAction":[{"@type":"SearchAction","target":{"@type":"EntryPoint","urlTemplate":"https:\/\/elcanillita.info\/press\/?s={search_term_string}"},"query-input":{"@type":"PropertyValueSpecification","valueRequired":true,"valueName":"search_term_string"}}],"inLanguage":"es-AR"},{"@type":"Organization","@id":"https:\/\/elcanillita.info\/press\/#organization","name":"Guzzo Photos & Graphic Publications","url":"https:\/\/elcanillita.info\/press\/","logo":{"@type":"ImageObject","inLanguage":"es-AR","@id":"https:\/\/elcanillita.info\/press\/#\/schema\/logo\/image\/","url":"https:\/\/elcanillita.info\/press\/images\/2020\/01\/cropped-cropped-cropped-elcanillitainfo.png","contentUrl":"https:\/\/elcanillita.info\/press\/images\/2020\/01\/cropped-cropped-cropped-elcanillitainfo.png","width":460,"height":50,"caption":"Guzzo Photos & Graphic Publications"},"image":{"@id":"https:\/\/elcanillita.info\/press\/#\/schema\/logo\/image\/"},"sameAs":["https:\/\/ar-ar.facebook.com\/ElCanillitainfo-114249515285712\/"]},{"@type":"Person","@id":"https:\/\/elcanillita.info\/press\/#\/schema\/person\/e37a550cff8f5f3407ed112e4cc619cb","name":"ElCanillita.info Guzzo Photos &amp; Graphic Publications","image":{"@type":"ImageObject","inLanguage":"es-AR","@id":"https:\/\/secure.gravatar.com\/avatar\/8914fbe0ef09248907e331ab93dfa89c7f76decf6b51cd1b2f8444e6260db772?s=96&d=mm&r=g","url":"https:\/\/secure.gravatar.com\/avatar\/8914fbe0ef09248907e331ab93dfa89c7f76decf6b51cd1b2f8444e6260db772?s=96&d=mm&r=g","contentUrl":"https:\/\/secure.gravatar.com\/avatar\/8914fbe0ef09248907e331ab93dfa89c7f76decf6b51cd1b2f8444e6260db772?s=96&d=mm&r=g","caption":"ElCanillita.info Guzzo Photos &amp; Graphic Publications"},"sameAs":["http:\/\/guzzophotos.com"]}]}},"views":132,"_links":{"self":[{"href":"https:\/\/elcanillita.info\/press\/wp-json\/wp\/v2\/posts\/5655","targetHints":{"allow":["GET"]}}],"collection":[{"href":"https:\/\/elcanillita.info\/press\/wp-json\/wp\/v2\/posts"}],"about":[{"href":"https:\/\/elcanillita.info\/press\/wp-json\/wp\/v2\/types\/post"}],"author":[{"embeddable":true,"href":"https:\/\/elcanillita.info\/press\/wp-json\/wp\/v2\/users\/14"}],"replies":[{"embeddable":true,"href":"https:\/\/elcanillita.info\/press\/wp-json\/wp\/v2\/comments?post=5655"}],"version-history":[{"count":0,"href":"https:\/\/elcanillita.info\/press\/wp-json\/wp\/v2\/posts\/5655\/revisions"}],"wp:attachment":[{"href":"https:\/\/elcanillita.info\/press\/wp-json\/wp\/v2\/media?parent=5655"}],"wp:term":[{"taxonomy":"category","embeddable":true,"href":"https:\/\/elcanillita.info\/press\/wp-json\/wp\/v2\/categories?post=5655"},{"taxonomy":"post_tag","embeddable":true,"href":"https:\/\/elcanillita.info\/press\/wp-json\/wp\/v2\/tags?post=5655"}],"curies":[{"name":"wp","href":"https:\/\/api.w.org\/{rel}","templated":true}]}}