{"id":5652,"date":"2025-11-27T18:58:11","date_gmt":"2025-11-27T21:58:11","guid":{"rendered":"https:\/\/elcanillita.info\/press\/?p=5652"},"modified":"2025-11-27T18:58:11","modified_gmt":"2025-11-27T21:58:11","slug":"argentina-libertaria-y-la-gran-purga-staliniana","status":"publish","type":"post","link":"https:\/\/elcanillita.info\/press\/2025\/11\/27\/argentina-libertaria-y-la-gran-purga-staliniana\/","title":{"rendered":"Argentina libertaria y la gran purga staliniana"},"content":{"rendered":"\n<figure class=\"wp-block-image size-large\"><img loading=\"lazy\" decoding=\"async\" width=\"800\" height=\"800\" src=\"https:\/\/elcanillita.info\/press\/images\/2025\/11\/img_1076.jpg\" class=\"wp-image-5653\" srcset=\"https:\/\/elcanillita.info\/press\/images\/2025\/11\/img_1076.jpg 800w, https:\/\/elcanillita.info\/press\/images\/2025\/11\/img_1076-300x300.jpg 300w, https:\/\/elcanillita.info\/press\/images\/2025\/11\/img_1076-150x150.jpg 150w, https:\/\/elcanillita.info\/press\/images\/2025\/11\/img_1076-768x768.jpg 768w\" sizes=\"auto, (max-width: 800px) 100vw, 800px\" \/><\/figure>\n\n\n\n<p class=\"p1\">En la Argentina de los bandos eternos, donde cada facci\u00f3n reclama superioridad moral mientras esconde su mugre debajo de la alfombra, apareci\u00f3 un actor inesperado: los \u201cpa\u00f1uelos negros\u201d. No vienen a pedir plata ni cargos; vienen a pedir algo mucho m\u00e1s corrosivo para el sistema: revisar el relato oficial de los \u201970, all\u00ed donde nadie quiere que entre la luz.<\/p>\n\n\n\n<p class=\"p1\">El s\u00e1bado, Plaza de Mayo ser\u00e1 escenario de algo m\u00e1s inc\u00f3modo que un paro general: una marcha por la libertad de militares, polic\u00edas y civiles presos por delitos de la \u00e9poca de la violencia pol\u00edtica. Para unos, impensable. Para otros, tard\u00edo. Para todos, un desaf\u00edo al dogma que durante d\u00e9cadas se repiti\u00f3 como un conjuro sagrado.<\/p>\n\n\n\n<p class=\"p1\">Asunci\u00f3n Benedit \u2014viuda de un capit\u00e1n de Operaci\u00f3n Independencia\u2014 lo explica sin rodeos: \u201cNo son genocidas, son patriotas cautivos\u201d. En cualquier pa\u00eds serio esa frase bastar\u00eda para estallar 15 paneles de televisi\u00f3n y 40 editoriales. En el nuestro, que vive anestesiado por la sobredosis de crisis, apenas alcanza para un suspiro irritado.<\/p>\n\n\n\n<p class=\"p1\">La agrupaci\u00f3n reclama algo que ning\u00fan gobierno quiso tocar: los m\u00e1s de 950 detenidos muertos en cautiverio, las condenas que nunca terminan, las causas que se multiplican cuando un preso est\u00e1 por cumplir la pena. Se\u00f1alan a un \u201cpoder judicial militante\u201d como motor de una maquinaria de castigo pol\u00edtico. Y aunque el sistema lo niegue, los n\u00fameros no desaparecen.<\/p>\n\n\n\n<p class=\"p1\">Guillermo Sotov\u00eda, piloto y escritor, describe la Plaza como \u201cun espejo deformado que mostr\u00f3 s\u00f3lo media historia\u201d. Y en Argentina, donde media historia es suficiente para armar un mito nacional, la otra mitad qued\u00f3 cuidadosamente enterrada bajo toneladas de \u00e9pica y subsidios culturales. Pero ahora ese silencio se resquebraja.<\/p>\n\n\n\n<p class=\"p1\">El planteo es brutal: mientras los uniformados eran enviados a juicio eterno, quienes pusieron bombas, secuestraron y asesinaron recibieron indemnizaciones, cargos p\u00fablicos y homenajes. El pa\u00eds, dice Sotov\u00eda, compr\u00f3 un relato porque era m\u00e1s simple que aceptar una verdad inc\u00f3moda: que el horror tuvo m\u00e1s de un due\u00f1o.<\/p>\n\n\n\n<p class=\"p1\">La marcha no exige revancha, exige revisi\u00f3n. Y eso es lo que incomoda: la posibilidad de que el p\u00e9ndulo de la memoria ya no quede soldado en un solo extremo. Que revisar no signifique negar, pero s\u00ed ampliar. Y que ampliar implique desafiar d\u00e9cadas de manual escolar, militancia IVE, pol\u00edticas de Estado y pactos t\u00e1citos entre partidos.<\/p>\n\n\n\n<p class=\"p1\">El s\u00e1bado, a las 16, la Plaza volver\u00e1 a ser laboratorio de tensiones, pero esta vez sin pa\u00f1uelos blancos, sin grieta conocida y sin relato f\u00e1cil. Los pa\u00f1uelos ser\u00e1n negros.<\/p>\n\n\n\n<p class=\"p1\">Y cuando en Argentina aparece un nuevo color en la Plaza, nunca es un detalle est\u00e9tico: es una se\u00f1al de que algo se est\u00e1 agrietando donde antes parec\u00eda inamovible.<\/p>\n\n\n\n<p><\/p>\n\n\n\n<p>\u270d\ufe0f \u00a9\ufe0f 2025 &nbsp; El Cu\u00f1ado Nacional &#8211;&nbsp; All Rights Reserved<\/p>\n\n\n\n<p><\/p>\n\n\n<p><small>\u00a9\ufe0f2025  Guzzo Photos  &#038; Graphic Publications \u2013 All Rights Reserved \u2013 Copyright \u00a9\ufe0f 2025 SalaStampa.eu, world press service \u2013 Guzzo Photos &#038; Graphic Publications \u2013 Registro Editori e Stampatori n. 1441 Turin, Italy<\/small><\/p>\n\n\n<p><\/p>\n","protected":false},"excerpt":{"rendered":"<p>Los pa\u00f1uelos negros llegan a Plaza de Mayo con un grito que incomoda por igual a libertarios, peronistas y progresistas: si hubo justicia, demu\u00e9strenlo; si hubo venganza, adm\u00edtanlo. El pa\u00eds que todo debate absorbe, ahora enfrenta el \u00fanico que nunca quiso abrir.<\/p>\n","protected":false},"author":14,"featured_media":5654,"comment_status":"closed","ping_status":"","sticky":false,"template":"","format":"standard","meta":{"footnotes":"","_links_to":"","_links_to_target":""},"categories":[121,108,70,11,123,144,119,22,23,25],"tags":[29],"class_list":["post-5652","post","type-post","status-publish","format-standard","has-post-thumbnail","hentry","category-dc24","category-blogdiario","category-actualidad","category-america-del-sur","category-argentina","category-fuerzas-armadas","category-guerra","category-justicia","category-politica","category-sociedad","tag-argentina","entry","double"],"yoast_head":"<!-- This site is optimized with the Yoast SEO plugin v27.4 - https:\/\/yoast.com\/product\/yoast-seo-wordpress\/ -->\n<title>Argentina libertaria y la gran purga staliniana - ElCanillita.Info<\/title>\n<meta name=\"robots\" content=\"index, follow, max-snippet:-1, max-image-preview:large, max-video-preview:-1\" \/>\n<link rel=\"canonical\" href=\"https:\/\/elcanillita.info\/press\/2025\/11\/27\/argentina-libertaria-y-la-gran-purga-staliniana\/\" \/>\n<meta property=\"og:locale\" content=\"es_ES\" \/>\n<meta property=\"og:type\" content=\"article\" \/>\n<meta property=\"og:title\" content=\"Argentina libertaria y la gran purga staliniana - ElCanillita.Info\" \/>\n<meta property=\"og:description\" content=\"Los pa\u00f1uelos negros llegan a Plaza de Mayo con un grito que incomoda por igual a libertarios, peronistas y progresistas: si hubo justicia, demu\u00e9strenlo; si hubo venganza, adm\u00edtanlo. El pa\u00eds que todo debate absorbe, ahora enfrenta el \u00fanico que nunca quiso abrir.\" \/>\n<meta property=\"og:url\" content=\"https:\/\/elcanillita.info\/press\/2025\/11\/27\/argentina-libertaria-y-la-gran-purga-staliniana\/\" \/>\n<meta property=\"og:site_name\" content=\"ElCanillita.Info\" \/>\n<meta property=\"article:publisher\" content=\"https:\/\/ar-ar.facebook.com\/ElCanillitainfo-114249515285712\/\" \/>\n<meta property=\"article:published_time\" content=\"2025-11-27T21:58:11+00:00\" \/>\n<meta property=\"og:image\" content=\"https:\/\/elcanillita.info\/press\/images\/2025\/11\/img_1076-1.jpg\" \/>\n\t<meta property=\"og:image:width\" content=\"800\" \/>\n\t<meta property=\"og:image:height\" content=\"800\" \/>\n\t<meta property=\"og:image:type\" content=\"image\/jpeg\" \/>\n<meta name=\"author\" content=\"ElCanillita.info Guzzo Photos &amp; Graphic Publications\" \/>\n<meta name=\"twitter:card\" content=\"summary_large_image\" \/>\n<meta name=\"twitter:label1\" content=\"Escrito por\" \/>\n\t<meta name=\"twitter:data1\" content=\"ElCanillita.info Guzzo Photos &amp; Graphic Publications\" \/>\n\t<meta name=\"twitter:label2\" content=\"Tiempo de lectura\" \/>\n\t<meta name=\"twitter:data2\" content=\"3 minutos\" \/>\n<script type=\"application\/ld+json\" class=\"yoast-schema-graph\">{\"@context\":\"https:\\\/\\\/schema.org\",\"@graph\":[{\"@type\":\"Article\",\"@id\":\"https:\\\/\\\/elcanillita.info\\\/press\\\/2025\\\/11\\\/27\\\/argentina-libertaria-y-la-gran-purga-staliniana\\\/#article\",\"isPartOf\":{\"@id\":\"https:\\\/\\\/elcanillita.info\\\/press\\\/2025\\\/11\\\/27\\\/argentina-libertaria-y-la-gran-purga-staliniana\\\/\"},\"author\":{\"name\":\"ElCanillita.info Guzzo Photos &amp; Graphic Publications\",\"@id\":\"https:\\\/\\\/elcanillita.info\\\/press\\\/#\\\/schema\\\/person\\\/e37a550cff8f5f3407ed112e4cc619cb\"},\"headline\":\"Argentina libertaria y la gran purga staliniana\",\"datePublished\":\"2025-11-27T21:58:11+00:00\",\"mainEntityOfPage\":{\"@id\":\"https:\\\/\\\/elcanillita.info\\\/press\\\/2025\\\/11\\\/27\\\/argentina-libertaria-y-la-gran-purga-staliniana\\\/\"},\"wordCount\":521,\"publisher\":{\"@id\":\"https:\\\/\\\/elcanillita.info\\\/press\\\/#organization\"},\"image\":{\"@id\":\"https:\\\/\\\/elcanillita.info\\\/press\\\/2025\\\/11\\\/27\\\/argentina-libertaria-y-la-gran-purga-staliniana\\\/#primaryimage\"},\"thumbnailUrl\":\"https:\\\/\\\/elcanillita.info\\\/press\\\/images\\\/2025\\\/11\\\/img_1076-1.jpg\",\"keywords\":[\"Argentina\"],\"articleSection\":[\".\",\".\",\"Actualidad\",\"Am\u00e9rica del Sur\",\"Argentina\",\"Fuerzas Armadas\",\"Guerra\",\"Justicia\",\"Politica\",\"Sociedad\"],\"inLanguage\":\"es-AR\"},{\"@type\":\"WebPage\",\"@id\":\"https:\\\/\\\/elcanillita.info\\\/press\\\/2025\\\/11\\\/27\\\/argentina-libertaria-y-la-gran-purga-staliniana\\\/\",\"url\":\"https:\\\/\\\/elcanillita.info\\\/press\\\/2025\\\/11\\\/27\\\/argentina-libertaria-y-la-gran-purga-staliniana\\\/\",\"name\":\"Argentina libertaria y la gran purga staliniana - ElCanillita.Info\",\"isPartOf\":{\"@id\":\"https:\\\/\\\/elcanillita.info\\\/press\\\/#website\"},\"primaryImageOfPage\":{\"@id\":\"https:\\\/\\\/elcanillita.info\\\/press\\\/2025\\\/11\\\/27\\\/argentina-libertaria-y-la-gran-purga-staliniana\\\/#primaryimage\"},\"image\":{\"@id\":\"https:\\\/\\\/elcanillita.info\\\/press\\\/2025\\\/11\\\/27\\\/argentina-libertaria-y-la-gran-purga-staliniana\\\/#primaryimage\"},\"thumbnailUrl\":\"https:\\\/\\\/elcanillita.info\\\/press\\\/images\\\/2025\\\/11\\\/img_1076-1.jpg\",\"datePublished\":\"2025-11-27T21:58:11+00:00\",\"inLanguage\":\"es-AR\",\"potentialAction\":[{\"@type\":\"ReadAction\",\"target\":[\"https:\\\/\\\/elcanillita.info\\\/press\\\/2025\\\/11\\\/27\\\/argentina-libertaria-y-la-gran-purga-staliniana\\\/\"]}]},{\"@type\":\"ImageObject\",\"inLanguage\":\"es-AR\",\"@id\":\"https:\\\/\\\/elcanillita.info\\\/press\\\/2025\\\/11\\\/27\\\/argentina-libertaria-y-la-gran-purga-staliniana\\\/#primaryimage\",\"url\":\"https:\\\/\\\/elcanillita.info\\\/press\\\/images\\\/2025\\\/11\\\/img_1076-1.jpg\",\"contentUrl\":\"https:\\\/\\\/elcanillita.info\\\/press\\\/images\\\/2025\\\/11\\\/img_1076-1.jpg\",\"width\":800,\"height\":800},{\"@type\":\"WebSite\",\"@id\":\"https:\\\/\\\/elcanillita.info\\\/press\\\/#website\",\"url\":\"https:\\\/\\\/elcanillita.info\\\/press\\\/\",\"name\":\"ElCanillita.Info\",\"description\":\"desde los Apeninos a los Andes\",\"publisher\":{\"@id\":\"https:\\\/\\\/elcanillita.info\\\/press\\\/#organization\"},\"potentialAction\":[{\"@type\":\"SearchAction\",\"target\":{\"@type\":\"EntryPoint\",\"urlTemplate\":\"https:\\\/\\\/elcanillita.info\\\/press\\\/?s={search_term_string}\"},\"query-input\":{\"@type\":\"PropertyValueSpecification\",\"valueRequired\":true,\"valueName\":\"search_term_string\"}}],\"inLanguage\":\"es-AR\"},{\"@type\":\"Organization\",\"@id\":\"https:\\\/\\\/elcanillita.info\\\/press\\\/#organization\",\"name\":\"Guzzo Photos & Graphic Publications\",\"url\":\"https:\\\/\\\/elcanillita.info\\\/press\\\/\",\"logo\":{\"@type\":\"ImageObject\",\"inLanguage\":\"es-AR\",\"@id\":\"https:\\\/\\\/elcanillita.info\\\/press\\\/#\\\/schema\\\/logo\\\/image\\\/\",\"url\":\"https:\\\/\\\/elcanillita.info\\\/press\\\/images\\\/2020\\\/01\\\/cropped-cropped-cropped-elcanillitainfo.png\",\"contentUrl\":\"https:\\\/\\\/elcanillita.info\\\/press\\\/images\\\/2020\\\/01\\\/cropped-cropped-cropped-elcanillitainfo.png\",\"width\":460,\"height\":50,\"caption\":\"Guzzo Photos & Graphic Publications\"},\"image\":{\"@id\":\"https:\\\/\\\/elcanillita.info\\\/press\\\/#\\\/schema\\\/logo\\\/image\\\/\"},\"sameAs\":[\"https:\\\/\\\/ar-ar.facebook.com\\\/ElCanillitainfo-114249515285712\\\/\"]},{\"@type\":\"Person\",\"@id\":\"https:\\\/\\\/elcanillita.info\\\/press\\\/#\\\/schema\\\/person\\\/e37a550cff8f5f3407ed112e4cc619cb\",\"name\":\"ElCanillita.info Guzzo Photos &amp; Graphic Publications\",\"image\":{\"@type\":\"ImageObject\",\"inLanguage\":\"es-AR\",\"@id\":\"https:\\\/\\\/secure.gravatar.com\\\/avatar\\\/8914fbe0ef09248907e331ab93dfa89c7f76decf6b51cd1b2f8444e6260db772?s=96&d=mm&r=g\",\"url\":\"https:\\\/\\\/secure.gravatar.com\\\/avatar\\\/8914fbe0ef09248907e331ab93dfa89c7f76decf6b51cd1b2f8444e6260db772?s=96&d=mm&r=g\",\"contentUrl\":\"https:\\\/\\\/secure.gravatar.com\\\/avatar\\\/8914fbe0ef09248907e331ab93dfa89c7f76decf6b51cd1b2f8444e6260db772?s=96&d=mm&r=g\",\"caption\":\"ElCanillita.info Guzzo Photos &amp; Graphic Publications\"},\"sameAs\":[\"http:\\\/\\\/guzzophotos.com\"]}]}<\/script>\n<!-- \/ Yoast SEO plugin. -->","yoast_head_json":{"title":"Argentina libertaria y la gran purga staliniana - ElCanillita.Info","robots":{"index":"index","follow":"follow","max-snippet":"max-snippet:-1","max-image-preview":"max-image-preview:large","max-video-preview":"max-video-preview:-1"},"canonical":"https:\/\/elcanillita.info\/press\/2025\/11\/27\/argentina-libertaria-y-la-gran-purga-staliniana\/","og_locale":"es_ES","og_type":"article","og_title":"Argentina libertaria y la gran purga staliniana - ElCanillita.Info","og_description":"Los pa\u00f1uelos negros llegan a Plaza de Mayo con un grito que incomoda por igual a libertarios, peronistas y progresistas: si hubo justicia, demu\u00e9strenlo; si hubo venganza, adm\u00edtanlo. El pa\u00eds que todo debate absorbe, ahora enfrenta el \u00fanico que nunca quiso abrir.","og_url":"https:\/\/elcanillita.info\/press\/2025\/11\/27\/argentina-libertaria-y-la-gran-purga-staliniana\/","og_site_name":"ElCanillita.Info","article_publisher":"https:\/\/ar-ar.facebook.com\/ElCanillitainfo-114249515285712\/","article_published_time":"2025-11-27T21:58:11+00:00","og_image":[{"width":800,"height":800,"url":"https:\/\/elcanillita.info\/press\/images\/2025\/11\/img_1076-1.jpg","type":"image\/jpeg"}],"author":"ElCanillita.info Guzzo Photos &amp; Graphic Publications","twitter_card":"summary_large_image","twitter_misc":{"Escrito por":"ElCanillita.info Guzzo Photos &amp; Graphic Publications","Tiempo de lectura":"3 minutos"},"schema":{"@context":"https:\/\/schema.org","@graph":[{"@type":"Article","@id":"https:\/\/elcanillita.info\/press\/2025\/11\/27\/argentina-libertaria-y-la-gran-purga-staliniana\/#article","isPartOf":{"@id":"https:\/\/elcanillita.info\/press\/2025\/11\/27\/argentina-libertaria-y-la-gran-purga-staliniana\/"},"author":{"name":"ElCanillita.info Guzzo Photos &amp; Graphic Publications","@id":"https:\/\/elcanillita.info\/press\/#\/schema\/person\/e37a550cff8f5f3407ed112e4cc619cb"},"headline":"Argentina libertaria y la gran purga staliniana","datePublished":"2025-11-27T21:58:11+00:00","mainEntityOfPage":{"@id":"https:\/\/elcanillita.info\/press\/2025\/11\/27\/argentina-libertaria-y-la-gran-purga-staliniana\/"},"wordCount":521,"publisher":{"@id":"https:\/\/elcanillita.info\/press\/#organization"},"image":{"@id":"https:\/\/elcanillita.info\/press\/2025\/11\/27\/argentina-libertaria-y-la-gran-purga-staliniana\/#primaryimage"},"thumbnailUrl":"https:\/\/elcanillita.info\/press\/images\/2025\/11\/img_1076-1.jpg","keywords":["Argentina"],"articleSection":[".",".","Actualidad","Am\u00e9rica del Sur","Argentina","Fuerzas Armadas","Guerra","Justicia","Politica","Sociedad"],"inLanguage":"es-AR"},{"@type":"WebPage","@id":"https:\/\/elcanillita.info\/press\/2025\/11\/27\/argentina-libertaria-y-la-gran-purga-staliniana\/","url":"https:\/\/elcanillita.info\/press\/2025\/11\/27\/argentina-libertaria-y-la-gran-purga-staliniana\/","name":"Argentina libertaria y la gran purga staliniana - ElCanillita.Info","isPartOf":{"@id":"https:\/\/elcanillita.info\/press\/#website"},"primaryImageOfPage":{"@id":"https:\/\/elcanillita.info\/press\/2025\/11\/27\/argentina-libertaria-y-la-gran-purga-staliniana\/#primaryimage"},"image":{"@id":"https:\/\/elcanillita.info\/press\/2025\/11\/27\/argentina-libertaria-y-la-gran-purga-staliniana\/#primaryimage"},"thumbnailUrl":"https:\/\/elcanillita.info\/press\/images\/2025\/11\/img_1076-1.jpg","datePublished":"2025-11-27T21:58:11+00:00","inLanguage":"es-AR","potentialAction":[{"@type":"ReadAction","target":["https:\/\/elcanillita.info\/press\/2025\/11\/27\/argentina-libertaria-y-la-gran-purga-staliniana\/"]}]},{"@type":"ImageObject","inLanguage":"es-AR","@id":"https:\/\/elcanillita.info\/press\/2025\/11\/27\/argentina-libertaria-y-la-gran-purga-staliniana\/#primaryimage","url":"https:\/\/elcanillita.info\/press\/images\/2025\/11\/img_1076-1.jpg","contentUrl":"https:\/\/elcanillita.info\/press\/images\/2025\/11\/img_1076-1.jpg","width":800,"height":800},{"@type":"WebSite","@id":"https:\/\/elcanillita.info\/press\/#website","url":"https:\/\/elcanillita.info\/press\/","name":"ElCanillita.Info","description":"desde los Apeninos a los Andes","publisher":{"@id":"https:\/\/elcanillita.info\/press\/#organization"},"potentialAction":[{"@type":"SearchAction","target":{"@type":"EntryPoint","urlTemplate":"https:\/\/elcanillita.info\/press\/?s={search_term_string}"},"query-input":{"@type":"PropertyValueSpecification","valueRequired":true,"valueName":"search_term_string"}}],"inLanguage":"es-AR"},{"@type":"Organization","@id":"https:\/\/elcanillita.info\/press\/#organization","name":"Guzzo Photos & Graphic Publications","url":"https:\/\/elcanillita.info\/press\/","logo":{"@type":"ImageObject","inLanguage":"es-AR","@id":"https:\/\/elcanillita.info\/press\/#\/schema\/logo\/image\/","url":"https:\/\/elcanillita.info\/press\/images\/2020\/01\/cropped-cropped-cropped-elcanillitainfo.png","contentUrl":"https:\/\/elcanillita.info\/press\/images\/2020\/01\/cropped-cropped-cropped-elcanillitainfo.png","width":460,"height":50,"caption":"Guzzo Photos & Graphic Publications"},"image":{"@id":"https:\/\/elcanillita.info\/press\/#\/schema\/logo\/image\/"},"sameAs":["https:\/\/ar-ar.facebook.com\/ElCanillitainfo-114249515285712\/"]},{"@type":"Person","@id":"https:\/\/elcanillita.info\/press\/#\/schema\/person\/e37a550cff8f5f3407ed112e4cc619cb","name":"ElCanillita.info Guzzo Photos &amp; Graphic Publications","image":{"@type":"ImageObject","inLanguage":"es-AR","@id":"https:\/\/secure.gravatar.com\/avatar\/8914fbe0ef09248907e331ab93dfa89c7f76decf6b51cd1b2f8444e6260db772?s=96&d=mm&r=g","url":"https:\/\/secure.gravatar.com\/avatar\/8914fbe0ef09248907e331ab93dfa89c7f76decf6b51cd1b2f8444e6260db772?s=96&d=mm&r=g","contentUrl":"https:\/\/secure.gravatar.com\/avatar\/8914fbe0ef09248907e331ab93dfa89c7f76decf6b51cd1b2f8444e6260db772?s=96&d=mm&r=g","caption":"ElCanillita.info Guzzo Photos &amp; Graphic Publications"},"sameAs":["http:\/\/guzzophotos.com"]}]}},"views":262,"_links":{"self":[{"href":"https:\/\/elcanillita.info\/press\/wp-json\/wp\/v2\/posts\/5652","targetHints":{"allow":["GET"]}}],"collection":[{"href":"https:\/\/elcanillita.info\/press\/wp-json\/wp\/v2\/posts"}],"about":[{"href":"https:\/\/elcanillita.info\/press\/wp-json\/wp\/v2\/types\/post"}],"author":[{"embeddable":true,"href":"https:\/\/elcanillita.info\/press\/wp-json\/wp\/v2\/users\/14"}],"replies":[{"embeddable":true,"href":"https:\/\/elcanillita.info\/press\/wp-json\/wp\/v2\/comments?post=5652"}],"version-history":[{"count":0,"href":"https:\/\/elcanillita.info\/press\/wp-json\/wp\/v2\/posts\/5652\/revisions"}],"wp:featuredmedia":[{"embeddable":true,"href":"https:\/\/elcanillita.info\/press\/wp-json\/wp\/v2\/media\/5654"}],"wp:attachment":[{"href":"https:\/\/elcanillita.info\/press\/wp-json\/wp\/v2\/media?parent=5652"}],"wp:term":[{"taxonomy":"category","embeddable":true,"href":"https:\/\/elcanillita.info\/press\/wp-json\/wp\/v2\/categories?post=5652"},{"taxonomy":"post_tag","embeddable":true,"href":"https:\/\/elcanillita.info\/press\/wp-json\/wp\/v2\/tags?post=5652"}],"curies":[{"name":"wp","href":"https:\/\/api.w.org\/{rel}","templated":true}]}}