{"id":5650,"date":"2025-11-27T02:30:26","date_gmt":"2025-11-27T05:30:26","guid":{"rendered":"https:\/\/elcanillita.info\/press\/?p=5650"},"modified":"2025-11-27T02:30:26","modified_gmt":"2025-11-27T05:30:26","slug":"en-argentina-el-carino-nunca-es-gratuito","status":"publish","type":"post","link":"https:\/\/elcanillita.info\/press\/2025\/11\/27\/en-argentina-el-carino-nunca-es-gratuito\/","title":{"rendered":"En Argentina, el cari\u00f1o nunca es gratuito"},"content":{"rendered":"\n<figure class=\"wp-block-image size-large\"><img loading=\"lazy\" decoding=\"async\" width=\"550\" height=\"550\" src=\"https:\/\/elcanillita.info\/press\/images\/2025\/11\/img_1072.jpg\" class=\"wp-image-5651\" srcset=\"https:\/\/elcanillita.info\/press\/images\/2025\/11\/img_1072.jpg 550w, https:\/\/elcanillita.info\/press\/images\/2025\/11\/img_1072-300x300.jpg 300w, https:\/\/elcanillita.info\/press\/images\/2025\/11\/img_1072-150x150.jpg 150w\" sizes=\"auto, (max-width: 550px) 100vw, 550px\" \/><\/figure>\n\n\n\n<p class=\"p1\">La Secretar\u00eda de Finanzas sali\u00f3 con los tapones de punta: refinanciaci\u00f3n del 96,48% de los vencimientos, casi 14 billones de pesos colocados y un discurso de \u00e9pica tecnocr\u00e1tica que pide champ\u00e1n. Pero detr\u00e1s del decorado num\u00e9rico, la pregunta es vieja y simple: \u00bfcu\u00e1nto dura un \u201c\u00e9xito\u201d cuando el pa\u00eds vive al borde de la tasa de inter\u00e9s y de la paciencia social?<\/p>\n\n\n\n<p class=\"p1\">El Tesoro estir\u00f3 plazos, baj\u00f3 el costo de la deuda y logr\u00f3 que los d\u00f3lares linked no sedujeran a nadie. Una se\u00f1al curiosa para un pa\u00eds donde el d\u00f3lar es religi\u00f3n. Ser\u00e1 que el mercado intuye que la misa, esta vez, la da otro predicador.<\/p>\n\n\n\n<p class=\"p1\">Mientras tanto, el d\u00f3lar oficial sigue trepando de a cinco pesos por d\u00eda como quien sube una escalera con miedo a mirar para abajo. El blue afloj\u00f3 apenas \u2014detalle pintoresco\u2014 y el MEP y el CCL siguieron haciendo abdominales. En la City nadie se inmuta: saben que el tipo de cambio es una novela por entregas.<\/p>\n\n\n\n<p class=\"p1\">Los dep\u00f3sitos en d\u00f3lares alcanzaron niveles que no se ve\u00edan desde el final de la convertibilidad. Todo un poema: la gente vuelve a amar al billete verde justo cuando el Gobierno jura que no habr\u00e1 sobresaltos. En cambio, los dep\u00f3sitos en pesos retroceden. Moral de la historia: en Argentina, el cari\u00f1o nunca es gratuito.<\/p>\n\n\n\n<p class=\"p1\">La Bolsa, en modo happy hour, encaden\u00f3 otro d\u00eda de brindis. Edenor vol\u00f3, los bancos ganaron como si hubieran encontrado petr\u00f3leo en Reconquista y el panel general se puso en verde fosforescente. El operador veterano lo resumi\u00f3 mejor que nadie: \u201cHoy subi\u00f3 todo lo que se mov\u00eda\u2026 salvo dos distra\u00eddos\u201d.<\/p>\n\n\n\n<p class=\"p1\">En Nueva York tambi\u00e9n festejaron los papeles argentinos, que reaparecieron como esos artistas olvidados que de pronto llenan teatros. Si Edenor sube en Buenos Aires, sube en Manhattan. Ritmo binacional.<\/p>\n\n\n\n<p class=\"p1\">Los bonos soberanos tuvieron un d\u00eda de spa: AL30 y AL35 respiraron y el Riesgo Pa\u00eds cedi\u00f3 un poco, aunque sigue mir\u00e1ndonos desde los 652 puntos como quien no termina de confiar en la dieta.<\/p>\n\n\n\n<p class=\"p1\">Y desde Wall Street lleg\u00f3 la bendici\u00f3n final: las tecnol\u00f3gicas se recuperaron, el Nasdaq vuela, y la expectativa de un recorte de tasas en diciembre a\u00f1adi\u00f3 az\u00facar a un c\u00f3ctel ya dulce. El mercado global est\u00e1 de fiesta.<\/p>\n\n\n\n<p class=\"p1\">La advertencia, sin embargo, est\u00e1 en el t\u00edtulo: don\u2019t get ahead of yourself. En la Argentina las celebraciones duran exactamente lo que tarda el d\u00f3lar en cambiar de humor. Y hoy, aunque nadie lo diga, todos est\u00e1n mirando de reojo.<\/p>\n\n\n\n<p><\/p>\n\n\n\n<p>\u270d\ufe0f \u00a9\ufe0f 2025 El Analista del Fondo y de la Caja \u2013 All Rights Reserved<\/p>\n\n\n\n<p><\/p>\n\n\n<p><small>\u00a9\ufe0f2025  Guzzo Photos  &#038; Graphic Publications \u2013 All Rights Reserved \u2013 Copyright \u00a9\ufe0f 2025 SalaStampa.eu, world press service \u2013 Guzzo Photos &#038; Graphic Publications \u2013 Registro Editori e Stampatori n. 1441 Turin, Italy<\/small><\/p>\n\n\n<p><\/p>\n","protected":false},"excerpt":{"rendered":"<p>Una megalicitaci\u00f3n \u201cexitosa\u201d, un d\u00f3lar inquieto, y un Merval de fiesta. El Gobierno celebra, los mercados sonr\u00eden\u2026 pero la calle sigue sin aplaudir. Cuando las luces del panel verde enceguecen, conviene mirar dos veces.<\/p>\n","protected":false},"author":14,"featured_media":5651,"comment_status":"closed","ping_status":"","sticky":false,"template":"","format":"standard","meta":{"footnotes":"","_links_to":"","_links_to_target":""},"categories":[108,121,70,11,123,20,23,130,25],"tags":[29],"class_list":["post-5650","post","type-post","status-publish","format-standard","has-post-thumbnail","hentry","category-blogdiario","category-dc24","category-actualidad","category-america-del-sur","category-argentina","category-economia","category-politica","category-reportero-de-dinero","category-sociedad","tag-argentina","entry","double"],"yoast_head":"<!-- This site is optimized with the Yoast SEO plugin v27.4 - https:\/\/yoast.com\/product\/yoast-seo-wordpress\/ -->\n<title>En Argentina, el cari\u00f1o nunca es gratuito - ElCanillita.Info<\/title>\n<meta name=\"robots\" content=\"index, follow, max-snippet:-1, max-image-preview:large, max-video-preview:-1\" \/>\n<link rel=\"canonical\" href=\"https:\/\/elcanillita.info\/press\/2025\/11\/27\/en-argentina-el-carino-nunca-es-gratuito\/\" \/>\n<meta property=\"og:locale\" content=\"es_ES\" \/>\n<meta property=\"og:type\" content=\"article\" \/>\n<meta property=\"og:title\" content=\"En Argentina, el cari\u00f1o nunca es gratuito - ElCanillita.Info\" \/>\n<meta property=\"og:description\" content=\"Una megalicitaci\u00f3n \u201cexitosa\u201d, un d\u00f3lar inquieto, y un Merval de fiesta. El Gobierno celebra, los mercados sonr\u00eden\u2026 pero la calle sigue sin aplaudir. Cuando las luces del panel verde enceguecen, conviene mirar dos veces.\" \/>\n<meta property=\"og:url\" content=\"https:\/\/elcanillita.info\/press\/2025\/11\/27\/en-argentina-el-carino-nunca-es-gratuito\/\" \/>\n<meta property=\"og:site_name\" content=\"ElCanillita.Info\" \/>\n<meta property=\"article:publisher\" content=\"https:\/\/ar-ar.facebook.com\/ElCanillitainfo-114249515285712\/\" \/>\n<meta property=\"article:published_time\" content=\"2025-11-27T05:30:26+00:00\" \/>\n<meta property=\"og:image\" content=\"https:\/\/elcanillita.info\/press\/images\/2025\/11\/img_1072.jpg\" \/>\n\t<meta property=\"og:image:width\" content=\"550\" \/>\n\t<meta property=\"og:image:height\" content=\"550\" \/>\n\t<meta property=\"og:image:type\" content=\"image\/jpeg\" \/>\n<meta name=\"author\" content=\"ElCanillita.info Guzzo Photos &amp; Graphic Publications\" \/>\n<meta name=\"twitter:card\" content=\"summary_large_image\" \/>\n<meta name=\"twitter:label1\" content=\"Escrito por\" \/>\n\t<meta name=\"twitter:data1\" content=\"ElCanillita.info Guzzo Photos &amp; Graphic Publications\" \/>\n\t<meta name=\"twitter:label2\" content=\"Tiempo de lectura\" \/>\n\t<meta name=\"twitter:data2\" content=\"2 minutos\" \/>\n<script type=\"application\/ld+json\" class=\"yoast-schema-graph\">{\"@context\":\"https:\\\/\\\/schema.org\",\"@graph\":[{\"@type\":\"Article\",\"@id\":\"https:\\\/\\\/elcanillita.info\\\/press\\\/2025\\\/11\\\/27\\\/en-argentina-el-carino-nunca-es-gratuito\\\/#article\",\"isPartOf\":{\"@id\":\"https:\\\/\\\/elcanillita.info\\\/press\\\/2025\\\/11\\\/27\\\/en-argentina-el-carino-nunca-es-gratuito\\\/\"},\"author\":{\"name\":\"ElCanillita.info Guzzo Photos &amp; Graphic Publications\",\"@id\":\"https:\\\/\\\/elcanillita.info\\\/press\\\/#\\\/schema\\\/person\\\/e37a550cff8f5f3407ed112e4cc619cb\"},\"headline\":\"En Argentina, el cari\u00f1o nunca es gratuito\",\"datePublished\":\"2025-11-27T05:30:26+00:00\",\"mainEntityOfPage\":{\"@id\":\"https:\\\/\\\/elcanillita.info\\\/press\\\/2025\\\/11\\\/27\\\/en-argentina-el-carino-nunca-es-gratuito\\\/\"},\"wordCount\":488,\"publisher\":{\"@id\":\"https:\\\/\\\/elcanillita.info\\\/press\\\/#organization\"},\"image\":{\"@id\":\"https:\\\/\\\/elcanillita.info\\\/press\\\/2025\\\/11\\\/27\\\/en-argentina-el-carino-nunca-es-gratuito\\\/#primaryimage\"},\"thumbnailUrl\":\"https:\\\/\\\/elcanillita.info\\\/press\\\/images\\\/2025\\\/11\\\/img_1072.jpg\",\"keywords\":[\"Argentina\"],\"articleSection\":[\".\",\".\",\"Actualidad\",\"Am\u00e9rica del Sur\",\"Argentina\",\"Economia\",\"Politica\",\"Reportero de dinero\",\"Sociedad\"],\"inLanguage\":\"es-AR\"},{\"@type\":\"WebPage\",\"@id\":\"https:\\\/\\\/elcanillita.info\\\/press\\\/2025\\\/11\\\/27\\\/en-argentina-el-carino-nunca-es-gratuito\\\/\",\"url\":\"https:\\\/\\\/elcanillita.info\\\/press\\\/2025\\\/11\\\/27\\\/en-argentina-el-carino-nunca-es-gratuito\\\/\",\"name\":\"En Argentina, el cari\u00f1o nunca es gratuito - ElCanillita.Info\",\"isPartOf\":{\"@id\":\"https:\\\/\\\/elcanillita.info\\\/press\\\/#website\"},\"primaryImageOfPage\":{\"@id\":\"https:\\\/\\\/elcanillita.info\\\/press\\\/2025\\\/11\\\/27\\\/en-argentina-el-carino-nunca-es-gratuito\\\/#primaryimage\"},\"image\":{\"@id\":\"https:\\\/\\\/elcanillita.info\\\/press\\\/2025\\\/11\\\/27\\\/en-argentina-el-carino-nunca-es-gratuito\\\/#primaryimage\"},\"thumbnailUrl\":\"https:\\\/\\\/elcanillita.info\\\/press\\\/images\\\/2025\\\/11\\\/img_1072.jpg\",\"datePublished\":\"2025-11-27T05:30:26+00:00\",\"inLanguage\":\"es-AR\",\"potentialAction\":[{\"@type\":\"ReadAction\",\"target\":[\"https:\\\/\\\/elcanillita.info\\\/press\\\/2025\\\/11\\\/27\\\/en-argentina-el-carino-nunca-es-gratuito\\\/\"]}]},{\"@type\":\"ImageObject\",\"inLanguage\":\"es-AR\",\"@id\":\"https:\\\/\\\/elcanillita.info\\\/press\\\/2025\\\/11\\\/27\\\/en-argentina-el-carino-nunca-es-gratuito\\\/#primaryimage\",\"url\":\"https:\\\/\\\/elcanillita.info\\\/press\\\/images\\\/2025\\\/11\\\/img_1072.jpg\",\"contentUrl\":\"https:\\\/\\\/elcanillita.info\\\/press\\\/images\\\/2025\\\/11\\\/img_1072.jpg\",\"width\":550,\"height\":550},{\"@type\":\"WebSite\",\"@id\":\"https:\\\/\\\/elcanillita.info\\\/press\\\/#website\",\"url\":\"https:\\\/\\\/elcanillita.info\\\/press\\\/\",\"name\":\"ElCanillita.Info\",\"description\":\"desde los Apeninos a los Andes\",\"publisher\":{\"@id\":\"https:\\\/\\\/elcanillita.info\\\/press\\\/#organization\"},\"potentialAction\":[{\"@type\":\"SearchAction\",\"target\":{\"@type\":\"EntryPoint\",\"urlTemplate\":\"https:\\\/\\\/elcanillita.info\\\/press\\\/?s={search_term_string}\"},\"query-input\":{\"@type\":\"PropertyValueSpecification\",\"valueRequired\":true,\"valueName\":\"search_term_string\"}}],\"inLanguage\":\"es-AR\"},{\"@type\":\"Organization\",\"@id\":\"https:\\\/\\\/elcanillita.info\\\/press\\\/#organization\",\"name\":\"Guzzo Photos & Graphic Publications\",\"url\":\"https:\\\/\\\/elcanillita.info\\\/press\\\/\",\"logo\":{\"@type\":\"ImageObject\",\"inLanguage\":\"es-AR\",\"@id\":\"https:\\\/\\\/elcanillita.info\\\/press\\\/#\\\/schema\\\/logo\\\/image\\\/\",\"url\":\"https:\\\/\\\/elcanillita.info\\\/press\\\/images\\\/2020\\\/01\\\/cropped-cropped-cropped-elcanillitainfo.png\",\"contentUrl\":\"https:\\\/\\\/elcanillita.info\\\/press\\\/images\\\/2020\\\/01\\\/cropped-cropped-cropped-elcanillitainfo.png\",\"width\":460,\"height\":50,\"caption\":\"Guzzo Photos & Graphic Publications\"},\"image\":{\"@id\":\"https:\\\/\\\/elcanillita.info\\\/press\\\/#\\\/schema\\\/logo\\\/image\\\/\"},\"sameAs\":[\"https:\\\/\\\/ar-ar.facebook.com\\\/ElCanillitainfo-114249515285712\\\/\"]},{\"@type\":\"Person\",\"@id\":\"https:\\\/\\\/elcanillita.info\\\/press\\\/#\\\/schema\\\/person\\\/e37a550cff8f5f3407ed112e4cc619cb\",\"name\":\"ElCanillita.info Guzzo Photos &amp; Graphic Publications\",\"image\":{\"@type\":\"ImageObject\",\"inLanguage\":\"es-AR\",\"@id\":\"https:\\\/\\\/secure.gravatar.com\\\/avatar\\\/8914fbe0ef09248907e331ab93dfa89c7f76decf6b51cd1b2f8444e6260db772?s=96&d=mm&r=g\",\"url\":\"https:\\\/\\\/secure.gravatar.com\\\/avatar\\\/8914fbe0ef09248907e331ab93dfa89c7f76decf6b51cd1b2f8444e6260db772?s=96&d=mm&r=g\",\"contentUrl\":\"https:\\\/\\\/secure.gravatar.com\\\/avatar\\\/8914fbe0ef09248907e331ab93dfa89c7f76decf6b51cd1b2f8444e6260db772?s=96&d=mm&r=g\",\"caption\":\"ElCanillita.info Guzzo Photos &amp; Graphic Publications\"},\"sameAs\":[\"http:\\\/\\\/guzzophotos.com\"]}]}<\/script>\n<!-- \/ Yoast SEO plugin. -->","yoast_head_json":{"title":"En Argentina, el cari\u00f1o nunca es gratuito - ElCanillita.Info","robots":{"index":"index","follow":"follow","max-snippet":"max-snippet:-1","max-image-preview":"max-image-preview:large","max-video-preview":"max-video-preview:-1"},"canonical":"https:\/\/elcanillita.info\/press\/2025\/11\/27\/en-argentina-el-carino-nunca-es-gratuito\/","og_locale":"es_ES","og_type":"article","og_title":"En Argentina, el cari\u00f1o nunca es gratuito - ElCanillita.Info","og_description":"Una megalicitaci\u00f3n \u201cexitosa\u201d, un d\u00f3lar inquieto, y un Merval de fiesta. El Gobierno celebra, los mercados sonr\u00eden\u2026 pero la calle sigue sin aplaudir. Cuando las luces del panel verde enceguecen, conviene mirar dos veces.","og_url":"https:\/\/elcanillita.info\/press\/2025\/11\/27\/en-argentina-el-carino-nunca-es-gratuito\/","og_site_name":"ElCanillita.Info","article_publisher":"https:\/\/ar-ar.facebook.com\/ElCanillitainfo-114249515285712\/","article_published_time":"2025-11-27T05:30:26+00:00","og_image":[{"width":550,"height":550,"url":"https:\/\/elcanillita.info\/press\/images\/2025\/11\/img_1072.jpg","type":"image\/jpeg"}],"author":"ElCanillita.info Guzzo Photos &amp; Graphic Publications","twitter_card":"summary_large_image","twitter_misc":{"Escrito por":"ElCanillita.info Guzzo Photos &amp; Graphic Publications","Tiempo de lectura":"2 minutos"},"schema":{"@context":"https:\/\/schema.org","@graph":[{"@type":"Article","@id":"https:\/\/elcanillita.info\/press\/2025\/11\/27\/en-argentina-el-carino-nunca-es-gratuito\/#article","isPartOf":{"@id":"https:\/\/elcanillita.info\/press\/2025\/11\/27\/en-argentina-el-carino-nunca-es-gratuito\/"},"author":{"name":"ElCanillita.info Guzzo Photos &amp; Graphic Publications","@id":"https:\/\/elcanillita.info\/press\/#\/schema\/person\/e37a550cff8f5f3407ed112e4cc619cb"},"headline":"En Argentina, el cari\u00f1o nunca es gratuito","datePublished":"2025-11-27T05:30:26+00:00","mainEntityOfPage":{"@id":"https:\/\/elcanillita.info\/press\/2025\/11\/27\/en-argentina-el-carino-nunca-es-gratuito\/"},"wordCount":488,"publisher":{"@id":"https:\/\/elcanillita.info\/press\/#organization"},"image":{"@id":"https:\/\/elcanillita.info\/press\/2025\/11\/27\/en-argentina-el-carino-nunca-es-gratuito\/#primaryimage"},"thumbnailUrl":"https:\/\/elcanillita.info\/press\/images\/2025\/11\/img_1072.jpg","keywords":["Argentina"],"articleSection":[".",".","Actualidad","Am\u00e9rica del Sur","Argentina","Economia","Politica","Reportero de dinero","Sociedad"],"inLanguage":"es-AR"},{"@type":"WebPage","@id":"https:\/\/elcanillita.info\/press\/2025\/11\/27\/en-argentina-el-carino-nunca-es-gratuito\/","url":"https:\/\/elcanillita.info\/press\/2025\/11\/27\/en-argentina-el-carino-nunca-es-gratuito\/","name":"En Argentina, el cari\u00f1o nunca es gratuito - ElCanillita.Info","isPartOf":{"@id":"https:\/\/elcanillita.info\/press\/#website"},"primaryImageOfPage":{"@id":"https:\/\/elcanillita.info\/press\/2025\/11\/27\/en-argentina-el-carino-nunca-es-gratuito\/#primaryimage"},"image":{"@id":"https:\/\/elcanillita.info\/press\/2025\/11\/27\/en-argentina-el-carino-nunca-es-gratuito\/#primaryimage"},"thumbnailUrl":"https:\/\/elcanillita.info\/press\/images\/2025\/11\/img_1072.jpg","datePublished":"2025-11-27T05:30:26+00:00","inLanguage":"es-AR","potentialAction":[{"@type":"ReadAction","target":["https:\/\/elcanillita.info\/press\/2025\/11\/27\/en-argentina-el-carino-nunca-es-gratuito\/"]}]},{"@type":"ImageObject","inLanguage":"es-AR","@id":"https:\/\/elcanillita.info\/press\/2025\/11\/27\/en-argentina-el-carino-nunca-es-gratuito\/#primaryimage","url":"https:\/\/elcanillita.info\/press\/images\/2025\/11\/img_1072.jpg","contentUrl":"https:\/\/elcanillita.info\/press\/images\/2025\/11\/img_1072.jpg","width":550,"height":550},{"@type":"WebSite","@id":"https:\/\/elcanillita.info\/press\/#website","url":"https:\/\/elcanillita.info\/press\/","name":"ElCanillita.Info","description":"desde los Apeninos a los Andes","publisher":{"@id":"https:\/\/elcanillita.info\/press\/#organization"},"potentialAction":[{"@type":"SearchAction","target":{"@type":"EntryPoint","urlTemplate":"https:\/\/elcanillita.info\/press\/?s={search_term_string}"},"query-input":{"@type":"PropertyValueSpecification","valueRequired":true,"valueName":"search_term_string"}}],"inLanguage":"es-AR"},{"@type":"Organization","@id":"https:\/\/elcanillita.info\/press\/#organization","name":"Guzzo Photos & Graphic Publications","url":"https:\/\/elcanillita.info\/press\/","logo":{"@type":"ImageObject","inLanguage":"es-AR","@id":"https:\/\/elcanillita.info\/press\/#\/schema\/logo\/image\/","url":"https:\/\/elcanillita.info\/press\/images\/2020\/01\/cropped-cropped-cropped-elcanillitainfo.png","contentUrl":"https:\/\/elcanillita.info\/press\/images\/2020\/01\/cropped-cropped-cropped-elcanillitainfo.png","width":460,"height":50,"caption":"Guzzo Photos & Graphic Publications"},"image":{"@id":"https:\/\/elcanillita.info\/press\/#\/schema\/logo\/image\/"},"sameAs":["https:\/\/ar-ar.facebook.com\/ElCanillitainfo-114249515285712\/"]},{"@type":"Person","@id":"https:\/\/elcanillita.info\/press\/#\/schema\/person\/e37a550cff8f5f3407ed112e4cc619cb","name":"ElCanillita.info Guzzo Photos &amp; Graphic Publications","image":{"@type":"ImageObject","inLanguage":"es-AR","@id":"https:\/\/secure.gravatar.com\/avatar\/8914fbe0ef09248907e331ab93dfa89c7f76decf6b51cd1b2f8444e6260db772?s=96&d=mm&r=g","url":"https:\/\/secure.gravatar.com\/avatar\/8914fbe0ef09248907e331ab93dfa89c7f76decf6b51cd1b2f8444e6260db772?s=96&d=mm&r=g","contentUrl":"https:\/\/secure.gravatar.com\/avatar\/8914fbe0ef09248907e331ab93dfa89c7f76decf6b51cd1b2f8444e6260db772?s=96&d=mm&r=g","caption":"ElCanillita.info Guzzo Photos &amp; Graphic Publications"},"sameAs":["http:\/\/guzzophotos.com"]}]}},"views":142,"_links":{"self":[{"href":"https:\/\/elcanillita.info\/press\/wp-json\/wp\/v2\/posts\/5650","targetHints":{"allow":["GET"]}}],"collection":[{"href":"https:\/\/elcanillita.info\/press\/wp-json\/wp\/v2\/posts"}],"about":[{"href":"https:\/\/elcanillita.info\/press\/wp-json\/wp\/v2\/types\/post"}],"author":[{"embeddable":true,"href":"https:\/\/elcanillita.info\/press\/wp-json\/wp\/v2\/users\/14"}],"replies":[{"embeddable":true,"href":"https:\/\/elcanillita.info\/press\/wp-json\/wp\/v2\/comments?post=5650"}],"version-history":[{"count":0,"href":"https:\/\/elcanillita.info\/press\/wp-json\/wp\/v2\/posts\/5650\/revisions"}],"wp:featuredmedia":[{"embeddable":true,"href":"https:\/\/elcanillita.info\/press\/wp-json\/wp\/v2\/media\/5651"}],"wp:attachment":[{"href":"https:\/\/elcanillita.info\/press\/wp-json\/wp\/v2\/media?parent=5650"}],"wp:term":[{"taxonomy":"category","embeddable":true,"href":"https:\/\/elcanillita.info\/press\/wp-json\/wp\/v2\/categories?post=5650"},{"taxonomy":"post_tag","embeddable":true,"href":"https:\/\/elcanillita.info\/press\/wp-json\/wp\/v2\/tags?post=5650"}],"curies":[{"name":"wp","href":"https:\/\/api.w.org\/{rel}","templated":true}]}}