{"id":565,"date":"2020-02-24T15:51:04","date_gmt":"2020-02-24T18:51:04","guid":{"rendered":"https:\/\/elcanillita.info\/press\/?p=565"},"modified":"2020-02-24T15:51:06","modified_gmt":"2020-02-24T18:51:06","slug":"trump-anuncia-acuerdo-militar-india-optimismo-pacto-comercial","status":"publish","type":"post","link":"https:\/\/elcanillita.info\/press\/2020\/02\/24\/trump-anuncia-acuerdo-militar-india-optimismo-pacto-comercial\/","title":{"rendered":"Trump anuncia acuerdo militar con India y expresa optimismo por pacto comercial"},"content":{"rendered":"\n<p> Ahmedabad, 24.02.2020 &#8211; El presidente Donald Trump dijo el lunes que Estados Unidos firmar\u00e1 un acuerdo para vender helic\u00f3pteros y otros equipos estadounidenses por valor de 3.000 millones de d\u00f3lares al ej\u00e9rcito de la India.<\/p>\n\n\n\n<p>El anuncio se produjo cuando Trump habl\u00f3 en un mitin de bienvenida en la ciudad de Ahmedabad, donde una multitud de m\u00e1s de 100.000 personas se hab\u00eda reunido para escucharles a \u00e9l y el primer ministro indio Narendra Modi.<\/p>\n\n\n\n<p>Antes de la visita, Trump hab\u00eda dicho que un nuevo acuerdo comercial importante entre los dos pa\u00edses no ser\u00eda parte de este viaje. Pero en su discurso prometi\u00f3 que los dos pa\u00edses har\u00e1n &#8220;uno de los mayores acuerdos comerciales&#8221; y dijo ser&nbsp;optimista respecto a un posible &#8220;acuerdo bueno, incluso excelente&#8221;, entre ambas partes.<\/p>\n\n\n\n<p>El presidente comenz\u00f3 su discurso pronunciando el saludo indio de &#8220;namast\u00e9&#8221; y dijo que India &#8220;siempre tendr\u00e1 un lugar especial&#8221; en los corazones de los estadounidenses.<\/p>\n\n\n\n<p>\u00c9l y Modi elogiaron la relaci\u00f3n entre EE.UU. e India, as\u00ed como la relaci\u00f3n personal entre ellos.<\/p>\n\n\n\n<p>&#8220;Estados Unidos ama a India. Estados Unidos respeta a India. Y Estados Unidos siempre ser\u00e1 fiel y un fiel amigo del pueblo indio&#8221;, dijo Trump.<\/p>\n\n\n\n<p>El mandatario estadounidense celebr\u00f3 a India como una democracia exitosa y dijo que ambos pa\u00edses est\u00e1n comprometidos en trabajar juntos para combatir el terrorismo.<\/p>\n\n\n\n<p>&#8220;Nuestras fronteras siempre estar\u00e1n cerradas para los terroristas, el terrorismo y todas las formas de extremismo&#8221;, asegur\u00f3 Trump.<\/p>\n\n\n\n<p>Trump destaca lazos de amistad con Modi al partir para corta visita a la India<\/p>\n\n\n\n<p>La visita de Trump comenz\u00f3 con una alfombra roja de bienvenida en el aeropuerto de Ahmedabad, en el estado natal de Modi, Gujarat. Miles de personas vitorearon a lo largo de una ruta de caravanas mientras Trump y Modi viajaban una corta distancia hasta una parada en el ashram de Mahatma Gandhi.<\/p>\n\n\n\n<p>En las \u00faltimas fechas se despleg\u00f3 un peque\u00f1o ej\u00e9rcito de trabajadores antes de la visita de Trump a Ahmedabad para construir un muro de 400 metros de longitud a lo largo de la ruta de la caravana para bloquear la vista de d\u00f3nde viven los pobres. El proyecto tambi\u00e9n incluy\u00f3 la colocaci\u00f3n de aproximadamente 150.000 macetas.<\/p>\n\n\n\n<p>Despu\u00e9s del evento en el estadio en Ahmedabad, y antes de dirigirse a Nueva Delhi, el presidente y la primera dama Melania Trump har\u00e1n una visita r\u00e1pida a la atracci\u00f3n tur\u00edstica m\u00e1s famosa del pa\u00eds, el Taj Mahal.<\/p>\n\n\n\n<p>Los medios indios informaron que el acceso a la ciudad de Agra estar\u00e1 restringido durante la visita, aunque existe la preocupaci\u00f3n de controlar a los monos amenazantes que deambulan por los terrenos del mausoleo de m\u00e1rmol de origen mogol del siglo XVII.<\/p>\n\n\n\n<p>&#8220;Se ha pedido al departamento forestal que se asegure de que los monos se mantengan alejados del Taj durante la visita de Donald Trump&#8221;, dijo el arque\u00f3logo superintendente de la India, Vasant Kumar Swarnkar, al diario India Today.<br><br>\n<small>2020 voanoticias \u2013 salastampa.eu, afiliada a la red Broadcasting Board of Governors \u00a9 2020 BBG<\/small><\/p>\n","protected":false},"excerpt":{"rendered":"<p> Ahmedabad, 24.02.2020 &#8211; El presidente Donald Trump dijo el lunes que Estados Unidos firmar\u00e1 un acuerdo para vender helic\u00f3pteros y otros equipos estadounidenses por valor de 3.000 millones de d\u00f3lares al ej\u00e9rcito de la India.<\/p>\n","protected":false},"author":1,"featured_media":0,"comment_status":"closed","ping_status":"closed","sticky":false,"template":"","format":"standard","meta":{"footnotes":"","_links_to":"","_links_to_target":""},"categories":[70,16,20,23],"tags":[84],"class_list":["post-565","post","type-post","status-publish","format-standard","hentry","category-actualidad","category-asia","category-economia","category-politica","tag-india","entry","double"],"yoast_head":"<!-- This site is optimized with the Yoast SEO plugin v27.5 - https:\/\/yoast.com\/product\/yoast-seo-wordpress\/ -->\n<title>Trump anuncia acuerdo militar con India y expresa optimismo por pacto comercial - ElCanillita.Info<\/title>\n<meta name=\"robots\" content=\"index, follow, max-snippet:-1, max-image-preview:large, max-video-preview:-1\" \/>\n<link rel=\"canonical\" href=\"https:\/\/elcanillita.info\/press\/2020\/02\/24\/trump-anuncia-acuerdo-militar-india-optimismo-pacto-comercial\/\" \/>\n<meta property=\"og:locale\" content=\"es_ES\" \/>\n<meta property=\"og:type\" content=\"article\" \/>\n<meta property=\"og:title\" content=\"Trump anuncia acuerdo militar con India y expresa optimismo por pacto comercial - ElCanillita.Info\" \/>\n<meta property=\"og:description\" content=\"Ahmedabad, 24.02.2020 - El presidente Donald Trump dijo el lunes que Estados Unidos firmar\u00e1 un acuerdo para vender helic\u00f3pteros y otros equipos estadounidenses por valor de 3.000 millones de d\u00f3lares al ej\u00e9rcito de la India.\" \/>\n<meta property=\"og:url\" content=\"https:\/\/elcanillita.info\/press\/2020\/02\/24\/trump-anuncia-acuerdo-militar-india-optimismo-pacto-comercial\/\" \/>\n<meta property=\"og:site_name\" content=\"ElCanillita.Info\" \/>\n<meta property=\"article:publisher\" content=\"https:\/\/ar-ar.facebook.com\/ElCanillitainfo-114249515285712\/\" \/>\n<meta property=\"article:published_time\" content=\"2020-02-24T18:51:04+00:00\" \/>\n<meta property=\"article:modified_time\" content=\"2020-02-24T18:51:06+00:00\" \/>\n<meta name=\"author\" content=\"SalaStampa.eu, world press service\" \/>\n<meta name=\"twitter:card\" content=\"summary_large_image\" \/>\n<meta name=\"twitter:label1\" content=\"Escrito por\" \/>\n\t<meta name=\"twitter:data1\" content=\"SalaStampa.eu, world press service\" \/>\n\t<meta name=\"twitter:label2\" content=\"Tiempo de lectura\" \/>\n\t<meta name=\"twitter:data2\" content=\"3 minutos\" \/>\n<script type=\"application\/ld+json\" class=\"yoast-schema-graph\">{\"@context\":\"https:\\\/\\\/schema.org\",\"@graph\":[{\"@type\":\"Article\",\"@id\":\"https:\\\/\\\/elcanillita.info\\\/press\\\/2020\\\/02\\\/24\\\/trump-anuncia-acuerdo-militar-india-optimismo-pacto-comercial\\\/#article\",\"isPartOf\":{\"@id\":\"https:\\\/\\\/elcanillita.info\\\/press\\\/2020\\\/02\\\/24\\\/trump-anuncia-acuerdo-militar-india-optimismo-pacto-comercial\\\/\"},\"author\":{\"name\":\"SalaStampa.eu, world press service\",\"@id\":\"https:\\\/\\\/elcanillita.info\\\/press\\\/#\\\/schema\\\/person\\\/7fcb79f38045700919f7da6d97e71ba0\"},\"headline\":\"Trump anuncia acuerdo militar con India y expresa optimismo por pacto comercial\",\"datePublished\":\"2020-02-24T18:51:04+00:00\",\"dateModified\":\"2020-02-24T18:51:06+00:00\",\"mainEntityOfPage\":{\"@id\":\"https:\\\/\\\/elcanillita.info\\\/press\\\/2020\\\/02\\\/24\\\/trump-anuncia-acuerdo-militar-india-optimismo-pacto-comercial\\\/\"},\"wordCount\":530,\"publisher\":{\"@id\":\"https:\\\/\\\/elcanillita.info\\\/press\\\/#organization\"},\"keywords\":[\"India\"],\"articleSection\":[\"Actualidad\",\"Asia\",\"Economia\",\"Politica\"],\"inLanguage\":\"es-AR\"},{\"@type\":\"WebPage\",\"@id\":\"https:\\\/\\\/elcanillita.info\\\/press\\\/2020\\\/02\\\/24\\\/trump-anuncia-acuerdo-militar-india-optimismo-pacto-comercial\\\/\",\"url\":\"https:\\\/\\\/elcanillita.info\\\/press\\\/2020\\\/02\\\/24\\\/trump-anuncia-acuerdo-militar-india-optimismo-pacto-comercial\\\/\",\"name\":\"Trump anuncia acuerdo militar con India y expresa optimismo por pacto comercial - ElCanillita.Info\",\"isPartOf\":{\"@id\":\"https:\\\/\\\/elcanillita.info\\\/press\\\/#website\"},\"datePublished\":\"2020-02-24T18:51:04+00:00\",\"dateModified\":\"2020-02-24T18:51:06+00:00\",\"inLanguage\":\"es-AR\",\"potentialAction\":[{\"@type\":\"ReadAction\",\"target\":[\"https:\\\/\\\/elcanillita.info\\\/press\\\/2020\\\/02\\\/24\\\/trump-anuncia-acuerdo-militar-india-optimismo-pacto-comercial\\\/\"]}]},{\"@type\":\"WebSite\",\"@id\":\"https:\\\/\\\/elcanillita.info\\\/press\\\/#website\",\"url\":\"https:\\\/\\\/elcanillita.info\\\/press\\\/\",\"name\":\"ElCanillita.Info\",\"description\":\"desde los Apeninos a los Andes\",\"publisher\":{\"@id\":\"https:\\\/\\\/elcanillita.info\\\/press\\\/#organization\"},\"potentialAction\":[{\"@type\":\"SearchAction\",\"target\":{\"@type\":\"EntryPoint\",\"urlTemplate\":\"https:\\\/\\\/elcanillita.info\\\/press\\\/?s={search_term_string}\"},\"query-input\":{\"@type\":\"PropertyValueSpecification\",\"valueRequired\":true,\"valueName\":\"search_term_string\"}}],\"inLanguage\":\"es-AR\"},{\"@type\":\"Organization\",\"@id\":\"https:\\\/\\\/elcanillita.info\\\/press\\\/#organization\",\"name\":\"Guzzo Photos & Graphic Publications\",\"url\":\"https:\\\/\\\/elcanillita.info\\\/press\\\/\",\"logo\":{\"@type\":\"ImageObject\",\"inLanguage\":\"es-AR\",\"@id\":\"https:\\\/\\\/elcanillita.info\\\/press\\\/#\\\/schema\\\/logo\\\/image\\\/\",\"url\":\"https:\\\/\\\/elcanillita.info\\\/press\\\/images\\\/2020\\\/01\\\/cropped-cropped-cropped-elcanillitainfo.png\",\"contentUrl\":\"https:\\\/\\\/elcanillita.info\\\/press\\\/images\\\/2020\\\/01\\\/cropped-cropped-cropped-elcanillitainfo.png\",\"width\":460,\"height\":50,\"caption\":\"Guzzo Photos & Graphic Publications\"},\"image\":{\"@id\":\"https:\\\/\\\/elcanillita.info\\\/press\\\/#\\\/schema\\\/logo\\\/image\\\/\"},\"sameAs\":[\"https:\\\/\\\/ar-ar.facebook.com\\\/ElCanillitainfo-114249515285712\\\/\"]},{\"@type\":\"Person\",\"@id\":\"https:\\\/\\\/elcanillita.info\\\/press\\\/#\\\/schema\\\/person\\\/7fcb79f38045700919f7da6d97e71ba0\",\"name\":\"SalaStampa.eu, world press service\",\"image\":{\"@type\":\"ImageObject\",\"inLanguage\":\"es-AR\",\"@id\":\"https:\\\/\\\/secure.gravatar.com\\\/avatar\\\/c2f0e0d515a107624234994507816ca4724c7199cef73fc8bedebf6931d73888?s=96&d=mm&r=g\",\"url\":\"https:\\\/\\\/secure.gravatar.com\\\/avatar\\\/c2f0e0d515a107624234994507816ca4724c7199cef73fc8bedebf6931d73888?s=96&d=mm&r=g\",\"contentUrl\":\"https:\\\/\\\/secure.gravatar.com\\\/avatar\\\/c2f0e0d515a107624234994507816ca4724c7199cef73fc8bedebf6931d73888?s=96&d=mm&r=g\",\"caption\":\"SalaStampa.eu, world press service\"}}]}<\/script>\n<!-- \/ Yoast SEO plugin. -->","yoast_head_json":{"title":"Trump anuncia acuerdo militar con India y expresa optimismo por pacto comercial - ElCanillita.Info","robots":{"index":"index","follow":"follow","max-snippet":"max-snippet:-1","max-image-preview":"max-image-preview:large","max-video-preview":"max-video-preview:-1"},"canonical":"https:\/\/elcanillita.info\/press\/2020\/02\/24\/trump-anuncia-acuerdo-militar-india-optimismo-pacto-comercial\/","og_locale":"es_ES","og_type":"article","og_title":"Trump anuncia acuerdo militar con India y expresa optimismo por pacto comercial - ElCanillita.Info","og_description":"Ahmedabad, 24.02.2020 - El presidente Donald Trump dijo el lunes que Estados Unidos firmar\u00e1 un acuerdo para vender helic\u00f3pteros y otros equipos estadounidenses por valor de 3.000 millones de d\u00f3lares al ej\u00e9rcito de la India.","og_url":"https:\/\/elcanillita.info\/press\/2020\/02\/24\/trump-anuncia-acuerdo-militar-india-optimismo-pacto-comercial\/","og_site_name":"ElCanillita.Info","article_publisher":"https:\/\/ar-ar.facebook.com\/ElCanillitainfo-114249515285712\/","article_published_time":"2020-02-24T18:51:04+00:00","article_modified_time":"2020-02-24T18:51:06+00:00","author":"SalaStampa.eu, world press service","twitter_card":"summary_large_image","twitter_misc":{"Escrito por":"SalaStampa.eu, world press service","Tiempo de lectura":"3 minutos"},"schema":{"@context":"https:\/\/schema.org","@graph":[{"@type":"Article","@id":"https:\/\/elcanillita.info\/press\/2020\/02\/24\/trump-anuncia-acuerdo-militar-india-optimismo-pacto-comercial\/#article","isPartOf":{"@id":"https:\/\/elcanillita.info\/press\/2020\/02\/24\/trump-anuncia-acuerdo-militar-india-optimismo-pacto-comercial\/"},"author":{"name":"SalaStampa.eu, world press service","@id":"https:\/\/elcanillita.info\/press\/#\/schema\/person\/7fcb79f38045700919f7da6d97e71ba0"},"headline":"Trump anuncia acuerdo militar con India y expresa optimismo por pacto comercial","datePublished":"2020-02-24T18:51:04+00:00","dateModified":"2020-02-24T18:51:06+00:00","mainEntityOfPage":{"@id":"https:\/\/elcanillita.info\/press\/2020\/02\/24\/trump-anuncia-acuerdo-militar-india-optimismo-pacto-comercial\/"},"wordCount":530,"publisher":{"@id":"https:\/\/elcanillita.info\/press\/#organization"},"keywords":["India"],"articleSection":["Actualidad","Asia","Economia","Politica"],"inLanguage":"es-AR"},{"@type":"WebPage","@id":"https:\/\/elcanillita.info\/press\/2020\/02\/24\/trump-anuncia-acuerdo-militar-india-optimismo-pacto-comercial\/","url":"https:\/\/elcanillita.info\/press\/2020\/02\/24\/trump-anuncia-acuerdo-militar-india-optimismo-pacto-comercial\/","name":"Trump anuncia acuerdo militar con India y expresa optimismo por pacto comercial - ElCanillita.Info","isPartOf":{"@id":"https:\/\/elcanillita.info\/press\/#website"},"datePublished":"2020-02-24T18:51:04+00:00","dateModified":"2020-02-24T18:51:06+00:00","inLanguage":"es-AR","potentialAction":[{"@type":"ReadAction","target":["https:\/\/elcanillita.info\/press\/2020\/02\/24\/trump-anuncia-acuerdo-militar-india-optimismo-pacto-comercial\/"]}]},{"@type":"WebSite","@id":"https:\/\/elcanillita.info\/press\/#website","url":"https:\/\/elcanillita.info\/press\/","name":"ElCanillita.Info","description":"desde los Apeninos a los Andes","publisher":{"@id":"https:\/\/elcanillita.info\/press\/#organization"},"potentialAction":[{"@type":"SearchAction","target":{"@type":"EntryPoint","urlTemplate":"https:\/\/elcanillita.info\/press\/?s={search_term_string}"},"query-input":{"@type":"PropertyValueSpecification","valueRequired":true,"valueName":"search_term_string"}}],"inLanguage":"es-AR"},{"@type":"Organization","@id":"https:\/\/elcanillita.info\/press\/#organization","name":"Guzzo Photos & Graphic Publications","url":"https:\/\/elcanillita.info\/press\/","logo":{"@type":"ImageObject","inLanguage":"es-AR","@id":"https:\/\/elcanillita.info\/press\/#\/schema\/logo\/image\/","url":"https:\/\/elcanillita.info\/press\/images\/2020\/01\/cropped-cropped-cropped-elcanillitainfo.png","contentUrl":"https:\/\/elcanillita.info\/press\/images\/2020\/01\/cropped-cropped-cropped-elcanillitainfo.png","width":460,"height":50,"caption":"Guzzo Photos & Graphic Publications"},"image":{"@id":"https:\/\/elcanillita.info\/press\/#\/schema\/logo\/image\/"},"sameAs":["https:\/\/ar-ar.facebook.com\/ElCanillitainfo-114249515285712\/"]},{"@type":"Person","@id":"https:\/\/elcanillita.info\/press\/#\/schema\/person\/7fcb79f38045700919f7da6d97e71ba0","name":"SalaStampa.eu, world press service","image":{"@type":"ImageObject","inLanguage":"es-AR","@id":"https:\/\/secure.gravatar.com\/avatar\/c2f0e0d515a107624234994507816ca4724c7199cef73fc8bedebf6931d73888?s=96&d=mm&r=g","url":"https:\/\/secure.gravatar.com\/avatar\/c2f0e0d515a107624234994507816ca4724c7199cef73fc8bedebf6931d73888?s=96&d=mm&r=g","contentUrl":"https:\/\/secure.gravatar.com\/avatar\/c2f0e0d515a107624234994507816ca4724c7199cef73fc8bedebf6931d73888?s=96&d=mm&r=g","caption":"SalaStampa.eu, world press service"}}]}},"views":817,"_links":{"self":[{"href":"https:\/\/elcanillita.info\/press\/wp-json\/wp\/v2\/posts\/565","targetHints":{"allow":["GET"]}}],"collection":[{"href":"https:\/\/elcanillita.info\/press\/wp-json\/wp\/v2\/posts"}],"about":[{"href":"https:\/\/elcanillita.info\/press\/wp-json\/wp\/v2\/types\/post"}],"author":[{"embeddable":true,"href":"https:\/\/elcanillita.info\/press\/wp-json\/wp\/v2\/users\/1"}],"replies":[{"embeddable":true,"href":"https:\/\/elcanillita.info\/press\/wp-json\/wp\/v2\/comments?post=565"}],"version-history":[{"count":0,"href":"https:\/\/elcanillita.info\/press\/wp-json\/wp\/v2\/posts\/565\/revisions"}],"wp:attachment":[{"href":"https:\/\/elcanillita.info\/press\/wp-json\/wp\/v2\/media?parent=565"}],"wp:term":[{"taxonomy":"category","embeddable":true,"href":"https:\/\/elcanillita.info\/press\/wp-json\/wp\/v2\/categories?post=565"},{"taxonomy":"post_tag","embeddable":true,"href":"https:\/\/elcanillita.info\/press\/wp-json\/wp\/v2\/tags?post=565"}],"curies":[{"name":"wp","href":"https:\/\/api.w.org\/{rel}","templated":true}]}}