{"id":5646,"date":"2025-11-26T18:11:00","date_gmt":"2025-11-26T21:11:00","guid":{"rendered":"https:\/\/elcanillita.info\/press\/?p=5646"},"modified":"2025-11-26T18:11:00","modified_gmt":"2025-11-26T21:11:00","slug":"incendio-en-tai-po-el-humo-que-revelo-otra-ciudad","status":"publish","type":"post","link":"https:\/\/elcanillita.info\/press\/2025\/11\/26\/incendio-en-tai-po-el-humo-que-revelo-otra-ciudad\/","title":{"rendered":"Incendio en Tai Po: el humo que revel\u00f3 otra ciudad"},"content":{"rendered":"\n<figure class=\"wp-block-image size-large\"><img loading=\"lazy\" decoding=\"async\" width=\"600\" height=\"374\" src=\"https:\/\/elcanillita.info\/press\/images\/2025\/11\/img_1068.jpg\" alt=\"\" class=\"wp-image-5647\" srcset=\"https:\/\/elcanillita.info\/press\/images\/2025\/11\/img_1068.jpg 600w, https:\/\/elcanillita.info\/press\/images\/2025\/11\/img_1068-300x187.jpg 300w\" sizes=\"auto, (max-width: 600px) 100vw, 600px\" \/><\/figure>\n\n\n\n<p class=\"p1\">Hong Kong amaneci\u00f3 con un silencio extra\u00f1o, de esos que s\u00f3lo dejan los desastres que nadie se atreve a nombrar del todo. El incendio en Tai Po no s\u00f3lo consumi\u00f3 andamios y departamentos: consumi\u00f3 la idea de invulnerabilidad que la ciudad ha cultivado durante d\u00e9cadas.<\/p>\n\n\n\n<p class=\"p1\">Las primeras cifras son brutales: decenas de muertos confirmados y cientos de desaparecidos en un complejo de 2.000 viviendas recubierto por andamios de bamb\u00fa. No es la primera vez que el tradicional entramado acompa\u00f1a una obra; s\u00ed es la primera vez en casi veinte a\u00f1os que un incendio alcanza tal magnitud como para activar la categor\u00eda de \u201ccinco alarmas\u201d.<\/p>\n\n\n\n<p class=\"p1\">Durante diez horas, el cielo del territorio fue una sola columna gris. Los bomberos, casi 800, peleaban contra un calor insoportable. Uno cay\u00f3 en acto de servicio, otro termin\u00f3 exhausto. La ciudad, mientras tanto, miraba hacia arriba como quien mira una herida abierta.<\/p>\n\n\n\n<p class=\"p1\">Xi Jinping pidi\u00f3 \u201cesfuerzos totales\u201d, frase que Beijing reserva para los desastres que dejan cicatrices profundas. John Lee, el jefe del Ejecutivo local, intent\u00f3 imponer calma con prioridades t\u00e1cticas: apagar, rescatar, curar. Pero la magnitud del episodio lo sobrepasaba incluso en su propia narrativa.<\/p>\n\n\n\n<figure class=\"wp-block-image size-large\"><img loading=\"lazy\" decoding=\"async\" width=\"600\" height=\"376\" src=\"https:\/\/elcanillita.info\/press\/images\/2025\/11\/img_1070.jpg\" alt=\"\" class=\"wp-image-5648\" srcset=\"https:\/\/elcanillita.info\/press\/images\/2025\/11\/img_1070.jpg 600w, https:\/\/elcanillita.info\/press\/images\/2025\/11\/img_1070-300x188.jpg 300w\" sizes=\"auto, (max-width: 600px) 100vw, 600px\" \/><\/figure>\n\n\n\n<p class=\"p1\">El bamb\u00fa \u2014ligero, flexible, eficiente\u2014 no fue se\u00f1alado oficialmente como culpable, pero qued\u00f3 claro que la est\u00e9tica de la tradici\u00f3n tiene un l\u00edmite cuando el fuego entra en escena. El gobierno ya hab\u00eda anunciado, meses atr\u00e1s, el reemplazo progresivo por andamios de acero. La realidad no esper\u00f3 el calendario.<\/p>\n\n\n\n<p class=\"p1\">Los hospitales recibieron heridos, los refugios se llenaron de desalojados y una l\u00ednea directa se abri\u00f3 para identificar a quienes no regresaban. Los barrios cercanos cerraron ventanas mientras los bomberos abr\u00edan paso entre humo, calor y incertidumbre.<\/p>\n\n\n\n<p class=\"p1\">La ciudad, que alguna vez temi\u00f3 incendios como algo cotidiano, se hab\u00eda acostumbrado a la confianza moderna. Hoy, esa certeza qued\u00f3 reducida a cenizas: no importa cu\u00e1n alto sea el edificio si sus cimientos humanos est\u00e1n expuestos.<\/p>\n\n\n\n<p class=\"p1\">Cuando las llamas cedan y la temperatura baje, el informe oficial dir\u00e1 qu\u00e9 fall\u00f3. Pero Hong Kong ya intuye la respuesta: en una ciudad donde se vive hacia arriba, cualquier chispa puede revelar lo que se prefer\u00eda no mirar hacia abajo.<\/p>\n\n\n\n<p><\/p>\n\n\n\n<p>\u270d\ufe0f \u00a9 2025 SalaStampa.eu \u2013 All Rights Reserved<\/p>\n\n\n\n<p><\/p>\n\n\n<p><small>\u00a9\ufe0f2025  Guzzo Photos  &#038; Graphic Publications \u2013 All Rights Reserved \u2013 Copyright \u00a9\ufe0f 2025 SalaStampa.eu, world press service \u2013 Guzzo Photos &#038; Graphic Publications \u2013 Registro Editori e Stampatori n. 1441 Turin, Italy<\/small><\/p>\n\n\n<p><\/p>\n","protected":false},"excerpt":{"rendered":"<p>Hong Kong vuelve a descubrir que, detr\u00e1s de los rascacielos de vidrio, a\u00fan respira una urbe donde la seguridad compite con la densidad, y donde el bamb\u00fa \u2014s\u00edmbolo de modernidad asi\u00e1tica\u2014 puede convertirse en trampa mortal.<\/p>\n","protected":false},"author":1,"featured_media":5649,"comment_status":"closed","ping_status":"","sticky":false,"template":"","format":"standard","meta":{"footnotes":"","_links_to":"","_links_to_target":""},"categories":[108,121,70,16,25],"tags":[74],"class_list":["post-5646","post","type-post","status-publish","format-standard","has-post-thumbnail","hentry","category-blogdiario","category-dc24","category-actualidad","category-asia","category-sociedad","tag-hong-kong","entry","double"],"yoast_head":"<!-- This site is optimized with the Yoast SEO plugin v27.5 - https:\/\/yoast.com\/product\/yoast-seo-wordpress\/ -->\n<title>Incendio en Tai Po: el humo que revel\u00f3 otra ciudad - ElCanillita.Info<\/title>\n<meta name=\"robots\" content=\"index, follow, max-snippet:-1, max-image-preview:large, max-video-preview:-1\" \/>\n<link rel=\"canonical\" href=\"https:\/\/elcanillita.info\/press\/2025\/11\/26\/incendio-en-tai-po-el-humo-que-revelo-otra-ciudad\/\" \/>\n<meta property=\"og:locale\" content=\"es_ES\" \/>\n<meta property=\"og:type\" content=\"article\" \/>\n<meta property=\"og:title\" content=\"Incendio en Tai Po: el humo que revel\u00f3 otra ciudad - ElCanillita.Info\" \/>\n<meta property=\"og:description\" content=\"Hong Kong vuelve a descubrir que, detr\u00e1s de los rascacielos de vidrio, a\u00fan respira una urbe donde la seguridad compite con la densidad, y donde el bamb\u00fa \u2014s\u00edmbolo de modernidad asi\u00e1tica\u2014 puede convertirse en trampa mortal.\" \/>\n<meta property=\"og:url\" content=\"https:\/\/elcanillita.info\/press\/2025\/11\/26\/incendio-en-tai-po-el-humo-que-revelo-otra-ciudad\/\" \/>\n<meta property=\"og:site_name\" content=\"ElCanillita.Info\" \/>\n<meta property=\"article:publisher\" content=\"https:\/\/ar-ar.facebook.com\/ElCanillitainfo-114249515285712\/\" \/>\n<meta property=\"article:published_time\" content=\"2025-11-26T21:11:00+00:00\" \/>\n<meta property=\"og:image\" content=\"https:\/\/elcanillita.info\/press\/images\/2025\/11\/img_1069.jpg\" \/>\n\t<meta property=\"og:image:width\" content=\"600\" \/>\n\t<meta property=\"og:image:height\" content=\"376\" \/>\n\t<meta property=\"og:image:type\" content=\"image\/jpeg\" \/>\n<meta name=\"author\" content=\"SalaStampa.eu, world press service\" \/>\n<meta name=\"twitter:card\" content=\"summary_large_image\" \/>\n<meta name=\"twitter:label1\" content=\"Escrito por\" \/>\n\t<meta name=\"twitter:data1\" content=\"SalaStampa.eu, world press service\" \/>\n\t<meta name=\"twitter:label2\" content=\"Tiempo de lectura\" \/>\n\t<meta name=\"twitter:data2\" content=\"2 minutos\" \/>\n<script type=\"application\/ld+json\" class=\"yoast-schema-graph\">{\"@context\":\"https:\\\/\\\/schema.org\",\"@graph\":[{\"@type\":\"Article\",\"@id\":\"https:\\\/\\\/elcanillita.info\\\/press\\\/2025\\\/11\\\/26\\\/incendio-en-tai-po-el-humo-que-revelo-otra-ciudad\\\/#article\",\"isPartOf\":{\"@id\":\"https:\\\/\\\/elcanillita.info\\\/press\\\/2025\\\/11\\\/26\\\/incendio-en-tai-po-el-humo-que-revelo-otra-ciudad\\\/\"},\"author\":{\"name\":\"SalaStampa.eu, world press service\",\"@id\":\"https:\\\/\\\/elcanillita.info\\\/press\\\/#\\\/schema\\\/person\\\/7fcb79f38045700919f7da6d97e71ba0\"},\"headline\":\"Incendio en Tai Po: el humo que revel\u00f3 otra ciudad\",\"datePublished\":\"2025-11-26T21:11:00+00:00\",\"mainEntityOfPage\":{\"@id\":\"https:\\\/\\\/elcanillita.info\\\/press\\\/2025\\\/11\\\/26\\\/incendio-en-tai-po-el-humo-que-revelo-otra-ciudad\\\/\"},\"wordCount\":412,\"publisher\":{\"@id\":\"https:\\\/\\\/elcanillita.info\\\/press\\\/#organization\"},\"image\":{\"@id\":\"https:\\\/\\\/elcanillita.info\\\/press\\\/2025\\\/11\\\/26\\\/incendio-en-tai-po-el-humo-que-revelo-otra-ciudad\\\/#primaryimage\"},\"thumbnailUrl\":\"https:\\\/\\\/elcanillita.info\\\/press\\\/images\\\/2025\\\/11\\\/img_1069.jpg\",\"keywords\":[\"Hong Kong\"],\"articleSection\":[\".\",\".\",\"Actualidad\",\"Asia\",\"Sociedad\"],\"inLanguage\":\"es-AR\"},{\"@type\":\"WebPage\",\"@id\":\"https:\\\/\\\/elcanillita.info\\\/press\\\/2025\\\/11\\\/26\\\/incendio-en-tai-po-el-humo-que-revelo-otra-ciudad\\\/\",\"url\":\"https:\\\/\\\/elcanillita.info\\\/press\\\/2025\\\/11\\\/26\\\/incendio-en-tai-po-el-humo-que-revelo-otra-ciudad\\\/\",\"name\":\"Incendio en Tai Po: el humo que revel\u00f3 otra ciudad - ElCanillita.Info\",\"isPartOf\":{\"@id\":\"https:\\\/\\\/elcanillita.info\\\/press\\\/#website\"},\"primaryImageOfPage\":{\"@id\":\"https:\\\/\\\/elcanillita.info\\\/press\\\/2025\\\/11\\\/26\\\/incendio-en-tai-po-el-humo-que-revelo-otra-ciudad\\\/#primaryimage\"},\"image\":{\"@id\":\"https:\\\/\\\/elcanillita.info\\\/press\\\/2025\\\/11\\\/26\\\/incendio-en-tai-po-el-humo-que-revelo-otra-ciudad\\\/#primaryimage\"},\"thumbnailUrl\":\"https:\\\/\\\/elcanillita.info\\\/press\\\/images\\\/2025\\\/11\\\/img_1069.jpg\",\"datePublished\":\"2025-11-26T21:11:00+00:00\",\"inLanguage\":\"es-AR\",\"potentialAction\":[{\"@type\":\"ReadAction\",\"target\":[\"https:\\\/\\\/elcanillita.info\\\/press\\\/2025\\\/11\\\/26\\\/incendio-en-tai-po-el-humo-que-revelo-otra-ciudad\\\/\"]}]},{\"@type\":\"ImageObject\",\"inLanguage\":\"es-AR\",\"@id\":\"https:\\\/\\\/elcanillita.info\\\/press\\\/2025\\\/11\\\/26\\\/incendio-en-tai-po-el-humo-que-revelo-otra-ciudad\\\/#primaryimage\",\"url\":\"https:\\\/\\\/elcanillita.info\\\/press\\\/images\\\/2025\\\/11\\\/img_1069.jpg\",\"contentUrl\":\"https:\\\/\\\/elcanillita.info\\\/press\\\/images\\\/2025\\\/11\\\/img_1069.jpg\",\"width\":600,\"height\":376},{\"@type\":\"WebSite\",\"@id\":\"https:\\\/\\\/elcanillita.info\\\/press\\\/#website\",\"url\":\"https:\\\/\\\/elcanillita.info\\\/press\\\/\",\"name\":\"ElCanillita.Info\",\"description\":\"desde los Apeninos a los Andes\",\"publisher\":{\"@id\":\"https:\\\/\\\/elcanillita.info\\\/press\\\/#organization\"},\"potentialAction\":[{\"@type\":\"SearchAction\",\"target\":{\"@type\":\"EntryPoint\",\"urlTemplate\":\"https:\\\/\\\/elcanillita.info\\\/press\\\/?s={search_term_string}\"},\"query-input\":{\"@type\":\"PropertyValueSpecification\",\"valueRequired\":true,\"valueName\":\"search_term_string\"}}],\"inLanguage\":\"es-AR\"},{\"@type\":\"Organization\",\"@id\":\"https:\\\/\\\/elcanillita.info\\\/press\\\/#organization\",\"name\":\"Guzzo Photos & Graphic Publications\",\"url\":\"https:\\\/\\\/elcanillita.info\\\/press\\\/\",\"logo\":{\"@type\":\"ImageObject\",\"inLanguage\":\"es-AR\",\"@id\":\"https:\\\/\\\/elcanillita.info\\\/press\\\/#\\\/schema\\\/logo\\\/image\\\/\",\"url\":\"https:\\\/\\\/elcanillita.info\\\/press\\\/images\\\/2020\\\/01\\\/cropped-cropped-cropped-elcanillitainfo.png\",\"contentUrl\":\"https:\\\/\\\/elcanillita.info\\\/press\\\/images\\\/2020\\\/01\\\/cropped-cropped-cropped-elcanillitainfo.png\",\"width\":460,\"height\":50,\"caption\":\"Guzzo Photos & Graphic Publications\"},\"image\":{\"@id\":\"https:\\\/\\\/elcanillita.info\\\/press\\\/#\\\/schema\\\/logo\\\/image\\\/\"},\"sameAs\":[\"https:\\\/\\\/ar-ar.facebook.com\\\/ElCanillitainfo-114249515285712\\\/\"]},{\"@type\":\"Person\",\"@id\":\"https:\\\/\\\/elcanillita.info\\\/press\\\/#\\\/schema\\\/person\\\/7fcb79f38045700919f7da6d97e71ba0\",\"name\":\"SalaStampa.eu, world press service\",\"image\":{\"@type\":\"ImageObject\",\"inLanguage\":\"es-AR\",\"@id\":\"https:\\\/\\\/secure.gravatar.com\\\/avatar\\\/c2f0e0d515a107624234994507816ca4724c7199cef73fc8bedebf6931d73888?s=96&d=mm&r=g\",\"url\":\"https:\\\/\\\/secure.gravatar.com\\\/avatar\\\/c2f0e0d515a107624234994507816ca4724c7199cef73fc8bedebf6931d73888?s=96&d=mm&r=g\",\"contentUrl\":\"https:\\\/\\\/secure.gravatar.com\\\/avatar\\\/c2f0e0d515a107624234994507816ca4724c7199cef73fc8bedebf6931d73888?s=96&d=mm&r=g\",\"caption\":\"SalaStampa.eu, world press service\"}}]}<\/script>\n<!-- \/ Yoast SEO plugin. -->","yoast_head_json":{"title":"Incendio en Tai Po: el humo que revel\u00f3 otra ciudad - ElCanillita.Info","robots":{"index":"index","follow":"follow","max-snippet":"max-snippet:-1","max-image-preview":"max-image-preview:large","max-video-preview":"max-video-preview:-1"},"canonical":"https:\/\/elcanillita.info\/press\/2025\/11\/26\/incendio-en-tai-po-el-humo-que-revelo-otra-ciudad\/","og_locale":"es_ES","og_type":"article","og_title":"Incendio en Tai Po: el humo que revel\u00f3 otra ciudad - ElCanillita.Info","og_description":"Hong Kong vuelve a descubrir que, detr\u00e1s de los rascacielos de vidrio, a\u00fan respira una urbe donde la seguridad compite con la densidad, y donde el bamb\u00fa \u2014s\u00edmbolo de modernidad asi\u00e1tica\u2014 puede convertirse en trampa mortal.","og_url":"https:\/\/elcanillita.info\/press\/2025\/11\/26\/incendio-en-tai-po-el-humo-que-revelo-otra-ciudad\/","og_site_name":"ElCanillita.Info","article_publisher":"https:\/\/ar-ar.facebook.com\/ElCanillitainfo-114249515285712\/","article_published_time":"2025-11-26T21:11:00+00:00","og_image":[{"width":600,"height":376,"url":"https:\/\/elcanillita.info\/press\/images\/2025\/11\/img_1069.jpg","type":"image\/jpeg"}],"author":"SalaStampa.eu, world press service","twitter_card":"summary_large_image","twitter_misc":{"Escrito por":"SalaStampa.eu, world press service","Tiempo de lectura":"2 minutos"},"schema":{"@context":"https:\/\/schema.org","@graph":[{"@type":"Article","@id":"https:\/\/elcanillita.info\/press\/2025\/11\/26\/incendio-en-tai-po-el-humo-que-revelo-otra-ciudad\/#article","isPartOf":{"@id":"https:\/\/elcanillita.info\/press\/2025\/11\/26\/incendio-en-tai-po-el-humo-que-revelo-otra-ciudad\/"},"author":{"name":"SalaStampa.eu, world press service","@id":"https:\/\/elcanillita.info\/press\/#\/schema\/person\/7fcb79f38045700919f7da6d97e71ba0"},"headline":"Incendio en Tai Po: el humo que revel\u00f3 otra ciudad","datePublished":"2025-11-26T21:11:00+00:00","mainEntityOfPage":{"@id":"https:\/\/elcanillita.info\/press\/2025\/11\/26\/incendio-en-tai-po-el-humo-que-revelo-otra-ciudad\/"},"wordCount":412,"publisher":{"@id":"https:\/\/elcanillita.info\/press\/#organization"},"image":{"@id":"https:\/\/elcanillita.info\/press\/2025\/11\/26\/incendio-en-tai-po-el-humo-que-revelo-otra-ciudad\/#primaryimage"},"thumbnailUrl":"https:\/\/elcanillita.info\/press\/images\/2025\/11\/img_1069.jpg","keywords":["Hong Kong"],"articleSection":[".",".","Actualidad","Asia","Sociedad"],"inLanguage":"es-AR"},{"@type":"WebPage","@id":"https:\/\/elcanillita.info\/press\/2025\/11\/26\/incendio-en-tai-po-el-humo-que-revelo-otra-ciudad\/","url":"https:\/\/elcanillita.info\/press\/2025\/11\/26\/incendio-en-tai-po-el-humo-que-revelo-otra-ciudad\/","name":"Incendio en Tai Po: el humo que revel\u00f3 otra ciudad - ElCanillita.Info","isPartOf":{"@id":"https:\/\/elcanillita.info\/press\/#website"},"primaryImageOfPage":{"@id":"https:\/\/elcanillita.info\/press\/2025\/11\/26\/incendio-en-tai-po-el-humo-que-revelo-otra-ciudad\/#primaryimage"},"image":{"@id":"https:\/\/elcanillita.info\/press\/2025\/11\/26\/incendio-en-tai-po-el-humo-que-revelo-otra-ciudad\/#primaryimage"},"thumbnailUrl":"https:\/\/elcanillita.info\/press\/images\/2025\/11\/img_1069.jpg","datePublished":"2025-11-26T21:11:00+00:00","inLanguage":"es-AR","potentialAction":[{"@type":"ReadAction","target":["https:\/\/elcanillita.info\/press\/2025\/11\/26\/incendio-en-tai-po-el-humo-que-revelo-otra-ciudad\/"]}]},{"@type":"ImageObject","inLanguage":"es-AR","@id":"https:\/\/elcanillita.info\/press\/2025\/11\/26\/incendio-en-tai-po-el-humo-que-revelo-otra-ciudad\/#primaryimage","url":"https:\/\/elcanillita.info\/press\/images\/2025\/11\/img_1069.jpg","contentUrl":"https:\/\/elcanillita.info\/press\/images\/2025\/11\/img_1069.jpg","width":600,"height":376},{"@type":"WebSite","@id":"https:\/\/elcanillita.info\/press\/#website","url":"https:\/\/elcanillita.info\/press\/","name":"ElCanillita.Info","description":"desde los Apeninos a los Andes","publisher":{"@id":"https:\/\/elcanillita.info\/press\/#organization"},"potentialAction":[{"@type":"SearchAction","target":{"@type":"EntryPoint","urlTemplate":"https:\/\/elcanillita.info\/press\/?s={search_term_string}"},"query-input":{"@type":"PropertyValueSpecification","valueRequired":true,"valueName":"search_term_string"}}],"inLanguage":"es-AR"},{"@type":"Organization","@id":"https:\/\/elcanillita.info\/press\/#organization","name":"Guzzo Photos & Graphic Publications","url":"https:\/\/elcanillita.info\/press\/","logo":{"@type":"ImageObject","inLanguage":"es-AR","@id":"https:\/\/elcanillita.info\/press\/#\/schema\/logo\/image\/","url":"https:\/\/elcanillita.info\/press\/images\/2020\/01\/cropped-cropped-cropped-elcanillitainfo.png","contentUrl":"https:\/\/elcanillita.info\/press\/images\/2020\/01\/cropped-cropped-cropped-elcanillitainfo.png","width":460,"height":50,"caption":"Guzzo Photos & Graphic Publications"},"image":{"@id":"https:\/\/elcanillita.info\/press\/#\/schema\/logo\/image\/"},"sameAs":["https:\/\/ar-ar.facebook.com\/ElCanillitainfo-114249515285712\/"]},{"@type":"Person","@id":"https:\/\/elcanillita.info\/press\/#\/schema\/person\/7fcb79f38045700919f7da6d97e71ba0","name":"SalaStampa.eu, world press service","image":{"@type":"ImageObject","inLanguage":"es-AR","@id":"https:\/\/secure.gravatar.com\/avatar\/c2f0e0d515a107624234994507816ca4724c7199cef73fc8bedebf6931d73888?s=96&d=mm&r=g","url":"https:\/\/secure.gravatar.com\/avatar\/c2f0e0d515a107624234994507816ca4724c7199cef73fc8bedebf6931d73888?s=96&d=mm&r=g","contentUrl":"https:\/\/secure.gravatar.com\/avatar\/c2f0e0d515a107624234994507816ca4724c7199cef73fc8bedebf6931d73888?s=96&d=mm&r=g","caption":"SalaStampa.eu, world press service"}}]}},"views":177,"_links":{"self":[{"href":"https:\/\/elcanillita.info\/press\/wp-json\/wp\/v2\/posts\/5646","targetHints":{"allow":["GET"]}}],"collection":[{"href":"https:\/\/elcanillita.info\/press\/wp-json\/wp\/v2\/posts"}],"about":[{"href":"https:\/\/elcanillita.info\/press\/wp-json\/wp\/v2\/types\/post"}],"author":[{"embeddable":true,"href":"https:\/\/elcanillita.info\/press\/wp-json\/wp\/v2\/users\/1"}],"replies":[{"embeddable":true,"href":"https:\/\/elcanillita.info\/press\/wp-json\/wp\/v2\/comments?post=5646"}],"version-history":[{"count":0,"href":"https:\/\/elcanillita.info\/press\/wp-json\/wp\/v2\/posts\/5646\/revisions"}],"wp:featuredmedia":[{"embeddable":true,"href":"https:\/\/elcanillita.info\/press\/wp-json\/wp\/v2\/media\/5649"}],"wp:attachment":[{"href":"https:\/\/elcanillita.info\/press\/wp-json\/wp\/v2\/media?parent=5646"}],"wp:term":[{"taxonomy":"category","embeddable":true,"href":"https:\/\/elcanillita.info\/press\/wp-json\/wp\/v2\/categories?post=5646"},{"taxonomy":"post_tag","embeddable":true,"href":"https:\/\/elcanillita.info\/press\/wp-json\/wp\/v2\/tags?post=5646"}],"curies":[{"name":"wp","href":"https:\/\/api.w.org\/{rel}","templated":true}]}}