{"id":5641,"date":"2025-11-24T20:22:59","date_gmt":"2025-11-24T23:22:59","guid":{"rendered":"https:\/\/elcanillita.info\/press\/?p=5641"},"modified":"2025-11-25T00:49:28","modified_gmt":"2025-11-25T03:49:28","slug":"ghemachim-electoral","status":"publish","type":"post","link":"https:\/\/elcanillita.info\/press\/2025\/11\/24\/ghemachim-electoral\/","title":{"rendered":"\ud83d\uddde\ufe0f \ud83e\udd47\ud83c\udfdb\ufe0f Ghemachim Electoral"},"content":{"rendered":"\n<p>Argentina<\/p>\n\n\n\n<p class=\"p1\">El Gobierno argentino descubri\u00f3 que no hay mejor lubricante para la diplomacia que un buen timing electoral. Y as\u00ed, casi sin querer queriendo, Pablo Quirno y Gideon Sa\u2019ar inaugurar\u00e1n este martes el Foro Econ\u00f3mico Argentino-Israel\u00ed, una cita que promete m\u00e1s fotos de sillas impecables que anuncios concretos. Pero en la era Milei, la puesta en escena es pol\u00edtica exterior.<\/p>\n\n\n\n<p class=\"p1\">El canciller argentino presentar\u00e1 su mejor sonrisa institucional mientras Gideon Sa\u2019ar \u2014hombre de l\u00ednea directa con Netanyahu\u2014 despliega su GPS diplom\u00e1tico para reforzar el puente con Buenos Aires. Si el objetivo oficial es \u201ccooperaci\u00f3n e inversi\u00f3n\u201d, el subtexto es m\u00e1s sencillo: consolidar una alianza que Milei abraza con fervor cuasi m\u00edstico.<\/p>\n\n\n\n<p class=\"p1\">La agenda del foro incluye rondas de negocios, powerpoints con flechas ascendentes y un men\u00fa de sectores \u201cclave\u201d: tecnolog\u00eda, energ\u00eda, finanzas\u2026 el mismo paquete de siempre, aunque esta vez con sello hebreo y promesa de velocidad digital. En la Casa Rosada ya lo venden como una alfombra roja para capitales extranjeros. Nadie menciona que el lobby empresario local mira la escena con cejas arqueadas.<\/p>\n\n\n\n<p class=\"p1\">Mientras las c\u00e1maras enfocan a Quirno y Sa\u2019ar, la Uni\u00f3n Industrial Argentina y su contraparte israel\u00ed se preparan para una jornada de \u201ctrabajo en com\u00fan\u201d. Traducci\u00f3n: hay inter\u00e9s genuino, pero tambi\u00e9n una pizca inevitable de pol\u00edtica. En el Palacio Libertad esperan resultados. En el mundo real, la agenda empresarial se mueve a otro ritmo.<\/p>\n\n\n\n<p class=\"p1\">El foro cerrar\u00e1 con un espacio de preguntas para Yael Ravia Tzadok, la funcionaria israel\u00ed encargada de ponerle voz a las expectativas econ\u00f3micas. All\u00ed, lo que no dir\u00e1n en voz alta ser\u00e1 lo m\u00e1s relevante: hasta d\u00f3nde est\u00e1 dispuesto a llegar Israel en inversiones, y qu\u00e9 garant\u00edas ofrece Argentina m\u00e1s all\u00e1 del entusiasmo presidencial.<\/p>\n\n\n\n<p class=\"p1\">Porque mientras Quirno conversa con Sa\u2019ar, Javier Milei prepara su propia escena. Recibir\u00e1 ma\u00f1ana al canciller israel\u00ed en la Casa Rosada, gesto que busca consolidar un relato: el Gobierno tiene aliados firmes, la diplomacia fluye y la sinton\u00eda con Israel es casi religiosa. Que justo ocurra en plena turbulencia interna es, por supuesto, una casualidad perfecta.<\/p>\n\n\n\n<p class=\"p1\">La \u00faltima visita de Milei a Israel, en junio, incluy\u00f3 reuniones pol\u00edticas, econ\u00f3micas y un cap\u00edtulo espiritual que \u00e9l todav\u00eda reivindica como \u201ctransformador\u201d. Ahora, con la econom\u00eda ajust\u00e1ndose como un torniquete y el frente pol\u00edtico resbalando, ese recuerdo m\u00edstico sirve de ancla narrativa para un Gobierno que necesita buenas noticias \u2014o al menos buenas fotos.<\/p>\n\n\n\n<p class=\"p1\">En resumen: el Foro Econ\u00f3mico Argentino-Israel\u00ed abre sus puertas con promesas, networking y una pizca de incienso geopol\u00edtico. La pregunta es si esta diplomacia de alto voltaje logra traer inversiones\u2026 o si solo suma contenido para la campa\u00f1a permanente en la que vive la administraci\u00f3n Milei.<\/p>\n\n\n\n<p><\/p>\n\n\n\n<p>\u270d\ufe0f \u00a9 2025 Don Enchufe -All Rights Reserved&nbsp;<\/p>\n\n\n\n<p><\/p>\n\n\n<p><small>\u00a9\ufe0f2025  Guzzo Photos  &#038; Graphic Publications \u2013 All Rights Reserved \u2013 Copyright \u00a9\ufe0f 2025 SalaStampa.eu, world press service \u2013 Guzzo Photos &#038; Graphic Publications \u2013 Registro Editori e Stampatori n. 1441 Turin, Italy<\/small><\/p>\n\n\n<p><\/p>\n","protected":false},"excerpt":{"rendered":"<p>Argentina e Israel montan un foro econ\u00f3mico impecable\u2026 justo cuando las urnas empiezan a respirar hondo. Coincidencias de calendario que nadie se atreve a llamar por su nombre.<\/p>\n","protected":false},"author":1,"featured_media":0,"comment_status":"closed","ping_status":"","sticky":false,"template":"","format":"standard","meta":{"footnotes":"","_links_to":"","_links_to_target":""},"categories":[108,121,70,11,123,20,23,130,25],"tags":[29,67],"class_list":["post-5641","post","type-post","status-publish","format-standard","hentry","category-blogdiario","category-dc24","category-actualidad","category-america-del-sur","category-argentina","category-economia","category-politica","category-reportero-de-dinero","category-sociedad","tag-argentina","tag-israel","entry","double"],"yoast_head":"<!-- This site is optimized with the Yoast SEO plugin v27.4 - https:\/\/yoast.com\/product\/yoast-seo-wordpress\/ -->\n<title>\ud83d\uddde\ufe0f \ud83e\udd47\ud83c\udfdb\ufe0f Ghemachim Electoral - ElCanillita.Info<\/title>\n<meta name=\"robots\" content=\"index, follow, max-snippet:-1, max-image-preview:large, max-video-preview:-1\" \/>\n<link rel=\"canonical\" href=\"https:\/\/elcanillita.info\/press\/2025\/11\/24\/ghemachim-electoral\/\" \/>\n<meta property=\"og:locale\" content=\"es_ES\" \/>\n<meta property=\"og:type\" content=\"article\" \/>\n<meta property=\"og:title\" content=\"\ud83d\uddde\ufe0f \ud83e\udd47\ud83c\udfdb\ufe0f Ghemachim Electoral - ElCanillita.Info\" \/>\n<meta property=\"og:description\" content=\"Argentina e Israel montan un foro econ\u00f3mico impecable\u2026 justo cuando las urnas empiezan a respirar hondo. Coincidencias de calendario que nadie se atreve a llamar por su nombre.\" \/>\n<meta property=\"og:url\" content=\"https:\/\/elcanillita.info\/press\/2025\/11\/24\/ghemachim-electoral\/\" \/>\n<meta property=\"og:site_name\" content=\"ElCanillita.Info\" \/>\n<meta property=\"article:publisher\" content=\"https:\/\/ar-ar.facebook.com\/ElCanillitainfo-114249515285712\/\" \/>\n<meta property=\"article:published_time\" content=\"2025-11-24T23:22:59+00:00\" \/>\n<meta property=\"article:modified_time\" content=\"2025-11-25T03:49:28+00:00\" \/>\n<meta name=\"author\" content=\"SalaStampa.eu, world press service\" \/>\n<meta name=\"twitter:card\" content=\"summary_large_image\" \/>\n<meta name=\"twitter:label1\" content=\"Escrito por\" \/>\n\t<meta name=\"twitter:data1\" content=\"SalaStampa.eu, world press service\" \/>\n\t<meta name=\"twitter:label2\" content=\"Tiempo de lectura\" \/>\n\t<meta name=\"twitter:data2\" content=\"3 minutos\" \/>\n<script type=\"application\/ld+json\" class=\"yoast-schema-graph\">{\"@context\":\"https:\\\/\\\/schema.org\",\"@graph\":[{\"@type\":\"Article\",\"@id\":\"https:\\\/\\\/elcanillita.info\\\/press\\\/2025\\\/11\\\/24\\\/ghemachim-electoral\\\/#article\",\"isPartOf\":{\"@id\":\"https:\\\/\\\/elcanillita.info\\\/press\\\/2025\\\/11\\\/24\\\/ghemachim-electoral\\\/\"},\"author\":{\"name\":\"SalaStampa.eu, world press service\",\"@id\":\"https:\\\/\\\/elcanillita.info\\\/press\\\/#\\\/schema\\\/person\\\/7fcb79f38045700919f7da6d97e71ba0\"},\"headline\":\"\ud83d\uddde\ufe0f \ud83e\udd47\ud83c\udfdb\ufe0f Ghemachim Electoral\",\"datePublished\":\"2025-11-24T23:22:59+00:00\",\"dateModified\":\"2025-11-25T03:49:28+00:00\",\"mainEntityOfPage\":{\"@id\":\"https:\\\/\\\/elcanillita.info\\\/press\\\/2025\\\/11\\\/24\\\/ghemachim-electoral\\\/\"},\"wordCount\":515,\"publisher\":{\"@id\":\"https:\\\/\\\/elcanillita.info\\\/press\\\/#organization\"},\"keywords\":[\"Argentina\",\"Israel\"],\"articleSection\":[\".\",\".\",\"Actualidad\",\"Am\u00e9rica del Sur\",\"Argentina\",\"Economia\",\"Politica\",\"Reportero de dinero\",\"Sociedad\"],\"inLanguage\":\"es-AR\"},{\"@type\":\"WebPage\",\"@id\":\"https:\\\/\\\/elcanillita.info\\\/press\\\/2025\\\/11\\\/24\\\/ghemachim-electoral\\\/\",\"url\":\"https:\\\/\\\/elcanillita.info\\\/press\\\/2025\\\/11\\\/24\\\/ghemachim-electoral\\\/\",\"name\":\"\ud83d\uddde\ufe0f \ud83e\udd47\ud83c\udfdb\ufe0f Ghemachim Electoral - ElCanillita.Info\",\"isPartOf\":{\"@id\":\"https:\\\/\\\/elcanillita.info\\\/press\\\/#website\"},\"datePublished\":\"2025-11-24T23:22:59+00:00\",\"dateModified\":\"2025-11-25T03:49:28+00:00\",\"inLanguage\":\"es-AR\",\"potentialAction\":[{\"@type\":\"ReadAction\",\"target\":[\"https:\\\/\\\/elcanillita.info\\\/press\\\/2025\\\/11\\\/24\\\/ghemachim-electoral\\\/\"]}]},{\"@type\":\"WebSite\",\"@id\":\"https:\\\/\\\/elcanillita.info\\\/press\\\/#website\",\"url\":\"https:\\\/\\\/elcanillita.info\\\/press\\\/\",\"name\":\"ElCanillita.Info\",\"description\":\"desde los Apeninos a los Andes\",\"publisher\":{\"@id\":\"https:\\\/\\\/elcanillita.info\\\/press\\\/#organization\"},\"potentialAction\":[{\"@type\":\"SearchAction\",\"target\":{\"@type\":\"EntryPoint\",\"urlTemplate\":\"https:\\\/\\\/elcanillita.info\\\/press\\\/?s={search_term_string}\"},\"query-input\":{\"@type\":\"PropertyValueSpecification\",\"valueRequired\":true,\"valueName\":\"search_term_string\"}}],\"inLanguage\":\"es-AR\"},{\"@type\":\"Organization\",\"@id\":\"https:\\\/\\\/elcanillita.info\\\/press\\\/#organization\",\"name\":\"Guzzo Photos & Graphic Publications\",\"url\":\"https:\\\/\\\/elcanillita.info\\\/press\\\/\",\"logo\":{\"@type\":\"ImageObject\",\"inLanguage\":\"es-AR\",\"@id\":\"https:\\\/\\\/elcanillita.info\\\/press\\\/#\\\/schema\\\/logo\\\/image\\\/\",\"url\":\"https:\\\/\\\/elcanillita.info\\\/press\\\/images\\\/2020\\\/01\\\/cropped-cropped-cropped-elcanillitainfo.png\",\"contentUrl\":\"https:\\\/\\\/elcanillita.info\\\/press\\\/images\\\/2020\\\/01\\\/cropped-cropped-cropped-elcanillitainfo.png\",\"width\":460,\"height\":50,\"caption\":\"Guzzo Photos & Graphic Publications\"},\"image\":{\"@id\":\"https:\\\/\\\/elcanillita.info\\\/press\\\/#\\\/schema\\\/logo\\\/image\\\/\"},\"sameAs\":[\"https:\\\/\\\/ar-ar.facebook.com\\\/ElCanillitainfo-114249515285712\\\/\"]},{\"@type\":\"Person\",\"@id\":\"https:\\\/\\\/elcanillita.info\\\/press\\\/#\\\/schema\\\/person\\\/7fcb79f38045700919f7da6d97e71ba0\",\"name\":\"SalaStampa.eu, world press service\",\"image\":{\"@type\":\"ImageObject\",\"inLanguage\":\"es-AR\",\"@id\":\"https:\\\/\\\/secure.gravatar.com\\\/avatar\\\/c2f0e0d515a107624234994507816ca4724c7199cef73fc8bedebf6931d73888?s=96&d=mm&r=g\",\"url\":\"https:\\\/\\\/secure.gravatar.com\\\/avatar\\\/c2f0e0d515a107624234994507816ca4724c7199cef73fc8bedebf6931d73888?s=96&d=mm&r=g\",\"contentUrl\":\"https:\\\/\\\/secure.gravatar.com\\\/avatar\\\/c2f0e0d515a107624234994507816ca4724c7199cef73fc8bedebf6931d73888?s=96&d=mm&r=g\",\"caption\":\"SalaStampa.eu, world press service\"}}]}<\/script>\n<!-- \/ Yoast SEO plugin. -->","yoast_head_json":{"title":"\ud83d\uddde\ufe0f \ud83e\udd47\ud83c\udfdb\ufe0f Ghemachim Electoral - ElCanillita.Info","robots":{"index":"index","follow":"follow","max-snippet":"max-snippet:-1","max-image-preview":"max-image-preview:large","max-video-preview":"max-video-preview:-1"},"canonical":"https:\/\/elcanillita.info\/press\/2025\/11\/24\/ghemachim-electoral\/","og_locale":"es_ES","og_type":"article","og_title":"\ud83d\uddde\ufe0f \ud83e\udd47\ud83c\udfdb\ufe0f Ghemachim Electoral - ElCanillita.Info","og_description":"Argentina e Israel montan un foro econ\u00f3mico impecable\u2026 justo cuando las urnas empiezan a respirar hondo. Coincidencias de calendario que nadie se atreve a llamar por su nombre.","og_url":"https:\/\/elcanillita.info\/press\/2025\/11\/24\/ghemachim-electoral\/","og_site_name":"ElCanillita.Info","article_publisher":"https:\/\/ar-ar.facebook.com\/ElCanillitainfo-114249515285712\/","article_published_time":"2025-11-24T23:22:59+00:00","article_modified_time":"2025-11-25T03:49:28+00:00","author":"SalaStampa.eu, world press service","twitter_card":"summary_large_image","twitter_misc":{"Escrito por":"SalaStampa.eu, world press service","Tiempo de lectura":"3 minutos"},"schema":{"@context":"https:\/\/schema.org","@graph":[{"@type":"Article","@id":"https:\/\/elcanillita.info\/press\/2025\/11\/24\/ghemachim-electoral\/#article","isPartOf":{"@id":"https:\/\/elcanillita.info\/press\/2025\/11\/24\/ghemachim-electoral\/"},"author":{"name":"SalaStampa.eu, world press service","@id":"https:\/\/elcanillita.info\/press\/#\/schema\/person\/7fcb79f38045700919f7da6d97e71ba0"},"headline":"\ud83d\uddde\ufe0f \ud83e\udd47\ud83c\udfdb\ufe0f Ghemachim Electoral","datePublished":"2025-11-24T23:22:59+00:00","dateModified":"2025-11-25T03:49:28+00:00","mainEntityOfPage":{"@id":"https:\/\/elcanillita.info\/press\/2025\/11\/24\/ghemachim-electoral\/"},"wordCount":515,"publisher":{"@id":"https:\/\/elcanillita.info\/press\/#organization"},"keywords":["Argentina","Israel"],"articleSection":[".",".","Actualidad","Am\u00e9rica del Sur","Argentina","Economia","Politica","Reportero de dinero","Sociedad"],"inLanguage":"es-AR"},{"@type":"WebPage","@id":"https:\/\/elcanillita.info\/press\/2025\/11\/24\/ghemachim-electoral\/","url":"https:\/\/elcanillita.info\/press\/2025\/11\/24\/ghemachim-electoral\/","name":"\ud83d\uddde\ufe0f \ud83e\udd47\ud83c\udfdb\ufe0f Ghemachim Electoral - ElCanillita.Info","isPartOf":{"@id":"https:\/\/elcanillita.info\/press\/#website"},"datePublished":"2025-11-24T23:22:59+00:00","dateModified":"2025-11-25T03:49:28+00:00","inLanguage":"es-AR","potentialAction":[{"@type":"ReadAction","target":["https:\/\/elcanillita.info\/press\/2025\/11\/24\/ghemachim-electoral\/"]}]},{"@type":"WebSite","@id":"https:\/\/elcanillita.info\/press\/#website","url":"https:\/\/elcanillita.info\/press\/","name":"ElCanillita.Info","description":"desde los Apeninos a los Andes","publisher":{"@id":"https:\/\/elcanillita.info\/press\/#organization"},"potentialAction":[{"@type":"SearchAction","target":{"@type":"EntryPoint","urlTemplate":"https:\/\/elcanillita.info\/press\/?s={search_term_string}"},"query-input":{"@type":"PropertyValueSpecification","valueRequired":true,"valueName":"search_term_string"}}],"inLanguage":"es-AR"},{"@type":"Organization","@id":"https:\/\/elcanillita.info\/press\/#organization","name":"Guzzo Photos & Graphic Publications","url":"https:\/\/elcanillita.info\/press\/","logo":{"@type":"ImageObject","inLanguage":"es-AR","@id":"https:\/\/elcanillita.info\/press\/#\/schema\/logo\/image\/","url":"https:\/\/elcanillita.info\/press\/images\/2020\/01\/cropped-cropped-cropped-elcanillitainfo.png","contentUrl":"https:\/\/elcanillita.info\/press\/images\/2020\/01\/cropped-cropped-cropped-elcanillitainfo.png","width":460,"height":50,"caption":"Guzzo Photos & Graphic Publications"},"image":{"@id":"https:\/\/elcanillita.info\/press\/#\/schema\/logo\/image\/"},"sameAs":["https:\/\/ar-ar.facebook.com\/ElCanillitainfo-114249515285712\/"]},{"@type":"Person","@id":"https:\/\/elcanillita.info\/press\/#\/schema\/person\/7fcb79f38045700919f7da6d97e71ba0","name":"SalaStampa.eu, world press service","image":{"@type":"ImageObject","inLanguage":"es-AR","@id":"https:\/\/secure.gravatar.com\/avatar\/c2f0e0d515a107624234994507816ca4724c7199cef73fc8bedebf6931d73888?s=96&d=mm&r=g","url":"https:\/\/secure.gravatar.com\/avatar\/c2f0e0d515a107624234994507816ca4724c7199cef73fc8bedebf6931d73888?s=96&d=mm&r=g","contentUrl":"https:\/\/secure.gravatar.com\/avatar\/c2f0e0d515a107624234994507816ca4724c7199cef73fc8bedebf6931d73888?s=96&d=mm&r=g","caption":"SalaStampa.eu, world press service"}}]}},"views":113,"_links":{"self":[{"href":"https:\/\/elcanillita.info\/press\/wp-json\/wp\/v2\/posts\/5641","targetHints":{"allow":["GET"]}}],"collection":[{"href":"https:\/\/elcanillita.info\/press\/wp-json\/wp\/v2\/posts"}],"about":[{"href":"https:\/\/elcanillita.info\/press\/wp-json\/wp\/v2\/types\/post"}],"author":[{"embeddable":true,"href":"https:\/\/elcanillita.info\/press\/wp-json\/wp\/v2\/users\/1"}],"replies":[{"embeddable":true,"href":"https:\/\/elcanillita.info\/press\/wp-json\/wp\/v2\/comments?post=5641"}],"version-history":[{"count":0,"href":"https:\/\/elcanillita.info\/press\/wp-json\/wp\/v2\/posts\/5641\/revisions"}],"wp:attachment":[{"href":"https:\/\/elcanillita.info\/press\/wp-json\/wp\/v2\/media?parent=5641"}],"wp:term":[{"taxonomy":"category","embeddable":true,"href":"https:\/\/elcanillita.info\/press\/wp-json\/wp\/v2\/categories?post=5641"},{"taxonomy":"post_tag","embeddable":true,"href":"https:\/\/elcanillita.info\/press\/wp-json\/wp\/v2\/tags?post=5641"}],"curies":[{"name":"wp","href":"https:\/\/api.w.org\/{rel}","templated":true}]}}