{"id":5638,"date":"2025-11-23T18:06:16","date_gmt":"2025-11-23T21:06:16","guid":{"rendered":"https:\/\/elcanillita.info\/press\/?p=5638"},"modified":"2025-11-23T18:10:13","modified_gmt":"2025-11-23T21:10:13","slug":"el-palo-la-zanahoria-y-la-felicidad-futura","status":"publish","type":"post","link":"https:\/\/elcanillita.info\/press\/2025\/11\/23\/el-palo-la-zanahoria-y-la-felicidad-futura\/","title":{"rendered":"\ud83d\uddde\ufe0f\u2696\ufe0f\ud83d\udcb0\ud83d\uddf3\ufe0f El palo, la zanahoria y la felicidad futura"},"content":{"rendered":"\n<p class=\"p1\">En la Argentina del 2025, el palo es la deuda, la zanahoria es el cr\u00e9dito y la felicidad futura\u2026 bueno, eso todav\u00eda est\u00e1 en el render. Mientras la Casa Rosada vende la postal de la \u201cmonetaria expansiva\u201d, el Banco Central acaba de poner negro sobre blanco la realidad: los argentinos deben m\u00e1s que nunca, y encima deben caro.<\/p>\n\n\n\n<p class=\"p1\">Los n\u00fameros son un poema tr\u00e1gico: cada cliente acumula en promedio $5,6 millones de deuda, un salto del 75% en un solo a\u00f1o. S\u00ed, ley\u00f3 bien: en la patria del ajuste virtuoso, la deuda personal crece como si fuese un emprendimiento unicornio. Y lo m\u00e1s ir\u00f3nico es que no todo pasa por los bancos: ahora tambi\u00e9n le debemos a medio ecosistema fintech y a tres supermercados.<\/p>\n\n\n\n<p class=\"p1\">El informe del BCRA revela que hay 542 empresas fuera del sistema tradicional que reparten cr\u00e9dito como si fueran estampitas: $11 billones en pr\u00e9stamos personales y tarjetas para aguantar la semana. El consumo financiado nunca muri\u00f3; simplemente se fue a vivir a una billetera virtual.<\/p>\n\n\n\n<p class=\"p1\">La morosidad, naturalmente, se despert\u00f3 como un le\u00f3n con hambre. El atraso total trep\u00f3 al 8,6%, el doble que a principios de a\u00f1o. Y en el mundo fintech, donde te prestan por WhatsApp y te cobran por mensaje de voz, la demora llega al 20%. En electrodom\u00e9sticos se dispara al 27%. Comprar la heladera hoy se parece a pedir un pr\u00e9stamo en 2001, pero sin corralito y sin Cavallo.<\/p>\n\n\n\n<p class=\"p1\">El Central \u2014con un optimismo digno de folleto tur\u00edstico\u2014 advierte que esta \u201cporci\u00f3n deteriorada\u201d puede traer un problemita futuro. Traducci\u00f3n al criollo: si todo sigue as\u00ed, se vienen m\u00e1s atrasos, m\u00e1s refinanciaci\u00f3n, m\u00e1s intereses y m\u00e1s gente que paga tres veces lo que compr\u00f3.<\/p>\n\n\n\n<p class=\"p1\">Y hablando de intereses: las tasas no bancarias ya trepan al 129% TNA. S\u00ed, mucho m\u00e1s alto que la inflaci\u00f3n del 36,6% interanual. En tarjetas, el costo de mantenimiento vuela al 92%. Es la econom\u00eda \u201clibre\u201d, tan libre que vuela sola.<\/p>\n\n\n\n<p class=\"p1\">Ante este paisaje lunar, el BCRA decidi\u00f3 bajar la tasa de referencia del 22% al 20%. La \u00e9pica libertaria lo explica como \u201cdistensi\u00f3n monetaria\u201d; los bancos lo interpretan como una invitaci\u00f3n a prestar m\u00e1s barato; y el ciudadano promedio lo vive como una esperanza: quiz\u00e1, con suerte, el pr\u00f3ximo pr\u00e9stamo no venga con GPS y bot\u00f3n antip\u00e1nico.<\/p>\n\n\n\n<p class=\"p1\">El Gobierno promete que con esta baja llegar\u00e1n cr\u00e9ditos accesibles. Pero mientras la deuda sube, el ingreso no acompa\u00f1a y la morosidad canta victoria, la pregunta de fondo es simple:<\/p>\n\n\n\n<p class=\"p1\">\u00bfEs la zanahoria m\u00e1s grande o es el palo m\u00e1s largo?<\/p>\n\n\n\n<p class=\"p1\">Sea cual sea la respuesta, la felicidad futura sigue en etapa de prototipo. Y Argentina, como siempre, pagando el anticipo.<\/p>\n\n\n\n<p><\/p>\n\n\n\n<p>\u270d\ufe0f \u00a9\ufe0f 2025 El Analista del Fondo y de la Caja \u2013 All Rights Reserved<\/p>\n\n\n\n<p><\/p>\n\n\n<hr style=\"\n    border: none;\n    height: 1px;\n    background: linear-gradient(to right, transparent, #ccc, transparent);\n    margin: 0;\n\" \/>\n<br>\n\n\n<strong>\u00bfQuieres decir algo?<\/strong><br><br>\ud83d\udcec Env\u00eda tu texto a : email@soapboxorators.org o s\u00fabelo a la Speakers&#8217; Box: SoapBoxOrators.org.<\/p>\n<!-- \/wp:post-content -->\n\n<form action=\"https:\/\/formspree.io\/f\/mjkrjzed\" method=\"POST\">\n  <label for=\"name\">Nombre o seud\u00f3nimo:<\/label><br \/>\n  <input type=\"text\" id=\"name\" name=\"name\" required><\/p>\n<p>  <label for=\"title\">T\u00edtulo del discurso\/editorial:<\/label><br \/>\n  <input type=\"text\" id=\"title\" name=\"title\" required><\/p>\n<p>  <label for=\"message\">Texto (m\u00e1x. 3.000 caracteres):<\/label><br \/>\n  <textarea id=\"message\" name=\"message\" rows=\"10\" maxlength=\"3000\" required><\/textarea><\/p>\n<p>  <label><br \/>\n    <input type=\"checkbox\" name=\"consent\" required><br \/>\n    Autorizo la publicaci\u00f3n de este texto en SoapboxOrators.org<br \/>\n  <\/label><\/p>\n<p>  <button type=\"submit\">Enviar<\/button><br \/>\n  <button type=\"reset\">Borrar formulario<\/button><\/p>\n<\/form>\n\n<!-- wp:paragraph -->\n<p><\/p>\n<!-- \/wp:paragraph -->\n\n<p><small>\u00a9\ufe0f2025  Guzzo Photos  &#038; Graphic Publications \u2013 All Rights Reserved \u2013 Copyright \u00a9\ufe0f 2025 SalaStampa.eu, world press service \u2013 Guzzo Photos &#038; Graphic Publications \u2013 Registro Editori e Stampatori n. 1441 Turin, Italy<\/small><\/p>\n\n<!-- wp:paragraph -->\n<p><\/p>\n<!-- \/wp:paragraph -->","protected":false},"excerpt":{"rendered":"<p>Cuando la deuda crece m\u00e1s r\u00e1pido que el sueldo y el Gobierno promete cr\u00e9dito \u201caccesible\u201d, el futuro llega con casco y rodilleras.<\/p>\n","protected":false},"author":1,"featured_media":0,"comment_status":"closed","ping_status":"","sticky":false,"template":"","format":"standard","meta":{"footnotes":"","_links_to":"","_links_to_target":""},"categories":[108,121,70,11,123,20,23,137],"tags":[29],"class_list":["post-5638","post","type-post","status-publish","format-standard","hentry","category-blogdiario","category-dc24","category-actualidad","category-america-del-sur","category-argentina","category-economia","category-politica","category-sociedad-y-valores","tag-argentina","entry","double"],"yoast_head":"<!-- This site is optimized with the Yoast SEO plugin v27.4 - https:\/\/yoast.com\/product\/yoast-seo-wordpress\/ -->\n<title>\ud83d\uddde\ufe0f\u2696\ufe0f\ud83d\udcb0\ud83d\uddf3\ufe0f El palo, la zanahoria y la felicidad futura - ElCanillita.Info<\/title>\n<meta name=\"robots\" content=\"index, follow, max-snippet:-1, max-image-preview:large, max-video-preview:-1\" \/>\n<link rel=\"canonical\" href=\"https:\/\/elcanillita.info\/press\/2025\/11\/23\/el-palo-la-zanahoria-y-la-felicidad-futura\/\" \/>\n<meta property=\"og:locale\" content=\"es_ES\" \/>\n<meta property=\"og:type\" content=\"article\" \/>\n<meta property=\"og:title\" content=\"\ud83d\uddde\ufe0f\u2696\ufe0f\ud83d\udcb0\ud83d\uddf3\ufe0f El palo, la zanahoria y la felicidad futura - ElCanillita.Info\" \/>\n<meta property=\"og:description\" content=\"Cuando la deuda crece m\u00e1s r\u00e1pido que el sueldo y el Gobierno promete cr\u00e9dito \u201caccesible\u201d, el futuro llega con casco y rodilleras.\" \/>\n<meta property=\"og:url\" content=\"https:\/\/elcanillita.info\/press\/2025\/11\/23\/el-palo-la-zanahoria-y-la-felicidad-futura\/\" \/>\n<meta property=\"og:site_name\" content=\"ElCanillita.Info\" \/>\n<meta property=\"article:publisher\" content=\"https:\/\/ar-ar.facebook.com\/ElCanillitainfo-114249515285712\/\" \/>\n<meta property=\"article:published_time\" content=\"2025-11-23T21:06:16+00:00\" \/>\n<meta property=\"article:modified_time\" content=\"2025-11-23T21:10:13+00:00\" \/>\n<meta name=\"author\" content=\"SalaStampa.eu, world press service\" \/>\n<meta name=\"twitter:card\" content=\"summary_large_image\" \/>\n<meta name=\"twitter:label1\" content=\"Escrito por\" \/>\n\t<meta name=\"twitter:data1\" content=\"SalaStampa.eu, world press service\" \/>\n\t<meta name=\"twitter:label2\" content=\"Tiempo de lectura\" \/>\n\t<meta name=\"twitter:data2\" content=\"3 minutos\" \/>\n<script type=\"application\/ld+json\" class=\"yoast-schema-graph\">{\"@context\":\"https:\\\/\\\/schema.org\",\"@graph\":[{\"@type\":\"Article\",\"@id\":\"https:\\\/\\\/elcanillita.info\\\/press\\\/2025\\\/11\\\/23\\\/el-palo-la-zanahoria-y-la-felicidad-futura\\\/#article\",\"isPartOf\":{\"@id\":\"https:\\\/\\\/elcanillita.info\\\/press\\\/2025\\\/11\\\/23\\\/el-palo-la-zanahoria-y-la-felicidad-futura\\\/\"},\"author\":{\"name\":\"SalaStampa.eu, world press service\",\"@id\":\"https:\\\/\\\/elcanillita.info\\\/press\\\/#\\\/schema\\\/person\\\/7fcb79f38045700919f7da6d97e71ba0\"},\"headline\":\"\ud83d\uddde\ufe0f\u2696\ufe0f\ud83d\udcb0\ud83d\uddf3\ufe0f El palo, la zanahoria y la felicidad futura\",\"datePublished\":\"2025-11-23T21:06:16+00:00\",\"dateModified\":\"2025-11-23T21:10:13+00:00\",\"mainEntityOfPage\":{\"@id\":\"https:\\\/\\\/elcanillita.info\\\/press\\\/2025\\\/11\\\/23\\\/el-palo-la-zanahoria-y-la-felicidad-futura\\\/\"},\"wordCount\":554,\"publisher\":{\"@id\":\"https:\\\/\\\/elcanillita.info\\\/press\\\/#organization\"},\"keywords\":[\"Argentina\"],\"articleSection\":[\".\",\".\",\"Actualidad\",\"Am\u00e9rica del Sur\",\"Argentina\",\"Economia\",\"Politica\",\"Sociedad y valores\"],\"inLanguage\":\"es-AR\"},{\"@type\":\"WebPage\",\"@id\":\"https:\\\/\\\/elcanillita.info\\\/press\\\/2025\\\/11\\\/23\\\/el-palo-la-zanahoria-y-la-felicidad-futura\\\/\",\"url\":\"https:\\\/\\\/elcanillita.info\\\/press\\\/2025\\\/11\\\/23\\\/el-palo-la-zanahoria-y-la-felicidad-futura\\\/\",\"name\":\"\ud83d\uddde\ufe0f\u2696\ufe0f\ud83d\udcb0\ud83d\uddf3\ufe0f El palo, la zanahoria y la felicidad futura - ElCanillita.Info\",\"isPartOf\":{\"@id\":\"https:\\\/\\\/elcanillita.info\\\/press\\\/#website\"},\"datePublished\":\"2025-11-23T21:06:16+00:00\",\"dateModified\":\"2025-11-23T21:10:13+00:00\",\"inLanguage\":\"es-AR\",\"potentialAction\":[{\"@type\":\"ReadAction\",\"target\":[\"https:\\\/\\\/elcanillita.info\\\/press\\\/2025\\\/11\\\/23\\\/el-palo-la-zanahoria-y-la-felicidad-futura\\\/\"]}]},{\"@type\":\"WebSite\",\"@id\":\"https:\\\/\\\/elcanillita.info\\\/press\\\/#website\",\"url\":\"https:\\\/\\\/elcanillita.info\\\/press\\\/\",\"name\":\"ElCanillita.Info\",\"description\":\"desde los Apeninos a los Andes\",\"publisher\":{\"@id\":\"https:\\\/\\\/elcanillita.info\\\/press\\\/#organization\"},\"potentialAction\":[{\"@type\":\"SearchAction\",\"target\":{\"@type\":\"EntryPoint\",\"urlTemplate\":\"https:\\\/\\\/elcanillita.info\\\/press\\\/?s={search_term_string}\"},\"query-input\":{\"@type\":\"PropertyValueSpecification\",\"valueRequired\":true,\"valueName\":\"search_term_string\"}}],\"inLanguage\":\"es-AR\"},{\"@type\":\"Organization\",\"@id\":\"https:\\\/\\\/elcanillita.info\\\/press\\\/#organization\",\"name\":\"Guzzo Photos & Graphic Publications\",\"url\":\"https:\\\/\\\/elcanillita.info\\\/press\\\/\",\"logo\":{\"@type\":\"ImageObject\",\"inLanguage\":\"es-AR\",\"@id\":\"https:\\\/\\\/elcanillita.info\\\/press\\\/#\\\/schema\\\/logo\\\/image\\\/\",\"url\":\"https:\\\/\\\/elcanillita.info\\\/press\\\/images\\\/2020\\\/01\\\/cropped-cropped-cropped-elcanillitainfo.png\",\"contentUrl\":\"https:\\\/\\\/elcanillita.info\\\/press\\\/images\\\/2020\\\/01\\\/cropped-cropped-cropped-elcanillitainfo.png\",\"width\":460,\"height\":50,\"caption\":\"Guzzo Photos & Graphic Publications\"},\"image\":{\"@id\":\"https:\\\/\\\/elcanillita.info\\\/press\\\/#\\\/schema\\\/logo\\\/image\\\/\"},\"sameAs\":[\"https:\\\/\\\/ar-ar.facebook.com\\\/ElCanillitainfo-114249515285712\\\/\"]},{\"@type\":\"Person\",\"@id\":\"https:\\\/\\\/elcanillita.info\\\/press\\\/#\\\/schema\\\/person\\\/7fcb79f38045700919f7da6d97e71ba0\",\"name\":\"SalaStampa.eu, world press service\",\"image\":{\"@type\":\"ImageObject\",\"inLanguage\":\"es-AR\",\"@id\":\"https:\\\/\\\/secure.gravatar.com\\\/avatar\\\/c2f0e0d515a107624234994507816ca4724c7199cef73fc8bedebf6931d73888?s=96&d=mm&r=g\",\"url\":\"https:\\\/\\\/secure.gravatar.com\\\/avatar\\\/c2f0e0d515a107624234994507816ca4724c7199cef73fc8bedebf6931d73888?s=96&d=mm&r=g\",\"contentUrl\":\"https:\\\/\\\/secure.gravatar.com\\\/avatar\\\/c2f0e0d515a107624234994507816ca4724c7199cef73fc8bedebf6931d73888?s=96&d=mm&r=g\",\"caption\":\"SalaStampa.eu, world press service\"}}]}<\/script>\n<!-- \/ Yoast SEO plugin. -->","yoast_head_json":{"title":"\ud83d\uddde\ufe0f\u2696\ufe0f\ud83d\udcb0\ud83d\uddf3\ufe0f El palo, la zanahoria y la felicidad futura - ElCanillita.Info","robots":{"index":"index","follow":"follow","max-snippet":"max-snippet:-1","max-image-preview":"max-image-preview:large","max-video-preview":"max-video-preview:-1"},"canonical":"https:\/\/elcanillita.info\/press\/2025\/11\/23\/el-palo-la-zanahoria-y-la-felicidad-futura\/","og_locale":"es_ES","og_type":"article","og_title":"\ud83d\uddde\ufe0f\u2696\ufe0f\ud83d\udcb0\ud83d\uddf3\ufe0f El palo, la zanahoria y la felicidad futura - ElCanillita.Info","og_description":"Cuando la deuda crece m\u00e1s r\u00e1pido que el sueldo y el Gobierno promete cr\u00e9dito \u201caccesible\u201d, el futuro llega con casco y rodilleras.","og_url":"https:\/\/elcanillita.info\/press\/2025\/11\/23\/el-palo-la-zanahoria-y-la-felicidad-futura\/","og_site_name":"ElCanillita.Info","article_publisher":"https:\/\/ar-ar.facebook.com\/ElCanillitainfo-114249515285712\/","article_published_time":"2025-11-23T21:06:16+00:00","article_modified_time":"2025-11-23T21:10:13+00:00","author":"SalaStampa.eu, world press service","twitter_card":"summary_large_image","twitter_misc":{"Escrito por":"SalaStampa.eu, world press service","Tiempo de lectura":"3 minutos"},"schema":{"@context":"https:\/\/schema.org","@graph":[{"@type":"Article","@id":"https:\/\/elcanillita.info\/press\/2025\/11\/23\/el-palo-la-zanahoria-y-la-felicidad-futura\/#article","isPartOf":{"@id":"https:\/\/elcanillita.info\/press\/2025\/11\/23\/el-palo-la-zanahoria-y-la-felicidad-futura\/"},"author":{"name":"SalaStampa.eu, world press service","@id":"https:\/\/elcanillita.info\/press\/#\/schema\/person\/7fcb79f38045700919f7da6d97e71ba0"},"headline":"\ud83d\uddde\ufe0f\u2696\ufe0f\ud83d\udcb0\ud83d\uddf3\ufe0f El palo, la zanahoria y la felicidad futura","datePublished":"2025-11-23T21:06:16+00:00","dateModified":"2025-11-23T21:10:13+00:00","mainEntityOfPage":{"@id":"https:\/\/elcanillita.info\/press\/2025\/11\/23\/el-palo-la-zanahoria-y-la-felicidad-futura\/"},"wordCount":554,"publisher":{"@id":"https:\/\/elcanillita.info\/press\/#organization"},"keywords":["Argentina"],"articleSection":[".",".","Actualidad","Am\u00e9rica del Sur","Argentina","Economia","Politica","Sociedad y valores"],"inLanguage":"es-AR"},{"@type":"WebPage","@id":"https:\/\/elcanillita.info\/press\/2025\/11\/23\/el-palo-la-zanahoria-y-la-felicidad-futura\/","url":"https:\/\/elcanillita.info\/press\/2025\/11\/23\/el-palo-la-zanahoria-y-la-felicidad-futura\/","name":"\ud83d\uddde\ufe0f\u2696\ufe0f\ud83d\udcb0\ud83d\uddf3\ufe0f El palo, la zanahoria y la felicidad futura - ElCanillita.Info","isPartOf":{"@id":"https:\/\/elcanillita.info\/press\/#website"},"datePublished":"2025-11-23T21:06:16+00:00","dateModified":"2025-11-23T21:10:13+00:00","inLanguage":"es-AR","potentialAction":[{"@type":"ReadAction","target":["https:\/\/elcanillita.info\/press\/2025\/11\/23\/el-palo-la-zanahoria-y-la-felicidad-futura\/"]}]},{"@type":"WebSite","@id":"https:\/\/elcanillita.info\/press\/#website","url":"https:\/\/elcanillita.info\/press\/","name":"ElCanillita.Info","description":"desde los Apeninos a los Andes","publisher":{"@id":"https:\/\/elcanillita.info\/press\/#organization"},"potentialAction":[{"@type":"SearchAction","target":{"@type":"EntryPoint","urlTemplate":"https:\/\/elcanillita.info\/press\/?s={search_term_string}"},"query-input":{"@type":"PropertyValueSpecification","valueRequired":true,"valueName":"search_term_string"}}],"inLanguage":"es-AR"},{"@type":"Organization","@id":"https:\/\/elcanillita.info\/press\/#organization","name":"Guzzo Photos & Graphic Publications","url":"https:\/\/elcanillita.info\/press\/","logo":{"@type":"ImageObject","inLanguage":"es-AR","@id":"https:\/\/elcanillita.info\/press\/#\/schema\/logo\/image\/","url":"https:\/\/elcanillita.info\/press\/images\/2020\/01\/cropped-cropped-cropped-elcanillitainfo.png","contentUrl":"https:\/\/elcanillita.info\/press\/images\/2020\/01\/cropped-cropped-cropped-elcanillitainfo.png","width":460,"height":50,"caption":"Guzzo Photos & Graphic Publications"},"image":{"@id":"https:\/\/elcanillita.info\/press\/#\/schema\/logo\/image\/"},"sameAs":["https:\/\/ar-ar.facebook.com\/ElCanillitainfo-114249515285712\/"]},{"@type":"Person","@id":"https:\/\/elcanillita.info\/press\/#\/schema\/person\/7fcb79f38045700919f7da6d97e71ba0","name":"SalaStampa.eu, world press service","image":{"@type":"ImageObject","inLanguage":"es-AR","@id":"https:\/\/secure.gravatar.com\/avatar\/c2f0e0d515a107624234994507816ca4724c7199cef73fc8bedebf6931d73888?s=96&d=mm&r=g","url":"https:\/\/secure.gravatar.com\/avatar\/c2f0e0d515a107624234994507816ca4724c7199cef73fc8bedebf6931d73888?s=96&d=mm&r=g","contentUrl":"https:\/\/secure.gravatar.com\/avatar\/c2f0e0d515a107624234994507816ca4724c7199cef73fc8bedebf6931d73888?s=96&d=mm&r=g","caption":"SalaStampa.eu, world press service"}}]}},"views":125,"_links":{"self":[{"href":"https:\/\/elcanillita.info\/press\/wp-json\/wp\/v2\/posts\/5638","targetHints":{"allow":["GET"]}}],"collection":[{"href":"https:\/\/elcanillita.info\/press\/wp-json\/wp\/v2\/posts"}],"about":[{"href":"https:\/\/elcanillita.info\/press\/wp-json\/wp\/v2\/types\/post"}],"author":[{"embeddable":true,"href":"https:\/\/elcanillita.info\/press\/wp-json\/wp\/v2\/users\/1"}],"replies":[{"embeddable":true,"href":"https:\/\/elcanillita.info\/press\/wp-json\/wp\/v2\/comments?post=5638"}],"version-history":[{"count":0,"href":"https:\/\/elcanillita.info\/press\/wp-json\/wp\/v2\/posts\/5638\/revisions"}],"wp:attachment":[{"href":"https:\/\/elcanillita.info\/press\/wp-json\/wp\/v2\/media?parent=5638"}],"wp:term":[{"taxonomy":"category","embeddable":true,"href":"https:\/\/elcanillita.info\/press\/wp-json\/wp\/v2\/categories?post=5638"},{"taxonomy":"post_tag","embeddable":true,"href":"https:\/\/elcanillita.info\/press\/wp-json\/wp\/v2\/tags?post=5638"}],"curies":[{"name":"wp","href":"https:\/\/api.w.org\/{rel}","templated":true}]}}