{"id":5636,"date":"2025-11-23T14:42:31","date_gmt":"2025-11-23T17:42:31","guid":{"rendered":"https:\/\/elcanillita.info\/press\/?p=5636"},"modified":"2025-11-23T15:46:39","modified_gmt":"2025-11-23T18:46:39","slug":"ia-a-la-criolla-kicillof-pone-frenos-milei-pisa-el-acelerador","status":"publish","type":"post","link":"https:\/\/elcanillita.info\/press\/2025\/11\/23\/ia-a-la-criolla-kicillof-pone-frenos-milei-pisa-el-acelerador\/","title":{"rendered":"\ud83d\uddde\ufe0f\u2728 \ud83c\udfdb\ufe0f IA a la criolla: Kicillof pone frenos, Milei pisa el acelerador"},"content":{"rendered":"\n<p>La Argentina acaba de descubrir que la inteligencia artificial no solo escribe papers, im\u00e1genes y discursos: tambi\u00e9n escribe conflictos pol\u00edticos. Y hoy, el cap\u00edtulo m\u00e1s reciente enfrenta a Axel Kicillof, armado con su nuevo manual de \u201cIA con casco y cintur\u00f3n de seguridad\u201d, contra el mileismo, que prefiere abrir la puerta del laboratorio y decir: <em>pasen, hagan lo que quieran y, si algo explota, avisen<\/em>.<\/p>\n\n\n\n<p>La resoluci\u00f3n 9\/2025 convirti\u00f3 a la provincia de Buenos Aires en pionera: evaluaci\u00f3n de riesgos, registro obligatorio, auditor\u00edas, clasificaci\u00f3n seg\u00fan peligrosidad y avisos formales cuando un ciudadano est\u00e9 hablando con una IA y no con un funcionario de carne, hueso y mate lavado. Una especie de cintur\u00f3n sanitario tecnol\u00f3gico para evitar que los algoritmos se vuelvan De la R\u00faa en helic\u00f3ptero.<\/p>\n\n\n\n<p>En la l\u00f3gica bonaerense, la inteligencia artificial es un animal que conviene acariciar con guantes y desde la jaula. En la l\u00f3gica libertaria, en cambio, es un unicornio que hay que soltar a campo abierto para ver si deja d\u00f3lares, inversi\u00f3n o\u2026 milagros.<\/p>\n\n\n\n<p>La Casa Rosada, feliz con la idea de instalar \u201cStargate Argentina\u201d, quiere convertir al pa\u00eds en el para\u00edso global de los centros de datos. Mientras Kicillof imagina protocolos, Milei imagina exponentes: <em>OpenAI elevado a la potencia del riesgo pa\u00eds dividido por la tasa de inter\u00e9s en d\u00f3lares<\/em>. Cuesti\u00f3n de enfoques.<\/p>\n\n\n\n<p>El contraste es tan brutal que hasta parece dise\u00f1ado por ChatGPT con su modo \u201ctensi\u00f3n pol\u00edtica m\u00e1xima\u201d: la provincia regula, clasifica y advierte; la Naci\u00f3n desregula, celebra y promete que la IA traer\u00e1 prosperidad, competitividad y \u2014por qu\u00e9 no\u2014 la cura del d\u00e9ficit fiscal, si la dejan calcular un rato largo.<\/p>\n\n\n\n<p>Pero el verdadero ring se trasladar\u00e1 al Congreso. El proyecto de Uni\u00f3n por la Patria, liderado por Daniel Goll\u00e1n, busca crear un marco \u00e9tico y de derechos humanos para todas las IA del pa\u00eds. En el mileismo ya lo leen como una traba, un freno, un \u201cno jodas m\u00e1s, pibe, que la startup no te espera\u201d.<\/p>\n\n\n\n<p>Es el preludio de un choque que puede sacar chispas: peronistas que quieren regular los algoritmos antes de que regulen nuestras vidas; libertarios que prefieren dejar que los algoritmos regulen todo, incluidas las leyes.<\/p>\n\n\n\n<p>Y as\u00ed, mientras Europa discute est\u00e1ndares, Australia afina controles y los pa\u00edses sudamericanos avanzan con prudencia, Argentina vuelve a ser Argentina: un territorio donde la inteligencia artificial se convierte, inevitablemente, en inteligencia pol\u00edtica.<\/p>\n\n\n\n<p>Porque en Argentina, incluso la inteligencia artificial termina atrapada en una pelea humana: qui\u00e9n manda y qui\u00e9n obedece.<br \/><br \/>\u270d\ufe0f<small>El Canillita.info &#8211; All rights reserved<\/small><br \/><small>La voz que no espera permisos: cuenta lo que pasa, cuando pasa.<\/small><br \/><small>\u00a9 2025 SalaStampa.eu, world press service -Guzzo Photos &amp; Graphic Publications \u2013 Registro Editori e Stampatori n. 1441 Turin, Italy<\/small><\/p>\n\n\n\n<p><\/p>\n","protected":false},"excerpt":{"rendered":"<p>Cuando unos ponen frenos y formularios, otros sue\u00f1an con el Stargate criollo. La pelea por el control \u2014o la ausencia absoluta de \u00e9l\u2014 sobre la inteligencia artificial expone el choque m\u00e1s puro entre burocracia anal\u00f3gica y fe libertaria en el algoritmo redentor.<\/p>\n","protected":false},"author":1,"featured_media":0,"comment_status":"closed","ping_status":"closed","sticky":false,"template":"","format":"standard","meta":{"footnotes":"","_links_to":"","_links_to_target":""},"categories":[108,121,70,11,123,24,19,20,23,25],"tags":[29],"class_list":["post-5636","post","type-post","status-publish","format-standard","hentry","category-blogdiario","category-dc24","category-actualidad","category-america-del-sur","category-argentina","category-ciencia-tecnologia","category-cultura","category-economia","category-politica","category-sociedad","tag-argentina","entry","double"],"yoast_head":"<!-- This site is optimized with the Yoast SEO plugin v27.4 - https:\/\/yoast.com\/product\/yoast-seo-wordpress\/ -->\n<title>\ud83d\uddde\ufe0f\u2728 \ud83c\udfdb\ufe0f IA a la criolla: Kicillof pone frenos, Milei pisa el acelerador - ElCanillita.Info<\/title>\n<meta name=\"robots\" content=\"index, follow, max-snippet:-1, max-image-preview:large, max-video-preview:-1\" \/>\n<link rel=\"canonical\" href=\"https:\/\/elcanillita.info\/press\/2025\/11\/23\/ia-a-la-criolla-kicillof-pone-frenos-milei-pisa-el-acelerador\/\" \/>\n<meta property=\"og:locale\" content=\"es_ES\" \/>\n<meta property=\"og:type\" content=\"article\" \/>\n<meta property=\"og:title\" content=\"\ud83d\uddde\ufe0f\u2728 \ud83c\udfdb\ufe0f IA a la criolla: Kicillof pone frenos, Milei pisa el acelerador - ElCanillita.Info\" \/>\n<meta property=\"og:description\" content=\"Cuando unos ponen frenos y formularios, otros sue\u00f1an con el Stargate criollo. La pelea por el control \u2014o la ausencia absoluta de \u00e9l\u2014 sobre la inteligencia artificial expone el choque m\u00e1s puro entre burocracia anal\u00f3gica y fe libertaria en el algoritmo redentor.\" \/>\n<meta property=\"og:url\" content=\"https:\/\/elcanillita.info\/press\/2025\/11\/23\/ia-a-la-criolla-kicillof-pone-frenos-milei-pisa-el-acelerador\/\" \/>\n<meta property=\"og:site_name\" content=\"ElCanillita.Info\" \/>\n<meta property=\"article:publisher\" content=\"https:\/\/ar-ar.facebook.com\/ElCanillitainfo-114249515285712\/\" \/>\n<meta property=\"article:published_time\" content=\"2025-11-23T17:42:31+00:00\" \/>\n<meta property=\"article:modified_time\" content=\"2025-11-23T18:46:39+00:00\" \/>\n<meta name=\"author\" content=\"SalaStampa.eu, world press service\" \/>\n<meta name=\"twitter:card\" content=\"summary_large_image\" \/>\n<meta name=\"twitter:label1\" content=\"Escrito por\" \/>\n\t<meta name=\"twitter:data1\" content=\"SalaStampa.eu, world press service\" \/>\n\t<meta name=\"twitter:label2\" content=\"Tiempo de lectura\" \/>\n\t<meta name=\"twitter:data2\" content=\"3 minutos\" \/>\n<script type=\"application\/ld+json\" class=\"yoast-schema-graph\">{\"@context\":\"https:\\\/\\\/schema.org\",\"@graph\":[{\"@type\":\"Article\",\"@id\":\"https:\\\/\\\/elcanillita.info\\\/press\\\/2025\\\/11\\\/23\\\/ia-a-la-criolla-kicillof-pone-frenos-milei-pisa-el-acelerador\\\/#article\",\"isPartOf\":{\"@id\":\"https:\\\/\\\/elcanillita.info\\\/press\\\/2025\\\/11\\\/23\\\/ia-a-la-criolla-kicillof-pone-frenos-milei-pisa-el-acelerador\\\/\"},\"author\":{\"name\":\"SalaStampa.eu, world press service\",\"@id\":\"https:\\\/\\\/elcanillita.info\\\/press\\\/#\\\/schema\\\/person\\\/7fcb79f38045700919f7da6d97e71ba0\"},\"headline\":\"\ud83d\uddde\ufe0f\u2728 \ud83c\udfdb\ufe0f IA a la criolla: Kicillof pone frenos, Milei pisa el acelerador\",\"datePublished\":\"2025-11-23T17:42:31+00:00\",\"dateModified\":\"2025-11-23T18:46:39+00:00\",\"mainEntityOfPage\":{\"@id\":\"https:\\\/\\\/elcanillita.info\\\/press\\\/2025\\\/11\\\/23\\\/ia-a-la-criolla-kicillof-pone-frenos-milei-pisa-el-acelerador\\\/\"},\"wordCount\":497,\"publisher\":{\"@id\":\"https:\\\/\\\/elcanillita.info\\\/press\\\/#organization\"},\"keywords\":[\"Argentina\"],\"articleSection\":[\".\",\".\",\"Actualidad\",\"Am\u00e9rica del Sur\",\"Argentina\",\"Ciencia y Tecnologia\",\"Cultura\",\"Economia\",\"Politica\",\"Sociedad\"],\"inLanguage\":\"es-AR\"},{\"@type\":\"WebPage\",\"@id\":\"https:\\\/\\\/elcanillita.info\\\/press\\\/2025\\\/11\\\/23\\\/ia-a-la-criolla-kicillof-pone-frenos-milei-pisa-el-acelerador\\\/\",\"url\":\"https:\\\/\\\/elcanillita.info\\\/press\\\/2025\\\/11\\\/23\\\/ia-a-la-criolla-kicillof-pone-frenos-milei-pisa-el-acelerador\\\/\",\"name\":\"\ud83d\uddde\ufe0f\u2728 \ud83c\udfdb\ufe0f IA a la criolla: Kicillof pone frenos, Milei pisa el acelerador - ElCanillita.Info\",\"isPartOf\":{\"@id\":\"https:\\\/\\\/elcanillita.info\\\/press\\\/#website\"},\"datePublished\":\"2025-11-23T17:42:31+00:00\",\"dateModified\":\"2025-11-23T18:46:39+00:00\",\"inLanguage\":\"es-AR\",\"potentialAction\":[{\"@type\":\"ReadAction\",\"target\":[\"https:\\\/\\\/elcanillita.info\\\/press\\\/2025\\\/11\\\/23\\\/ia-a-la-criolla-kicillof-pone-frenos-milei-pisa-el-acelerador\\\/\"]}]},{\"@type\":\"WebSite\",\"@id\":\"https:\\\/\\\/elcanillita.info\\\/press\\\/#website\",\"url\":\"https:\\\/\\\/elcanillita.info\\\/press\\\/\",\"name\":\"ElCanillita.Info\",\"description\":\"desde los Apeninos a los Andes\",\"publisher\":{\"@id\":\"https:\\\/\\\/elcanillita.info\\\/press\\\/#organization\"},\"potentialAction\":[{\"@type\":\"SearchAction\",\"target\":{\"@type\":\"EntryPoint\",\"urlTemplate\":\"https:\\\/\\\/elcanillita.info\\\/press\\\/?s={search_term_string}\"},\"query-input\":{\"@type\":\"PropertyValueSpecification\",\"valueRequired\":true,\"valueName\":\"search_term_string\"}}],\"inLanguage\":\"es-AR\"},{\"@type\":\"Organization\",\"@id\":\"https:\\\/\\\/elcanillita.info\\\/press\\\/#organization\",\"name\":\"Guzzo Photos & Graphic Publications\",\"url\":\"https:\\\/\\\/elcanillita.info\\\/press\\\/\",\"logo\":{\"@type\":\"ImageObject\",\"inLanguage\":\"es-AR\",\"@id\":\"https:\\\/\\\/elcanillita.info\\\/press\\\/#\\\/schema\\\/logo\\\/image\\\/\",\"url\":\"https:\\\/\\\/elcanillita.info\\\/press\\\/images\\\/2020\\\/01\\\/cropped-cropped-cropped-elcanillitainfo.png\",\"contentUrl\":\"https:\\\/\\\/elcanillita.info\\\/press\\\/images\\\/2020\\\/01\\\/cropped-cropped-cropped-elcanillitainfo.png\",\"width\":460,\"height\":50,\"caption\":\"Guzzo Photos & Graphic Publications\"},\"image\":{\"@id\":\"https:\\\/\\\/elcanillita.info\\\/press\\\/#\\\/schema\\\/logo\\\/image\\\/\"},\"sameAs\":[\"https:\\\/\\\/ar-ar.facebook.com\\\/ElCanillitainfo-114249515285712\\\/\"]},{\"@type\":\"Person\",\"@id\":\"https:\\\/\\\/elcanillita.info\\\/press\\\/#\\\/schema\\\/person\\\/7fcb79f38045700919f7da6d97e71ba0\",\"name\":\"SalaStampa.eu, world press service\",\"image\":{\"@type\":\"ImageObject\",\"inLanguage\":\"es-AR\",\"@id\":\"https:\\\/\\\/secure.gravatar.com\\\/avatar\\\/c2f0e0d515a107624234994507816ca4724c7199cef73fc8bedebf6931d73888?s=96&d=mm&r=g\",\"url\":\"https:\\\/\\\/secure.gravatar.com\\\/avatar\\\/c2f0e0d515a107624234994507816ca4724c7199cef73fc8bedebf6931d73888?s=96&d=mm&r=g\",\"contentUrl\":\"https:\\\/\\\/secure.gravatar.com\\\/avatar\\\/c2f0e0d515a107624234994507816ca4724c7199cef73fc8bedebf6931d73888?s=96&d=mm&r=g\",\"caption\":\"SalaStampa.eu, world press service\"}}]}<\/script>\n<!-- \/ Yoast SEO plugin. -->","yoast_head_json":{"title":"\ud83d\uddde\ufe0f\u2728 \ud83c\udfdb\ufe0f IA a la criolla: Kicillof pone frenos, Milei pisa el acelerador - ElCanillita.Info","robots":{"index":"index","follow":"follow","max-snippet":"max-snippet:-1","max-image-preview":"max-image-preview:large","max-video-preview":"max-video-preview:-1"},"canonical":"https:\/\/elcanillita.info\/press\/2025\/11\/23\/ia-a-la-criolla-kicillof-pone-frenos-milei-pisa-el-acelerador\/","og_locale":"es_ES","og_type":"article","og_title":"\ud83d\uddde\ufe0f\u2728 \ud83c\udfdb\ufe0f IA a la criolla: Kicillof pone frenos, Milei pisa el acelerador - ElCanillita.Info","og_description":"Cuando unos ponen frenos y formularios, otros sue\u00f1an con el Stargate criollo. La pelea por el control \u2014o la ausencia absoluta de \u00e9l\u2014 sobre la inteligencia artificial expone el choque m\u00e1s puro entre burocracia anal\u00f3gica y fe libertaria en el algoritmo redentor.","og_url":"https:\/\/elcanillita.info\/press\/2025\/11\/23\/ia-a-la-criolla-kicillof-pone-frenos-milei-pisa-el-acelerador\/","og_site_name":"ElCanillita.Info","article_publisher":"https:\/\/ar-ar.facebook.com\/ElCanillitainfo-114249515285712\/","article_published_time":"2025-11-23T17:42:31+00:00","article_modified_time":"2025-11-23T18:46:39+00:00","author":"SalaStampa.eu, world press service","twitter_card":"summary_large_image","twitter_misc":{"Escrito por":"SalaStampa.eu, world press service","Tiempo de lectura":"3 minutos"},"schema":{"@context":"https:\/\/schema.org","@graph":[{"@type":"Article","@id":"https:\/\/elcanillita.info\/press\/2025\/11\/23\/ia-a-la-criolla-kicillof-pone-frenos-milei-pisa-el-acelerador\/#article","isPartOf":{"@id":"https:\/\/elcanillita.info\/press\/2025\/11\/23\/ia-a-la-criolla-kicillof-pone-frenos-milei-pisa-el-acelerador\/"},"author":{"name":"SalaStampa.eu, world press service","@id":"https:\/\/elcanillita.info\/press\/#\/schema\/person\/7fcb79f38045700919f7da6d97e71ba0"},"headline":"\ud83d\uddde\ufe0f\u2728 \ud83c\udfdb\ufe0f IA a la criolla: Kicillof pone frenos, Milei pisa el acelerador","datePublished":"2025-11-23T17:42:31+00:00","dateModified":"2025-11-23T18:46:39+00:00","mainEntityOfPage":{"@id":"https:\/\/elcanillita.info\/press\/2025\/11\/23\/ia-a-la-criolla-kicillof-pone-frenos-milei-pisa-el-acelerador\/"},"wordCount":497,"publisher":{"@id":"https:\/\/elcanillita.info\/press\/#organization"},"keywords":["Argentina"],"articleSection":[".",".","Actualidad","Am\u00e9rica del Sur","Argentina","Ciencia y Tecnologia","Cultura","Economia","Politica","Sociedad"],"inLanguage":"es-AR"},{"@type":"WebPage","@id":"https:\/\/elcanillita.info\/press\/2025\/11\/23\/ia-a-la-criolla-kicillof-pone-frenos-milei-pisa-el-acelerador\/","url":"https:\/\/elcanillita.info\/press\/2025\/11\/23\/ia-a-la-criolla-kicillof-pone-frenos-milei-pisa-el-acelerador\/","name":"\ud83d\uddde\ufe0f\u2728 \ud83c\udfdb\ufe0f IA a la criolla: Kicillof pone frenos, Milei pisa el acelerador - ElCanillita.Info","isPartOf":{"@id":"https:\/\/elcanillita.info\/press\/#website"},"datePublished":"2025-11-23T17:42:31+00:00","dateModified":"2025-11-23T18:46:39+00:00","inLanguage":"es-AR","potentialAction":[{"@type":"ReadAction","target":["https:\/\/elcanillita.info\/press\/2025\/11\/23\/ia-a-la-criolla-kicillof-pone-frenos-milei-pisa-el-acelerador\/"]}]},{"@type":"WebSite","@id":"https:\/\/elcanillita.info\/press\/#website","url":"https:\/\/elcanillita.info\/press\/","name":"ElCanillita.Info","description":"desde los Apeninos a los Andes","publisher":{"@id":"https:\/\/elcanillita.info\/press\/#organization"},"potentialAction":[{"@type":"SearchAction","target":{"@type":"EntryPoint","urlTemplate":"https:\/\/elcanillita.info\/press\/?s={search_term_string}"},"query-input":{"@type":"PropertyValueSpecification","valueRequired":true,"valueName":"search_term_string"}}],"inLanguage":"es-AR"},{"@type":"Organization","@id":"https:\/\/elcanillita.info\/press\/#organization","name":"Guzzo Photos & Graphic Publications","url":"https:\/\/elcanillita.info\/press\/","logo":{"@type":"ImageObject","inLanguage":"es-AR","@id":"https:\/\/elcanillita.info\/press\/#\/schema\/logo\/image\/","url":"https:\/\/elcanillita.info\/press\/images\/2020\/01\/cropped-cropped-cropped-elcanillitainfo.png","contentUrl":"https:\/\/elcanillita.info\/press\/images\/2020\/01\/cropped-cropped-cropped-elcanillitainfo.png","width":460,"height":50,"caption":"Guzzo Photos & Graphic Publications"},"image":{"@id":"https:\/\/elcanillita.info\/press\/#\/schema\/logo\/image\/"},"sameAs":["https:\/\/ar-ar.facebook.com\/ElCanillitainfo-114249515285712\/"]},{"@type":"Person","@id":"https:\/\/elcanillita.info\/press\/#\/schema\/person\/7fcb79f38045700919f7da6d97e71ba0","name":"SalaStampa.eu, world press service","image":{"@type":"ImageObject","inLanguage":"es-AR","@id":"https:\/\/secure.gravatar.com\/avatar\/c2f0e0d515a107624234994507816ca4724c7199cef73fc8bedebf6931d73888?s=96&d=mm&r=g","url":"https:\/\/secure.gravatar.com\/avatar\/c2f0e0d515a107624234994507816ca4724c7199cef73fc8bedebf6931d73888?s=96&d=mm&r=g","contentUrl":"https:\/\/secure.gravatar.com\/avatar\/c2f0e0d515a107624234994507816ca4724c7199cef73fc8bedebf6931d73888?s=96&d=mm&r=g","caption":"SalaStampa.eu, world press service"}}]}},"views":111,"_links":{"self":[{"href":"https:\/\/elcanillita.info\/press\/wp-json\/wp\/v2\/posts\/5636","targetHints":{"allow":["GET"]}}],"collection":[{"href":"https:\/\/elcanillita.info\/press\/wp-json\/wp\/v2\/posts"}],"about":[{"href":"https:\/\/elcanillita.info\/press\/wp-json\/wp\/v2\/types\/post"}],"author":[{"embeddable":true,"href":"https:\/\/elcanillita.info\/press\/wp-json\/wp\/v2\/users\/1"}],"replies":[{"embeddable":true,"href":"https:\/\/elcanillita.info\/press\/wp-json\/wp\/v2\/comments?post=5636"}],"version-history":[{"count":0,"href":"https:\/\/elcanillita.info\/press\/wp-json\/wp\/v2\/posts\/5636\/revisions"}],"wp:attachment":[{"href":"https:\/\/elcanillita.info\/press\/wp-json\/wp\/v2\/media?parent=5636"}],"wp:term":[{"taxonomy":"category","embeddable":true,"href":"https:\/\/elcanillita.info\/press\/wp-json\/wp\/v2\/categories?post=5636"},{"taxonomy":"post_tag","embeddable":true,"href":"https:\/\/elcanillita.info\/press\/wp-json\/wp\/v2\/tags?post=5636"}],"curies":[{"name":"wp","href":"https:\/\/api.w.org\/{rel}","templated":true}]}}