{"id":5635,"date":"2025-11-22T20:52:04","date_gmt":"2025-11-22T23:52:04","guid":{"rendered":"https:\/\/elcanillita.info\/press\/?p=5635"},"modified":"2025-11-22T20:52:48","modified_gmt":"2025-11-22T23:52:48","slug":"los-ejes-de-mi-carreta","status":"publish","type":"post","link":"https:\/\/elcanillita.info\/press\/2025\/11\/22\/los-ejes-de-mi-carreta\/","title":{"rendered":"\ud83d\uddde\ufe0f \ud83c\udde6\ud83c\uddf7\ud83d\udcb0\ud83d\udcc9 Los Ejes De Mi Carreta"},"content":{"rendered":"\n<p class=\"p1\">En Argentina todo tiene m\u00fasica, incluso el derrumbe. Las rutas nacionales \u2014esas venas por donde circula la vida econ\u00f3mica del pa\u00eds\u2014 hoy suenan como los viejos ejes de la carreta de Don Atahualpa: chirr\u00edan, avisan, protestan. Pero nadie parece dispuesto a engrasar nada. La Federaci\u00f3n del Personal de Vialidad Nacional no habl\u00f3 de met\u00e1foras: habl\u00f3 de emergencia. Treinta mil kil\u00f3metros en estado regular, malo o directamente calamitoso. Ocho de cada diez rodando al borde del abandono.<\/p>\n\n\n\n<p class=\"p1\">El Gobierno insiste en su credo de \u201cobra p\u00fablica cero\u201d, mientras la realidad, testaruda, demuestra que cero inversi\u00f3n equivale a cien problemas. Fabi\u00e1n Catanzaro, secretario gremial, describe la situaci\u00f3n como \u201cpar\u00e1lisis y vaciamiento\u201d. Es decir: el organismo no se disolvi\u00f3, pero lo est\u00e1n dejando evaporarse. Un fantasma con logo.<\/p>\n\n\n\n<p class=\"p1\">Las concesiones privadas tampoco traen alivio. Evolucionaron de \u201cinversi\u00f3n privada\u201d a \u201cnegocio subvencionado\u201d, con financiamiento del BICE al 2% y dos a\u00f1os de gracia. Riesgo empresario: cero. Beneficio empresario: completo. Mientras tanto, las rutas licitadas prometen un futuro \u00e9pico\u2026 de bacheo ocasional y dos repavimentaciones en veinte a\u00f1os. La \u00e9pica del m\u00ednimo esfuerzo.<\/p>\n\n\n\n<p class=\"p1\">Los trabajadores, por su parte, est\u00e1n pagando la otra factura del ajuste. Congelaci\u00f3n salarial por un a\u00f1o, protocolo disciplinario que anula el derecho de defensa y una \u201cforma expulsiva\u201d que ya redujo el personal en casi 20%. Los que se van no son los \u00f1oquis: son los calificados, los que saben d\u00f3nde est\u00e1 el pozo y c\u00f3mo taparlo.<\/p>\n\n\n\n<p class=\"p1\">Y como si esto fuera poco, Catanzaro advierte un boomerang financiero de dimensiones patag\u00f3nicas: lo que hoy se ahorra dejando que todo se arruine, ma\u00f1ana costar\u00e1 entre tres y cinco veces m\u00e1s rehacerlo. Matem\u00e1tica b\u00e1sica que en la Casa Rosada parece no pasar el examen de ingreso.<\/p>\n\n\n\n<p class=\"p1\">Las rutas m\u00e1s cr\u00edticas no son una sorpresa: la 151 en La Pampa, la 3 al sur de Bah\u00eda Blanca, la 23, la 9, la 34, la 7 y la 8 cuando el conurbano queda atr\u00e1s. Todas rutas estructurales, todas en terapia intensiva sin m\u00e9dico de guardia.<\/p>\n\n\n\n<p class=\"p1\">Gobernadores e intendentes, mientras tanto, llaman desesperados. Piden obras paralizadas, piden transitabilidad, piden no quedar aislados. La ley obliga al Estado a mantener su infraestructura, pero los amparos se acumulan como si fueran la nueva red vial paralela.<\/p>\n\n\n\n<p class=\"p1\">Mientras tanto, en el pa\u00eds real, los camiones esquivan cr\u00e1teres, los autos desaceleran para no reventar suspensi\u00f3n y los turistas rezan para llegar vivos al pr\u00f3ximo peaje. \u201cPorque no engraso los ejes me llaman abandonau\u201d, cantaba Yupanqui. Hoy, los ejes de la patria tampoco se engrasan. Pero a diferencia del maestro, ac\u00e1 nadie disfruta del ruido.<\/p>\n\n\n\n<p><\/p>\n\n\n\n<p>\u270d\ufe0f \u00a9\ufe0f2025 El Payador de la Redacci\u00f3n&nbsp; &#8211; All Rights Reserved<\/p>\n\n\n\n<p><\/p>\n\n\n<p><small>\u00a9\ufe0f2025  Guzzo Photos  &#038; Graphic Publications \u2013 All Rights Reserved \u2013 Copyright \u00a9\ufe0f 2025 SalaStampa.eu, world press service \u2013 Guzzo Photos &#038; Graphic Publications \u2013 Registro Editori e Stampatori n. 1441 Turin, Italy<\/small><\/p>\n\n\n<p><\/p>\n","protected":false},"excerpt":{"rendered":"<p>Mientras Vialidad se vac\u00eda, las rutas crujen como la carreta de Yupanqui. El Gobierno dice \u201cobra p\u00fablica cero\u201d; el pa\u00eds escucha \u201cmantenimiento cero\u201d. Y cuando los ejes no se engrasan, primero suenan\u2026 y despu\u00e9s se rompen.<\/p>\n","protected":false},"author":14,"featured_media":0,"comment_status":"closed","ping_status":"","sticky":false,"template":"","format":"standard","meta":{"footnotes":"","_links_to":"","_links_to_target":""},"categories":[121,108,70,11,123,20,22,23,137,133,120],"tags":[29],"class_list":["post-5635","post","type-post","status-publish","format-standard","hentry","category-dc24","category-blogdiario","category-actualidad","category-america-del-sur","category-argentina","category-economia","category-justicia","category-politica","category-sociedad-y-valores","category-trabajo","category-transporte","tag-argentina","entry","double"],"yoast_head":"<!-- This site is optimized with the Yoast SEO plugin v27.4 - https:\/\/yoast.com\/product\/yoast-seo-wordpress\/ -->\n<title>\ud83d\uddde\ufe0f \ud83c\udde6\ud83c\uddf7\ud83d\udcb0\ud83d\udcc9 Los Ejes De Mi Carreta - ElCanillita.Info<\/title>\n<meta name=\"robots\" content=\"index, follow, max-snippet:-1, max-image-preview:large, max-video-preview:-1\" \/>\n<link rel=\"canonical\" href=\"https:\/\/elcanillita.info\/press\/2025\/11\/22\/los-ejes-de-mi-carreta\/\" \/>\n<meta property=\"og:locale\" content=\"es_ES\" \/>\n<meta property=\"og:type\" content=\"article\" \/>\n<meta property=\"og:title\" content=\"\ud83d\uddde\ufe0f \ud83c\udde6\ud83c\uddf7\ud83d\udcb0\ud83d\udcc9 Los Ejes De Mi Carreta - ElCanillita.Info\" \/>\n<meta property=\"og:description\" content=\"Mientras Vialidad se vac\u00eda, las rutas crujen como la carreta de Yupanqui. El Gobierno dice \u201cobra p\u00fablica cero\u201d; el pa\u00eds escucha \u201cmantenimiento cero\u201d. Y cuando los ejes no se engrasan, primero suenan\u2026 y despu\u00e9s se rompen.\" \/>\n<meta property=\"og:url\" content=\"https:\/\/elcanillita.info\/press\/2025\/11\/22\/los-ejes-de-mi-carreta\/\" \/>\n<meta property=\"og:site_name\" content=\"ElCanillita.Info\" \/>\n<meta property=\"article:publisher\" content=\"https:\/\/ar-ar.facebook.com\/ElCanillitainfo-114249515285712\/\" \/>\n<meta property=\"article:published_time\" content=\"2025-11-22T23:52:04+00:00\" \/>\n<meta property=\"article:modified_time\" content=\"2025-11-22T23:52:48+00:00\" \/>\n<meta name=\"author\" content=\"ElCanillita.info Guzzo Photos &amp; Graphic Publications\" \/>\n<meta name=\"twitter:card\" content=\"summary_large_image\" \/>\n<meta name=\"twitter:label1\" content=\"Escrito por\" \/>\n\t<meta name=\"twitter:data1\" content=\"ElCanillita.info Guzzo Photos &amp; Graphic Publications\" \/>\n\t<meta name=\"twitter:label2\" content=\"Tiempo de lectura\" \/>\n\t<meta name=\"twitter:data2\" content=\"2 minutos\" \/>\n<script type=\"application\/ld+json\" class=\"yoast-schema-graph\">{\"@context\":\"https:\\\/\\\/schema.org\",\"@graph\":[{\"@type\":\"Article\",\"@id\":\"https:\\\/\\\/elcanillita.info\\\/press\\\/2025\\\/11\\\/22\\\/los-ejes-de-mi-carreta\\\/#article\",\"isPartOf\":{\"@id\":\"https:\\\/\\\/elcanillita.info\\\/press\\\/2025\\\/11\\\/22\\\/los-ejes-de-mi-carreta\\\/\"},\"author\":{\"name\":\"ElCanillita.info Guzzo Photos &amp; Graphic Publications\",\"@id\":\"https:\\\/\\\/elcanillita.info\\\/press\\\/#\\\/schema\\\/person\\\/e37a550cff8f5f3407ed112e4cc619cb\"},\"headline\":\"\ud83d\uddde\ufe0f \ud83c\udde6\ud83c\uddf7\ud83d\udcb0\ud83d\udcc9 Los Ejes De Mi Carreta\",\"datePublished\":\"2025-11-22T23:52:04+00:00\",\"dateModified\":\"2025-11-22T23:52:48+00:00\",\"mainEntityOfPage\":{\"@id\":\"https:\\\/\\\/elcanillita.info\\\/press\\\/2025\\\/11\\\/22\\\/los-ejes-de-mi-carreta\\\/\"},\"wordCount\":491,\"publisher\":{\"@id\":\"https:\\\/\\\/elcanillita.info\\\/press\\\/#organization\"},\"keywords\":[\"Argentina\"],\"articleSection\":[\".\",\".\",\"Actualidad\",\"Am\u00e9rica del Sur\",\"Argentina\",\"Economia\",\"Justicia\",\"Politica\",\"Sociedad y valores\",\"Trabajo\",\"Transporte\"],\"inLanguage\":\"es-AR\"},{\"@type\":\"WebPage\",\"@id\":\"https:\\\/\\\/elcanillita.info\\\/press\\\/2025\\\/11\\\/22\\\/los-ejes-de-mi-carreta\\\/\",\"url\":\"https:\\\/\\\/elcanillita.info\\\/press\\\/2025\\\/11\\\/22\\\/los-ejes-de-mi-carreta\\\/\",\"name\":\"\ud83d\uddde\ufe0f \ud83c\udde6\ud83c\uddf7\ud83d\udcb0\ud83d\udcc9 Los Ejes De Mi Carreta - ElCanillita.Info\",\"isPartOf\":{\"@id\":\"https:\\\/\\\/elcanillita.info\\\/press\\\/#website\"},\"datePublished\":\"2025-11-22T23:52:04+00:00\",\"dateModified\":\"2025-11-22T23:52:48+00:00\",\"inLanguage\":\"es-AR\",\"potentialAction\":[{\"@type\":\"ReadAction\",\"target\":[\"https:\\\/\\\/elcanillita.info\\\/press\\\/2025\\\/11\\\/22\\\/los-ejes-de-mi-carreta\\\/\"]}]},{\"@type\":\"WebSite\",\"@id\":\"https:\\\/\\\/elcanillita.info\\\/press\\\/#website\",\"url\":\"https:\\\/\\\/elcanillita.info\\\/press\\\/\",\"name\":\"ElCanillita.Info\",\"description\":\"desde los Apeninos a los Andes\",\"publisher\":{\"@id\":\"https:\\\/\\\/elcanillita.info\\\/press\\\/#organization\"},\"potentialAction\":[{\"@type\":\"SearchAction\",\"target\":{\"@type\":\"EntryPoint\",\"urlTemplate\":\"https:\\\/\\\/elcanillita.info\\\/press\\\/?s={search_term_string}\"},\"query-input\":{\"@type\":\"PropertyValueSpecification\",\"valueRequired\":true,\"valueName\":\"search_term_string\"}}],\"inLanguage\":\"es-AR\"},{\"@type\":\"Organization\",\"@id\":\"https:\\\/\\\/elcanillita.info\\\/press\\\/#organization\",\"name\":\"Guzzo Photos & Graphic Publications\",\"url\":\"https:\\\/\\\/elcanillita.info\\\/press\\\/\",\"logo\":{\"@type\":\"ImageObject\",\"inLanguage\":\"es-AR\",\"@id\":\"https:\\\/\\\/elcanillita.info\\\/press\\\/#\\\/schema\\\/logo\\\/image\\\/\",\"url\":\"https:\\\/\\\/elcanillita.info\\\/press\\\/images\\\/2020\\\/01\\\/cropped-cropped-cropped-elcanillitainfo.png\",\"contentUrl\":\"https:\\\/\\\/elcanillita.info\\\/press\\\/images\\\/2020\\\/01\\\/cropped-cropped-cropped-elcanillitainfo.png\",\"width\":460,\"height\":50,\"caption\":\"Guzzo Photos & Graphic Publications\"},\"image\":{\"@id\":\"https:\\\/\\\/elcanillita.info\\\/press\\\/#\\\/schema\\\/logo\\\/image\\\/\"},\"sameAs\":[\"https:\\\/\\\/ar-ar.facebook.com\\\/ElCanillitainfo-114249515285712\\\/\"]},{\"@type\":\"Person\",\"@id\":\"https:\\\/\\\/elcanillita.info\\\/press\\\/#\\\/schema\\\/person\\\/e37a550cff8f5f3407ed112e4cc619cb\",\"name\":\"ElCanillita.info Guzzo Photos &amp; Graphic Publications\",\"image\":{\"@type\":\"ImageObject\",\"inLanguage\":\"es-AR\",\"@id\":\"https:\\\/\\\/secure.gravatar.com\\\/avatar\\\/8914fbe0ef09248907e331ab93dfa89c7f76decf6b51cd1b2f8444e6260db772?s=96&d=mm&r=g\",\"url\":\"https:\\\/\\\/secure.gravatar.com\\\/avatar\\\/8914fbe0ef09248907e331ab93dfa89c7f76decf6b51cd1b2f8444e6260db772?s=96&d=mm&r=g\",\"contentUrl\":\"https:\\\/\\\/secure.gravatar.com\\\/avatar\\\/8914fbe0ef09248907e331ab93dfa89c7f76decf6b51cd1b2f8444e6260db772?s=96&d=mm&r=g\",\"caption\":\"ElCanillita.info Guzzo Photos &amp; Graphic Publications\"},\"sameAs\":[\"http:\\\/\\\/guzzophotos.com\"]}]}<\/script>\n<!-- \/ Yoast SEO plugin. -->","yoast_head_json":{"title":"\ud83d\uddde\ufe0f \ud83c\udde6\ud83c\uddf7\ud83d\udcb0\ud83d\udcc9 Los Ejes De Mi Carreta - ElCanillita.Info","robots":{"index":"index","follow":"follow","max-snippet":"max-snippet:-1","max-image-preview":"max-image-preview:large","max-video-preview":"max-video-preview:-1"},"canonical":"https:\/\/elcanillita.info\/press\/2025\/11\/22\/los-ejes-de-mi-carreta\/","og_locale":"es_ES","og_type":"article","og_title":"\ud83d\uddde\ufe0f \ud83c\udde6\ud83c\uddf7\ud83d\udcb0\ud83d\udcc9 Los Ejes De Mi Carreta - ElCanillita.Info","og_description":"Mientras Vialidad se vac\u00eda, las rutas crujen como la carreta de Yupanqui. El Gobierno dice \u201cobra p\u00fablica cero\u201d; el pa\u00eds escucha \u201cmantenimiento cero\u201d. Y cuando los ejes no se engrasan, primero suenan\u2026 y despu\u00e9s se rompen.","og_url":"https:\/\/elcanillita.info\/press\/2025\/11\/22\/los-ejes-de-mi-carreta\/","og_site_name":"ElCanillita.Info","article_publisher":"https:\/\/ar-ar.facebook.com\/ElCanillitainfo-114249515285712\/","article_published_time":"2025-11-22T23:52:04+00:00","article_modified_time":"2025-11-22T23:52:48+00:00","author":"ElCanillita.info Guzzo Photos &amp; Graphic Publications","twitter_card":"summary_large_image","twitter_misc":{"Escrito por":"ElCanillita.info Guzzo Photos &amp; Graphic Publications","Tiempo de lectura":"2 minutos"},"schema":{"@context":"https:\/\/schema.org","@graph":[{"@type":"Article","@id":"https:\/\/elcanillita.info\/press\/2025\/11\/22\/los-ejes-de-mi-carreta\/#article","isPartOf":{"@id":"https:\/\/elcanillita.info\/press\/2025\/11\/22\/los-ejes-de-mi-carreta\/"},"author":{"name":"ElCanillita.info Guzzo Photos &amp; Graphic Publications","@id":"https:\/\/elcanillita.info\/press\/#\/schema\/person\/e37a550cff8f5f3407ed112e4cc619cb"},"headline":"\ud83d\uddde\ufe0f \ud83c\udde6\ud83c\uddf7\ud83d\udcb0\ud83d\udcc9 Los Ejes De Mi Carreta","datePublished":"2025-11-22T23:52:04+00:00","dateModified":"2025-11-22T23:52:48+00:00","mainEntityOfPage":{"@id":"https:\/\/elcanillita.info\/press\/2025\/11\/22\/los-ejes-de-mi-carreta\/"},"wordCount":491,"publisher":{"@id":"https:\/\/elcanillita.info\/press\/#organization"},"keywords":["Argentina"],"articleSection":[".",".","Actualidad","Am\u00e9rica del Sur","Argentina","Economia","Justicia","Politica","Sociedad y valores","Trabajo","Transporte"],"inLanguage":"es-AR"},{"@type":"WebPage","@id":"https:\/\/elcanillita.info\/press\/2025\/11\/22\/los-ejes-de-mi-carreta\/","url":"https:\/\/elcanillita.info\/press\/2025\/11\/22\/los-ejes-de-mi-carreta\/","name":"\ud83d\uddde\ufe0f \ud83c\udde6\ud83c\uddf7\ud83d\udcb0\ud83d\udcc9 Los Ejes De Mi Carreta - ElCanillita.Info","isPartOf":{"@id":"https:\/\/elcanillita.info\/press\/#website"},"datePublished":"2025-11-22T23:52:04+00:00","dateModified":"2025-11-22T23:52:48+00:00","inLanguage":"es-AR","potentialAction":[{"@type":"ReadAction","target":["https:\/\/elcanillita.info\/press\/2025\/11\/22\/los-ejes-de-mi-carreta\/"]}]},{"@type":"WebSite","@id":"https:\/\/elcanillita.info\/press\/#website","url":"https:\/\/elcanillita.info\/press\/","name":"ElCanillita.Info","description":"desde los Apeninos a los Andes","publisher":{"@id":"https:\/\/elcanillita.info\/press\/#organization"},"potentialAction":[{"@type":"SearchAction","target":{"@type":"EntryPoint","urlTemplate":"https:\/\/elcanillita.info\/press\/?s={search_term_string}"},"query-input":{"@type":"PropertyValueSpecification","valueRequired":true,"valueName":"search_term_string"}}],"inLanguage":"es-AR"},{"@type":"Organization","@id":"https:\/\/elcanillita.info\/press\/#organization","name":"Guzzo Photos & Graphic Publications","url":"https:\/\/elcanillita.info\/press\/","logo":{"@type":"ImageObject","inLanguage":"es-AR","@id":"https:\/\/elcanillita.info\/press\/#\/schema\/logo\/image\/","url":"https:\/\/elcanillita.info\/press\/images\/2020\/01\/cropped-cropped-cropped-elcanillitainfo.png","contentUrl":"https:\/\/elcanillita.info\/press\/images\/2020\/01\/cropped-cropped-cropped-elcanillitainfo.png","width":460,"height":50,"caption":"Guzzo Photos & Graphic Publications"},"image":{"@id":"https:\/\/elcanillita.info\/press\/#\/schema\/logo\/image\/"},"sameAs":["https:\/\/ar-ar.facebook.com\/ElCanillitainfo-114249515285712\/"]},{"@type":"Person","@id":"https:\/\/elcanillita.info\/press\/#\/schema\/person\/e37a550cff8f5f3407ed112e4cc619cb","name":"ElCanillita.info Guzzo Photos &amp; Graphic Publications","image":{"@type":"ImageObject","inLanguage":"es-AR","@id":"https:\/\/secure.gravatar.com\/avatar\/8914fbe0ef09248907e331ab93dfa89c7f76decf6b51cd1b2f8444e6260db772?s=96&d=mm&r=g","url":"https:\/\/secure.gravatar.com\/avatar\/8914fbe0ef09248907e331ab93dfa89c7f76decf6b51cd1b2f8444e6260db772?s=96&d=mm&r=g","contentUrl":"https:\/\/secure.gravatar.com\/avatar\/8914fbe0ef09248907e331ab93dfa89c7f76decf6b51cd1b2f8444e6260db772?s=96&d=mm&r=g","caption":"ElCanillita.info Guzzo Photos &amp; Graphic Publications"},"sameAs":["http:\/\/guzzophotos.com"]}]}},"views":102,"_links":{"self":[{"href":"https:\/\/elcanillita.info\/press\/wp-json\/wp\/v2\/posts\/5635","targetHints":{"allow":["GET"]}}],"collection":[{"href":"https:\/\/elcanillita.info\/press\/wp-json\/wp\/v2\/posts"}],"about":[{"href":"https:\/\/elcanillita.info\/press\/wp-json\/wp\/v2\/types\/post"}],"author":[{"embeddable":true,"href":"https:\/\/elcanillita.info\/press\/wp-json\/wp\/v2\/users\/14"}],"replies":[{"embeddable":true,"href":"https:\/\/elcanillita.info\/press\/wp-json\/wp\/v2\/comments?post=5635"}],"version-history":[{"count":0,"href":"https:\/\/elcanillita.info\/press\/wp-json\/wp\/v2\/posts\/5635\/revisions"}],"wp:attachment":[{"href":"https:\/\/elcanillita.info\/press\/wp-json\/wp\/v2\/media?parent=5635"}],"wp:term":[{"taxonomy":"category","embeddable":true,"href":"https:\/\/elcanillita.info\/press\/wp-json\/wp\/v2\/categories?post=5635"},{"taxonomy":"post_tag","embeddable":true,"href":"https:\/\/elcanillita.info\/press\/wp-json\/wp\/v2\/tags?post=5635"}],"curies":[{"name":"wp","href":"https:\/\/api.w.org\/{rel}","templated":true}]}}