{"id":5632,"date":"2025-11-21T15:06:15","date_gmt":"2025-11-21T18:06:15","guid":{"rendered":"https:\/\/elcanillita.info\/press\/?p=5632"},"modified":"2025-11-21T15:13:04","modified_gmt":"2025-11-21T18:13:04","slug":"puentes-dorados-para-un-enemigo-en-fuga","status":"publish","type":"post","link":"https:\/\/elcanillita.info\/press\/2025\/11\/21\/puentes-dorados-para-un-enemigo-en-fuga\/","title":{"rendered":"\ud83d\uddde\ufe0f \ud83e\ude93 \ud83c\udfdb\ufe0f Puentes dorados para un enemigo en fuga"},"content":{"rendered":"\n<p class=\"p1\">La pol\u00edtica argentina tiene sus c\u00f3digos, pero La Libertad Avanza decidi\u00f3 reescribirlos con marcador violeta y punta gruesa. En Mar del Plata, Karina Milei prepara un congreso partidario que no busca suturar nada: llega para marcar territorio, medir musculatura y, de paso, ense\u00f1arle al peronismo bonaerense que los puentes dorados no siempre est\u00e1n hechos para volver.<\/p>\n\n\n\n<p class=\"p1\">El congreso, anunciado como una \u201cgran jornada de formaci\u00f3n\u201d, reunir\u00e1 a 746 dirigentes entre legisladores, concejales y consejeros escolares. Un n\u00famero digno de una asamblea constituyente\u2026 o de una demostraci\u00f3n de fuerza al estilo Milei: todos en fila y bien alineados, que el poder se imprime en la foto.<\/p>\n\n\n\n<p class=\"p1\">La sede del evento, el NH Gran Hotel Provincial, no es casual: un escenario imponente para mostrar que, tras el inesperado rebote de 14 puntos en octubre, la hermana presidencial no vino a agradecer, sino a reafirmar. Ordenar, disciplinar y anticipar las batallas legislativas que vienen: Presupuesto, Boleta \u00danica de Papel y el redibujo administrativo de la provincia.<\/p>\n\n\n\n<p class=\"p1\">El cierre quedar\u00e1 en manos de Sebasti\u00e1n Pareja, el hombre que sali\u00f3 airoso en el reparto de bancas bonaerenses y que hoy se convierte en pieza central del engranaje libertario. Pero el fantasma que recorre el sal\u00f3n no tiene nombre propio: tiene iniciales. Y es Axel Kicillof.<\/p>\n\n\n\n<p class=\"p1\">El presidente Milei, que en el \u00faltimo congreso desgran\u00f3 insultos con la soltura de un comediante sin filtro \u2014\u201cpelotudo\u201d, \u201cburro eunuco\u201d, \u201csovi\u00e9tico que no suma ni con un \u00e1baco\u201d\u2014, opt\u00f3 ahora por una estrategia diferente: la indiferencia que duele m\u00e1s que la palabra. No invit\u00f3 a Kicillof a las conversaciones con gobernadores y asegur\u00f3 que ser\u00eda \u201cuna p\u00e9rdida de tiempo\u201d.<\/p>\n\n\n\n<p class=\"p1\">Mar del Plata, en este contexto, no es solo un acto partidario: es una exhibici\u00f3n de poder frente a la provincia que el Gobierno nacional decidi\u00f3 convertir en su antagonista preferida. Un \u201cmir\u00e1 lo que tengo\u201d pol\u00edtico destinado a dejar claro que la confrontaci\u00f3n no es accidente: es m\u00e9todo.<\/p>\n\n\n\n<p class=\"p1\">Karina Milei sabe que para ganar una guerra primero hay que estudiar al enemigo. Y, seg\u00fan la vieja m\u00e1xima, ofrecerle un puente dorado cuando emprenda la retirada. Pero aqu\u00ed la construcci\u00f3n parece tener otro fin: no facilitar la fuga, sino mostrar que el adversario ya est\u00e1 aislado del otro lado.<\/p>\n\n\n\n<p class=\"p1\">Mientras tanto, el oficialismo calibra su pr\u00f3ximo movimiento, consciente de que la pol\u00edtica bonaerense es un terreno hostil. Un puente dorado puede ser una cortes\u00eda militar, pero tambi\u00e9n una trampa elegante. Y en Mar del Plata, el oro reluce, s\u00ed\u2026 pero las tablas chirr\u00edan.<\/p>\n\n\n\n<p><\/p>\n\n\n\n<p>\u270d\ufe0f \u00a9 2025 \u201cLic. ADN &#8211; Analista de Designaciones Nep\u00f3ticas &#8211; All Rights Reserved&nbsp;<\/p>\n\n\n\n<p><\/p>\n\n\n<p><small>\u00a9\ufe0f2025  Guzzo Photos  &#038; Graphic Publications \u2013 All Rights Reserved \u2013 Copyright \u00a9\ufe0f 2025 SalaStampa.eu, world press service \u2013 Guzzo Photos &#038; Graphic Publications \u2013 Registro Editori e Stampatori n. 1441 Turin, Italy<\/small><\/p>\n\n\n<p><\/p>\n","protected":false},"excerpt":{"rendered":"<p>Karina Milei desembarca en Mar del Plata para un congreso partidario que, m\u00e1s que ordenar la tropa, apunta a construir un puente\u2026 pero no para reconciliarse: para empujar al adversario al otro lado mientras sonr\u00ede.<\/p>\n","protected":false},"author":14,"featured_media":0,"comment_status":"closed","ping_status":"","sticky":false,"template":"","format":"standard","meta":{"footnotes":"","_links_to":"","_links_to_target":""},"categories":[108,121,70,11,123,23,25],"tags":[29],"class_list":["post-5632","post","type-post","status-publish","format-standard","hentry","category-blogdiario","category-dc24","category-actualidad","category-america-del-sur","category-argentina","category-politica","category-sociedad","tag-argentina","entry","double"],"yoast_head":"<!-- This site is optimized with the Yoast SEO plugin v27.5 - https:\/\/yoast.com\/product\/yoast-seo-wordpress\/ -->\n<title>\ud83d\uddde\ufe0f \ud83e\ude93 \ud83c\udfdb\ufe0f Puentes dorados para un enemigo en fuga - ElCanillita.Info<\/title>\n<meta name=\"robots\" content=\"index, follow, max-snippet:-1, max-image-preview:large, max-video-preview:-1\" \/>\n<link rel=\"canonical\" href=\"https:\/\/elcanillita.info\/press\/2025\/11\/21\/puentes-dorados-para-un-enemigo-en-fuga\/\" \/>\n<meta property=\"og:locale\" content=\"es_ES\" \/>\n<meta property=\"og:type\" content=\"article\" \/>\n<meta property=\"og:title\" content=\"\ud83d\uddde\ufe0f \ud83e\ude93 \ud83c\udfdb\ufe0f Puentes dorados para un enemigo en fuga - ElCanillita.Info\" \/>\n<meta property=\"og:description\" content=\"Karina Milei desembarca en Mar del Plata para un congreso partidario que, m\u00e1s que ordenar la tropa, apunta a construir un puente\u2026 pero no para reconciliarse: para empujar al adversario al otro lado mientras sonr\u00ede.\" \/>\n<meta property=\"og:url\" content=\"https:\/\/elcanillita.info\/press\/2025\/11\/21\/puentes-dorados-para-un-enemigo-en-fuga\/\" \/>\n<meta property=\"og:site_name\" content=\"ElCanillita.Info\" \/>\n<meta property=\"article:publisher\" content=\"https:\/\/ar-ar.facebook.com\/ElCanillitainfo-114249515285712\/\" \/>\n<meta property=\"article:published_time\" content=\"2025-11-21T18:06:15+00:00\" \/>\n<meta property=\"article:modified_time\" content=\"2025-11-21T18:13:04+00:00\" \/>\n<meta name=\"author\" content=\"ElCanillita.info Guzzo Photos &amp; Graphic Publications\" \/>\n<meta name=\"twitter:card\" content=\"summary_large_image\" \/>\n<meta name=\"twitter:label1\" content=\"Escrito por\" \/>\n\t<meta name=\"twitter:data1\" content=\"ElCanillita.info Guzzo Photos &amp; Graphic Publications\" \/>\n\t<meta name=\"twitter:label2\" content=\"Tiempo de lectura\" \/>\n\t<meta name=\"twitter:data2\" content=\"2 minutos\" \/>\n<script type=\"application\/ld+json\" class=\"yoast-schema-graph\">{\"@context\":\"https:\\\/\\\/schema.org\",\"@graph\":[{\"@type\":\"Article\",\"@id\":\"https:\\\/\\\/elcanillita.info\\\/press\\\/2025\\\/11\\\/21\\\/puentes-dorados-para-un-enemigo-en-fuga\\\/#article\",\"isPartOf\":{\"@id\":\"https:\\\/\\\/elcanillita.info\\\/press\\\/2025\\\/11\\\/21\\\/puentes-dorados-para-un-enemigo-en-fuga\\\/\"},\"author\":{\"name\":\"ElCanillita.info Guzzo Photos &amp; Graphic Publications\",\"@id\":\"https:\\\/\\\/elcanillita.info\\\/press\\\/#\\\/schema\\\/person\\\/e37a550cff8f5f3407ed112e4cc619cb\"},\"headline\":\"\ud83d\uddde\ufe0f \ud83e\ude93 \ud83c\udfdb\ufe0f Puentes dorados para un enemigo en fuga\",\"datePublished\":\"2025-11-21T18:06:15+00:00\",\"dateModified\":\"2025-11-21T18:13:04+00:00\",\"mainEntityOfPage\":{\"@id\":\"https:\\\/\\\/elcanillita.info\\\/press\\\/2025\\\/11\\\/21\\\/puentes-dorados-para-un-enemigo-en-fuga\\\/\"},\"wordCount\":480,\"publisher\":{\"@id\":\"https:\\\/\\\/elcanillita.info\\\/press\\\/#organization\"},\"keywords\":[\"Argentina\"],\"articleSection\":[\".\",\".\",\"Actualidad\",\"Am\u00e9rica del Sur\",\"Argentina\",\"Politica\",\"Sociedad\"],\"inLanguage\":\"es-AR\"},{\"@type\":\"WebPage\",\"@id\":\"https:\\\/\\\/elcanillita.info\\\/press\\\/2025\\\/11\\\/21\\\/puentes-dorados-para-un-enemigo-en-fuga\\\/\",\"url\":\"https:\\\/\\\/elcanillita.info\\\/press\\\/2025\\\/11\\\/21\\\/puentes-dorados-para-un-enemigo-en-fuga\\\/\",\"name\":\"\ud83d\uddde\ufe0f \ud83e\ude93 \ud83c\udfdb\ufe0f Puentes dorados para un enemigo en fuga - ElCanillita.Info\",\"isPartOf\":{\"@id\":\"https:\\\/\\\/elcanillita.info\\\/press\\\/#website\"},\"datePublished\":\"2025-11-21T18:06:15+00:00\",\"dateModified\":\"2025-11-21T18:13:04+00:00\",\"inLanguage\":\"es-AR\",\"potentialAction\":[{\"@type\":\"ReadAction\",\"target\":[\"https:\\\/\\\/elcanillita.info\\\/press\\\/2025\\\/11\\\/21\\\/puentes-dorados-para-un-enemigo-en-fuga\\\/\"]}]},{\"@type\":\"WebSite\",\"@id\":\"https:\\\/\\\/elcanillita.info\\\/press\\\/#website\",\"url\":\"https:\\\/\\\/elcanillita.info\\\/press\\\/\",\"name\":\"ElCanillita.Info\",\"description\":\"desde los Apeninos a los Andes\",\"publisher\":{\"@id\":\"https:\\\/\\\/elcanillita.info\\\/press\\\/#organization\"},\"potentialAction\":[{\"@type\":\"SearchAction\",\"target\":{\"@type\":\"EntryPoint\",\"urlTemplate\":\"https:\\\/\\\/elcanillita.info\\\/press\\\/?s={search_term_string}\"},\"query-input\":{\"@type\":\"PropertyValueSpecification\",\"valueRequired\":true,\"valueName\":\"search_term_string\"}}],\"inLanguage\":\"es-AR\"},{\"@type\":\"Organization\",\"@id\":\"https:\\\/\\\/elcanillita.info\\\/press\\\/#organization\",\"name\":\"Guzzo Photos & Graphic Publications\",\"url\":\"https:\\\/\\\/elcanillita.info\\\/press\\\/\",\"logo\":{\"@type\":\"ImageObject\",\"inLanguage\":\"es-AR\",\"@id\":\"https:\\\/\\\/elcanillita.info\\\/press\\\/#\\\/schema\\\/logo\\\/image\\\/\",\"url\":\"https:\\\/\\\/elcanillita.info\\\/press\\\/images\\\/2020\\\/01\\\/cropped-cropped-cropped-elcanillitainfo.png\",\"contentUrl\":\"https:\\\/\\\/elcanillita.info\\\/press\\\/images\\\/2020\\\/01\\\/cropped-cropped-cropped-elcanillitainfo.png\",\"width\":460,\"height\":50,\"caption\":\"Guzzo Photos & Graphic Publications\"},\"image\":{\"@id\":\"https:\\\/\\\/elcanillita.info\\\/press\\\/#\\\/schema\\\/logo\\\/image\\\/\"},\"sameAs\":[\"https:\\\/\\\/ar-ar.facebook.com\\\/ElCanillitainfo-114249515285712\\\/\"]},{\"@type\":\"Person\",\"@id\":\"https:\\\/\\\/elcanillita.info\\\/press\\\/#\\\/schema\\\/person\\\/e37a550cff8f5f3407ed112e4cc619cb\",\"name\":\"ElCanillita.info Guzzo Photos &amp; Graphic Publications\",\"image\":{\"@type\":\"ImageObject\",\"inLanguage\":\"es-AR\",\"@id\":\"https:\\\/\\\/secure.gravatar.com\\\/avatar\\\/8914fbe0ef09248907e331ab93dfa89c7f76decf6b51cd1b2f8444e6260db772?s=96&d=mm&r=g\",\"url\":\"https:\\\/\\\/secure.gravatar.com\\\/avatar\\\/8914fbe0ef09248907e331ab93dfa89c7f76decf6b51cd1b2f8444e6260db772?s=96&d=mm&r=g\",\"contentUrl\":\"https:\\\/\\\/secure.gravatar.com\\\/avatar\\\/8914fbe0ef09248907e331ab93dfa89c7f76decf6b51cd1b2f8444e6260db772?s=96&d=mm&r=g\",\"caption\":\"ElCanillita.info Guzzo Photos &amp; Graphic Publications\"},\"sameAs\":[\"http:\\\/\\\/guzzophotos.com\"]}]}<\/script>\n<!-- \/ Yoast SEO plugin. -->","yoast_head_json":{"title":"\ud83d\uddde\ufe0f \ud83e\ude93 \ud83c\udfdb\ufe0f Puentes dorados para un enemigo en fuga - ElCanillita.Info","robots":{"index":"index","follow":"follow","max-snippet":"max-snippet:-1","max-image-preview":"max-image-preview:large","max-video-preview":"max-video-preview:-1"},"canonical":"https:\/\/elcanillita.info\/press\/2025\/11\/21\/puentes-dorados-para-un-enemigo-en-fuga\/","og_locale":"es_ES","og_type":"article","og_title":"\ud83d\uddde\ufe0f \ud83e\ude93 \ud83c\udfdb\ufe0f Puentes dorados para un enemigo en fuga - ElCanillita.Info","og_description":"Karina Milei desembarca en Mar del Plata para un congreso partidario que, m\u00e1s que ordenar la tropa, apunta a construir un puente\u2026 pero no para reconciliarse: para empujar al adversario al otro lado mientras sonr\u00ede.","og_url":"https:\/\/elcanillita.info\/press\/2025\/11\/21\/puentes-dorados-para-un-enemigo-en-fuga\/","og_site_name":"ElCanillita.Info","article_publisher":"https:\/\/ar-ar.facebook.com\/ElCanillitainfo-114249515285712\/","article_published_time":"2025-11-21T18:06:15+00:00","article_modified_time":"2025-11-21T18:13:04+00:00","author":"ElCanillita.info Guzzo Photos &amp; Graphic Publications","twitter_card":"summary_large_image","twitter_misc":{"Escrito por":"ElCanillita.info Guzzo Photos &amp; Graphic Publications","Tiempo de lectura":"2 minutos"},"schema":{"@context":"https:\/\/schema.org","@graph":[{"@type":"Article","@id":"https:\/\/elcanillita.info\/press\/2025\/11\/21\/puentes-dorados-para-un-enemigo-en-fuga\/#article","isPartOf":{"@id":"https:\/\/elcanillita.info\/press\/2025\/11\/21\/puentes-dorados-para-un-enemigo-en-fuga\/"},"author":{"name":"ElCanillita.info Guzzo Photos &amp; Graphic Publications","@id":"https:\/\/elcanillita.info\/press\/#\/schema\/person\/e37a550cff8f5f3407ed112e4cc619cb"},"headline":"\ud83d\uddde\ufe0f \ud83e\ude93 \ud83c\udfdb\ufe0f Puentes dorados para un enemigo en fuga","datePublished":"2025-11-21T18:06:15+00:00","dateModified":"2025-11-21T18:13:04+00:00","mainEntityOfPage":{"@id":"https:\/\/elcanillita.info\/press\/2025\/11\/21\/puentes-dorados-para-un-enemigo-en-fuga\/"},"wordCount":480,"publisher":{"@id":"https:\/\/elcanillita.info\/press\/#organization"},"keywords":["Argentina"],"articleSection":[".",".","Actualidad","Am\u00e9rica del Sur","Argentina","Politica","Sociedad"],"inLanguage":"es-AR"},{"@type":"WebPage","@id":"https:\/\/elcanillita.info\/press\/2025\/11\/21\/puentes-dorados-para-un-enemigo-en-fuga\/","url":"https:\/\/elcanillita.info\/press\/2025\/11\/21\/puentes-dorados-para-un-enemigo-en-fuga\/","name":"\ud83d\uddde\ufe0f \ud83e\ude93 \ud83c\udfdb\ufe0f Puentes dorados para un enemigo en fuga - ElCanillita.Info","isPartOf":{"@id":"https:\/\/elcanillita.info\/press\/#website"},"datePublished":"2025-11-21T18:06:15+00:00","dateModified":"2025-11-21T18:13:04+00:00","inLanguage":"es-AR","potentialAction":[{"@type":"ReadAction","target":["https:\/\/elcanillita.info\/press\/2025\/11\/21\/puentes-dorados-para-un-enemigo-en-fuga\/"]}]},{"@type":"WebSite","@id":"https:\/\/elcanillita.info\/press\/#website","url":"https:\/\/elcanillita.info\/press\/","name":"ElCanillita.Info","description":"desde los Apeninos a los Andes","publisher":{"@id":"https:\/\/elcanillita.info\/press\/#organization"},"potentialAction":[{"@type":"SearchAction","target":{"@type":"EntryPoint","urlTemplate":"https:\/\/elcanillita.info\/press\/?s={search_term_string}"},"query-input":{"@type":"PropertyValueSpecification","valueRequired":true,"valueName":"search_term_string"}}],"inLanguage":"es-AR"},{"@type":"Organization","@id":"https:\/\/elcanillita.info\/press\/#organization","name":"Guzzo Photos & Graphic Publications","url":"https:\/\/elcanillita.info\/press\/","logo":{"@type":"ImageObject","inLanguage":"es-AR","@id":"https:\/\/elcanillita.info\/press\/#\/schema\/logo\/image\/","url":"https:\/\/elcanillita.info\/press\/images\/2020\/01\/cropped-cropped-cropped-elcanillitainfo.png","contentUrl":"https:\/\/elcanillita.info\/press\/images\/2020\/01\/cropped-cropped-cropped-elcanillitainfo.png","width":460,"height":50,"caption":"Guzzo Photos & Graphic Publications"},"image":{"@id":"https:\/\/elcanillita.info\/press\/#\/schema\/logo\/image\/"},"sameAs":["https:\/\/ar-ar.facebook.com\/ElCanillitainfo-114249515285712\/"]},{"@type":"Person","@id":"https:\/\/elcanillita.info\/press\/#\/schema\/person\/e37a550cff8f5f3407ed112e4cc619cb","name":"ElCanillita.info Guzzo Photos &amp; Graphic Publications","image":{"@type":"ImageObject","inLanguage":"es-AR","@id":"https:\/\/secure.gravatar.com\/avatar\/8914fbe0ef09248907e331ab93dfa89c7f76decf6b51cd1b2f8444e6260db772?s=96&d=mm&r=g","url":"https:\/\/secure.gravatar.com\/avatar\/8914fbe0ef09248907e331ab93dfa89c7f76decf6b51cd1b2f8444e6260db772?s=96&d=mm&r=g","contentUrl":"https:\/\/secure.gravatar.com\/avatar\/8914fbe0ef09248907e331ab93dfa89c7f76decf6b51cd1b2f8444e6260db772?s=96&d=mm&r=g","caption":"ElCanillita.info Guzzo Photos &amp; Graphic Publications"},"sameAs":["http:\/\/guzzophotos.com"]}]}},"views":89,"_links":{"self":[{"href":"https:\/\/elcanillita.info\/press\/wp-json\/wp\/v2\/posts\/5632","targetHints":{"allow":["GET"]}}],"collection":[{"href":"https:\/\/elcanillita.info\/press\/wp-json\/wp\/v2\/posts"}],"about":[{"href":"https:\/\/elcanillita.info\/press\/wp-json\/wp\/v2\/types\/post"}],"author":[{"embeddable":true,"href":"https:\/\/elcanillita.info\/press\/wp-json\/wp\/v2\/users\/14"}],"replies":[{"embeddable":true,"href":"https:\/\/elcanillita.info\/press\/wp-json\/wp\/v2\/comments?post=5632"}],"version-history":[{"count":0,"href":"https:\/\/elcanillita.info\/press\/wp-json\/wp\/v2\/posts\/5632\/revisions"}],"wp:attachment":[{"href":"https:\/\/elcanillita.info\/press\/wp-json\/wp\/v2\/media?parent=5632"}],"wp:term":[{"taxonomy":"category","embeddable":true,"href":"https:\/\/elcanillita.info\/press\/wp-json\/wp\/v2\/categories?post=5632"},{"taxonomy":"post_tag","embeddable":true,"href":"https:\/\/elcanillita.info\/press\/wp-json\/wp\/v2\/tags?post=5632"}],"curies":[{"name":"wp","href":"https:\/\/api.w.org\/{rel}","templated":true}]}}