{"id":5631,"date":"2025-11-21T12:36:31","date_gmt":"2025-11-21T15:36:31","guid":{"rendered":"https:\/\/elcanillita.info\/press\/?p=5631"},"modified":"2025-11-21T12:37:22","modified_gmt":"2025-11-21T15:37:22","slug":"plegaria-de-una-oracion-comun","status":"publish","type":"post","link":"https:\/\/elcanillita.info\/press\/2025\/11\/21\/plegaria-de-una-oracion-comun\/","title":{"rendered":"\ud83d\uddde\ufe0f \ud83c\udfdb\ufe0f \u271d\ufe0f Plegaria de una oraci\u00f3n com\u00fan"},"content":{"rendered":"\n<p class=\"p1\">En la Argentina del siglo XXI, donde la fe publica cotiza menos que el blue, Diego Santilli emprendi\u00f3 su propia Plegaria de una oraci\u00f3n com\u00fan: convencer a los gobernadores de que apoyen el Presupuesto 2026 como si fuese un sacramento obligatorio. La Casa Rosada, mientras tanto, pasa el platito.<\/p>\n\n\n\n<p class=\"p1\">El primer fiel de la jornada es Gerardo Zamora, un devoto ecl\u00e9ctico: radical de bautismo, kirchnerista de confirmaci\u00f3n y ahora creyente ocasional del evangelio libertario. Con sus siete diputados nacionales, Zamora vale m\u00e1s que un rosario nuevo. Santilli lo sabe, por eso llega a Santiago del Estero como quien toca la puerta del sacrist\u00e1n.<\/p>\n\n\n\n<p class=\"p1\">En Balcarce 50 circula otra versi\u00f3n: que Zamora podr\u00eda formar un min\u00fasculo pero rentable bloque propio. Una capilla aparte, digamos. Lo suficiente para terminar de deshilachar al peronismo, que ya reza para no perder la primera minor\u00eda en Diputados. Pero cuando el poder llama, las ovejas siempre encuentran razones para cambiar de pastor.<\/p>\n\n\n\n<p class=\"p1\">El ministro quiere que el santiague\u00f1o vuelva a comulgar. Dice que por el bien del pa\u00eds; todos saben que por el bien de los votos. Tras el triunfo libertario de octubre, cada gobernador mira el altar y se pregunta qu\u00e9 dios conviene adorar hoy.<\/p>\n\n\n\n<p class=\"p1\">La procesi\u00f3n sigue el martes en Misiones. All\u00ed lo espera Hugo Passalacqua, pero el verdadero obispo del territorio se llama Carlos Rovira. Entre ambos manejan cuatro diputados y dos senadores: suficientes como para que Santilli les prenda una vela de tama\u00f1o XL. Las reformas, despu\u00e9s de todo, necesitan algo m\u00e1s que esperanza.<\/p>\n\n\n\n<p class=\"p1\">Luego quedar\u00e1n seis gobernadores para completar el V\u00eda Crucis del Pacto de Mayo. Algunos m\u00e1s d\u00f3ciles, otros con el bolsillo agrietado y la paciencia vencida. A todos los une una certeza: las promesas de la Naci\u00f3n valen lo mismo que la fe sin obras.<\/p>\n\n\n\n<p class=\"p1\">Y mientras la romer\u00eda avanza, el gobierno repite el mantra: Rex is lex. El Rey es la ley. Carlos V lo us\u00f3 para convencer a los parlamentarios escoceses de volver al ruedo. Aqu\u00ed, en cambio, la realeza es m\u00e1s terrenal: basta prometer fondos, obras o un gui\u00f1o de poder. Al final del d\u00eda, la verdadera oraci\u00f3n com\u00fan en la pol\u00edtica argentina no se reza: se negocia.<\/p>\n\n\n\n<p class=\"p1\">As\u00ed transcurre la plegaria nacional: menos liturgia, m\u00e1s contabilidad. Y un ministro que viaja como misionero de ocasi\u00f3n, buscando convertir a gobernadores que ya no creen en nadie\u2026 pero votan por conveniencia.<\/p>\n\n\n\n<p><\/p>\n\n\n\n<p>\u270d\ufe0f \u00a9\ufe0f2025 El Analista del Fondo de la Caja &#8211; All Rights Reserved<\/p>\n\n\n\n<p><\/p>\n\n\n<p><small>\u00a9\ufe0f2025  Guzzo Photos  &#038; Graphic Publications \u2013 All Rights Reserved \u2013 Copyright \u00a9\ufe0f 2025 SalaStampa.eu, world press service \u2013 Guzzo Photos &#038; Graphic Publications \u2013 Registro Editori e Stampatori n. 1441 Turin, Italy<\/small><\/p>\n\n\n<p><\/p>\n","protected":false},"excerpt":{"rendered":"<p>Santilli inicia su romer\u00eda federal buscando votos para el Presupuesto 2026. Los gobernadores escuchan, fingen devoci\u00f3n y calculan cu\u00e1ntos rezos m\u00e1s har\u00e1 falta para salvar la caja.<\/p>\n","protected":false},"author":14,"featured_media":0,"comment_status":"closed","ping_status":"","sticky":false,"template":"","format":"standard","meta":{"footnotes":"","_links_to":"","_links_to_target":""},"categories":[108,121,70,11,123,20,23,25],"tags":[29],"class_list":["post-5631","post","type-post","status-publish","format-standard","hentry","category-blogdiario","category-dc24","category-actualidad","category-america-del-sur","category-argentina","category-economia","category-politica","category-sociedad","tag-argentina","entry","double"],"yoast_head":"<!-- This site is optimized with the Yoast SEO plugin v27.5 - https:\/\/yoast.com\/product\/yoast-seo-wordpress\/ -->\n<title>\ud83d\uddde\ufe0f \ud83c\udfdb\ufe0f \u271d\ufe0f Plegaria de una oraci\u00f3n com\u00fan - ElCanillita.Info<\/title>\n<meta name=\"robots\" content=\"index, follow, max-snippet:-1, max-image-preview:large, max-video-preview:-1\" \/>\n<link rel=\"canonical\" href=\"https:\/\/elcanillita.info\/press\/2025\/11\/21\/plegaria-de-una-oracion-comun\/\" \/>\n<meta property=\"og:locale\" content=\"es_ES\" \/>\n<meta property=\"og:type\" content=\"article\" \/>\n<meta property=\"og:title\" content=\"\ud83d\uddde\ufe0f \ud83c\udfdb\ufe0f \u271d\ufe0f Plegaria de una oraci\u00f3n com\u00fan - ElCanillita.Info\" \/>\n<meta property=\"og:description\" content=\"Santilli inicia su romer\u00eda federal buscando votos para el Presupuesto 2026. Los gobernadores escuchan, fingen devoci\u00f3n y calculan cu\u00e1ntos rezos m\u00e1s har\u00e1 falta para salvar la caja.\" \/>\n<meta property=\"og:url\" content=\"https:\/\/elcanillita.info\/press\/2025\/11\/21\/plegaria-de-una-oracion-comun\/\" \/>\n<meta property=\"og:site_name\" content=\"ElCanillita.Info\" \/>\n<meta property=\"article:publisher\" content=\"https:\/\/ar-ar.facebook.com\/ElCanillitainfo-114249515285712\/\" \/>\n<meta property=\"article:published_time\" content=\"2025-11-21T15:36:31+00:00\" \/>\n<meta property=\"article:modified_time\" content=\"2025-11-21T15:37:22+00:00\" \/>\n<meta name=\"author\" content=\"ElCanillita.info Guzzo Photos &amp; Graphic Publications\" \/>\n<meta name=\"twitter:card\" content=\"summary_large_image\" \/>\n<meta name=\"twitter:label1\" content=\"Escrito por\" \/>\n\t<meta name=\"twitter:data1\" content=\"ElCanillita.info Guzzo Photos &amp; Graphic Publications\" \/>\n\t<meta name=\"twitter:label2\" content=\"Tiempo de lectura\" \/>\n\t<meta name=\"twitter:data2\" content=\"2 minutos\" \/>\n<script type=\"application\/ld+json\" class=\"yoast-schema-graph\">{\"@context\":\"https:\\\/\\\/schema.org\",\"@graph\":[{\"@type\":\"Article\",\"@id\":\"https:\\\/\\\/elcanillita.info\\\/press\\\/2025\\\/11\\\/21\\\/plegaria-de-una-oracion-comun\\\/#article\",\"isPartOf\":{\"@id\":\"https:\\\/\\\/elcanillita.info\\\/press\\\/2025\\\/11\\\/21\\\/plegaria-de-una-oracion-comun\\\/\"},\"author\":{\"name\":\"ElCanillita.info Guzzo Photos &amp; Graphic Publications\",\"@id\":\"https:\\\/\\\/elcanillita.info\\\/press\\\/#\\\/schema\\\/person\\\/e37a550cff8f5f3407ed112e4cc619cb\"},\"headline\":\"\ud83d\uddde\ufe0f \ud83c\udfdb\ufe0f \u271d\ufe0f Plegaria de una oraci\u00f3n com\u00fan\",\"datePublished\":\"2025-11-21T15:36:31+00:00\",\"dateModified\":\"2025-11-21T15:37:22+00:00\",\"mainEntityOfPage\":{\"@id\":\"https:\\\/\\\/elcanillita.info\\\/press\\\/2025\\\/11\\\/21\\\/plegaria-de-una-oracion-comun\\\/\"},\"wordCount\":464,\"publisher\":{\"@id\":\"https:\\\/\\\/elcanillita.info\\\/press\\\/#organization\"},\"keywords\":[\"Argentina\"],\"articleSection\":[\".\",\".\",\"Actualidad\",\"Am\u00e9rica del Sur\",\"Argentina\",\"Economia\",\"Politica\",\"Sociedad\"],\"inLanguage\":\"es-AR\"},{\"@type\":\"WebPage\",\"@id\":\"https:\\\/\\\/elcanillita.info\\\/press\\\/2025\\\/11\\\/21\\\/plegaria-de-una-oracion-comun\\\/\",\"url\":\"https:\\\/\\\/elcanillita.info\\\/press\\\/2025\\\/11\\\/21\\\/plegaria-de-una-oracion-comun\\\/\",\"name\":\"\ud83d\uddde\ufe0f \ud83c\udfdb\ufe0f \u271d\ufe0f Plegaria de una oraci\u00f3n com\u00fan - ElCanillita.Info\",\"isPartOf\":{\"@id\":\"https:\\\/\\\/elcanillita.info\\\/press\\\/#website\"},\"datePublished\":\"2025-11-21T15:36:31+00:00\",\"dateModified\":\"2025-11-21T15:37:22+00:00\",\"inLanguage\":\"es-AR\",\"potentialAction\":[{\"@type\":\"ReadAction\",\"target\":[\"https:\\\/\\\/elcanillita.info\\\/press\\\/2025\\\/11\\\/21\\\/plegaria-de-una-oracion-comun\\\/\"]}]},{\"@type\":\"WebSite\",\"@id\":\"https:\\\/\\\/elcanillita.info\\\/press\\\/#website\",\"url\":\"https:\\\/\\\/elcanillita.info\\\/press\\\/\",\"name\":\"ElCanillita.Info\",\"description\":\"desde los Apeninos a los Andes\",\"publisher\":{\"@id\":\"https:\\\/\\\/elcanillita.info\\\/press\\\/#organization\"},\"potentialAction\":[{\"@type\":\"SearchAction\",\"target\":{\"@type\":\"EntryPoint\",\"urlTemplate\":\"https:\\\/\\\/elcanillita.info\\\/press\\\/?s={search_term_string}\"},\"query-input\":{\"@type\":\"PropertyValueSpecification\",\"valueRequired\":true,\"valueName\":\"search_term_string\"}}],\"inLanguage\":\"es-AR\"},{\"@type\":\"Organization\",\"@id\":\"https:\\\/\\\/elcanillita.info\\\/press\\\/#organization\",\"name\":\"Guzzo Photos & Graphic Publications\",\"url\":\"https:\\\/\\\/elcanillita.info\\\/press\\\/\",\"logo\":{\"@type\":\"ImageObject\",\"inLanguage\":\"es-AR\",\"@id\":\"https:\\\/\\\/elcanillita.info\\\/press\\\/#\\\/schema\\\/logo\\\/image\\\/\",\"url\":\"https:\\\/\\\/elcanillita.info\\\/press\\\/images\\\/2020\\\/01\\\/cropped-cropped-cropped-elcanillitainfo.png\",\"contentUrl\":\"https:\\\/\\\/elcanillita.info\\\/press\\\/images\\\/2020\\\/01\\\/cropped-cropped-cropped-elcanillitainfo.png\",\"width\":460,\"height\":50,\"caption\":\"Guzzo Photos & Graphic Publications\"},\"image\":{\"@id\":\"https:\\\/\\\/elcanillita.info\\\/press\\\/#\\\/schema\\\/logo\\\/image\\\/\"},\"sameAs\":[\"https:\\\/\\\/ar-ar.facebook.com\\\/ElCanillitainfo-114249515285712\\\/\"]},{\"@type\":\"Person\",\"@id\":\"https:\\\/\\\/elcanillita.info\\\/press\\\/#\\\/schema\\\/person\\\/e37a550cff8f5f3407ed112e4cc619cb\",\"name\":\"ElCanillita.info Guzzo Photos &amp; Graphic Publications\",\"image\":{\"@type\":\"ImageObject\",\"inLanguage\":\"es-AR\",\"@id\":\"https:\\\/\\\/secure.gravatar.com\\\/avatar\\\/8914fbe0ef09248907e331ab93dfa89c7f76decf6b51cd1b2f8444e6260db772?s=96&d=mm&r=g\",\"url\":\"https:\\\/\\\/secure.gravatar.com\\\/avatar\\\/8914fbe0ef09248907e331ab93dfa89c7f76decf6b51cd1b2f8444e6260db772?s=96&d=mm&r=g\",\"contentUrl\":\"https:\\\/\\\/secure.gravatar.com\\\/avatar\\\/8914fbe0ef09248907e331ab93dfa89c7f76decf6b51cd1b2f8444e6260db772?s=96&d=mm&r=g\",\"caption\":\"ElCanillita.info Guzzo Photos &amp; Graphic Publications\"},\"sameAs\":[\"http:\\\/\\\/guzzophotos.com\"]}]}<\/script>\n<!-- \/ Yoast SEO plugin. -->","yoast_head_json":{"title":"\ud83d\uddde\ufe0f \ud83c\udfdb\ufe0f \u271d\ufe0f Plegaria de una oraci\u00f3n com\u00fan - ElCanillita.Info","robots":{"index":"index","follow":"follow","max-snippet":"max-snippet:-1","max-image-preview":"max-image-preview:large","max-video-preview":"max-video-preview:-1"},"canonical":"https:\/\/elcanillita.info\/press\/2025\/11\/21\/plegaria-de-una-oracion-comun\/","og_locale":"es_ES","og_type":"article","og_title":"\ud83d\uddde\ufe0f \ud83c\udfdb\ufe0f \u271d\ufe0f Plegaria de una oraci\u00f3n com\u00fan - ElCanillita.Info","og_description":"Santilli inicia su romer\u00eda federal buscando votos para el Presupuesto 2026. Los gobernadores escuchan, fingen devoci\u00f3n y calculan cu\u00e1ntos rezos m\u00e1s har\u00e1 falta para salvar la caja.","og_url":"https:\/\/elcanillita.info\/press\/2025\/11\/21\/plegaria-de-una-oracion-comun\/","og_site_name":"ElCanillita.Info","article_publisher":"https:\/\/ar-ar.facebook.com\/ElCanillitainfo-114249515285712\/","article_published_time":"2025-11-21T15:36:31+00:00","article_modified_time":"2025-11-21T15:37:22+00:00","author":"ElCanillita.info Guzzo Photos &amp; Graphic Publications","twitter_card":"summary_large_image","twitter_misc":{"Escrito por":"ElCanillita.info Guzzo Photos &amp; Graphic Publications","Tiempo de lectura":"2 minutos"},"schema":{"@context":"https:\/\/schema.org","@graph":[{"@type":"Article","@id":"https:\/\/elcanillita.info\/press\/2025\/11\/21\/plegaria-de-una-oracion-comun\/#article","isPartOf":{"@id":"https:\/\/elcanillita.info\/press\/2025\/11\/21\/plegaria-de-una-oracion-comun\/"},"author":{"name":"ElCanillita.info Guzzo Photos &amp; Graphic Publications","@id":"https:\/\/elcanillita.info\/press\/#\/schema\/person\/e37a550cff8f5f3407ed112e4cc619cb"},"headline":"\ud83d\uddde\ufe0f \ud83c\udfdb\ufe0f \u271d\ufe0f Plegaria de una oraci\u00f3n com\u00fan","datePublished":"2025-11-21T15:36:31+00:00","dateModified":"2025-11-21T15:37:22+00:00","mainEntityOfPage":{"@id":"https:\/\/elcanillita.info\/press\/2025\/11\/21\/plegaria-de-una-oracion-comun\/"},"wordCount":464,"publisher":{"@id":"https:\/\/elcanillita.info\/press\/#organization"},"keywords":["Argentina"],"articleSection":[".",".","Actualidad","Am\u00e9rica del Sur","Argentina","Economia","Politica","Sociedad"],"inLanguage":"es-AR"},{"@type":"WebPage","@id":"https:\/\/elcanillita.info\/press\/2025\/11\/21\/plegaria-de-una-oracion-comun\/","url":"https:\/\/elcanillita.info\/press\/2025\/11\/21\/plegaria-de-una-oracion-comun\/","name":"\ud83d\uddde\ufe0f \ud83c\udfdb\ufe0f \u271d\ufe0f Plegaria de una oraci\u00f3n com\u00fan - ElCanillita.Info","isPartOf":{"@id":"https:\/\/elcanillita.info\/press\/#website"},"datePublished":"2025-11-21T15:36:31+00:00","dateModified":"2025-11-21T15:37:22+00:00","inLanguage":"es-AR","potentialAction":[{"@type":"ReadAction","target":["https:\/\/elcanillita.info\/press\/2025\/11\/21\/plegaria-de-una-oracion-comun\/"]}]},{"@type":"WebSite","@id":"https:\/\/elcanillita.info\/press\/#website","url":"https:\/\/elcanillita.info\/press\/","name":"ElCanillita.Info","description":"desde los Apeninos a los Andes","publisher":{"@id":"https:\/\/elcanillita.info\/press\/#organization"},"potentialAction":[{"@type":"SearchAction","target":{"@type":"EntryPoint","urlTemplate":"https:\/\/elcanillita.info\/press\/?s={search_term_string}"},"query-input":{"@type":"PropertyValueSpecification","valueRequired":true,"valueName":"search_term_string"}}],"inLanguage":"es-AR"},{"@type":"Organization","@id":"https:\/\/elcanillita.info\/press\/#organization","name":"Guzzo Photos & Graphic Publications","url":"https:\/\/elcanillita.info\/press\/","logo":{"@type":"ImageObject","inLanguage":"es-AR","@id":"https:\/\/elcanillita.info\/press\/#\/schema\/logo\/image\/","url":"https:\/\/elcanillita.info\/press\/images\/2020\/01\/cropped-cropped-cropped-elcanillitainfo.png","contentUrl":"https:\/\/elcanillita.info\/press\/images\/2020\/01\/cropped-cropped-cropped-elcanillitainfo.png","width":460,"height":50,"caption":"Guzzo Photos & Graphic Publications"},"image":{"@id":"https:\/\/elcanillita.info\/press\/#\/schema\/logo\/image\/"},"sameAs":["https:\/\/ar-ar.facebook.com\/ElCanillitainfo-114249515285712\/"]},{"@type":"Person","@id":"https:\/\/elcanillita.info\/press\/#\/schema\/person\/e37a550cff8f5f3407ed112e4cc619cb","name":"ElCanillita.info Guzzo Photos &amp; Graphic Publications","image":{"@type":"ImageObject","inLanguage":"es-AR","@id":"https:\/\/secure.gravatar.com\/avatar\/8914fbe0ef09248907e331ab93dfa89c7f76decf6b51cd1b2f8444e6260db772?s=96&d=mm&r=g","url":"https:\/\/secure.gravatar.com\/avatar\/8914fbe0ef09248907e331ab93dfa89c7f76decf6b51cd1b2f8444e6260db772?s=96&d=mm&r=g","contentUrl":"https:\/\/secure.gravatar.com\/avatar\/8914fbe0ef09248907e331ab93dfa89c7f76decf6b51cd1b2f8444e6260db772?s=96&d=mm&r=g","caption":"ElCanillita.info Guzzo Photos &amp; Graphic Publications"},"sameAs":["http:\/\/guzzophotos.com"]}]}},"views":92,"_links":{"self":[{"href":"https:\/\/elcanillita.info\/press\/wp-json\/wp\/v2\/posts\/5631","targetHints":{"allow":["GET"]}}],"collection":[{"href":"https:\/\/elcanillita.info\/press\/wp-json\/wp\/v2\/posts"}],"about":[{"href":"https:\/\/elcanillita.info\/press\/wp-json\/wp\/v2\/types\/post"}],"author":[{"embeddable":true,"href":"https:\/\/elcanillita.info\/press\/wp-json\/wp\/v2\/users\/14"}],"replies":[{"embeddable":true,"href":"https:\/\/elcanillita.info\/press\/wp-json\/wp\/v2\/comments?post=5631"}],"version-history":[{"count":0,"href":"https:\/\/elcanillita.info\/press\/wp-json\/wp\/v2\/posts\/5631\/revisions"}],"wp:attachment":[{"href":"https:\/\/elcanillita.info\/press\/wp-json\/wp\/v2\/media?parent=5631"}],"wp:term":[{"taxonomy":"category","embeddable":true,"href":"https:\/\/elcanillita.info\/press\/wp-json\/wp\/v2\/categories?post=5631"},{"taxonomy":"post_tag","embeddable":true,"href":"https:\/\/elcanillita.info\/press\/wp-json\/wp\/v2\/tags?post=5631"}],"curies":[{"name":"wp","href":"https:\/\/api.w.org\/{rel}","templated":true}]}}