{"id":563,"date":"2020-02-24T15:47:28","date_gmt":"2020-02-24T18:47:28","guid":{"rendered":"https:\/\/elcanillita.info\/press\/?p=563"},"modified":"2020-02-24T15:47:31","modified_gmt":"2020-02-24T18:47:31","slug":"norte-italia-empieza-aislarse-coronavirus","status":"publish","type":"post","link":"https:\/\/elcanillita.info\/press\/2020\/02\/24\/norte-italia-empieza-aislarse-coronavirus\/","title":{"rendered":"El Norte de Italia empieza a aislarse por coronavirus"},"content":{"rendered":"\n<p>Lombard\u00eda 24.02.2020 &#8211; Las autoridades del norte de Italia, entre ellas de la ciudad de Mil\u00e1n, decidieron este domingo el cierre de escuelas, museos, teatros, cines y lugares de reuni\u00f3n ante la multiplicaci\u00f3n de los casos de coronavirus, que ha causado en tres d\u00edas tres muertes.<\/p>\n\n\n\n<p>El n\u00famero de contagiados en Italia con el temido virus alcanz\u00f3 a los 152, incluyendo los tres decesos, seg\u00fan el \u00faltimo balance presentado a la prensa por el responsable de la Protecci\u00f3n Civil, Angelo Borrelli.<\/p>\n\n\n\n<p>La tercera persona fallecida muri\u00f3 en la localidad de Crema, a 40 kil\u00f3metros de Mil\u00e1n, seg\u00fan indic\u00f3 Giullio Gallera, responsable de Salud de la regi\u00f3n de Lombard\u00eda.<\/p>\n\n\n\n<p>&#8220;Se trata de una se\u00f1ora anciana, que estaba internada en el departamento de oncolog\u00eda en estado grave y que se hab\u00eda contagiado con el coronavirus&#8221;, explic\u00f3 Gallero durante una conferencia de prensa.<\/p>\n\n\n\n<p>Los tres muertos en Italia por el coronavirus estaban muy enfermos y eran ancianos.<\/p>\n\n\n\n<p>El jefe de gobierno Giuseppe Conte pidi\u00f3 &#8220;no sucumbir al p\u00e1nico y seguir las instrucciones de las autoridades sanitarias. No debemos asustarnos porque la cantidad de contagios crezca nuevamente&#8221; dijo en declaraciones televisivas.<\/p>\n\n\n\n<p>Las autoridades de Lombard\u00eda, entre las regiones m\u00e1s industrializadas del pa\u00eds, cuya capital es Mil\u00e1n, decidieron el cierre de puntos sumamente simb\u00f3licos como la catedral, el c\u00e9lebre Duomo y el teatro La Scala.<\/p>\n\n\n\n<p>El alcalde de Mil\u00e1n, Giuseppe Sala, autoriz\u00f3 una serie de medidas muy estrictas, por un plazo de 7 a 15 d\u00edas, para preparar la ciudad a la llegada del brote a esa pr\u00f3spera regi\u00f3n, motor econ\u00f3mico del pa\u00eds.<\/p>\n\n\n\n<p>El gobierno hab\u00eda decretado la v\u00edspera el aislamiento total de 11 ciudades norte\u00f1as, entre ellas 10 en Lombard\u00eda y 1 cerca de Padua, en la Regi\u00f3n del V\u00e9neto, a la que pertenece Venecia.<\/p>\n\n\n\n<p>&#8220;No se permitir\u00e1 la entrada ni la salida a menos de que presente una exenci\u00f3n especial&#8221;, anunci\u00f3 el primer ministro Giuseppe Conte.<\/p>\n\n\n\n<p>Se trata de la medida m\u00e1s extraordinaria tomada en Europa para contener el mayor brote registrado en el viejo continente.<\/p>\n\n\n\n<p>Adem\u00e1s la noche del domingo Italia bloque\u00f3 la circulacion de un tren que se dirig\u00eda desde Venecia hacia M\u00fanich via Austria, por la sospecha de dos pasajeras contagiadas del virus. El tren fue detenido en la estaci\u00f3n fronteriza del paso de Brenner.<\/p>\n\n\n\n<p>Sin embargo, los ex\u00e1menes arrojaron resultado negativo a la presencia del coronavirus, y ya en la madrugada del lunes el paso de Brenner fue reabierto al tr\u00e1nsito de trenes de pasajeros.<\/p>\n\n\n\n<p>Suspenden el Carnaval de Venecia&nbsp;<\/p>\n\n\n\n<p>Por su parte las autoridades de la regi\u00f3n del V\u00e9neto decidieron suspender el Carnaval de Venecia, una de las mayores manifestaciones tur\u00edsticas que organiza la ciudad de los canales cada a\u00f1o.<\/p>\n\n\n\n<p>El foco principal de lo que podr\u00eda ser el punto cero del virus COVID-19 en Europa se encuentra alrededor de Codogno, una localidad de 15.000 habitantes, a 60 kil\u00f3metros de Mil\u00e1n.<\/p>\n\n\n\n<p>Las fuerzas armadas est\u00e1n autorizadas a hacer cumplir las nuevas medidas si es necesario.<\/p>\n\n\n\n<p>En varias ciudades grandes se han detectado contagios, entre ellas Tur\u00edn, Mil\u00e1n, Venecia y Bolonia, por lo que algunas han dispuesto tambi\u00e9n el cierre de escuelas y universidades.<\/p>\n\n\n\n<p>Se cree que el &#8220;paciente 1&#8221; en Lombard\u00eda es un hombre de 38 a\u00f1os, Mattia, investigador de la multinacional estadounidense Unilever, con sede en Codogno y Casalpusterlengo, donde 120 de los 160 empleados han sido sometidos a pruebas.<\/p>\n\n\n\n<p>Hasta ahora se desconoce c\u00f3mo se contagi\u00f3 ya que el amigo, que se cre\u00eda que era el &#8220;paciente cero&#8221; en Italia porque en enero estuvo en China, no dio positivo.<\/p>\n\n\n\n<p>Muy sociable y atl\u00e9tico, Mattia particip\u00f3 en varios maratones a principios de febrero, se reuni\u00f3 para cenar con varios amigos y dedic\u00f3 algunas jornadas a actividades de solidaridad.<\/p>\n\n\n\n<p>Italia en cuarentena por nuevo coronavirus; hay dos muertes<br>\nInvoluntariamente contamin\u00f3 a su esposa embarazada de 8 meses, a un amigo con el que jugaba f\u00fatbol y a tres clientes habituales de un bar local, as\u00ed como a los m\u00e9dicos que lo atendieron y pacientes del hospital del Codogno donde estuvo internado entre mi\u00e9rcoles y s\u00e1bado por un inicio de pulmon\u00eda.<\/p>\n\n\n\n<p>La inc\u00f3gnita se mantiene por lo que desde el viernes por la noche, a excepci\u00f3n de las farmacias, todos los bares, cafeter\u00edas, tiendas, oficinas, centros deportivos y hasta la iglesia han permanecido cerrados en 11 localidades.<\/p>\n\n\n\n<p>&#8220;Tengo mucho miedo, estamos viviendo una situaci\u00f3n realmente dif\u00edcil&#8221;, confes\u00f3 a la AFP-TV Emanuela, una enfermera que trabaja cerca a Codogno.<\/p>\n\n\n\n<p>Adem\u00e1s de la angustia tambi\u00e9n la rabia reina en esa pr\u00f3spera zona industrializada, donde los supermercados fueron literalmente asaltados ante el temor de que haya escasez.<\/p>\n\n\n\n<p>&#8220;Es inhumano luchar por cuatro s\u00e1ndwiches, es simplemente asqueroso&#8221;, lament\u00f3 Sante, de unos 50 a\u00f1os.<br><br>\n<small>2020 voanoticias \u2013 salastampa.eu, afiliada a la red Broadcasting Board of Governors \u00a9 2020 BBG<\/small><\/p>\n","protected":false},"excerpt":{"rendered":"<p>Lombard\u00eda 24.02.2020 &#8211; Las autoridades del norte de Italia, entre ellas de la ciudad de Mil\u00e1n, decidieron este domingo el cierre de escuelas, museos, teatros, cines y lugares de reuni\u00f3n ante la multiplicaci\u00f3n de los casos de coronavirus, que ha causado en tres d\u00edas tres muertes.<\/p>\n","protected":false},"author":1,"featured_media":0,"comment_status":"closed","ping_status":"closed","sticky":false,"template":"","format":"standard","meta":{"footnotes":"","_links_to":"","_links_to_target":""},"categories":[70,5,78,25],"tags":[60],"class_list":["post-563","post","type-post","status-publish","format-standard","hentry","category-actualidad","category-europa","category-sanidad","category-sociedad","tag-italia","entry","double"],"yoast_head":"<!-- This site is optimized with the Yoast SEO plugin v27.5 - https:\/\/yoast.com\/product\/yoast-seo-wordpress\/ -->\n<title>El Norte de Italia empieza a aislarse por coronavirus - ElCanillita.Info<\/title>\n<meta name=\"robots\" content=\"index, follow, max-snippet:-1, max-image-preview:large, max-video-preview:-1\" \/>\n<link rel=\"canonical\" href=\"https:\/\/elcanillita.info\/press\/2020\/02\/24\/norte-italia-empieza-aislarse-coronavirus\/\" \/>\n<meta property=\"og:locale\" content=\"es_ES\" \/>\n<meta property=\"og:type\" content=\"article\" \/>\n<meta property=\"og:title\" content=\"El Norte de Italia empieza a aislarse por coronavirus - ElCanillita.Info\" \/>\n<meta property=\"og:description\" content=\"Lombard\u00eda 24.02.2020 - Las autoridades del norte de Italia, entre ellas de la ciudad de Mil\u00e1n, decidieron este domingo el cierre de escuelas, museos, teatros, cines y lugares de reuni\u00f3n ante la multiplicaci\u00f3n de los casos de coronavirus, que ha causado en tres d\u00edas tres muertes.\" \/>\n<meta property=\"og:url\" content=\"https:\/\/elcanillita.info\/press\/2020\/02\/24\/norte-italia-empieza-aislarse-coronavirus\/\" \/>\n<meta property=\"og:site_name\" content=\"ElCanillita.Info\" \/>\n<meta property=\"article:publisher\" content=\"https:\/\/ar-ar.facebook.com\/ElCanillitainfo-114249515285712\/\" \/>\n<meta property=\"article:published_time\" content=\"2020-02-24T18:47:28+00:00\" \/>\n<meta property=\"article:modified_time\" content=\"2020-02-24T18:47:31+00:00\" \/>\n<meta name=\"author\" content=\"SalaStampa.eu, world press service\" \/>\n<meta name=\"twitter:card\" content=\"summary_large_image\" \/>\n<meta name=\"twitter:label1\" content=\"Escrito por\" \/>\n\t<meta name=\"twitter:data1\" content=\"SalaStampa.eu, world press service\" \/>\n\t<meta name=\"twitter:label2\" content=\"Tiempo de lectura\" \/>\n\t<meta name=\"twitter:data2\" content=\"4 minutos\" \/>\n<script type=\"application\/ld+json\" class=\"yoast-schema-graph\">{\"@context\":\"https:\\\/\\\/schema.org\",\"@graph\":[{\"@type\":\"Article\",\"@id\":\"https:\\\/\\\/elcanillita.info\\\/press\\\/2020\\\/02\\\/24\\\/norte-italia-empieza-aislarse-coronavirus\\\/#article\",\"isPartOf\":{\"@id\":\"https:\\\/\\\/elcanillita.info\\\/press\\\/2020\\\/02\\\/24\\\/norte-italia-empieza-aislarse-coronavirus\\\/\"},\"author\":{\"name\":\"SalaStampa.eu, world press service\",\"@id\":\"https:\\\/\\\/elcanillita.info\\\/press\\\/#\\\/schema\\\/person\\\/7fcb79f38045700919f7da6d97e71ba0\"},\"headline\":\"El Norte de Italia empieza a aislarse por coronavirus\",\"datePublished\":\"2020-02-24T18:47:28+00:00\",\"dateModified\":\"2020-02-24T18:47:31+00:00\",\"mainEntityOfPage\":{\"@id\":\"https:\\\/\\\/elcanillita.info\\\/press\\\/2020\\\/02\\\/24\\\/norte-italia-empieza-aislarse-coronavirus\\\/\"},\"wordCount\":849,\"publisher\":{\"@id\":\"https:\\\/\\\/elcanillita.info\\\/press\\\/#organization\"},\"keywords\":[\"Italia\"],\"articleSection\":[\"Actualidad\",\"Europa\",\"Sanidad\",\"Sociedad\"],\"inLanguage\":\"es-AR\"},{\"@type\":\"WebPage\",\"@id\":\"https:\\\/\\\/elcanillita.info\\\/press\\\/2020\\\/02\\\/24\\\/norte-italia-empieza-aislarse-coronavirus\\\/\",\"url\":\"https:\\\/\\\/elcanillita.info\\\/press\\\/2020\\\/02\\\/24\\\/norte-italia-empieza-aislarse-coronavirus\\\/\",\"name\":\"El Norte de Italia empieza a aislarse por coronavirus - ElCanillita.Info\",\"isPartOf\":{\"@id\":\"https:\\\/\\\/elcanillita.info\\\/press\\\/#website\"},\"datePublished\":\"2020-02-24T18:47:28+00:00\",\"dateModified\":\"2020-02-24T18:47:31+00:00\",\"inLanguage\":\"es-AR\",\"potentialAction\":[{\"@type\":\"ReadAction\",\"target\":[\"https:\\\/\\\/elcanillita.info\\\/press\\\/2020\\\/02\\\/24\\\/norte-italia-empieza-aislarse-coronavirus\\\/\"]}]},{\"@type\":\"WebSite\",\"@id\":\"https:\\\/\\\/elcanillita.info\\\/press\\\/#website\",\"url\":\"https:\\\/\\\/elcanillita.info\\\/press\\\/\",\"name\":\"ElCanillita.Info\",\"description\":\"desde los Apeninos a los Andes\",\"publisher\":{\"@id\":\"https:\\\/\\\/elcanillita.info\\\/press\\\/#organization\"},\"potentialAction\":[{\"@type\":\"SearchAction\",\"target\":{\"@type\":\"EntryPoint\",\"urlTemplate\":\"https:\\\/\\\/elcanillita.info\\\/press\\\/?s={search_term_string}\"},\"query-input\":{\"@type\":\"PropertyValueSpecification\",\"valueRequired\":true,\"valueName\":\"search_term_string\"}}],\"inLanguage\":\"es-AR\"},{\"@type\":\"Organization\",\"@id\":\"https:\\\/\\\/elcanillita.info\\\/press\\\/#organization\",\"name\":\"Guzzo Photos & Graphic Publications\",\"url\":\"https:\\\/\\\/elcanillita.info\\\/press\\\/\",\"logo\":{\"@type\":\"ImageObject\",\"inLanguage\":\"es-AR\",\"@id\":\"https:\\\/\\\/elcanillita.info\\\/press\\\/#\\\/schema\\\/logo\\\/image\\\/\",\"url\":\"https:\\\/\\\/elcanillita.info\\\/press\\\/images\\\/2020\\\/01\\\/cropped-cropped-cropped-elcanillitainfo.png\",\"contentUrl\":\"https:\\\/\\\/elcanillita.info\\\/press\\\/images\\\/2020\\\/01\\\/cropped-cropped-cropped-elcanillitainfo.png\",\"width\":460,\"height\":50,\"caption\":\"Guzzo Photos & Graphic Publications\"},\"image\":{\"@id\":\"https:\\\/\\\/elcanillita.info\\\/press\\\/#\\\/schema\\\/logo\\\/image\\\/\"},\"sameAs\":[\"https:\\\/\\\/ar-ar.facebook.com\\\/ElCanillitainfo-114249515285712\\\/\"]},{\"@type\":\"Person\",\"@id\":\"https:\\\/\\\/elcanillita.info\\\/press\\\/#\\\/schema\\\/person\\\/7fcb79f38045700919f7da6d97e71ba0\",\"name\":\"SalaStampa.eu, world press service\",\"image\":{\"@type\":\"ImageObject\",\"inLanguage\":\"es-AR\",\"@id\":\"https:\\\/\\\/secure.gravatar.com\\\/avatar\\\/c2f0e0d515a107624234994507816ca4724c7199cef73fc8bedebf6931d73888?s=96&d=mm&r=g\",\"url\":\"https:\\\/\\\/secure.gravatar.com\\\/avatar\\\/c2f0e0d515a107624234994507816ca4724c7199cef73fc8bedebf6931d73888?s=96&d=mm&r=g\",\"contentUrl\":\"https:\\\/\\\/secure.gravatar.com\\\/avatar\\\/c2f0e0d515a107624234994507816ca4724c7199cef73fc8bedebf6931d73888?s=96&d=mm&r=g\",\"caption\":\"SalaStampa.eu, world press service\"}}]}<\/script>\n<!-- \/ Yoast SEO plugin. -->","yoast_head_json":{"title":"El Norte de Italia empieza a aislarse por coronavirus - ElCanillita.Info","robots":{"index":"index","follow":"follow","max-snippet":"max-snippet:-1","max-image-preview":"max-image-preview:large","max-video-preview":"max-video-preview:-1"},"canonical":"https:\/\/elcanillita.info\/press\/2020\/02\/24\/norte-italia-empieza-aislarse-coronavirus\/","og_locale":"es_ES","og_type":"article","og_title":"El Norte de Italia empieza a aislarse por coronavirus - ElCanillita.Info","og_description":"Lombard\u00eda 24.02.2020 - Las autoridades del norte de Italia, entre ellas de la ciudad de Mil\u00e1n, decidieron este domingo el cierre de escuelas, museos, teatros, cines y lugares de reuni\u00f3n ante la multiplicaci\u00f3n de los casos de coronavirus, que ha causado en tres d\u00edas tres muertes.","og_url":"https:\/\/elcanillita.info\/press\/2020\/02\/24\/norte-italia-empieza-aislarse-coronavirus\/","og_site_name":"ElCanillita.Info","article_publisher":"https:\/\/ar-ar.facebook.com\/ElCanillitainfo-114249515285712\/","article_published_time":"2020-02-24T18:47:28+00:00","article_modified_time":"2020-02-24T18:47:31+00:00","author":"SalaStampa.eu, world press service","twitter_card":"summary_large_image","twitter_misc":{"Escrito por":"SalaStampa.eu, world press service","Tiempo de lectura":"4 minutos"},"schema":{"@context":"https:\/\/schema.org","@graph":[{"@type":"Article","@id":"https:\/\/elcanillita.info\/press\/2020\/02\/24\/norte-italia-empieza-aislarse-coronavirus\/#article","isPartOf":{"@id":"https:\/\/elcanillita.info\/press\/2020\/02\/24\/norte-italia-empieza-aislarse-coronavirus\/"},"author":{"name":"SalaStampa.eu, world press service","@id":"https:\/\/elcanillita.info\/press\/#\/schema\/person\/7fcb79f38045700919f7da6d97e71ba0"},"headline":"El Norte de Italia empieza a aislarse por coronavirus","datePublished":"2020-02-24T18:47:28+00:00","dateModified":"2020-02-24T18:47:31+00:00","mainEntityOfPage":{"@id":"https:\/\/elcanillita.info\/press\/2020\/02\/24\/norte-italia-empieza-aislarse-coronavirus\/"},"wordCount":849,"publisher":{"@id":"https:\/\/elcanillita.info\/press\/#organization"},"keywords":["Italia"],"articleSection":["Actualidad","Europa","Sanidad","Sociedad"],"inLanguage":"es-AR"},{"@type":"WebPage","@id":"https:\/\/elcanillita.info\/press\/2020\/02\/24\/norte-italia-empieza-aislarse-coronavirus\/","url":"https:\/\/elcanillita.info\/press\/2020\/02\/24\/norte-italia-empieza-aislarse-coronavirus\/","name":"El Norte de Italia empieza a aislarse por coronavirus - ElCanillita.Info","isPartOf":{"@id":"https:\/\/elcanillita.info\/press\/#website"},"datePublished":"2020-02-24T18:47:28+00:00","dateModified":"2020-02-24T18:47:31+00:00","inLanguage":"es-AR","potentialAction":[{"@type":"ReadAction","target":["https:\/\/elcanillita.info\/press\/2020\/02\/24\/norte-italia-empieza-aislarse-coronavirus\/"]}]},{"@type":"WebSite","@id":"https:\/\/elcanillita.info\/press\/#website","url":"https:\/\/elcanillita.info\/press\/","name":"ElCanillita.Info","description":"desde los Apeninos a los Andes","publisher":{"@id":"https:\/\/elcanillita.info\/press\/#organization"},"potentialAction":[{"@type":"SearchAction","target":{"@type":"EntryPoint","urlTemplate":"https:\/\/elcanillita.info\/press\/?s={search_term_string}"},"query-input":{"@type":"PropertyValueSpecification","valueRequired":true,"valueName":"search_term_string"}}],"inLanguage":"es-AR"},{"@type":"Organization","@id":"https:\/\/elcanillita.info\/press\/#organization","name":"Guzzo Photos & Graphic Publications","url":"https:\/\/elcanillita.info\/press\/","logo":{"@type":"ImageObject","inLanguage":"es-AR","@id":"https:\/\/elcanillita.info\/press\/#\/schema\/logo\/image\/","url":"https:\/\/elcanillita.info\/press\/images\/2020\/01\/cropped-cropped-cropped-elcanillitainfo.png","contentUrl":"https:\/\/elcanillita.info\/press\/images\/2020\/01\/cropped-cropped-cropped-elcanillitainfo.png","width":460,"height":50,"caption":"Guzzo Photos & Graphic Publications"},"image":{"@id":"https:\/\/elcanillita.info\/press\/#\/schema\/logo\/image\/"},"sameAs":["https:\/\/ar-ar.facebook.com\/ElCanillitainfo-114249515285712\/"]},{"@type":"Person","@id":"https:\/\/elcanillita.info\/press\/#\/schema\/person\/7fcb79f38045700919f7da6d97e71ba0","name":"SalaStampa.eu, world press service","image":{"@type":"ImageObject","inLanguage":"es-AR","@id":"https:\/\/secure.gravatar.com\/avatar\/c2f0e0d515a107624234994507816ca4724c7199cef73fc8bedebf6931d73888?s=96&d=mm&r=g","url":"https:\/\/secure.gravatar.com\/avatar\/c2f0e0d515a107624234994507816ca4724c7199cef73fc8bedebf6931d73888?s=96&d=mm&r=g","contentUrl":"https:\/\/secure.gravatar.com\/avatar\/c2f0e0d515a107624234994507816ca4724c7199cef73fc8bedebf6931d73888?s=96&d=mm&r=g","caption":"SalaStampa.eu, world press service"}}]}},"views":734,"_links":{"self":[{"href":"https:\/\/elcanillita.info\/press\/wp-json\/wp\/v2\/posts\/563","targetHints":{"allow":["GET"]}}],"collection":[{"href":"https:\/\/elcanillita.info\/press\/wp-json\/wp\/v2\/posts"}],"about":[{"href":"https:\/\/elcanillita.info\/press\/wp-json\/wp\/v2\/types\/post"}],"author":[{"embeddable":true,"href":"https:\/\/elcanillita.info\/press\/wp-json\/wp\/v2\/users\/1"}],"replies":[{"embeddable":true,"href":"https:\/\/elcanillita.info\/press\/wp-json\/wp\/v2\/comments?post=563"}],"version-history":[{"count":0,"href":"https:\/\/elcanillita.info\/press\/wp-json\/wp\/v2\/posts\/563\/revisions"}],"wp:attachment":[{"href":"https:\/\/elcanillita.info\/press\/wp-json\/wp\/v2\/media?parent=563"}],"wp:term":[{"taxonomy":"category","embeddable":true,"href":"https:\/\/elcanillita.info\/press\/wp-json\/wp\/v2\/categories?post=563"},{"taxonomy":"post_tag","embeddable":true,"href":"https:\/\/elcanillita.info\/press\/wp-json\/wp\/v2\/tags?post=563"}],"curies":[{"name":"wp","href":"https:\/\/api.w.org\/{rel}","templated":true}]}}