{"id":5627,"date":"2025-11-20T06:24:05","date_gmt":"2025-11-20T09:24:05","guid":{"rendered":"https:\/\/elcanillita.info\/press\/?p=5627"},"modified":"2025-11-20T06:37:40","modified_gmt":"2025-11-20T09:37:40","slug":"rea-de-estado","status":"publish","type":"post","link":"https:\/\/elcanillita.info\/press\/2025\/11\/20\/rea-de-estado\/","title":{"rendered":"Rea de Estado"},"content":{"rendered":"\n<figure class=\"wp-block-image size-large\"><img loading=\"lazy\" decoding=\"async\" width=\"540\" height=\"360\" src=\"https:\/\/elcanillita.info\/press\/images\/2025\/11\/img_1008.jpg\" alt=\"\" class=\"wp-image-5628\" srcset=\"https:\/\/elcanillita.info\/press\/images\/2025\/11\/img_1008.jpg 540w, https:\/\/elcanillita.info\/press\/images\/2025\/11\/img_1008-300x200.jpg 300w\" sizes=\"auto, (max-width: 540px) 100vw, 540px\" \/><figcaption class=\"wp-element-caption\"><br \/>Foto documento de dominio p\u00fablico&nbsp;<\/figcaption><\/figure>\n\n\n\n<p>Argentina<\/p>\n\n\n\n<p class=\"p1\">El juez Jorge Gorini finalmente hizo lo que el Gobierno no pudo: ponerle un freno al incesante desfile en el departamento de San Jos\u00e9 1111. No es un b\u00fanker pol\u00edtico, dice el Tribunal. Pero tampoco un living: ahora funcionar\u00e1 como una sala de espera con reglamento propio, casi un consultorio odontol\u00f3gico, pero sin el \u201cpase cuando lo llamen\u201d.<\/p>\n\n\n\n<p class=\"p1\">La medida fue detonada por la visita simult\u00e1nea de nueve economistas, un r\u00e9cord dom\u00e9stico que ni el G20 podr\u00eda imitar sin aviso previo. Gorini lo vio como \u201cincumplimiento de condiciones\u201d. Traducido al cristin\u00f3metro: demasiada c\u00e1tedra econ\u00f3mica para una prisi\u00f3n domiciliaria que ya parec\u00eda un foro de Davos en Constituci\u00f3n.<\/p>\n\n\n\n<p class=\"p1\">Las nuevas reglas son quir\u00fargicas: dos horas m\u00e1ximo, dos veces por semana y hasta tres personas. O sea, la mitad de un cumplea\u00f1os peronista y un tercio de un comit\u00e9 radical. A partir de ahora, reunirse con la expresidenta ser\u00e1 un tr\u00e1mite con cupo: como ir a sacar turno en la AFIP pero con peor clima pol\u00edtico.<\/p>\n\n\n\n<p class=\"p1\">Cristina, por su parte, contraatac\u00f3 con su estilo cl\u00e1sico: \u201cNo es la foto\u2026 es la Econom\u00eda, est\u00fapido\u201d. El t\u00edtulo lo escribi\u00f3 en redes, pero bien podr\u00eda haberlo estampado en una remera. Asegura que todo estaba autorizado y que el verdadero enojo del mile\u00edsmo es que haya habido un \u201cmodelo alternativo\u201d circulando en su living. Una conspiraci\u00f3n macroecon\u00f3mica sin sangre, pero con mucha cafe\u00edna.<\/p>\n\n\n\n<p class=\"p1\">El Gobierno acus\u00f3 recibo. La narrativa oficial habla de \u201cprivilegios\u201d, \u201cb\u00fanker paralelo\u201d y \u201coposici\u00f3n en pantuflas\u201d. Lo cierto es que el revuelo termin\u00f3 alimentando la \u00e9pica K que mejor funciona: v\u00edctima del bestiario medi\u00e1tico, perseguida por el poder y ahora tambi\u00e9n limitada por el reloj.<\/p>\n\n\n\n<p class=\"p1\">Los n\u00fameros agregan sal a la herida: 77 visitas en 80 d\u00edas. Ni el Papa tiene esa agenda en diciembre. Entre Lula, Kicillof, Grabois, Silvio Rodr\u00edguez y Esmeralda Mitre, la prisi\u00f3n domiciliaria parec\u00eda m\u00e1s un festival multicultural que un r\u00e9gimen restrictivo. Falt\u00f3 solamente vender entradas por Eventbrite.<\/p>\n\n\n\n<p class=\"p1\">El Tribunal fue claro: cualquier visita no familiar deber\u00e1 pedirse como si fuera un permiso migratorio. Nombre, apellido, motivo y duraci\u00f3n. Todo menos declaraci\u00f3n jurada de bienes. Y si vuelve a haber desbordes, asoman nubes m\u00e1s pesadas: revocaci\u00f3n de la domiciliaria.<\/p>\n\n\n\n<p class=\"p1\">Cristina lo sabe. Por eso su defensa se volvi\u00f3 m\u00e1s conceptual: no se discute una foto, se discute la econom\u00eda. Pero lo cierto es que, en este cap\u00edtulo, la econom\u00eda fue apenas un detalle. Lo que realmente estall\u00f3 fue la log\u00edstica de un departamento convertido en sala de situaci\u00f3n.<\/p>\n\n\n\n<p class=\"p1\">En la Argentina de hoy, donde un caf\u00e9 puede costar m\u00e1s que un libro y un turno m\u00e9dico m\u00e1s que un vuelo, la novedad es \u00e9sta: hasta la oposici\u00f3n tiene l\u00edmite de visitas.<\/p>\n\n\n\n<p class=\"p1\">Y el pa\u00eds entero, como siempre, mirando desde la vereda.<\/p>\n\n\n\n<p><\/p>\n\n\n\n<p>\u270d\ufe0f \u00a9\ufe0f2025 Prison Press &#8211; All Rights Reserved<\/p>\n\n\n\n<p><\/p>\n\n\n<p><small>\u00a9\ufe0f2025  Guzzo Photos  &#038; Graphic Publications \u2013 All Rights Reserved \u2013 Copyright \u00a9\ufe0f 2025 SalaStampa.eu, world press service \u2013 Guzzo Photos &#038; Graphic Publications \u2013 Registro Editori e Stampatori n. 1441 Turin, Italy<\/small><\/p>\n\n\n<p><\/p>\n","protected":false},"excerpt":{"rendered":"<p>La c\u00e1rcel preventiva ahora viene con turnos, cupo y l\u00edmite de sillas. Cristina pas\u00f3 de \u201clideresa en resistencia\u201d a \u201cinvitada con horarios reducidos\u201d.<\/p>\n","protected":false},"author":14,"featured_media":5629,"comment_status":"closed","ping_status":"","sticky":false,"template":"","format":"standard","meta":{"footnotes":"","_links_to":"","_links_to_target":""},"categories":[108,121,70,11,123,22,23,137],"tags":[],"class_list":["post-5627","post","type-post","status-publish","format-standard","has-post-thumbnail","hentry","category-blogdiario","category-dc24","category-actualidad","category-america-del-sur","category-argentina","category-justicia","category-politica","category-sociedad-y-valores","entry","double"],"yoast_head":"<!-- This site is optimized with the Yoast SEO plugin v27.5 - https:\/\/yoast.com\/product\/yoast-seo-wordpress\/ -->\n<title>Rea de Estado - ElCanillita.Info<\/title>\n<meta name=\"robots\" content=\"index, follow, max-snippet:-1, max-image-preview:large, max-video-preview:-1\" \/>\n<link rel=\"canonical\" href=\"https:\/\/elcanillita.info\/press\/2025\/11\/20\/rea-de-estado\/\" \/>\n<meta property=\"og:locale\" content=\"es_ES\" \/>\n<meta property=\"og:type\" content=\"article\" \/>\n<meta property=\"og:title\" content=\"Rea de Estado - ElCanillita.Info\" \/>\n<meta property=\"og:description\" content=\"La c\u00e1rcel preventiva ahora viene con turnos, cupo y l\u00edmite de sillas. Cristina pas\u00f3 de \u201clideresa en resistencia\u201d a \u201cinvitada con horarios reducidos\u201d.\" \/>\n<meta property=\"og:url\" content=\"https:\/\/elcanillita.info\/press\/2025\/11\/20\/rea-de-estado\/\" \/>\n<meta property=\"og:site_name\" content=\"ElCanillita.Info\" \/>\n<meta property=\"article:publisher\" content=\"https:\/\/ar-ar.facebook.com\/ElCanillitainfo-114249515285712\/\" \/>\n<meta property=\"article:published_time\" content=\"2025-11-20T09:24:05+00:00\" \/>\n<meta property=\"article:modified_time\" content=\"2025-11-20T09:37:40+00:00\" \/>\n<meta property=\"og:image\" content=\"https:\/\/elcanillita.info\/press\/images\/2025\/11\/img_1008-1.jpg\" \/>\n\t<meta property=\"og:image:width\" content=\"540\" \/>\n\t<meta property=\"og:image:height\" content=\"360\" \/>\n\t<meta property=\"og:image:type\" content=\"image\/jpeg\" \/>\n<meta name=\"author\" content=\"ElCanillita.info Guzzo Photos &amp; Graphic Publications\" \/>\n<meta name=\"twitter:card\" content=\"summary_large_image\" \/>\n<meta name=\"twitter:label1\" content=\"Escrito por\" \/>\n\t<meta name=\"twitter:data1\" content=\"ElCanillita.info Guzzo Photos &amp; Graphic Publications\" \/>\n\t<meta name=\"twitter:label2\" content=\"Tiempo de lectura\" \/>\n\t<meta name=\"twitter:data2\" content=\"3 minutos\" \/>\n<script type=\"application\/ld+json\" class=\"yoast-schema-graph\">{\"@context\":\"https:\\\/\\\/schema.org\",\"@graph\":[{\"@type\":\"Article\",\"@id\":\"https:\\\/\\\/elcanillita.info\\\/press\\\/2025\\\/11\\\/20\\\/rea-de-estado\\\/#article\",\"isPartOf\":{\"@id\":\"https:\\\/\\\/elcanillita.info\\\/press\\\/2025\\\/11\\\/20\\\/rea-de-estado\\\/\"},\"author\":{\"name\":\"ElCanillita.info Guzzo Photos &amp; Graphic Publications\",\"@id\":\"https:\\\/\\\/elcanillita.info\\\/press\\\/#\\\/schema\\\/person\\\/e37a550cff8f5f3407ed112e4cc619cb\"},\"headline\":\"Rea de Estado\",\"datePublished\":\"2025-11-20T09:24:05+00:00\",\"dateModified\":\"2025-11-20T09:37:40+00:00\",\"mainEntityOfPage\":{\"@id\":\"https:\\\/\\\/elcanillita.info\\\/press\\\/2025\\\/11\\\/20\\\/rea-de-estado\\\/\"},\"wordCount\":545,\"publisher\":{\"@id\":\"https:\\\/\\\/elcanillita.info\\\/press\\\/#organization\"},\"image\":{\"@id\":\"https:\\\/\\\/elcanillita.info\\\/press\\\/2025\\\/11\\\/20\\\/rea-de-estado\\\/#primaryimage\"},\"thumbnailUrl\":\"https:\\\/\\\/elcanillita.info\\\/press\\\/images\\\/2025\\\/11\\\/img_1008-1.jpg\",\"articleSection\":[\".\",\".\",\"Actualidad\",\"Am\u00e9rica del Sur\",\"Argentina\",\"Justicia\",\"Politica\",\"Sociedad y valores\"],\"inLanguage\":\"es-AR\"},{\"@type\":\"WebPage\",\"@id\":\"https:\\\/\\\/elcanillita.info\\\/press\\\/2025\\\/11\\\/20\\\/rea-de-estado\\\/\",\"url\":\"https:\\\/\\\/elcanillita.info\\\/press\\\/2025\\\/11\\\/20\\\/rea-de-estado\\\/\",\"name\":\"Rea de Estado - ElCanillita.Info\",\"isPartOf\":{\"@id\":\"https:\\\/\\\/elcanillita.info\\\/press\\\/#website\"},\"primaryImageOfPage\":{\"@id\":\"https:\\\/\\\/elcanillita.info\\\/press\\\/2025\\\/11\\\/20\\\/rea-de-estado\\\/#primaryimage\"},\"image\":{\"@id\":\"https:\\\/\\\/elcanillita.info\\\/press\\\/2025\\\/11\\\/20\\\/rea-de-estado\\\/#primaryimage\"},\"thumbnailUrl\":\"https:\\\/\\\/elcanillita.info\\\/press\\\/images\\\/2025\\\/11\\\/img_1008-1.jpg\",\"datePublished\":\"2025-11-20T09:24:05+00:00\",\"dateModified\":\"2025-11-20T09:37:40+00:00\",\"inLanguage\":\"es-AR\",\"potentialAction\":[{\"@type\":\"ReadAction\",\"target\":[\"https:\\\/\\\/elcanillita.info\\\/press\\\/2025\\\/11\\\/20\\\/rea-de-estado\\\/\"]}]},{\"@type\":\"ImageObject\",\"inLanguage\":\"es-AR\",\"@id\":\"https:\\\/\\\/elcanillita.info\\\/press\\\/2025\\\/11\\\/20\\\/rea-de-estado\\\/#primaryimage\",\"url\":\"https:\\\/\\\/elcanillita.info\\\/press\\\/images\\\/2025\\\/11\\\/img_1008-1.jpg\",\"contentUrl\":\"https:\\\/\\\/elcanillita.info\\\/press\\\/images\\\/2025\\\/11\\\/img_1008-1.jpg\",\"width\":540,\"height\":360},{\"@type\":\"WebSite\",\"@id\":\"https:\\\/\\\/elcanillita.info\\\/press\\\/#website\",\"url\":\"https:\\\/\\\/elcanillita.info\\\/press\\\/\",\"name\":\"ElCanillita.Info\",\"description\":\"desde los Apeninos a los Andes\",\"publisher\":{\"@id\":\"https:\\\/\\\/elcanillita.info\\\/press\\\/#organization\"},\"potentialAction\":[{\"@type\":\"SearchAction\",\"target\":{\"@type\":\"EntryPoint\",\"urlTemplate\":\"https:\\\/\\\/elcanillita.info\\\/press\\\/?s={search_term_string}\"},\"query-input\":{\"@type\":\"PropertyValueSpecification\",\"valueRequired\":true,\"valueName\":\"search_term_string\"}}],\"inLanguage\":\"es-AR\"},{\"@type\":\"Organization\",\"@id\":\"https:\\\/\\\/elcanillita.info\\\/press\\\/#organization\",\"name\":\"Guzzo Photos & Graphic Publications\",\"url\":\"https:\\\/\\\/elcanillita.info\\\/press\\\/\",\"logo\":{\"@type\":\"ImageObject\",\"inLanguage\":\"es-AR\",\"@id\":\"https:\\\/\\\/elcanillita.info\\\/press\\\/#\\\/schema\\\/logo\\\/image\\\/\",\"url\":\"https:\\\/\\\/elcanillita.info\\\/press\\\/images\\\/2020\\\/01\\\/cropped-cropped-cropped-elcanillitainfo.png\",\"contentUrl\":\"https:\\\/\\\/elcanillita.info\\\/press\\\/images\\\/2020\\\/01\\\/cropped-cropped-cropped-elcanillitainfo.png\",\"width\":460,\"height\":50,\"caption\":\"Guzzo Photos & Graphic Publications\"},\"image\":{\"@id\":\"https:\\\/\\\/elcanillita.info\\\/press\\\/#\\\/schema\\\/logo\\\/image\\\/\"},\"sameAs\":[\"https:\\\/\\\/ar-ar.facebook.com\\\/ElCanillitainfo-114249515285712\\\/\"]},{\"@type\":\"Person\",\"@id\":\"https:\\\/\\\/elcanillita.info\\\/press\\\/#\\\/schema\\\/person\\\/e37a550cff8f5f3407ed112e4cc619cb\",\"name\":\"ElCanillita.info Guzzo Photos &amp; Graphic Publications\",\"image\":{\"@type\":\"ImageObject\",\"inLanguage\":\"es-AR\",\"@id\":\"https:\\\/\\\/secure.gravatar.com\\\/avatar\\\/8914fbe0ef09248907e331ab93dfa89c7f76decf6b51cd1b2f8444e6260db772?s=96&d=mm&r=g\",\"url\":\"https:\\\/\\\/secure.gravatar.com\\\/avatar\\\/8914fbe0ef09248907e331ab93dfa89c7f76decf6b51cd1b2f8444e6260db772?s=96&d=mm&r=g\",\"contentUrl\":\"https:\\\/\\\/secure.gravatar.com\\\/avatar\\\/8914fbe0ef09248907e331ab93dfa89c7f76decf6b51cd1b2f8444e6260db772?s=96&d=mm&r=g\",\"caption\":\"ElCanillita.info Guzzo Photos &amp; Graphic Publications\"},\"sameAs\":[\"http:\\\/\\\/guzzophotos.com\"]}]}<\/script>\n<!-- \/ Yoast SEO plugin. -->","yoast_head_json":{"title":"Rea de Estado - ElCanillita.Info","robots":{"index":"index","follow":"follow","max-snippet":"max-snippet:-1","max-image-preview":"max-image-preview:large","max-video-preview":"max-video-preview:-1"},"canonical":"https:\/\/elcanillita.info\/press\/2025\/11\/20\/rea-de-estado\/","og_locale":"es_ES","og_type":"article","og_title":"Rea de Estado - ElCanillita.Info","og_description":"La c\u00e1rcel preventiva ahora viene con turnos, cupo y l\u00edmite de sillas. Cristina pas\u00f3 de \u201clideresa en resistencia\u201d a \u201cinvitada con horarios reducidos\u201d.","og_url":"https:\/\/elcanillita.info\/press\/2025\/11\/20\/rea-de-estado\/","og_site_name":"ElCanillita.Info","article_publisher":"https:\/\/ar-ar.facebook.com\/ElCanillitainfo-114249515285712\/","article_published_time":"2025-11-20T09:24:05+00:00","article_modified_time":"2025-11-20T09:37:40+00:00","og_image":[{"width":540,"height":360,"url":"https:\/\/elcanillita.info\/press\/images\/2025\/11\/img_1008-1.jpg","type":"image\/jpeg"}],"author":"ElCanillita.info Guzzo Photos &amp; Graphic Publications","twitter_card":"summary_large_image","twitter_misc":{"Escrito por":"ElCanillita.info Guzzo Photos &amp; Graphic Publications","Tiempo de lectura":"3 minutos"},"schema":{"@context":"https:\/\/schema.org","@graph":[{"@type":"Article","@id":"https:\/\/elcanillita.info\/press\/2025\/11\/20\/rea-de-estado\/#article","isPartOf":{"@id":"https:\/\/elcanillita.info\/press\/2025\/11\/20\/rea-de-estado\/"},"author":{"name":"ElCanillita.info Guzzo Photos &amp; Graphic Publications","@id":"https:\/\/elcanillita.info\/press\/#\/schema\/person\/e37a550cff8f5f3407ed112e4cc619cb"},"headline":"Rea de Estado","datePublished":"2025-11-20T09:24:05+00:00","dateModified":"2025-11-20T09:37:40+00:00","mainEntityOfPage":{"@id":"https:\/\/elcanillita.info\/press\/2025\/11\/20\/rea-de-estado\/"},"wordCount":545,"publisher":{"@id":"https:\/\/elcanillita.info\/press\/#organization"},"image":{"@id":"https:\/\/elcanillita.info\/press\/2025\/11\/20\/rea-de-estado\/#primaryimage"},"thumbnailUrl":"https:\/\/elcanillita.info\/press\/images\/2025\/11\/img_1008-1.jpg","articleSection":[".",".","Actualidad","Am\u00e9rica del Sur","Argentina","Justicia","Politica","Sociedad y valores"],"inLanguage":"es-AR"},{"@type":"WebPage","@id":"https:\/\/elcanillita.info\/press\/2025\/11\/20\/rea-de-estado\/","url":"https:\/\/elcanillita.info\/press\/2025\/11\/20\/rea-de-estado\/","name":"Rea de Estado - ElCanillita.Info","isPartOf":{"@id":"https:\/\/elcanillita.info\/press\/#website"},"primaryImageOfPage":{"@id":"https:\/\/elcanillita.info\/press\/2025\/11\/20\/rea-de-estado\/#primaryimage"},"image":{"@id":"https:\/\/elcanillita.info\/press\/2025\/11\/20\/rea-de-estado\/#primaryimage"},"thumbnailUrl":"https:\/\/elcanillita.info\/press\/images\/2025\/11\/img_1008-1.jpg","datePublished":"2025-11-20T09:24:05+00:00","dateModified":"2025-11-20T09:37:40+00:00","inLanguage":"es-AR","potentialAction":[{"@type":"ReadAction","target":["https:\/\/elcanillita.info\/press\/2025\/11\/20\/rea-de-estado\/"]}]},{"@type":"ImageObject","inLanguage":"es-AR","@id":"https:\/\/elcanillita.info\/press\/2025\/11\/20\/rea-de-estado\/#primaryimage","url":"https:\/\/elcanillita.info\/press\/images\/2025\/11\/img_1008-1.jpg","contentUrl":"https:\/\/elcanillita.info\/press\/images\/2025\/11\/img_1008-1.jpg","width":540,"height":360},{"@type":"WebSite","@id":"https:\/\/elcanillita.info\/press\/#website","url":"https:\/\/elcanillita.info\/press\/","name":"ElCanillita.Info","description":"desde los Apeninos a los Andes","publisher":{"@id":"https:\/\/elcanillita.info\/press\/#organization"},"potentialAction":[{"@type":"SearchAction","target":{"@type":"EntryPoint","urlTemplate":"https:\/\/elcanillita.info\/press\/?s={search_term_string}"},"query-input":{"@type":"PropertyValueSpecification","valueRequired":true,"valueName":"search_term_string"}}],"inLanguage":"es-AR"},{"@type":"Organization","@id":"https:\/\/elcanillita.info\/press\/#organization","name":"Guzzo Photos & Graphic Publications","url":"https:\/\/elcanillita.info\/press\/","logo":{"@type":"ImageObject","inLanguage":"es-AR","@id":"https:\/\/elcanillita.info\/press\/#\/schema\/logo\/image\/","url":"https:\/\/elcanillita.info\/press\/images\/2020\/01\/cropped-cropped-cropped-elcanillitainfo.png","contentUrl":"https:\/\/elcanillita.info\/press\/images\/2020\/01\/cropped-cropped-cropped-elcanillitainfo.png","width":460,"height":50,"caption":"Guzzo Photos & Graphic Publications"},"image":{"@id":"https:\/\/elcanillita.info\/press\/#\/schema\/logo\/image\/"},"sameAs":["https:\/\/ar-ar.facebook.com\/ElCanillitainfo-114249515285712\/"]},{"@type":"Person","@id":"https:\/\/elcanillita.info\/press\/#\/schema\/person\/e37a550cff8f5f3407ed112e4cc619cb","name":"ElCanillita.info Guzzo Photos &amp; Graphic Publications","image":{"@type":"ImageObject","inLanguage":"es-AR","@id":"https:\/\/secure.gravatar.com\/avatar\/8914fbe0ef09248907e331ab93dfa89c7f76decf6b51cd1b2f8444e6260db772?s=96&d=mm&r=g","url":"https:\/\/secure.gravatar.com\/avatar\/8914fbe0ef09248907e331ab93dfa89c7f76decf6b51cd1b2f8444e6260db772?s=96&d=mm&r=g","contentUrl":"https:\/\/secure.gravatar.com\/avatar\/8914fbe0ef09248907e331ab93dfa89c7f76decf6b51cd1b2f8444e6260db772?s=96&d=mm&r=g","caption":"ElCanillita.info Guzzo Photos &amp; Graphic Publications"},"sameAs":["http:\/\/guzzophotos.com"]}]}},"views":113,"_links":{"self":[{"href":"https:\/\/elcanillita.info\/press\/wp-json\/wp\/v2\/posts\/5627","targetHints":{"allow":["GET"]}}],"collection":[{"href":"https:\/\/elcanillita.info\/press\/wp-json\/wp\/v2\/posts"}],"about":[{"href":"https:\/\/elcanillita.info\/press\/wp-json\/wp\/v2\/types\/post"}],"author":[{"embeddable":true,"href":"https:\/\/elcanillita.info\/press\/wp-json\/wp\/v2\/users\/14"}],"replies":[{"embeddable":true,"href":"https:\/\/elcanillita.info\/press\/wp-json\/wp\/v2\/comments?post=5627"}],"version-history":[{"count":0,"href":"https:\/\/elcanillita.info\/press\/wp-json\/wp\/v2\/posts\/5627\/revisions"}],"wp:featuredmedia":[{"embeddable":true,"href":"https:\/\/elcanillita.info\/press\/wp-json\/wp\/v2\/media\/5629"}],"wp:attachment":[{"href":"https:\/\/elcanillita.info\/press\/wp-json\/wp\/v2\/media?parent=5627"}],"wp:term":[{"taxonomy":"category","embeddable":true,"href":"https:\/\/elcanillita.info\/press\/wp-json\/wp\/v2\/categories?post=5627"},{"taxonomy":"post_tag","embeddable":true,"href":"https:\/\/elcanillita.info\/press\/wp-json\/wp\/v2\/tags?post=5627"}],"curies":[{"name":"wp","href":"https:\/\/api.w.org\/{rel}","templated":true}]}}