{"id":5621,"date":"2025-11-19T04:13:57","date_gmt":"2025-11-19T07:13:57","guid":{"rendered":"https:\/\/elcanillita.info\/press\/?p=5621"},"modified":"2025-11-19T04:22:02","modified_gmt":"2025-11-19T07:22:02","slug":"expertos-intentan-convertir-contaminacion-en-milagros-naturales","status":"publish","type":"post","link":"https:\/\/elcanillita.info\/press\/2025\/11\/19\/expertos-intentan-convertir-contaminacion-en-milagros-naturales\/","title":{"rendered":"\ud83d\uddde\ufe0f \ud83d\udd25 \ud83d\udd4a\ufe0f&nbsp;\u201cExpertos\u201d intentan convertir contaminaci\u00f3n en milagros naturales."},"content":{"rendered":"\n<p>Argentina<\/p>\n\n\n\n<p>San Juan: peces muertos, mercurio y un d\u00e9j\u00e0 vu t\u00f3xico. La postal se repite como una maldici\u00f3n, miles de peces muertos en la cuenca del J\u00e1chal, un derrame en la mina Veladero operada por Barrick Gold, y un gobierno provincial que asegura \u2013con aplomo casi admirador\u2013 que todo se debe a un \u201cfen\u00f3meno natural\u201d. Natural, s\u00ed: naturalmente incre\u00edble.<\/p>\n\n\n\n<p class=\"p1\">La Asamblea \u201cJ\u00e1chal No se Toca\u201d denunci\u00f3 un nuevo derrame de mercurio y apunt\u00f3 directo al coraz\u00f3n del problema: \u201cEst\u00e1n ocultando la contaminaci\u00f3n\u201d. Declaraci\u00f3n simple, lineal y tan clara como el agua\u2026 antes de que la toquen las mineras.<\/p>\n\n\n\n<p class=\"p1\">A principios de noviembre, la comunidad de Cuesta del Viento amaneci\u00f3 con la orilla tapizada de peces muertos, un cuadro digno de un accidente industrial. Pero no: la Secretar\u00eda de Ambiente prefiri\u00f3 bautizarlo \u201cevento ambiental\u201d. El eufemismo es tan c\u00f3mico que ni en los manuales de relaciones p\u00fablicas se animan a tanto.<\/p>\n\n\n\n<p class=\"p1\">El Gobierno provincial repite la f\u00f3rmula que ya es un cl\u00e1sico sanjuanino: minimizar, relativizar y sonre\u00edr. Pero al otro lado del mostrador, los vecinos no olvidan: 2015 sigue oliendo a cianuro, pese a que en aquel momento tambi\u00e9n juraban que todo estaba \u201cbajo control\u201d. Hoy la Asamblea lleva contados 19 episodios desde entonces. Y eso sin contar los que jam\u00e1s se informan.<\/p>\n\n\n\n<p class=\"p1\">Sa\u00fal Zeballos, una de las voces m\u00e1s firmes de J\u00e1chal, record\u00f3 que en el derrame hist\u00f3rico aseguraban haber detectado \u201ccianuro cero\u201d. Cero. La misma cifra que hoy representa la confianza p\u00fablica en cualquier comunicado oficial sobre Veladero.<\/p>\n\n\n\n<p class=\"p1\">La escena actual no s\u00f3lo confirma la fragilidad ambiental de la zona, sino tambi\u00e9n la obstinada costumbre gubernamental de alinearse con los intereses mineros antes que con el agua que bebe su propia gente. Prioridades, le dicen.<\/p>\n\n\n\n<p class=\"p1\">Mientras tanto, J\u00e1chal vuelve a la calle. Una vez m\u00e1s, los vecinos son los \u00fanicos que se toman en serio lo que flota en su r\u00edo. Y una vez m\u00e1s, el poder pol\u00edtico les responde con estudios m\u00e1gicos y sonrisas ensayadas.<\/p>\n\n\n\n<p class=\"p1\">En San Juan, parece que la contaminaci\u00f3n es accidental; lo sistem\u00e1tico es el encubrimiento.<\/p>\n\n\n\n<p><\/p>\n\n\n\n<p>\u270d\ufe0f \u00a9\ufe0f2025&nbsp; El alquimista del cianuro &#8211; All Rights Reserved<\/p>\n\n\n\n<p><\/p>\n\n\n<hr style=\"\n    border: none;\n    height: 1px;\n    background: linear-gradient(to right, transparent, #ccc, transparent);\n    margin: 0;\n\" \/>\n<\/p>\n<p><strong>\u00bfQuieres decir algo?<\/strong><\/p>\n<p>\ud83d\udcec Env\u00eda tu texto a : email@soapboxorators.org o s\u00fabelo a la Speakers&#8217; Box: SoapBoxOrators.org.<\/p>\n<p><!-- \/wp:post-content --><\/p>\n<form action=\"https:\/\/formspree.io\/f\/mjkrjzed\" method=\"POST\">\n  <label for=\"name\">Nombre o seud\u00f3nimo:<\/label><br \/>\n  <input type=\"text\" id=\"name\" name=\"name\" required><\/p>\n<p>  <label for=\"title\">T\u00edtulo del discurso\/editorial:<\/label><br \/>\n  <input type=\"text\" id=\"title\" name=\"title\" required><\/p>\n<p>  <label for=\"message\">Texto (m\u00e1x. 3.000 caracteres):<\/label><br \/>\n  <textarea id=\"message\" name=\"message\" rows=\"10\" maxlength=\"3000\" required><\/textarea><\/p>\n<p>  <label><br \/>\n    <input type=\"checkbox\" name=\"consent\" required><br \/>\n    Autorizo la publicaci\u00f3n de este texto en SoapboxOrators.org<br \/>\n  <\/label><\/p>\n<p>  <button type=\"submit\">Enviar<\/button><br \/>\n  <button type=\"reset\">Borrar formulario<\/button><\/p>\n<\/form>\n<p><!-- wp:paragraph --><\/p>\n<p><!-- \/wp:paragraph --><\/p>\n<p><!-- wp:paragraph --><\/p>\n<p><!-- \/wp:paragraph --><\/p>\n<p><small>\u00a9\ufe0f2025  Guzzo Photos  &#038; Graphic Publications \u2013 All Rights Reserved \u2013 Copyright \u00a9\ufe0f 2025 ElCanillita.info \/ SoapBoxOrators.org \/SalaStampa.eu, world press service \u2013 Guzzo Photos &#038; Graphic Publications \u2013 Registro Editori e Stampatori n. 1441 Turin, Italy<\/small><\/p>\n<p><!-- wp:paragraph --><\/p>\n<p><!-- \/wp:paragraph --><\/p>","protected":false},"excerpt":{"rendered":"<p>Otra vez Veladero, otra vez peces flotando, otra vez el Estado diciendo \u201ctranquilos, es natural\u201d. Y otra vez una comunidad que ya no compra cuentos de hadas qu\u00edmicas.<\/p>\n","protected":false},"author":1,"featured_media":0,"comment_status":"closed","ping_status":"","sticky":false,"template":"","format":"standard","meta":{"footnotes":"","_links_to":"","_links_to_target":""},"categories":[108,121,70,11,123,21,23,137],"tags":[29],"class_list":["post-5621","post","type-post","status-publish","format-standard","hentry","category-blogdiario","category-dc24","category-actualidad","category-america-del-sur","category-argentina","category-geo","category-politica","category-sociedad-y-valores","tag-argentina","entry","double"],"yoast_head":"<!-- This site is optimized with the Yoast SEO plugin v27.5 - https:\/\/yoast.com\/product\/yoast-seo-wordpress\/ -->\n<title>\ud83d\uddde\ufe0f \ud83d\udd25 \ud83d\udd4a\ufe0f&nbsp;\u201cExpertos\u201d intentan convertir contaminaci\u00f3n en milagros naturales. - ElCanillita.Info<\/title>\n<meta name=\"robots\" content=\"index, follow, max-snippet:-1, max-image-preview:large, max-video-preview:-1\" \/>\n<link rel=\"canonical\" href=\"https:\/\/elcanillita.info\/press\/2025\/11\/19\/expertos-intentan-convertir-contaminacion-en-milagros-naturales\/\" \/>\n<meta property=\"og:locale\" content=\"es_ES\" \/>\n<meta property=\"og:type\" content=\"article\" \/>\n<meta property=\"og:title\" content=\"\ud83d\uddde\ufe0f \ud83d\udd25 \ud83d\udd4a\ufe0f&nbsp;\u201cExpertos\u201d intentan convertir contaminaci\u00f3n en milagros naturales. - ElCanillita.Info\" \/>\n<meta property=\"og:description\" content=\"Otra vez Veladero, otra vez peces flotando, otra vez el Estado diciendo \u201ctranquilos, es natural\u201d. Y otra vez una comunidad que ya no compra cuentos de hadas qu\u00edmicas.\" \/>\n<meta property=\"og:url\" content=\"https:\/\/elcanillita.info\/press\/2025\/11\/19\/expertos-intentan-convertir-contaminacion-en-milagros-naturales\/\" \/>\n<meta property=\"og:site_name\" content=\"ElCanillita.Info\" \/>\n<meta property=\"article:publisher\" content=\"https:\/\/ar-ar.facebook.com\/ElCanillitainfo-114249515285712\/\" \/>\n<meta property=\"article:published_time\" content=\"2025-11-19T07:13:57+00:00\" \/>\n<meta property=\"article:modified_time\" content=\"2025-11-19T07:22:02+00:00\" \/>\n<meta name=\"author\" content=\"SalaStampa.eu, world press service\" \/>\n<meta name=\"twitter:card\" content=\"summary_large_image\" \/>\n<meta name=\"twitter:label1\" content=\"Escrito por\" \/>\n\t<meta name=\"twitter:data1\" content=\"SalaStampa.eu, world press service\" \/>\n\t<meta name=\"twitter:label2\" content=\"Tiempo de lectura\" \/>\n\t<meta name=\"twitter:data2\" content=\"2 minutos\" \/>\n<script type=\"application\/ld+json\" class=\"yoast-schema-graph\">{\"@context\":\"https:\\\/\\\/schema.org\",\"@graph\":[{\"@type\":\"Article\",\"@id\":\"https:\\\/\\\/elcanillita.info\\\/press\\\/2025\\\/11\\\/19\\\/expertos-intentan-convertir-contaminacion-en-milagros-naturales\\\/#article\",\"isPartOf\":{\"@id\":\"https:\\\/\\\/elcanillita.info\\\/press\\\/2025\\\/11\\\/19\\\/expertos-intentan-convertir-contaminacion-en-milagros-naturales\\\/\"},\"author\":{\"name\":\"SalaStampa.eu, world press service\",\"@id\":\"https:\\\/\\\/elcanillita.info\\\/press\\\/#\\\/schema\\\/person\\\/7fcb79f38045700919f7da6d97e71ba0\"},\"headline\":\"\ud83d\uddde\ufe0f \ud83d\udd25 \ud83d\udd4a\ufe0f&nbsp;\u201cExpertos\u201d intentan convertir contaminaci\u00f3n en milagros naturales.\",\"datePublished\":\"2025-11-19T07:13:57+00:00\",\"dateModified\":\"2025-11-19T07:22:02+00:00\",\"mainEntityOfPage\":{\"@id\":\"https:\\\/\\\/elcanillita.info\\\/press\\\/2025\\\/11\\\/19\\\/expertos-intentan-convertir-contaminacion-en-milagros-naturales\\\/\"},\"wordCount\":465,\"publisher\":{\"@id\":\"https:\\\/\\\/elcanillita.info\\\/press\\\/#organization\"},\"keywords\":[\"Argentina\"],\"articleSection\":[\".\",\".\",\"Actualidad\",\"Am\u00e9rica del Sur\",\"Argentina\",\"Geo\",\"Politica\",\"Sociedad y valores\"],\"inLanguage\":\"es-AR\"},{\"@type\":\"WebPage\",\"@id\":\"https:\\\/\\\/elcanillita.info\\\/press\\\/2025\\\/11\\\/19\\\/expertos-intentan-convertir-contaminacion-en-milagros-naturales\\\/\",\"url\":\"https:\\\/\\\/elcanillita.info\\\/press\\\/2025\\\/11\\\/19\\\/expertos-intentan-convertir-contaminacion-en-milagros-naturales\\\/\",\"name\":\"\ud83d\uddde\ufe0f \ud83d\udd25 \ud83d\udd4a\ufe0f&nbsp;\u201cExpertos\u201d intentan convertir contaminaci\u00f3n en milagros naturales. - ElCanillita.Info\",\"isPartOf\":{\"@id\":\"https:\\\/\\\/elcanillita.info\\\/press\\\/#website\"},\"datePublished\":\"2025-11-19T07:13:57+00:00\",\"dateModified\":\"2025-11-19T07:22:02+00:00\",\"inLanguage\":\"es-AR\",\"potentialAction\":[{\"@type\":\"ReadAction\",\"target\":[\"https:\\\/\\\/elcanillita.info\\\/press\\\/2025\\\/11\\\/19\\\/expertos-intentan-convertir-contaminacion-en-milagros-naturales\\\/\"]}]},{\"@type\":\"WebSite\",\"@id\":\"https:\\\/\\\/elcanillita.info\\\/press\\\/#website\",\"url\":\"https:\\\/\\\/elcanillita.info\\\/press\\\/\",\"name\":\"ElCanillita.Info\",\"description\":\"desde los Apeninos a los Andes\",\"publisher\":{\"@id\":\"https:\\\/\\\/elcanillita.info\\\/press\\\/#organization\"},\"potentialAction\":[{\"@type\":\"SearchAction\",\"target\":{\"@type\":\"EntryPoint\",\"urlTemplate\":\"https:\\\/\\\/elcanillita.info\\\/press\\\/?s={search_term_string}\"},\"query-input\":{\"@type\":\"PropertyValueSpecification\",\"valueRequired\":true,\"valueName\":\"search_term_string\"}}],\"inLanguage\":\"es-AR\"},{\"@type\":\"Organization\",\"@id\":\"https:\\\/\\\/elcanillita.info\\\/press\\\/#organization\",\"name\":\"Guzzo Photos & Graphic Publications\",\"url\":\"https:\\\/\\\/elcanillita.info\\\/press\\\/\",\"logo\":{\"@type\":\"ImageObject\",\"inLanguage\":\"es-AR\",\"@id\":\"https:\\\/\\\/elcanillita.info\\\/press\\\/#\\\/schema\\\/logo\\\/image\\\/\",\"url\":\"https:\\\/\\\/elcanillita.info\\\/press\\\/images\\\/2020\\\/01\\\/cropped-cropped-cropped-elcanillitainfo.png\",\"contentUrl\":\"https:\\\/\\\/elcanillita.info\\\/press\\\/images\\\/2020\\\/01\\\/cropped-cropped-cropped-elcanillitainfo.png\",\"width\":460,\"height\":50,\"caption\":\"Guzzo Photos & Graphic Publications\"},\"image\":{\"@id\":\"https:\\\/\\\/elcanillita.info\\\/press\\\/#\\\/schema\\\/logo\\\/image\\\/\"},\"sameAs\":[\"https:\\\/\\\/ar-ar.facebook.com\\\/ElCanillitainfo-114249515285712\\\/\"]},{\"@type\":\"Person\",\"@id\":\"https:\\\/\\\/elcanillita.info\\\/press\\\/#\\\/schema\\\/person\\\/7fcb79f38045700919f7da6d97e71ba0\",\"name\":\"SalaStampa.eu, world press service\",\"image\":{\"@type\":\"ImageObject\",\"inLanguage\":\"es-AR\",\"@id\":\"https:\\\/\\\/secure.gravatar.com\\\/avatar\\\/c2f0e0d515a107624234994507816ca4724c7199cef73fc8bedebf6931d73888?s=96&d=mm&r=g\",\"url\":\"https:\\\/\\\/secure.gravatar.com\\\/avatar\\\/c2f0e0d515a107624234994507816ca4724c7199cef73fc8bedebf6931d73888?s=96&d=mm&r=g\",\"contentUrl\":\"https:\\\/\\\/secure.gravatar.com\\\/avatar\\\/c2f0e0d515a107624234994507816ca4724c7199cef73fc8bedebf6931d73888?s=96&d=mm&r=g\",\"caption\":\"SalaStampa.eu, world press service\"}}]}<\/script>\n<!-- \/ Yoast SEO plugin. -->","yoast_head_json":{"title":"\ud83d\uddde\ufe0f \ud83d\udd25 \ud83d\udd4a\ufe0f&nbsp;\u201cExpertos\u201d intentan convertir contaminaci\u00f3n en milagros naturales. - ElCanillita.Info","robots":{"index":"index","follow":"follow","max-snippet":"max-snippet:-1","max-image-preview":"max-image-preview:large","max-video-preview":"max-video-preview:-1"},"canonical":"https:\/\/elcanillita.info\/press\/2025\/11\/19\/expertos-intentan-convertir-contaminacion-en-milagros-naturales\/","og_locale":"es_ES","og_type":"article","og_title":"\ud83d\uddde\ufe0f \ud83d\udd25 \ud83d\udd4a\ufe0f&nbsp;\u201cExpertos\u201d intentan convertir contaminaci\u00f3n en milagros naturales. - ElCanillita.Info","og_description":"Otra vez Veladero, otra vez peces flotando, otra vez el Estado diciendo \u201ctranquilos, es natural\u201d. Y otra vez una comunidad que ya no compra cuentos de hadas qu\u00edmicas.","og_url":"https:\/\/elcanillita.info\/press\/2025\/11\/19\/expertos-intentan-convertir-contaminacion-en-milagros-naturales\/","og_site_name":"ElCanillita.Info","article_publisher":"https:\/\/ar-ar.facebook.com\/ElCanillitainfo-114249515285712\/","article_published_time":"2025-11-19T07:13:57+00:00","article_modified_time":"2025-11-19T07:22:02+00:00","author":"SalaStampa.eu, world press service","twitter_card":"summary_large_image","twitter_misc":{"Escrito por":"SalaStampa.eu, world press service","Tiempo de lectura":"2 minutos"},"schema":{"@context":"https:\/\/schema.org","@graph":[{"@type":"Article","@id":"https:\/\/elcanillita.info\/press\/2025\/11\/19\/expertos-intentan-convertir-contaminacion-en-milagros-naturales\/#article","isPartOf":{"@id":"https:\/\/elcanillita.info\/press\/2025\/11\/19\/expertos-intentan-convertir-contaminacion-en-milagros-naturales\/"},"author":{"name":"SalaStampa.eu, world press service","@id":"https:\/\/elcanillita.info\/press\/#\/schema\/person\/7fcb79f38045700919f7da6d97e71ba0"},"headline":"\ud83d\uddde\ufe0f \ud83d\udd25 \ud83d\udd4a\ufe0f&nbsp;\u201cExpertos\u201d intentan convertir contaminaci\u00f3n en milagros naturales.","datePublished":"2025-11-19T07:13:57+00:00","dateModified":"2025-11-19T07:22:02+00:00","mainEntityOfPage":{"@id":"https:\/\/elcanillita.info\/press\/2025\/11\/19\/expertos-intentan-convertir-contaminacion-en-milagros-naturales\/"},"wordCount":465,"publisher":{"@id":"https:\/\/elcanillita.info\/press\/#organization"},"keywords":["Argentina"],"articleSection":[".",".","Actualidad","Am\u00e9rica del Sur","Argentina","Geo","Politica","Sociedad y valores"],"inLanguage":"es-AR"},{"@type":"WebPage","@id":"https:\/\/elcanillita.info\/press\/2025\/11\/19\/expertos-intentan-convertir-contaminacion-en-milagros-naturales\/","url":"https:\/\/elcanillita.info\/press\/2025\/11\/19\/expertos-intentan-convertir-contaminacion-en-milagros-naturales\/","name":"\ud83d\uddde\ufe0f \ud83d\udd25 \ud83d\udd4a\ufe0f&nbsp;\u201cExpertos\u201d intentan convertir contaminaci\u00f3n en milagros naturales. - ElCanillita.Info","isPartOf":{"@id":"https:\/\/elcanillita.info\/press\/#website"},"datePublished":"2025-11-19T07:13:57+00:00","dateModified":"2025-11-19T07:22:02+00:00","inLanguage":"es-AR","potentialAction":[{"@type":"ReadAction","target":["https:\/\/elcanillita.info\/press\/2025\/11\/19\/expertos-intentan-convertir-contaminacion-en-milagros-naturales\/"]}]},{"@type":"WebSite","@id":"https:\/\/elcanillita.info\/press\/#website","url":"https:\/\/elcanillita.info\/press\/","name":"ElCanillita.Info","description":"desde los Apeninos a los Andes","publisher":{"@id":"https:\/\/elcanillita.info\/press\/#organization"},"potentialAction":[{"@type":"SearchAction","target":{"@type":"EntryPoint","urlTemplate":"https:\/\/elcanillita.info\/press\/?s={search_term_string}"},"query-input":{"@type":"PropertyValueSpecification","valueRequired":true,"valueName":"search_term_string"}}],"inLanguage":"es-AR"},{"@type":"Organization","@id":"https:\/\/elcanillita.info\/press\/#organization","name":"Guzzo Photos & Graphic Publications","url":"https:\/\/elcanillita.info\/press\/","logo":{"@type":"ImageObject","inLanguage":"es-AR","@id":"https:\/\/elcanillita.info\/press\/#\/schema\/logo\/image\/","url":"https:\/\/elcanillita.info\/press\/images\/2020\/01\/cropped-cropped-cropped-elcanillitainfo.png","contentUrl":"https:\/\/elcanillita.info\/press\/images\/2020\/01\/cropped-cropped-cropped-elcanillitainfo.png","width":460,"height":50,"caption":"Guzzo Photos & Graphic Publications"},"image":{"@id":"https:\/\/elcanillita.info\/press\/#\/schema\/logo\/image\/"},"sameAs":["https:\/\/ar-ar.facebook.com\/ElCanillitainfo-114249515285712\/"]},{"@type":"Person","@id":"https:\/\/elcanillita.info\/press\/#\/schema\/person\/7fcb79f38045700919f7da6d97e71ba0","name":"SalaStampa.eu, world press service","image":{"@type":"ImageObject","inLanguage":"es-AR","@id":"https:\/\/secure.gravatar.com\/avatar\/c2f0e0d515a107624234994507816ca4724c7199cef73fc8bedebf6931d73888?s=96&d=mm&r=g","url":"https:\/\/secure.gravatar.com\/avatar\/c2f0e0d515a107624234994507816ca4724c7199cef73fc8bedebf6931d73888?s=96&d=mm&r=g","contentUrl":"https:\/\/secure.gravatar.com\/avatar\/c2f0e0d515a107624234994507816ca4724c7199cef73fc8bedebf6931d73888?s=96&d=mm&r=g","caption":"SalaStampa.eu, world press service"}}]}},"views":107,"_links":{"self":[{"href":"https:\/\/elcanillita.info\/press\/wp-json\/wp\/v2\/posts\/5621","targetHints":{"allow":["GET"]}}],"collection":[{"href":"https:\/\/elcanillita.info\/press\/wp-json\/wp\/v2\/posts"}],"about":[{"href":"https:\/\/elcanillita.info\/press\/wp-json\/wp\/v2\/types\/post"}],"author":[{"embeddable":true,"href":"https:\/\/elcanillita.info\/press\/wp-json\/wp\/v2\/users\/1"}],"replies":[{"embeddable":true,"href":"https:\/\/elcanillita.info\/press\/wp-json\/wp\/v2\/comments?post=5621"}],"version-history":[{"count":0,"href":"https:\/\/elcanillita.info\/press\/wp-json\/wp\/v2\/posts\/5621\/revisions"}],"wp:attachment":[{"href":"https:\/\/elcanillita.info\/press\/wp-json\/wp\/v2\/media?parent=5621"}],"wp:term":[{"taxonomy":"category","embeddable":true,"href":"https:\/\/elcanillita.info\/press\/wp-json\/wp\/v2\/categories?post=5621"},{"taxonomy":"post_tag","embeddable":true,"href":"https:\/\/elcanillita.info\/press\/wp-json\/wp\/v2\/tags?post=5621"}],"curies":[{"name":"wp","href":"https:\/\/api.w.org\/{rel}","templated":true}]}}