{"id":5615,"date":"2025-11-18T13:23:12","date_gmt":"2025-11-18T16:23:12","guid":{"rendered":"https:\/\/elcanillita.info\/press\/?p=5615"},"modified":"2025-11-18T13:23:13","modified_gmt":"2025-11-18T16:23:13","slug":"la-fifa-acepta-que-los-partidos-del-mundial-se-puedan-trasladar-a-peticion-de-trump","status":"publish","type":"post","link":"https:\/\/elcanillita.info\/press\/2025\/11\/18\/la-fifa-acepta-que-los-partidos-del-mundial-se-puedan-trasladar-a-peticion-de-trump\/","title":{"rendered":"La FIFA acepta que los partidos del Mundial se puedan trasladar a petici\u00f3n de Trump"},"content":{"rendered":"\n<figure class=\"wp-block-image size-full\"><img loading=\"lazy\" decoding=\"async\" width=\"600\" height=\"400\" src=\"https:\/\/elcanillita.info\/press\/images\/2025\/11\/fifa_1_20251118.jpg\" alt=\"\" class=\"wp-image-5616\" srcset=\"https:\/\/elcanillita.info\/press\/images\/2025\/11\/fifa_1_20251118.jpg 600w, https:\/\/elcanillita.info\/press\/images\/2025\/11\/fifa_1_20251118-300x200.jpg 300w\" sizes=\"auto, (max-width: 600px) 100vw, 600px\" \/><figcaption class=\"wp-element-caption\">Donald Trump y el presidente de la FIFA, Gianni Infantino<\/figcaption><\/figure>\n\n\n\n<p>USA, Washington<br>La Casa Blanca volvi\u00f3 a demostrar que en el universo Trump no hay diferencia entre pol\u00edtica exterior, show business y reglamento deportivo: todo se puede mover, cambiar o relocalizar \u201csi hay un problema\u201d. Y \u201cproblema\u201d, en este diccionario, significa \u201cuna ciudad gobernada por dem\u00f3cratas\u201d.<\/p>\n\n\n\n<p>Gianni Infantino, siempre listo para la foto, asent\u00f3 con entusiasmo presidencial la idea de que, si al inquilino del Despacho Oval no le gusta el clima pol\u00edtico de una sede, se puede cambiar el estadio como quien cambia de suite en un hotel. Seguridad, s\u00ed; pero tambi\u00e9n obediencia.<\/p>\n\n\n\n<p>El mensaje fue disparado directo a Boston, Los \u00c1ngeles y Seattle: si no cooperan con ICE y sus redadas, el Mundial podr\u00eda convertirse en turista de paso. A ese nivel lleg\u00f3 el cruce entre f\u00fatbol y la ofensiva migratoria del Presidente. La pelota como reh\u00e9n diplom\u00e1tico.<\/p>\n\n\n\n<figure class=\"wp-block-image size-full is-resized\"><img loading=\"lazy\" decoding=\"async\" width=\"600\" height=\"400\" src=\"https:\/\/elcanillita.info\/press\/images\/2025\/11\/lsang_20251118.jpg\" alt=\"\" class=\"wp-image-5617\" style=\"width:733px;height:auto\" srcset=\"https:\/\/elcanillita.info\/press\/images\/2025\/11\/lsang_20251118.jpg 600w, https:\/\/elcanillita.info\/press\/images\/2025\/11\/lsang_20251118-300x200.jpg 300w\" sizes=\"auto, (max-width: 600px) 100vw, 600px\" \/><figcaption class=\"wp-element-caption\">Fuegos artificiales contra un veh\u00edculo policial en Los \u00c1ngeles en una protesta por operaciones de redada migratoria<\/figcaption><\/figure>\n\n\n\n<p>La escena en la Casa Blanca, con Infantino presentando un flamante sistema expr\u00e9s de visas, termin\u00f3 convertida en un acto pol\u00edtico m\u00e1s. Trump, con micr\u00f3fono de gala, ya ten\u00eda su lista negra: alcaldes \u201cmuy liberales\/comunistas\u201d, ciudades \u201cno apreciativas\u201d y un repertorio de amenazas sutiles como un martillo.<\/p>\n\n\n\n<p>El propio Infantino, como si renovara contrato en vivo, declar\u00f3 que la seguridad es \u201cprioridad n\u00famero uno\u201d, justo antes de celebrar los casi dos millones de tickets anticipados. Nada dice \u201cconfianza global\u201d como anunciar que las sedes podr\u00edan cambiar a \u00faltimo momento por razones pol\u00edticas.<\/p>\n\n\n\n<p>La advertencia a Seattle fue casi un remate de stand-up: si la alcaldesa no encaja en la narrativa presidencial, \u201cGianni, \u00bfpodemos decir que nos mudaremos?\u201d. Y claro: si el Presidente lo pide, el bal\u00f3n tiene valija.<\/p>\n\n\n\n<p>Kristi Noem, desde Seguridad Nacional, reforz\u00f3 el mensaje pedag\u00f3gico: los alcaldes deben \u201csaber cu\u00e1les son sus responsabilidades\u201d. El subtexto es transparente: alinearse o arriesgarse a perder un Mundial que ya vendi\u00f3 habitaciones, vuelos y esperanzas.<\/p>\n\n\n\n<p>En Boston, Trump fue m\u00e1s directo todav\u00eda: \u201cPodemos llev\u00e1rnoslos\u201d. Una frase que podr\u00eda servir tanto para un reality show como para un proceso electoral. Pero esta vez se refiere a partidos de la Copa del Mundo.<\/p>\n\n\n\n<p>Con 16 ciudades sede ya definidas desde 2022 y millones de d\u00f3lares en planificaci\u00f3n, infraestructura y log\u00edstica en marcha, la amenaza de mudar partidos es algo m\u00e1s que bravuconada. Es la confirmaci\u00f3n de que, en la era Trump, el Mundial no se juega solo en la cancha: tambi\u00e9n se juega en la oficina oval.<\/p>\n\n\n\n<p>Y cuando el poder pol\u00edtico redefine el fixture, cualquier ciudad puede ser penalti.<br><br>\u270d\ufe0f \u00a9 2025 Pepe Offside &#8211; All Rights Reserved<\/p>\n\n\n\n<p><small>\u00a92025 Copyright \u00a9 2025 ElCanillita.info \/ SalaStampa.eu, world press service &#8211; Guzzo Photos &amp; Graphic Publications \u2013 Registro Editori e Stampatori n. 1441 Torino, Italia<\/small><\/p>\n\n\n\n<p><\/p>\n","protected":false},"excerpt":{"rendered":"<p>Cuando la pelota deja de rodar por talento y empieza a rodar por decreto, el Mundial se transforma en una gira presidencial con silbato propio.<\/p>\n","protected":false},"author":1,"featured_media":5618,"comment_status":"closed","ping_status":"closed","sticky":false,"template":"","format":"standard","meta":{"footnotes":"","_links_to":"","_links_to_target":""},"categories":[108,121,70,9,23,25,26],"tags":[],"class_list":["post-5615","post","type-post","status-publish","format-standard","has-post-thumbnail","hentry","category-blogdiario","category-dc24","category-actualidad","category-america-del-norte","category-politica","category-sociedad","category-sport","entry","double"],"yoast_head":"<!-- This site is optimized with the Yoast SEO plugin v27.4 - https:\/\/yoast.com\/product\/yoast-seo-wordpress\/ -->\n<title>La FIFA acepta que los partidos del Mundial se puedan trasladar a petici\u00f3n de Trump - ElCanillita.Info<\/title>\n<meta name=\"robots\" content=\"index, follow, max-snippet:-1, max-image-preview:large, max-video-preview:-1\" \/>\n<link rel=\"canonical\" href=\"https:\/\/elcanillita.info\/press\/2025\/11\/18\/la-fifa-acepta-que-los-partidos-del-mundial-se-puedan-trasladar-a-peticion-de-trump\/\" \/>\n<meta property=\"og:locale\" content=\"es_ES\" \/>\n<meta property=\"og:type\" content=\"article\" \/>\n<meta property=\"og:title\" content=\"La FIFA acepta que los partidos del Mundial se puedan trasladar a petici\u00f3n de Trump - ElCanillita.Info\" \/>\n<meta property=\"og:description\" content=\"Cuando la pelota deja de rodar por talento y empieza a rodar por decreto, el Mundial se transforma en una gira presidencial con silbato propio.\" \/>\n<meta property=\"og:url\" content=\"https:\/\/elcanillita.info\/press\/2025\/11\/18\/la-fifa-acepta-que-los-partidos-del-mundial-se-puedan-trasladar-a-peticion-de-trump\/\" \/>\n<meta property=\"og:site_name\" content=\"ElCanillita.Info\" \/>\n<meta property=\"article:publisher\" content=\"https:\/\/ar-ar.facebook.com\/ElCanillitainfo-114249515285712\/\" \/>\n<meta property=\"article:published_time\" content=\"2025-11-18T16:23:12+00:00\" \/>\n<meta property=\"article:modified_time\" content=\"2025-11-18T16:23:13+00:00\" \/>\n<meta property=\"og:image\" content=\"https:\/\/elcanillita.info\/press\/images\/2025\/11\/fifa_cov_20251118.jpg\" \/>\n\t<meta property=\"og:image:width\" content=\"600\" \/>\n\t<meta property=\"og:image:height\" content=\"400\" \/>\n\t<meta property=\"og:image:type\" content=\"image\/jpeg\" \/>\n<meta name=\"author\" content=\"SalaStampa.eu, world press service\" \/>\n<meta name=\"twitter:card\" content=\"summary_large_image\" \/>\n<meta name=\"twitter:label1\" content=\"Escrito por\" \/>\n\t<meta name=\"twitter:data1\" content=\"SalaStampa.eu, world press service\" \/>\n\t<meta name=\"twitter:label2\" content=\"Tiempo de lectura\" \/>\n\t<meta name=\"twitter:data2\" content=\"3 minutos\" \/>\n<script type=\"application\/ld+json\" class=\"yoast-schema-graph\">{\"@context\":\"https:\\\/\\\/schema.org\",\"@graph\":[{\"@type\":\"Article\",\"@id\":\"https:\\\/\\\/elcanillita.info\\\/press\\\/2025\\\/11\\\/18\\\/la-fifa-acepta-que-los-partidos-del-mundial-se-puedan-trasladar-a-peticion-de-trump\\\/#article\",\"isPartOf\":{\"@id\":\"https:\\\/\\\/elcanillita.info\\\/press\\\/2025\\\/11\\\/18\\\/la-fifa-acepta-que-los-partidos-del-mundial-se-puedan-trasladar-a-peticion-de-trump\\\/\"},\"author\":{\"name\":\"SalaStampa.eu, world press service\",\"@id\":\"https:\\\/\\\/elcanillita.info\\\/press\\\/#\\\/schema\\\/person\\\/7fcb79f38045700919f7da6d97e71ba0\"},\"headline\":\"La FIFA acepta que los partidos del Mundial se puedan trasladar a petici\u00f3n de Trump\",\"datePublished\":\"2025-11-18T16:23:12+00:00\",\"dateModified\":\"2025-11-18T16:23:13+00:00\",\"mainEntityOfPage\":{\"@id\":\"https:\\\/\\\/elcanillita.info\\\/press\\\/2025\\\/11\\\/18\\\/la-fifa-acepta-que-los-partidos-del-mundial-se-puedan-trasladar-a-peticion-de-trump\\\/\"},\"wordCount\":505,\"publisher\":{\"@id\":\"https:\\\/\\\/elcanillita.info\\\/press\\\/#organization\"},\"image\":{\"@id\":\"https:\\\/\\\/elcanillita.info\\\/press\\\/2025\\\/11\\\/18\\\/la-fifa-acepta-que-los-partidos-del-mundial-se-puedan-trasladar-a-peticion-de-trump\\\/#primaryimage\"},\"thumbnailUrl\":\"https:\\\/\\\/elcanillita.info\\\/press\\\/images\\\/2025\\\/11\\\/fifa_cov_20251118.jpg\",\"articleSection\":[\".\",\".\",\"Actualidad\",\"Am\u00e9rica del Norte\",\"Politica\",\"Sociedad\",\"Sport\"],\"inLanguage\":\"es-AR\"},{\"@type\":\"WebPage\",\"@id\":\"https:\\\/\\\/elcanillita.info\\\/press\\\/2025\\\/11\\\/18\\\/la-fifa-acepta-que-los-partidos-del-mundial-se-puedan-trasladar-a-peticion-de-trump\\\/\",\"url\":\"https:\\\/\\\/elcanillita.info\\\/press\\\/2025\\\/11\\\/18\\\/la-fifa-acepta-que-los-partidos-del-mundial-se-puedan-trasladar-a-peticion-de-trump\\\/\",\"name\":\"La FIFA acepta que los partidos del Mundial se puedan trasladar a petici\u00f3n de Trump - ElCanillita.Info\",\"isPartOf\":{\"@id\":\"https:\\\/\\\/elcanillita.info\\\/press\\\/#website\"},\"primaryImageOfPage\":{\"@id\":\"https:\\\/\\\/elcanillita.info\\\/press\\\/2025\\\/11\\\/18\\\/la-fifa-acepta-que-los-partidos-del-mundial-se-puedan-trasladar-a-peticion-de-trump\\\/#primaryimage\"},\"image\":{\"@id\":\"https:\\\/\\\/elcanillita.info\\\/press\\\/2025\\\/11\\\/18\\\/la-fifa-acepta-que-los-partidos-del-mundial-se-puedan-trasladar-a-peticion-de-trump\\\/#primaryimage\"},\"thumbnailUrl\":\"https:\\\/\\\/elcanillita.info\\\/press\\\/images\\\/2025\\\/11\\\/fifa_cov_20251118.jpg\",\"datePublished\":\"2025-11-18T16:23:12+00:00\",\"dateModified\":\"2025-11-18T16:23:13+00:00\",\"inLanguage\":\"es-AR\",\"potentialAction\":[{\"@type\":\"ReadAction\",\"target\":[\"https:\\\/\\\/elcanillita.info\\\/press\\\/2025\\\/11\\\/18\\\/la-fifa-acepta-que-los-partidos-del-mundial-se-puedan-trasladar-a-peticion-de-trump\\\/\"]}]},{\"@type\":\"ImageObject\",\"inLanguage\":\"es-AR\",\"@id\":\"https:\\\/\\\/elcanillita.info\\\/press\\\/2025\\\/11\\\/18\\\/la-fifa-acepta-que-los-partidos-del-mundial-se-puedan-trasladar-a-peticion-de-trump\\\/#primaryimage\",\"url\":\"https:\\\/\\\/elcanillita.info\\\/press\\\/images\\\/2025\\\/11\\\/fifa_cov_20251118.jpg\",\"contentUrl\":\"https:\\\/\\\/elcanillita.info\\\/press\\\/images\\\/2025\\\/11\\\/fifa_cov_20251118.jpg\",\"width\":600,\"height\":400},{\"@type\":\"WebSite\",\"@id\":\"https:\\\/\\\/elcanillita.info\\\/press\\\/#website\",\"url\":\"https:\\\/\\\/elcanillita.info\\\/press\\\/\",\"name\":\"ElCanillita.Info\",\"description\":\"desde los Apeninos a los Andes\",\"publisher\":{\"@id\":\"https:\\\/\\\/elcanillita.info\\\/press\\\/#organization\"},\"potentialAction\":[{\"@type\":\"SearchAction\",\"target\":{\"@type\":\"EntryPoint\",\"urlTemplate\":\"https:\\\/\\\/elcanillita.info\\\/press\\\/?s={search_term_string}\"},\"query-input\":{\"@type\":\"PropertyValueSpecification\",\"valueRequired\":true,\"valueName\":\"search_term_string\"}}],\"inLanguage\":\"es-AR\"},{\"@type\":\"Organization\",\"@id\":\"https:\\\/\\\/elcanillita.info\\\/press\\\/#organization\",\"name\":\"Guzzo Photos & Graphic Publications\",\"url\":\"https:\\\/\\\/elcanillita.info\\\/press\\\/\",\"logo\":{\"@type\":\"ImageObject\",\"inLanguage\":\"es-AR\",\"@id\":\"https:\\\/\\\/elcanillita.info\\\/press\\\/#\\\/schema\\\/logo\\\/image\\\/\",\"url\":\"https:\\\/\\\/elcanillita.info\\\/press\\\/images\\\/2020\\\/01\\\/cropped-cropped-cropped-elcanillitainfo.png\",\"contentUrl\":\"https:\\\/\\\/elcanillita.info\\\/press\\\/images\\\/2020\\\/01\\\/cropped-cropped-cropped-elcanillitainfo.png\",\"width\":460,\"height\":50,\"caption\":\"Guzzo Photos & Graphic Publications\"},\"image\":{\"@id\":\"https:\\\/\\\/elcanillita.info\\\/press\\\/#\\\/schema\\\/logo\\\/image\\\/\"},\"sameAs\":[\"https:\\\/\\\/ar-ar.facebook.com\\\/ElCanillitainfo-114249515285712\\\/\"]},{\"@type\":\"Person\",\"@id\":\"https:\\\/\\\/elcanillita.info\\\/press\\\/#\\\/schema\\\/person\\\/7fcb79f38045700919f7da6d97e71ba0\",\"name\":\"SalaStampa.eu, world press service\",\"image\":{\"@type\":\"ImageObject\",\"inLanguage\":\"es-AR\",\"@id\":\"https:\\\/\\\/secure.gravatar.com\\\/avatar\\\/c2f0e0d515a107624234994507816ca4724c7199cef73fc8bedebf6931d73888?s=96&d=mm&r=g\",\"url\":\"https:\\\/\\\/secure.gravatar.com\\\/avatar\\\/c2f0e0d515a107624234994507816ca4724c7199cef73fc8bedebf6931d73888?s=96&d=mm&r=g\",\"contentUrl\":\"https:\\\/\\\/secure.gravatar.com\\\/avatar\\\/c2f0e0d515a107624234994507816ca4724c7199cef73fc8bedebf6931d73888?s=96&d=mm&r=g\",\"caption\":\"SalaStampa.eu, world press service\"}}]}<\/script>\n<!-- \/ Yoast SEO plugin. -->","yoast_head_json":{"title":"La FIFA acepta que los partidos del Mundial se puedan trasladar a petici\u00f3n de Trump - ElCanillita.Info","robots":{"index":"index","follow":"follow","max-snippet":"max-snippet:-1","max-image-preview":"max-image-preview:large","max-video-preview":"max-video-preview:-1"},"canonical":"https:\/\/elcanillita.info\/press\/2025\/11\/18\/la-fifa-acepta-que-los-partidos-del-mundial-se-puedan-trasladar-a-peticion-de-trump\/","og_locale":"es_ES","og_type":"article","og_title":"La FIFA acepta que los partidos del Mundial se puedan trasladar a petici\u00f3n de Trump - ElCanillita.Info","og_description":"Cuando la pelota deja de rodar por talento y empieza a rodar por decreto, el Mundial se transforma en una gira presidencial con silbato propio.","og_url":"https:\/\/elcanillita.info\/press\/2025\/11\/18\/la-fifa-acepta-que-los-partidos-del-mundial-se-puedan-trasladar-a-peticion-de-trump\/","og_site_name":"ElCanillita.Info","article_publisher":"https:\/\/ar-ar.facebook.com\/ElCanillitainfo-114249515285712\/","article_published_time":"2025-11-18T16:23:12+00:00","article_modified_time":"2025-11-18T16:23:13+00:00","og_image":[{"width":600,"height":400,"url":"https:\/\/elcanillita.info\/press\/images\/2025\/11\/fifa_cov_20251118.jpg","type":"image\/jpeg"}],"author":"SalaStampa.eu, world press service","twitter_card":"summary_large_image","twitter_misc":{"Escrito por":"SalaStampa.eu, world press service","Tiempo de lectura":"3 minutos"},"schema":{"@context":"https:\/\/schema.org","@graph":[{"@type":"Article","@id":"https:\/\/elcanillita.info\/press\/2025\/11\/18\/la-fifa-acepta-que-los-partidos-del-mundial-se-puedan-trasladar-a-peticion-de-trump\/#article","isPartOf":{"@id":"https:\/\/elcanillita.info\/press\/2025\/11\/18\/la-fifa-acepta-que-los-partidos-del-mundial-se-puedan-trasladar-a-peticion-de-trump\/"},"author":{"name":"SalaStampa.eu, world press service","@id":"https:\/\/elcanillita.info\/press\/#\/schema\/person\/7fcb79f38045700919f7da6d97e71ba0"},"headline":"La FIFA acepta que los partidos del Mundial se puedan trasladar a petici\u00f3n de Trump","datePublished":"2025-11-18T16:23:12+00:00","dateModified":"2025-11-18T16:23:13+00:00","mainEntityOfPage":{"@id":"https:\/\/elcanillita.info\/press\/2025\/11\/18\/la-fifa-acepta-que-los-partidos-del-mundial-se-puedan-trasladar-a-peticion-de-trump\/"},"wordCount":505,"publisher":{"@id":"https:\/\/elcanillita.info\/press\/#organization"},"image":{"@id":"https:\/\/elcanillita.info\/press\/2025\/11\/18\/la-fifa-acepta-que-los-partidos-del-mundial-se-puedan-trasladar-a-peticion-de-trump\/#primaryimage"},"thumbnailUrl":"https:\/\/elcanillita.info\/press\/images\/2025\/11\/fifa_cov_20251118.jpg","articleSection":[".",".","Actualidad","Am\u00e9rica del Norte","Politica","Sociedad","Sport"],"inLanguage":"es-AR"},{"@type":"WebPage","@id":"https:\/\/elcanillita.info\/press\/2025\/11\/18\/la-fifa-acepta-que-los-partidos-del-mundial-se-puedan-trasladar-a-peticion-de-trump\/","url":"https:\/\/elcanillita.info\/press\/2025\/11\/18\/la-fifa-acepta-que-los-partidos-del-mundial-se-puedan-trasladar-a-peticion-de-trump\/","name":"La FIFA acepta que los partidos del Mundial se puedan trasladar a petici\u00f3n de Trump - ElCanillita.Info","isPartOf":{"@id":"https:\/\/elcanillita.info\/press\/#website"},"primaryImageOfPage":{"@id":"https:\/\/elcanillita.info\/press\/2025\/11\/18\/la-fifa-acepta-que-los-partidos-del-mundial-se-puedan-trasladar-a-peticion-de-trump\/#primaryimage"},"image":{"@id":"https:\/\/elcanillita.info\/press\/2025\/11\/18\/la-fifa-acepta-que-los-partidos-del-mundial-se-puedan-trasladar-a-peticion-de-trump\/#primaryimage"},"thumbnailUrl":"https:\/\/elcanillita.info\/press\/images\/2025\/11\/fifa_cov_20251118.jpg","datePublished":"2025-11-18T16:23:12+00:00","dateModified":"2025-11-18T16:23:13+00:00","inLanguage":"es-AR","potentialAction":[{"@type":"ReadAction","target":["https:\/\/elcanillita.info\/press\/2025\/11\/18\/la-fifa-acepta-que-los-partidos-del-mundial-se-puedan-trasladar-a-peticion-de-trump\/"]}]},{"@type":"ImageObject","inLanguage":"es-AR","@id":"https:\/\/elcanillita.info\/press\/2025\/11\/18\/la-fifa-acepta-que-los-partidos-del-mundial-se-puedan-trasladar-a-peticion-de-trump\/#primaryimage","url":"https:\/\/elcanillita.info\/press\/images\/2025\/11\/fifa_cov_20251118.jpg","contentUrl":"https:\/\/elcanillita.info\/press\/images\/2025\/11\/fifa_cov_20251118.jpg","width":600,"height":400},{"@type":"WebSite","@id":"https:\/\/elcanillita.info\/press\/#website","url":"https:\/\/elcanillita.info\/press\/","name":"ElCanillita.Info","description":"desde los Apeninos a los Andes","publisher":{"@id":"https:\/\/elcanillita.info\/press\/#organization"},"potentialAction":[{"@type":"SearchAction","target":{"@type":"EntryPoint","urlTemplate":"https:\/\/elcanillita.info\/press\/?s={search_term_string}"},"query-input":{"@type":"PropertyValueSpecification","valueRequired":true,"valueName":"search_term_string"}}],"inLanguage":"es-AR"},{"@type":"Organization","@id":"https:\/\/elcanillita.info\/press\/#organization","name":"Guzzo Photos & Graphic Publications","url":"https:\/\/elcanillita.info\/press\/","logo":{"@type":"ImageObject","inLanguage":"es-AR","@id":"https:\/\/elcanillita.info\/press\/#\/schema\/logo\/image\/","url":"https:\/\/elcanillita.info\/press\/images\/2020\/01\/cropped-cropped-cropped-elcanillitainfo.png","contentUrl":"https:\/\/elcanillita.info\/press\/images\/2020\/01\/cropped-cropped-cropped-elcanillitainfo.png","width":460,"height":50,"caption":"Guzzo Photos & Graphic Publications"},"image":{"@id":"https:\/\/elcanillita.info\/press\/#\/schema\/logo\/image\/"},"sameAs":["https:\/\/ar-ar.facebook.com\/ElCanillitainfo-114249515285712\/"]},{"@type":"Person","@id":"https:\/\/elcanillita.info\/press\/#\/schema\/person\/7fcb79f38045700919f7da6d97e71ba0","name":"SalaStampa.eu, world press service","image":{"@type":"ImageObject","inLanguage":"es-AR","@id":"https:\/\/secure.gravatar.com\/avatar\/c2f0e0d515a107624234994507816ca4724c7199cef73fc8bedebf6931d73888?s=96&d=mm&r=g","url":"https:\/\/secure.gravatar.com\/avatar\/c2f0e0d515a107624234994507816ca4724c7199cef73fc8bedebf6931d73888?s=96&d=mm&r=g","contentUrl":"https:\/\/secure.gravatar.com\/avatar\/c2f0e0d515a107624234994507816ca4724c7199cef73fc8bedebf6931d73888?s=96&d=mm&r=g","caption":"SalaStampa.eu, world press service"}}]}},"views":133,"_links":{"self":[{"href":"https:\/\/elcanillita.info\/press\/wp-json\/wp\/v2\/posts\/5615","targetHints":{"allow":["GET"]}}],"collection":[{"href":"https:\/\/elcanillita.info\/press\/wp-json\/wp\/v2\/posts"}],"about":[{"href":"https:\/\/elcanillita.info\/press\/wp-json\/wp\/v2\/types\/post"}],"author":[{"embeddable":true,"href":"https:\/\/elcanillita.info\/press\/wp-json\/wp\/v2\/users\/1"}],"replies":[{"embeddable":true,"href":"https:\/\/elcanillita.info\/press\/wp-json\/wp\/v2\/comments?post=5615"}],"version-history":[{"count":0,"href":"https:\/\/elcanillita.info\/press\/wp-json\/wp\/v2\/posts\/5615\/revisions"}],"wp:featuredmedia":[{"embeddable":true,"href":"https:\/\/elcanillita.info\/press\/wp-json\/wp\/v2\/media\/5618"}],"wp:attachment":[{"href":"https:\/\/elcanillita.info\/press\/wp-json\/wp\/v2\/media?parent=5615"}],"wp:term":[{"taxonomy":"category","embeddable":true,"href":"https:\/\/elcanillita.info\/press\/wp-json\/wp\/v2\/categories?post=5615"},{"taxonomy":"post_tag","embeddable":true,"href":"https:\/\/elcanillita.info\/press\/wp-json\/wp\/v2\/tags?post=5615"}],"curies":[{"name":"wp","href":"https:\/\/api.w.org\/{rel}","templated":true}]}}