{"id":5611,"date":"2025-11-16T17:59:26","date_gmt":"2025-11-16T20:59:26","guid":{"rendered":"https:\/\/elcanillita.info\/press\/?p=5611"},"modified":"2025-11-16T18:40:07","modified_gmt":"2025-11-16T21:40:07","slug":"el-plagio-the-western-wing-en-la-onu-y-ahora-la-renga","status":"publish","type":"post","link":"https:\/\/elcanillita.info\/press\/2025\/11\/16\/el-plagio-the-western-wing-en-la-onu-y-ahora-la-renga\/","title":{"rendered":"\ud83d\uddde\ufe0f\u2728\ud83c\udfdb\ufe0f El plagio The Western Wing en la ONU y ahora La Renga"},"content":{"rendered":"\n<p class=\"p1\">En la Argentina de Milei, donde el copyright parece ser una opini\u00f3n y el \u201chomenaje\u201d un deporte extremo, era cuesti\u00f3n de tiempo para que alg\u00fan artista decidiera devolver gentilezas. Y La Renga, que nunca pidi\u00f3 permiso para decir lo que piensa, eligi\u00f3 hacerlo con estruendo, iron\u00eda y un doble presidencial que se mov\u00eda como si estuviera en cadena nacional.<\/p>\n\n\n\n<p class=\"p1\">La banda ya ven\u00eda fastidiada: que el Presidente use Panic Show como si fuera banda sonora personal pod\u00eda tolerarse un rato, pero el bajista Tete Iglesias lo dijo claro hace unos d\u00edas: \u201cEl tema es nuestro, \u00e9l se lo rob\u00f3 como se est\u00e1 robando todo el pa\u00eds\u201d. No hay met\u00e1fora m\u00e1s precisa que esa. Y tampoco m\u00e1s inc\u00f3moda para el jefe de Estado.<\/p>\n\n\n\n<p class=\"p1\">El episodio que desat\u00f3 la tormenta ocurri\u00f3 en Luj\u00e1n, en el festival Dama\u2019s Day, donde las Harley Davidson rugen m\u00e1s fuerte que cualquier discurso presidencial. Ah\u00ed, mientras sonaba el \u201cYo soy el le\u00f3n\u2026\u201d, apareci\u00f3 un Milei diminuto, enmascarado y dispuesto a burlarse de s\u00ed mismo \u2014sin saberlo, claro\u2014 frente a miles de personas.<\/p>\n\n\n\n<p class=\"p1\">El imitador saltaba, hac\u00eda trompitos imaginarios y agitaba los brazos como si estuviera anunciando la dolarizaci\u00f3n definitiva. Chizzo segu\u00eda cantando, pero la escena robaba cada mirada. El p\u00fablico pas\u00f3 del estupor a la carcajada en segundos. Y las redes hicieron el resto: viralizaci\u00f3n global en tiempo r\u00e9cord.<\/p>\n\n\n\n<p class=\"p1\">La Renga no necesit\u00f3 editorial, comunicado ni conferencia de prensa. Solo un mu\u00f1eco presidencial de baja estatura, una m\u00e1scara bien lograda y un par de gestos exagerados para decir lo que muchos piensan y pocos gritan: no todo lo que suena en la campa\u00f1a pertenece al candidato.<\/p>\n\n\n\n<p class=\"p1\">El gesto tambi\u00e9n fue un mensaje pol\u00edtico en clave rockera: uno que Milei no puede responder con un hilo de X o con un gui\u00f1o a The Western Wing en la ONU. Porque ac\u00e1 no se trata de alianzas ni de discursos; se trata de propiedad, de l\u00edmites y de esa vieja palabra que en la Rosada ya suena a vintage: respeto.<\/p>\n\n\n\n<p class=\"p1\">La paradoja final es casi po\u00e9tica: el Presidente que convirti\u00f3 Panic Show en su bandera termin\u00f3 protagonizando, aunque sin cobrar cachet, la burla m\u00e1s resonante de la banda. A veces, en la Argentina, la m\u00fasica devuelve lo que la pol\u00edtica se arroga.<\/p>\n\n\n\n<p class=\"p1\">Y cuando el escenario habla, ni el le\u00f3n ruge tan fuerte.<\/p>\n\n\n\n<p><\/p>\n\n\n\n<p class=\"p1\">\u270d\ufe0f \u00a9\ufe0f 2025 El primo del m\u00e9rito &#8211; All Rights Reserved<\/p>\n\n\n\n<p><\/p>\n\n\n<p><small>\u00a9\ufe0f2025  Guzzo Photos  &#038; Graphic Publications \u2013 All Rights Reserved \u2013 Copyright \u00a9\ufe0f 2025 SalaStampa.eu, world press service \u2013 Guzzo Photos &#038; Graphic Publications \u2013 Registro Editori e Stampatori n. 1441 Turin, Italy<\/small><\/p>\n\n\n<p><\/p>\n","protected":false},"excerpt":{"rendered":"<p>Cuando el poder cree que todo es suyo (incluida la m\u00fasica ajena)siempre aparece un escenario dispuesto a recordarle que no todos aplauden al ritmo del le\u00f3n.<\/p>\n","protected":false},"author":14,"featured_media":0,"comment_status":"closed","ping_status":"","sticky":false,"template":"","format":"standard","meta":{"footnotes":"","_links_to":"","_links_to_target":""},"categories":[108,121,70,11,123,19,23,137],"tags":[29],"class_list":["post-5611","post","type-post","status-publish","format-standard","hentry","category-blogdiario","category-dc24","category-actualidad","category-america-del-sur","category-argentina","category-cultura","category-politica","category-sociedad-y-valores","tag-argentina","entry","double"],"yoast_head":"<!-- This site is optimized with the Yoast SEO plugin v27.5 - https:\/\/yoast.com\/product\/yoast-seo-wordpress\/ -->\n<title>\ud83d\uddde\ufe0f\u2728\ud83c\udfdb\ufe0f El plagio The Western Wing en la ONU y ahora La Renga - ElCanillita.Info<\/title>\n<meta name=\"robots\" content=\"index, follow, max-snippet:-1, max-image-preview:large, max-video-preview:-1\" \/>\n<link rel=\"canonical\" href=\"https:\/\/elcanillita.info\/press\/2025\/11\/16\/el-plagio-the-western-wing-en-la-onu-y-ahora-la-renga\/\" \/>\n<meta property=\"og:locale\" content=\"es_ES\" \/>\n<meta property=\"og:type\" content=\"article\" \/>\n<meta property=\"og:title\" content=\"\ud83d\uddde\ufe0f\u2728\ud83c\udfdb\ufe0f El plagio The Western Wing en la ONU y ahora La Renga - ElCanillita.Info\" \/>\n<meta property=\"og:description\" content=\"Cuando el poder cree que todo es suyo (incluida la m\u00fasica ajena)siempre aparece un escenario dispuesto a recordarle que no todos aplauden al ritmo del le\u00f3n.\" \/>\n<meta property=\"og:url\" content=\"https:\/\/elcanillita.info\/press\/2025\/11\/16\/el-plagio-the-western-wing-en-la-onu-y-ahora-la-renga\/\" \/>\n<meta property=\"og:site_name\" content=\"ElCanillita.Info\" \/>\n<meta property=\"article:publisher\" content=\"https:\/\/ar-ar.facebook.com\/ElCanillitainfo-114249515285712\/\" \/>\n<meta property=\"article:published_time\" content=\"2025-11-16T20:59:26+00:00\" \/>\n<meta property=\"article:modified_time\" content=\"2025-11-16T21:40:07+00:00\" \/>\n<meta name=\"author\" content=\"ElCanillita.info Guzzo Photos &amp; Graphic Publications\" \/>\n<meta name=\"twitter:card\" content=\"summary_large_image\" \/>\n<meta name=\"twitter:label1\" content=\"Escrito por\" \/>\n\t<meta name=\"twitter:data1\" content=\"ElCanillita.info Guzzo Photos &amp; Graphic Publications\" \/>\n\t<meta name=\"twitter:label2\" content=\"Tiempo de lectura\" \/>\n\t<meta name=\"twitter:data2\" content=\"2 minutos\" \/>\n<script type=\"application\/ld+json\" class=\"yoast-schema-graph\">{\"@context\":\"https:\\\/\\\/schema.org\",\"@graph\":[{\"@type\":\"Article\",\"@id\":\"https:\\\/\\\/elcanillita.info\\\/press\\\/2025\\\/11\\\/16\\\/el-plagio-the-western-wing-en-la-onu-y-ahora-la-renga\\\/#article\",\"isPartOf\":{\"@id\":\"https:\\\/\\\/elcanillita.info\\\/press\\\/2025\\\/11\\\/16\\\/el-plagio-the-western-wing-en-la-onu-y-ahora-la-renga\\\/\"},\"author\":{\"name\":\"ElCanillita.info Guzzo Photos &amp; Graphic Publications\",\"@id\":\"https:\\\/\\\/elcanillita.info\\\/press\\\/#\\\/schema\\\/person\\\/e37a550cff8f5f3407ed112e4cc619cb\"},\"headline\":\"\ud83d\uddde\ufe0f\u2728\ud83c\udfdb\ufe0f El plagio The Western Wing en la ONU y ahora La Renga\",\"datePublished\":\"2025-11-16T20:59:26+00:00\",\"dateModified\":\"2025-11-16T21:40:07+00:00\",\"mainEntityOfPage\":{\"@id\":\"https:\\\/\\\/elcanillita.info\\\/press\\\/2025\\\/11\\\/16\\\/el-plagio-the-western-wing-en-la-onu-y-ahora-la-renga\\\/\"},\"wordCount\":464,\"publisher\":{\"@id\":\"https:\\\/\\\/elcanillita.info\\\/press\\\/#organization\"},\"keywords\":[\"Argentina\"],\"articleSection\":[\".\",\".\",\"Actualidad\",\"Am\u00e9rica del Sur\",\"Argentina\",\"Cultura\",\"Politica\",\"Sociedad y valores\"],\"inLanguage\":\"es-AR\"},{\"@type\":\"WebPage\",\"@id\":\"https:\\\/\\\/elcanillita.info\\\/press\\\/2025\\\/11\\\/16\\\/el-plagio-the-western-wing-en-la-onu-y-ahora-la-renga\\\/\",\"url\":\"https:\\\/\\\/elcanillita.info\\\/press\\\/2025\\\/11\\\/16\\\/el-plagio-the-western-wing-en-la-onu-y-ahora-la-renga\\\/\",\"name\":\"\ud83d\uddde\ufe0f\u2728\ud83c\udfdb\ufe0f El plagio The Western Wing en la ONU y ahora La Renga - ElCanillita.Info\",\"isPartOf\":{\"@id\":\"https:\\\/\\\/elcanillita.info\\\/press\\\/#website\"},\"datePublished\":\"2025-11-16T20:59:26+00:00\",\"dateModified\":\"2025-11-16T21:40:07+00:00\",\"inLanguage\":\"es-AR\",\"potentialAction\":[{\"@type\":\"ReadAction\",\"target\":[\"https:\\\/\\\/elcanillita.info\\\/press\\\/2025\\\/11\\\/16\\\/el-plagio-the-western-wing-en-la-onu-y-ahora-la-renga\\\/\"]}]},{\"@type\":\"WebSite\",\"@id\":\"https:\\\/\\\/elcanillita.info\\\/press\\\/#website\",\"url\":\"https:\\\/\\\/elcanillita.info\\\/press\\\/\",\"name\":\"ElCanillita.Info\",\"description\":\"desde los Apeninos a los Andes\",\"publisher\":{\"@id\":\"https:\\\/\\\/elcanillita.info\\\/press\\\/#organization\"},\"potentialAction\":[{\"@type\":\"SearchAction\",\"target\":{\"@type\":\"EntryPoint\",\"urlTemplate\":\"https:\\\/\\\/elcanillita.info\\\/press\\\/?s={search_term_string}\"},\"query-input\":{\"@type\":\"PropertyValueSpecification\",\"valueRequired\":true,\"valueName\":\"search_term_string\"}}],\"inLanguage\":\"es-AR\"},{\"@type\":\"Organization\",\"@id\":\"https:\\\/\\\/elcanillita.info\\\/press\\\/#organization\",\"name\":\"Guzzo Photos & Graphic Publications\",\"url\":\"https:\\\/\\\/elcanillita.info\\\/press\\\/\",\"logo\":{\"@type\":\"ImageObject\",\"inLanguage\":\"es-AR\",\"@id\":\"https:\\\/\\\/elcanillita.info\\\/press\\\/#\\\/schema\\\/logo\\\/image\\\/\",\"url\":\"https:\\\/\\\/elcanillita.info\\\/press\\\/images\\\/2020\\\/01\\\/cropped-cropped-cropped-elcanillitainfo.png\",\"contentUrl\":\"https:\\\/\\\/elcanillita.info\\\/press\\\/images\\\/2020\\\/01\\\/cropped-cropped-cropped-elcanillitainfo.png\",\"width\":460,\"height\":50,\"caption\":\"Guzzo Photos & Graphic Publications\"},\"image\":{\"@id\":\"https:\\\/\\\/elcanillita.info\\\/press\\\/#\\\/schema\\\/logo\\\/image\\\/\"},\"sameAs\":[\"https:\\\/\\\/ar-ar.facebook.com\\\/ElCanillitainfo-114249515285712\\\/\"]},{\"@type\":\"Person\",\"@id\":\"https:\\\/\\\/elcanillita.info\\\/press\\\/#\\\/schema\\\/person\\\/e37a550cff8f5f3407ed112e4cc619cb\",\"name\":\"ElCanillita.info Guzzo Photos &amp; Graphic Publications\",\"image\":{\"@type\":\"ImageObject\",\"inLanguage\":\"es-AR\",\"@id\":\"https:\\\/\\\/secure.gravatar.com\\\/avatar\\\/8914fbe0ef09248907e331ab93dfa89c7f76decf6b51cd1b2f8444e6260db772?s=96&d=mm&r=g\",\"url\":\"https:\\\/\\\/secure.gravatar.com\\\/avatar\\\/8914fbe0ef09248907e331ab93dfa89c7f76decf6b51cd1b2f8444e6260db772?s=96&d=mm&r=g\",\"contentUrl\":\"https:\\\/\\\/secure.gravatar.com\\\/avatar\\\/8914fbe0ef09248907e331ab93dfa89c7f76decf6b51cd1b2f8444e6260db772?s=96&d=mm&r=g\",\"caption\":\"ElCanillita.info Guzzo Photos &amp; Graphic Publications\"},\"sameAs\":[\"http:\\\/\\\/guzzophotos.com\"]}]}<\/script>\n<!-- \/ Yoast SEO plugin. -->","yoast_head_json":{"title":"\ud83d\uddde\ufe0f\u2728\ud83c\udfdb\ufe0f El plagio The Western Wing en la ONU y ahora La Renga - ElCanillita.Info","robots":{"index":"index","follow":"follow","max-snippet":"max-snippet:-1","max-image-preview":"max-image-preview:large","max-video-preview":"max-video-preview:-1"},"canonical":"https:\/\/elcanillita.info\/press\/2025\/11\/16\/el-plagio-the-western-wing-en-la-onu-y-ahora-la-renga\/","og_locale":"es_ES","og_type":"article","og_title":"\ud83d\uddde\ufe0f\u2728\ud83c\udfdb\ufe0f El plagio The Western Wing en la ONU y ahora La Renga - ElCanillita.Info","og_description":"Cuando el poder cree que todo es suyo (incluida la m\u00fasica ajena)siempre aparece un escenario dispuesto a recordarle que no todos aplauden al ritmo del le\u00f3n.","og_url":"https:\/\/elcanillita.info\/press\/2025\/11\/16\/el-plagio-the-western-wing-en-la-onu-y-ahora-la-renga\/","og_site_name":"ElCanillita.Info","article_publisher":"https:\/\/ar-ar.facebook.com\/ElCanillitainfo-114249515285712\/","article_published_time":"2025-11-16T20:59:26+00:00","article_modified_time":"2025-11-16T21:40:07+00:00","author":"ElCanillita.info Guzzo Photos &amp; Graphic Publications","twitter_card":"summary_large_image","twitter_misc":{"Escrito por":"ElCanillita.info Guzzo Photos &amp; Graphic Publications","Tiempo de lectura":"2 minutos"},"schema":{"@context":"https:\/\/schema.org","@graph":[{"@type":"Article","@id":"https:\/\/elcanillita.info\/press\/2025\/11\/16\/el-plagio-the-western-wing-en-la-onu-y-ahora-la-renga\/#article","isPartOf":{"@id":"https:\/\/elcanillita.info\/press\/2025\/11\/16\/el-plagio-the-western-wing-en-la-onu-y-ahora-la-renga\/"},"author":{"name":"ElCanillita.info Guzzo Photos &amp; Graphic Publications","@id":"https:\/\/elcanillita.info\/press\/#\/schema\/person\/e37a550cff8f5f3407ed112e4cc619cb"},"headline":"\ud83d\uddde\ufe0f\u2728\ud83c\udfdb\ufe0f El plagio The Western Wing en la ONU y ahora La Renga","datePublished":"2025-11-16T20:59:26+00:00","dateModified":"2025-11-16T21:40:07+00:00","mainEntityOfPage":{"@id":"https:\/\/elcanillita.info\/press\/2025\/11\/16\/el-plagio-the-western-wing-en-la-onu-y-ahora-la-renga\/"},"wordCount":464,"publisher":{"@id":"https:\/\/elcanillita.info\/press\/#organization"},"keywords":["Argentina"],"articleSection":[".",".","Actualidad","Am\u00e9rica del Sur","Argentina","Cultura","Politica","Sociedad y valores"],"inLanguage":"es-AR"},{"@type":"WebPage","@id":"https:\/\/elcanillita.info\/press\/2025\/11\/16\/el-plagio-the-western-wing-en-la-onu-y-ahora-la-renga\/","url":"https:\/\/elcanillita.info\/press\/2025\/11\/16\/el-plagio-the-western-wing-en-la-onu-y-ahora-la-renga\/","name":"\ud83d\uddde\ufe0f\u2728\ud83c\udfdb\ufe0f El plagio The Western Wing en la ONU y ahora La Renga - ElCanillita.Info","isPartOf":{"@id":"https:\/\/elcanillita.info\/press\/#website"},"datePublished":"2025-11-16T20:59:26+00:00","dateModified":"2025-11-16T21:40:07+00:00","inLanguage":"es-AR","potentialAction":[{"@type":"ReadAction","target":["https:\/\/elcanillita.info\/press\/2025\/11\/16\/el-plagio-the-western-wing-en-la-onu-y-ahora-la-renga\/"]}]},{"@type":"WebSite","@id":"https:\/\/elcanillita.info\/press\/#website","url":"https:\/\/elcanillita.info\/press\/","name":"ElCanillita.Info","description":"desde los Apeninos a los Andes","publisher":{"@id":"https:\/\/elcanillita.info\/press\/#organization"},"potentialAction":[{"@type":"SearchAction","target":{"@type":"EntryPoint","urlTemplate":"https:\/\/elcanillita.info\/press\/?s={search_term_string}"},"query-input":{"@type":"PropertyValueSpecification","valueRequired":true,"valueName":"search_term_string"}}],"inLanguage":"es-AR"},{"@type":"Organization","@id":"https:\/\/elcanillita.info\/press\/#organization","name":"Guzzo Photos & Graphic Publications","url":"https:\/\/elcanillita.info\/press\/","logo":{"@type":"ImageObject","inLanguage":"es-AR","@id":"https:\/\/elcanillita.info\/press\/#\/schema\/logo\/image\/","url":"https:\/\/elcanillita.info\/press\/images\/2020\/01\/cropped-cropped-cropped-elcanillitainfo.png","contentUrl":"https:\/\/elcanillita.info\/press\/images\/2020\/01\/cropped-cropped-cropped-elcanillitainfo.png","width":460,"height":50,"caption":"Guzzo Photos & Graphic Publications"},"image":{"@id":"https:\/\/elcanillita.info\/press\/#\/schema\/logo\/image\/"},"sameAs":["https:\/\/ar-ar.facebook.com\/ElCanillitainfo-114249515285712\/"]},{"@type":"Person","@id":"https:\/\/elcanillita.info\/press\/#\/schema\/person\/e37a550cff8f5f3407ed112e4cc619cb","name":"ElCanillita.info Guzzo Photos &amp; Graphic Publications","image":{"@type":"ImageObject","inLanguage":"es-AR","@id":"https:\/\/secure.gravatar.com\/avatar\/8914fbe0ef09248907e331ab93dfa89c7f76decf6b51cd1b2f8444e6260db772?s=96&d=mm&r=g","url":"https:\/\/secure.gravatar.com\/avatar\/8914fbe0ef09248907e331ab93dfa89c7f76decf6b51cd1b2f8444e6260db772?s=96&d=mm&r=g","contentUrl":"https:\/\/secure.gravatar.com\/avatar\/8914fbe0ef09248907e331ab93dfa89c7f76decf6b51cd1b2f8444e6260db772?s=96&d=mm&r=g","caption":"ElCanillita.info Guzzo Photos &amp; Graphic Publications"},"sameAs":["http:\/\/guzzophotos.com"]}]}},"views":117,"_links":{"self":[{"href":"https:\/\/elcanillita.info\/press\/wp-json\/wp\/v2\/posts\/5611","targetHints":{"allow":["GET"]}}],"collection":[{"href":"https:\/\/elcanillita.info\/press\/wp-json\/wp\/v2\/posts"}],"about":[{"href":"https:\/\/elcanillita.info\/press\/wp-json\/wp\/v2\/types\/post"}],"author":[{"embeddable":true,"href":"https:\/\/elcanillita.info\/press\/wp-json\/wp\/v2\/users\/14"}],"replies":[{"embeddable":true,"href":"https:\/\/elcanillita.info\/press\/wp-json\/wp\/v2\/comments?post=5611"}],"version-history":[{"count":0,"href":"https:\/\/elcanillita.info\/press\/wp-json\/wp\/v2\/posts\/5611\/revisions"}],"wp:attachment":[{"href":"https:\/\/elcanillita.info\/press\/wp-json\/wp\/v2\/media?parent=5611"}],"wp:term":[{"taxonomy":"category","embeddable":true,"href":"https:\/\/elcanillita.info\/press\/wp-json\/wp\/v2\/categories?post=5611"},{"taxonomy":"post_tag","embeddable":true,"href":"https:\/\/elcanillita.info\/press\/wp-json\/wp\/v2\/tags?post=5611"}],"curies":[{"name":"wp","href":"https:\/\/api.w.org\/{rel}","templated":true}]}}