{"id":5608,"date":"2025-11-13T13:43:54","date_gmt":"2025-11-13T16:43:54","guid":{"rendered":"https:\/\/elcanillita.info\/press\/?p=5608"},"modified":"2025-11-14T05:37:43","modified_gmt":"2025-11-14T08:37:43","slug":"cristina-los-cuadernos-y-las-torturas-que-denuncia","status":"publish","type":"post","link":"https:\/\/elcanillita.info\/press\/2025\/11\/13\/cristina-los-cuadernos-y-las-torturas-que-denuncia\/","title":{"rendered":"\ud83d\uddde\ufe0f\u2696\ufe0f \ud83d\uddf3\ufe0f Cristina, los cuadernos y las torturas que denuncia"},"content":{"rendered":"\n<p class=\"p1\">Cristina Fern\u00e1ndez de Kirchner reapareci\u00f3 y acus\u00f3 supuestas torturas a arrepentidos en la causa de los Cuadernos. Seg\u00fan ella, se usaron m\u00e9todos \u201cpropios de dictaduras\u201d. El mensaje, como siempre, mezcl\u00f3 denuncia, \u00e9pica y un d\u00e9j\u00e0 vu judicial.<\/p>\n\n\n\n<p class=\"p1\">El fiscal Stornelli fue uno de los blancos preferidos. Para la ex presidente, la causa fue una maquinaria de persecuci\u00f3n pol\u00edtica lubricada con declaraciones forzadas.<\/p>\n\n\n\n<p class=\"p1\">Sin embargo, el cap\u00edtulo judicial se mezcl\u00f3 con el econ\u00f3mico, como si su discurso necesitara recordar constantemente que hay m\u00e1s de una crisis en curso.<\/p>\n\n\n\n<p class=\"p1\">Cristina cuestion\u00f3 el \u00edndice de inflaci\u00f3n de 2,3% difundido por el INDEC, afirmando que anualizado da 27,6%, cifra que compar\u00f3 \u2014claro\u2014 con la de su propio gobierno en 2015, cuando los salarios \u201ceran los m\u00e1s altos de Am\u00e9rica Latina\u201d. El archivo no acompa\u00f1\u00f3 la afirmaci\u00f3n, pero la narrativa s\u00ed.<\/p>\n\n\n\n<p class=\"p1\">Tambi\u00e9n record\u00f3 que \u201cno se deb\u00eda un solo d\u00f3lar al FMI\u201d. Efectivamente: se deb\u00edan reservas, estad\u00edsticas confiables y una inflaci\u00f3n bajo siete llaves, pero d\u00f3lares al Fondo, no.<\/p>\n\n\n\n<p class=\"p1\">El discurso sigui\u00f3 con cr\u00edticas al endeudamiento externo actual, reforzadas por declaraciones del empresario estadounidense Jay Bessent, quien dijo que prestarle a la Argentina hoy es \u201cun gran negocio\u201d para Estados Unidos<\/p>\n\n\n\n<p class=\"p1\">Cristina tradujo eso como \u201ccolonialismo financiero con c\u00f3mplices locales\u201d. En Argentina, siempre hay un complot disponible si se lo necesita.<\/p>\n\n\n\n<p class=\"p1\">La causa de los Cuadernos, mientras tanto, sigue en su propio laberinto judicial, entre arrepentidos, empresarios, ex funcionarios y la eterna duda nacional: \u00bfson pruebas, operaciones o ambas cosas?<\/p>\n\n\n\n<p class=\"p1\">La ex presidente insiste en que fue v\u00edctima de una persecuci\u00f3n. Los tribunales insisten en que hay causas, pruebas y procesamientos. Cada uno con su relato, cada uno con su audiencia.<\/p>\n\n\n\n<p class=\"p1\">Y as\u00ed, entre inflaci\u00f3n, cuadernos y denuncias de torturas, Cristina volvi\u00f3 a ocupar el centro del escenario. En la pol\u00edtica argentina, algunas escenas nunca entran en etapa de archivo.<\/p>\n\n\n\n<p><\/p>\n\n\n\n<p>\u270d\ufe0f \u00a9\ufe0f2025 El Testigo Invisible &#8211; All Rights Reserved<\/p>\n\n\n\n<p><\/p>\n\n\n<p><small>\u00a9\ufe0f2025  Guzzo Photos  &#038; Graphic Publications \u2013 All Rights Reserved \u2013 Copyright \u00a9\ufe0f 2025 SalaStampa.eu, world press service \u2013 Guzzo Photos &#038; Graphic Publications \u2013 Registro Editori e Stampatori n. 1441 Turin, Italy<\/small><\/p>\n\n\n<p><\/p>\n\n\n\n<p><\/p>\n","protected":false},"excerpt":{"rendered":"<p>Cristina Fern\u00e1ndez de Kirchner reapareci\u00f3 y acus\u00f3 supuestas torturas a arrepentidos en la causa de los Cuadernos.<\/p>\n","protected":false},"author":14,"featured_media":0,"comment_status":"closed","ping_status":"","sticky":false,"template":"","format":"standard","meta":{"footnotes":"","_links_to":"","_links_to_target":""},"categories":[108,121,70,11,123,22,23,25],"tags":[29],"class_list":["post-5608","post","type-post","status-publish","format-standard","hentry","category-blogdiario","category-dc24","category-actualidad","category-america-del-sur","category-argentina","category-justicia","category-politica","category-sociedad","tag-argentina","entry","double"],"yoast_head":"<!-- This site is optimized with the Yoast SEO plugin v27.5 - https:\/\/yoast.com\/product\/yoast-seo-wordpress\/ -->\n<title>\ud83d\uddde\ufe0f\u2696\ufe0f \ud83d\uddf3\ufe0f Cristina, los cuadernos y las torturas que denuncia - ElCanillita.Info<\/title>\n<meta name=\"robots\" content=\"index, follow, max-snippet:-1, max-image-preview:large, max-video-preview:-1\" \/>\n<link rel=\"canonical\" href=\"https:\/\/elcanillita.info\/press\/2025\/11\/13\/cristina-los-cuadernos-y-las-torturas-que-denuncia\/\" \/>\n<meta property=\"og:locale\" content=\"es_ES\" \/>\n<meta property=\"og:type\" content=\"article\" \/>\n<meta property=\"og:title\" content=\"\ud83d\uddde\ufe0f\u2696\ufe0f \ud83d\uddf3\ufe0f Cristina, los cuadernos y las torturas que denuncia - ElCanillita.Info\" \/>\n<meta property=\"og:description\" content=\"Cristina Fern\u00e1ndez de Kirchner reapareci\u00f3 y acus\u00f3 supuestas torturas a arrepentidos en la causa de los Cuadernos.\" \/>\n<meta property=\"og:url\" content=\"https:\/\/elcanillita.info\/press\/2025\/11\/13\/cristina-los-cuadernos-y-las-torturas-que-denuncia\/\" \/>\n<meta property=\"og:site_name\" content=\"ElCanillita.Info\" \/>\n<meta property=\"article:publisher\" content=\"https:\/\/ar-ar.facebook.com\/ElCanillitainfo-114249515285712\/\" \/>\n<meta property=\"article:published_time\" content=\"2025-11-13T16:43:54+00:00\" \/>\n<meta property=\"article:modified_time\" content=\"2025-11-14T08:37:43+00:00\" \/>\n<meta name=\"author\" content=\"ElCanillita.info Guzzo Photos &amp; Graphic Publications\" \/>\n<meta name=\"twitter:card\" content=\"summary_large_image\" \/>\n<meta name=\"twitter:label1\" content=\"Escrito por\" \/>\n\t<meta name=\"twitter:data1\" content=\"ElCanillita.info Guzzo Photos &amp; Graphic Publications\" \/>\n\t<meta name=\"twitter:label2\" content=\"Tiempo de lectura\" \/>\n\t<meta name=\"twitter:data2\" content=\"2 minutos\" \/>\n<script type=\"application\/ld+json\" class=\"yoast-schema-graph\">{\"@context\":\"https:\\\/\\\/schema.org\",\"@graph\":[{\"@type\":\"Article\",\"@id\":\"https:\\\/\\\/elcanillita.info\\\/press\\\/2025\\\/11\\\/13\\\/cristina-los-cuadernos-y-las-torturas-que-denuncia\\\/#article\",\"isPartOf\":{\"@id\":\"https:\\\/\\\/elcanillita.info\\\/press\\\/2025\\\/11\\\/13\\\/cristina-los-cuadernos-y-las-torturas-que-denuncia\\\/\"},\"author\":{\"name\":\"ElCanillita.info Guzzo Photos &amp; Graphic Publications\",\"@id\":\"https:\\\/\\\/elcanillita.info\\\/press\\\/#\\\/schema\\\/person\\\/e37a550cff8f5f3407ed112e4cc619cb\"},\"headline\":\"\ud83d\uddde\ufe0f\u2696\ufe0f \ud83d\uddf3\ufe0f Cristina, los cuadernos y las torturas que denuncia\",\"datePublished\":\"2025-11-13T16:43:54+00:00\",\"dateModified\":\"2025-11-14T08:37:43+00:00\",\"mainEntityOfPage\":{\"@id\":\"https:\\\/\\\/elcanillita.info\\\/press\\\/2025\\\/11\\\/13\\\/cristina-los-cuadernos-y-las-torturas-que-denuncia\\\/\"},\"wordCount\":367,\"publisher\":{\"@id\":\"https:\\\/\\\/elcanillita.info\\\/press\\\/#organization\"},\"keywords\":[\"Argentina\"],\"articleSection\":[\".\",\".\",\"Actualidad\",\"Am\u00e9rica del Sur\",\"Argentina\",\"Justicia\",\"Politica\",\"Sociedad\"],\"inLanguage\":\"es-AR\"},{\"@type\":\"WebPage\",\"@id\":\"https:\\\/\\\/elcanillita.info\\\/press\\\/2025\\\/11\\\/13\\\/cristina-los-cuadernos-y-las-torturas-que-denuncia\\\/\",\"url\":\"https:\\\/\\\/elcanillita.info\\\/press\\\/2025\\\/11\\\/13\\\/cristina-los-cuadernos-y-las-torturas-que-denuncia\\\/\",\"name\":\"\ud83d\uddde\ufe0f\u2696\ufe0f \ud83d\uddf3\ufe0f Cristina, los cuadernos y las torturas que denuncia - ElCanillita.Info\",\"isPartOf\":{\"@id\":\"https:\\\/\\\/elcanillita.info\\\/press\\\/#website\"},\"datePublished\":\"2025-11-13T16:43:54+00:00\",\"dateModified\":\"2025-11-14T08:37:43+00:00\",\"inLanguage\":\"es-AR\",\"potentialAction\":[{\"@type\":\"ReadAction\",\"target\":[\"https:\\\/\\\/elcanillita.info\\\/press\\\/2025\\\/11\\\/13\\\/cristina-los-cuadernos-y-las-torturas-que-denuncia\\\/\"]}]},{\"@type\":\"WebSite\",\"@id\":\"https:\\\/\\\/elcanillita.info\\\/press\\\/#website\",\"url\":\"https:\\\/\\\/elcanillita.info\\\/press\\\/\",\"name\":\"ElCanillita.Info\",\"description\":\"desde los Apeninos a los Andes\",\"publisher\":{\"@id\":\"https:\\\/\\\/elcanillita.info\\\/press\\\/#organization\"},\"potentialAction\":[{\"@type\":\"SearchAction\",\"target\":{\"@type\":\"EntryPoint\",\"urlTemplate\":\"https:\\\/\\\/elcanillita.info\\\/press\\\/?s={search_term_string}\"},\"query-input\":{\"@type\":\"PropertyValueSpecification\",\"valueRequired\":true,\"valueName\":\"search_term_string\"}}],\"inLanguage\":\"es-AR\"},{\"@type\":\"Organization\",\"@id\":\"https:\\\/\\\/elcanillita.info\\\/press\\\/#organization\",\"name\":\"Guzzo Photos & Graphic Publications\",\"url\":\"https:\\\/\\\/elcanillita.info\\\/press\\\/\",\"logo\":{\"@type\":\"ImageObject\",\"inLanguage\":\"es-AR\",\"@id\":\"https:\\\/\\\/elcanillita.info\\\/press\\\/#\\\/schema\\\/logo\\\/image\\\/\",\"url\":\"https:\\\/\\\/elcanillita.info\\\/press\\\/images\\\/2020\\\/01\\\/cropped-cropped-cropped-elcanillitainfo.png\",\"contentUrl\":\"https:\\\/\\\/elcanillita.info\\\/press\\\/images\\\/2020\\\/01\\\/cropped-cropped-cropped-elcanillitainfo.png\",\"width\":460,\"height\":50,\"caption\":\"Guzzo Photos & Graphic Publications\"},\"image\":{\"@id\":\"https:\\\/\\\/elcanillita.info\\\/press\\\/#\\\/schema\\\/logo\\\/image\\\/\"},\"sameAs\":[\"https:\\\/\\\/ar-ar.facebook.com\\\/ElCanillitainfo-114249515285712\\\/\"]},{\"@type\":\"Person\",\"@id\":\"https:\\\/\\\/elcanillita.info\\\/press\\\/#\\\/schema\\\/person\\\/e37a550cff8f5f3407ed112e4cc619cb\",\"name\":\"ElCanillita.info Guzzo Photos &amp; Graphic Publications\",\"image\":{\"@type\":\"ImageObject\",\"inLanguage\":\"es-AR\",\"@id\":\"https:\\\/\\\/secure.gravatar.com\\\/avatar\\\/8914fbe0ef09248907e331ab93dfa89c7f76decf6b51cd1b2f8444e6260db772?s=96&d=mm&r=g\",\"url\":\"https:\\\/\\\/secure.gravatar.com\\\/avatar\\\/8914fbe0ef09248907e331ab93dfa89c7f76decf6b51cd1b2f8444e6260db772?s=96&d=mm&r=g\",\"contentUrl\":\"https:\\\/\\\/secure.gravatar.com\\\/avatar\\\/8914fbe0ef09248907e331ab93dfa89c7f76decf6b51cd1b2f8444e6260db772?s=96&d=mm&r=g\",\"caption\":\"ElCanillita.info Guzzo Photos &amp; Graphic Publications\"},\"sameAs\":[\"http:\\\/\\\/guzzophotos.com\"]}]}<\/script>\n<!-- \/ Yoast SEO plugin. -->","yoast_head_json":{"title":"\ud83d\uddde\ufe0f\u2696\ufe0f \ud83d\uddf3\ufe0f Cristina, los cuadernos y las torturas que denuncia - ElCanillita.Info","robots":{"index":"index","follow":"follow","max-snippet":"max-snippet:-1","max-image-preview":"max-image-preview:large","max-video-preview":"max-video-preview:-1"},"canonical":"https:\/\/elcanillita.info\/press\/2025\/11\/13\/cristina-los-cuadernos-y-las-torturas-que-denuncia\/","og_locale":"es_ES","og_type":"article","og_title":"\ud83d\uddde\ufe0f\u2696\ufe0f \ud83d\uddf3\ufe0f Cristina, los cuadernos y las torturas que denuncia - ElCanillita.Info","og_description":"Cristina Fern\u00e1ndez de Kirchner reapareci\u00f3 y acus\u00f3 supuestas torturas a arrepentidos en la causa de los Cuadernos.","og_url":"https:\/\/elcanillita.info\/press\/2025\/11\/13\/cristina-los-cuadernos-y-las-torturas-que-denuncia\/","og_site_name":"ElCanillita.Info","article_publisher":"https:\/\/ar-ar.facebook.com\/ElCanillitainfo-114249515285712\/","article_published_time":"2025-11-13T16:43:54+00:00","article_modified_time":"2025-11-14T08:37:43+00:00","author":"ElCanillita.info Guzzo Photos &amp; Graphic Publications","twitter_card":"summary_large_image","twitter_misc":{"Escrito por":"ElCanillita.info Guzzo Photos &amp; Graphic Publications","Tiempo de lectura":"2 minutos"},"schema":{"@context":"https:\/\/schema.org","@graph":[{"@type":"Article","@id":"https:\/\/elcanillita.info\/press\/2025\/11\/13\/cristina-los-cuadernos-y-las-torturas-que-denuncia\/#article","isPartOf":{"@id":"https:\/\/elcanillita.info\/press\/2025\/11\/13\/cristina-los-cuadernos-y-las-torturas-que-denuncia\/"},"author":{"name":"ElCanillita.info Guzzo Photos &amp; Graphic Publications","@id":"https:\/\/elcanillita.info\/press\/#\/schema\/person\/e37a550cff8f5f3407ed112e4cc619cb"},"headline":"\ud83d\uddde\ufe0f\u2696\ufe0f \ud83d\uddf3\ufe0f Cristina, los cuadernos y las torturas que denuncia","datePublished":"2025-11-13T16:43:54+00:00","dateModified":"2025-11-14T08:37:43+00:00","mainEntityOfPage":{"@id":"https:\/\/elcanillita.info\/press\/2025\/11\/13\/cristina-los-cuadernos-y-las-torturas-que-denuncia\/"},"wordCount":367,"publisher":{"@id":"https:\/\/elcanillita.info\/press\/#organization"},"keywords":["Argentina"],"articleSection":[".",".","Actualidad","Am\u00e9rica del Sur","Argentina","Justicia","Politica","Sociedad"],"inLanguage":"es-AR"},{"@type":"WebPage","@id":"https:\/\/elcanillita.info\/press\/2025\/11\/13\/cristina-los-cuadernos-y-las-torturas-que-denuncia\/","url":"https:\/\/elcanillita.info\/press\/2025\/11\/13\/cristina-los-cuadernos-y-las-torturas-que-denuncia\/","name":"\ud83d\uddde\ufe0f\u2696\ufe0f \ud83d\uddf3\ufe0f Cristina, los cuadernos y las torturas que denuncia - ElCanillita.Info","isPartOf":{"@id":"https:\/\/elcanillita.info\/press\/#website"},"datePublished":"2025-11-13T16:43:54+00:00","dateModified":"2025-11-14T08:37:43+00:00","inLanguage":"es-AR","potentialAction":[{"@type":"ReadAction","target":["https:\/\/elcanillita.info\/press\/2025\/11\/13\/cristina-los-cuadernos-y-las-torturas-que-denuncia\/"]}]},{"@type":"WebSite","@id":"https:\/\/elcanillita.info\/press\/#website","url":"https:\/\/elcanillita.info\/press\/","name":"ElCanillita.Info","description":"desde los Apeninos a los Andes","publisher":{"@id":"https:\/\/elcanillita.info\/press\/#organization"},"potentialAction":[{"@type":"SearchAction","target":{"@type":"EntryPoint","urlTemplate":"https:\/\/elcanillita.info\/press\/?s={search_term_string}"},"query-input":{"@type":"PropertyValueSpecification","valueRequired":true,"valueName":"search_term_string"}}],"inLanguage":"es-AR"},{"@type":"Organization","@id":"https:\/\/elcanillita.info\/press\/#organization","name":"Guzzo Photos & Graphic Publications","url":"https:\/\/elcanillita.info\/press\/","logo":{"@type":"ImageObject","inLanguage":"es-AR","@id":"https:\/\/elcanillita.info\/press\/#\/schema\/logo\/image\/","url":"https:\/\/elcanillita.info\/press\/images\/2020\/01\/cropped-cropped-cropped-elcanillitainfo.png","contentUrl":"https:\/\/elcanillita.info\/press\/images\/2020\/01\/cropped-cropped-cropped-elcanillitainfo.png","width":460,"height":50,"caption":"Guzzo Photos & Graphic Publications"},"image":{"@id":"https:\/\/elcanillita.info\/press\/#\/schema\/logo\/image\/"},"sameAs":["https:\/\/ar-ar.facebook.com\/ElCanillitainfo-114249515285712\/"]},{"@type":"Person","@id":"https:\/\/elcanillita.info\/press\/#\/schema\/person\/e37a550cff8f5f3407ed112e4cc619cb","name":"ElCanillita.info Guzzo Photos &amp; Graphic Publications","image":{"@type":"ImageObject","inLanguage":"es-AR","@id":"https:\/\/secure.gravatar.com\/avatar\/8914fbe0ef09248907e331ab93dfa89c7f76decf6b51cd1b2f8444e6260db772?s=96&d=mm&r=g","url":"https:\/\/secure.gravatar.com\/avatar\/8914fbe0ef09248907e331ab93dfa89c7f76decf6b51cd1b2f8444e6260db772?s=96&d=mm&r=g","contentUrl":"https:\/\/secure.gravatar.com\/avatar\/8914fbe0ef09248907e331ab93dfa89c7f76decf6b51cd1b2f8444e6260db772?s=96&d=mm&r=g","caption":"ElCanillita.info Guzzo Photos &amp; Graphic Publications"},"sameAs":["http:\/\/guzzophotos.com"]}]}},"views":86,"_links":{"self":[{"href":"https:\/\/elcanillita.info\/press\/wp-json\/wp\/v2\/posts\/5608","targetHints":{"allow":["GET"]}}],"collection":[{"href":"https:\/\/elcanillita.info\/press\/wp-json\/wp\/v2\/posts"}],"about":[{"href":"https:\/\/elcanillita.info\/press\/wp-json\/wp\/v2\/types\/post"}],"author":[{"embeddable":true,"href":"https:\/\/elcanillita.info\/press\/wp-json\/wp\/v2\/users\/14"}],"replies":[{"embeddable":true,"href":"https:\/\/elcanillita.info\/press\/wp-json\/wp\/v2\/comments?post=5608"}],"version-history":[{"count":0,"href":"https:\/\/elcanillita.info\/press\/wp-json\/wp\/v2\/posts\/5608\/revisions"}],"wp:attachment":[{"href":"https:\/\/elcanillita.info\/press\/wp-json\/wp\/v2\/media?parent=5608"}],"wp:term":[{"taxonomy":"category","embeddable":true,"href":"https:\/\/elcanillita.info\/press\/wp-json\/wp\/v2\/categories?post=5608"},{"taxonomy":"post_tag","embeddable":true,"href":"https:\/\/elcanillita.info\/press\/wp-json\/wp\/v2\/tags?post=5608"}],"curies":[{"name":"wp","href":"https:\/\/api.w.org\/{rel}","templated":true}]}}