{"id":5607,"date":"2025-11-13T12:47:40","date_gmt":"2025-11-13T15:47:40","guid":{"rendered":"https:\/\/elcanillita.info\/press\/?p=5607"},"modified":"2025-11-13T12:48:54","modified_gmt":"2025-11-13T15:48:54","slug":"de-vido-y-la-condena-que-llego-a-destino","status":"publish","type":"post","link":"https:\/\/elcanillita.info\/press\/2025\/11\/13\/de-vido-y-la-condena-que-llego-a-destino\/","title":{"rendered":"\ud83d\uddde\ufe0f\u2696\ufe0f \ud83c\udde6\ud83c\uddf7&nbsp;De Vido y la condena que lleg\u00f3 a destino"},"content":{"rendered":"\n<p class=\"p1\">Julio De Vido lleg\u00f3 a Comodoro Py a las 8.15, puntual como nunca lo estuvo el Sarmiento en los a\u00f1os de la tragedia de Once, esa misma que lo tiene hoy cumpliendo condena.<\/p>\n\n\n\n<p class=\"p1\">La Corte Suprema dej\u00f3 firme la sentencia a cuatro a\u00f1os de prisi\u00f3n, tras rechazar los recursos tanto de la defensa como del Ministerio P\u00fablico Fiscal. Cuando Rosatti, Rosenkrantz y Lorenzetti dicen \u201cinadmisible\u201d, se termina la m\u00fasica.<\/p>\n\n\n\n<p class=\"p1\">De Vido fue condenado por administraci\u00f3n fraudulenta: no por el estrago culposo \u2014de eso lo absolvieron\u2014 sino por no controlar los fondos destinados a TBA, esos fondos que deber\u00edan haber evitado lo que ocurri\u00f3 el 22 de febrero de 2012.<\/p>\n\n\n\n<p class=\"p1\">La tragedia dej\u00f3 51 muertos. Y aunque la pol\u00edtica argentina tiene memoria selectiva, los expedientes judiciales no.<\/p>\n\n\n\n<p class=\"p1\">La C\u00e1mara de Casaci\u00f3n ya hab\u00eda confirmado la condena. Luego la Corte, en 2024, ratific\u00f3 la responsabilidad pero pidi\u00f3 revisar la pena. El ajuste termin\u00f3 en cuatro a\u00f1os. Nada de sorpresas.<\/p>\n\n\n\n<p class=\"p1\">La defensa intent\u00f3 un \u00faltimo movimiento pidiendo la prescripci\u00f3n. La Corte respondi\u00f3 con silencio administrativo de lujo: art\u00edculo 280, muchas gracias, siga participando.<\/p>\n\n\n\n<p class=\"p1\">El fallo recuerda que el Ministerio de Planificaci\u00f3n, bajo su mando, no control\u00f3 lo que deb\u00eda controlar, a pesar de informes p\u00fablicos que advert\u00edan sobre el deterioro ferroviario.<\/p>\n\n\n\n<p class=\"p1\">Con la condena firme, De Vido se entrega en un pa\u00eds donde la corrupci\u00f3n suele estar m\u00e1s acostumbrada a fueros que a barrotes.<\/p>\n\n\n\n<p class=\"p1\">El ex ministro llega a prisi\u00f3n sin estridencias, pero con un prontuario pol\u00edtico-judicial que marca \u00e9poca: de los superpoderes al banquillo.<\/p>\n\n\n\n<p class=\"p1\">Once, m\u00e1s de una d\u00e9cada despu\u00e9s, vuelve a escribir historia judicial. Y esta vez el tren s\u00ed lleg\u00f3 a destino.<\/p>\n\n\n\n<p><\/p>\n\n\n\n<p>\u270d\ufe0f \u00a9\ufe0f2025&nbsp; Vag\u00f3n Fantasma &#8211; All Rights Reserved<\/p>\n\n\n\n<p><\/p>\n\n\n<p><small>\u00a9\ufe0f2025  Guzzo Photos  &#038; Graphic Publications \u2013 All Rights Reserved \u2013 Copyright \u00a9\ufe0f 2025 SalaStampa.eu, world press service \u2013 Guzzo Photos &#038; Graphic Publications \u2013 Registro Editori e Stampatori n. 1441 Turin, Italy<\/small><\/p>\n\n\n<p><\/p>\n","protected":false},"excerpt":{"rendered":"<p>Julio De Vido lleg\u00f3 a Comodoro Py a las 8.15, puntual como nunca lo estuvo el Sarmiento en los a\u00f1os de la tragedia de Once..<\/p>\n","protected":false},"author":14,"featured_media":0,"comment_status":"closed","ping_status":"","sticky":false,"template":"","format":"standard","meta":{"footnotes":"","_links_to":"","_links_to_target":""},"categories":[108,121,70,11,123,22,137],"tags":[29],"class_list":["post-5607","post","type-post","status-publish","format-standard","hentry","category-blogdiario","category-dc24","category-actualidad","category-america-del-sur","category-argentina","category-justicia","category-sociedad-y-valores","tag-argentina","entry","double"],"yoast_head":"<!-- This site is optimized with the Yoast SEO plugin v27.5 - https:\/\/yoast.com\/product\/yoast-seo-wordpress\/ -->\n<title>\ud83d\uddde\ufe0f\u2696\ufe0f \ud83c\udde6\ud83c\uddf7&nbsp;De Vido y la condena que lleg\u00f3 a destino - ElCanillita.Info<\/title>\n<meta name=\"robots\" content=\"index, follow, max-snippet:-1, max-image-preview:large, max-video-preview:-1\" \/>\n<link rel=\"canonical\" href=\"https:\/\/elcanillita.info\/press\/2025\/11\/13\/de-vido-y-la-condena-que-llego-a-destino\/\" \/>\n<meta property=\"og:locale\" content=\"es_ES\" \/>\n<meta property=\"og:type\" content=\"article\" \/>\n<meta property=\"og:title\" content=\"\ud83d\uddde\ufe0f\u2696\ufe0f \ud83c\udde6\ud83c\uddf7&nbsp;De Vido y la condena que lleg\u00f3 a destino - ElCanillita.Info\" \/>\n<meta property=\"og:description\" content=\"Julio De Vido lleg\u00f3 a Comodoro Py a las 8.15, puntual como nunca lo estuvo el Sarmiento en los a\u00f1os de la tragedia de Once..\" \/>\n<meta property=\"og:url\" content=\"https:\/\/elcanillita.info\/press\/2025\/11\/13\/de-vido-y-la-condena-que-llego-a-destino\/\" \/>\n<meta property=\"og:site_name\" content=\"ElCanillita.Info\" \/>\n<meta property=\"article:publisher\" content=\"https:\/\/ar-ar.facebook.com\/ElCanillitainfo-114249515285712\/\" \/>\n<meta property=\"article:published_time\" content=\"2025-11-13T15:47:40+00:00\" \/>\n<meta property=\"article:modified_time\" content=\"2025-11-13T15:48:54+00:00\" \/>\n<meta name=\"author\" content=\"ElCanillita.info Guzzo Photos &amp; Graphic Publications\" \/>\n<meta name=\"twitter:card\" content=\"summary_large_image\" \/>\n<meta name=\"twitter:label1\" content=\"Escrito por\" \/>\n\t<meta name=\"twitter:data1\" content=\"ElCanillita.info Guzzo Photos &amp; Graphic Publications\" \/>\n\t<meta name=\"twitter:label2\" content=\"Tiempo de lectura\" \/>\n\t<meta name=\"twitter:data2\" content=\"2 minutos\" \/>\n<script type=\"application\/ld+json\" class=\"yoast-schema-graph\">{\"@context\":\"https:\\\/\\\/schema.org\",\"@graph\":[{\"@type\":\"Article\",\"@id\":\"https:\\\/\\\/elcanillita.info\\\/press\\\/2025\\\/11\\\/13\\\/de-vido-y-la-condena-que-llego-a-destino\\\/#article\",\"isPartOf\":{\"@id\":\"https:\\\/\\\/elcanillita.info\\\/press\\\/2025\\\/11\\\/13\\\/de-vido-y-la-condena-que-llego-a-destino\\\/\"},\"author\":{\"name\":\"ElCanillita.info Guzzo Photos &amp; Graphic Publications\",\"@id\":\"https:\\\/\\\/elcanillita.info\\\/press\\\/#\\\/schema\\\/person\\\/e37a550cff8f5f3407ed112e4cc619cb\"},\"headline\":\"\ud83d\uddde\ufe0f\u2696\ufe0f \ud83c\udde6\ud83c\uddf7&nbsp;De Vido y la condena que lleg\u00f3 a destino\",\"datePublished\":\"2025-11-13T15:47:40+00:00\",\"dateModified\":\"2025-11-13T15:48:54+00:00\",\"mainEntityOfPage\":{\"@id\":\"https:\\\/\\\/elcanillita.info\\\/press\\\/2025\\\/11\\\/13\\\/de-vido-y-la-condena-que-llego-a-destino\\\/\"},\"wordCount\":334,\"publisher\":{\"@id\":\"https:\\\/\\\/elcanillita.info\\\/press\\\/#organization\"},\"keywords\":[\"Argentina\"],\"articleSection\":[\".\",\".\",\"Actualidad\",\"Am\u00e9rica del Sur\",\"Argentina\",\"Justicia\",\"Sociedad y valores\"],\"inLanguage\":\"es-AR\"},{\"@type\":\"WebPage\",\"@id\":\"https:\\\/\\\/elcanillita.info\\\/press\\\/2025\\\/11\\\/13\\\/de-vido-y-la-condena-que-llego-a-destino\\\/\",\"url\":\"https:\\\/\\\/elcanillita.info\\\/press\\\/2025\\\/11\\\/13\\\/de-vido-y-la-condena-que-llego-a-destino\\\/\",\"name\":\"\ud83d\uddde\ufe0f\u2696\ufe0f \ud83c\udde6\ud83c\uddf7&nbsp;De Vido y la condena que lleg\u00f3 a destino - ElCanillita.Info\",\"isPartOf\":{\"@id\":\"https:\\\/\\\/elcanillita.info\\\/press\\\/#website\"},\"datePublished\":\"2025-11-13T15:47:40+00:00\",\"dateModified\":\"2025-11-13T15:48:54+00:00\",\"inLanguage\":\"es-AR\",\"potentialAction\":[{\"@type\":\"ReadAction\",\"target\":[\"https:\\\/\\\/elcanillita.info\\\/press\\\/2025\\\/11\\\/13\\\/de-vido-y-la-condena-que-llego-a-destino\\\/\"]}]},{\"@type\":\"WebSite\",\"@id\":\"https:\\\/\\\/elcanillita.info\\\/press\\\/#website\",\"url\":\"https:\\\/\\\/elcanillita.info\\\/press\\\/\",\"name\":\"ElCanillita.Info\",\"description\":\"desde los Apeninos a los Andes\",\"publisher\":{\"@id\":\"https:\\\/\\\/elcanillita.info\\\/press\\\/#organization\"},\"potentialAction\":[{\"@type\":\"SearchAction\",\"target\":{\"@type\":\"EntryPoint\",\"urlTemplate\":\"https:\\\/\\\/elcanillita.info\\\/press\\\/?s={search_term_string}\"},\"query-input\":{\"@type\":\"PropertyValueSpecification\",\"valueRequired\":true,\"valueName\":\"search_term_string\"}}],\"inLanguage\":\"es-AR\"},{\"@type\":\"Organization\",\"@id\":\"https:\\\/\\\/elcanillita.info\\\/press\\\/#organization\",\"name\":\"Guzzo Photos & Graphic Publications\",\"url\":\"https:\\\/\\\/elcanillita.info\\\/press\\\/\",\"logo\":{\"@type\":\"ImageObject\",\"inLanguage\":\"es-AR\",\"@id\":\"https:\\\/\\\/elcanillita.info\\\/press\\\/#\\\/schema\\\/logo\\\/image\\\/\",\"url\":\"https:\\\/\\\/elcanillita.info\\\/press\\\/images\\\/2020\\\/01\\\/cropped-cropped-cropped-elcanillitainfo.png\",\"contentUrl\":\"https:\\\/\\\/elcanillita.info\\\/press\\\/images\\\/2020\\\/01\\\/cropped-cropped-cropped-elcanillitainfo.png\",\"width\":460,\"height\":50,\"caption\":\"Guzzo Photos & Graphic Publications\"},\"image\":{\"@id\":\"https:\\\/\\\/elcanillita.info\\\/press\\\/#\\\/schema\\\/logo\\\/image\\\/\"},\"sameAs\":[\"https:\\\/\\\/ar-ar.facebook.com\\\/ElCanillitainfo-114249515285712\\\/\"]},{\"@type\":\"Person\",\"@id\":\"https:\\\/\\\/elcanillita.info\\\/press\\\/#\\\/schema\\\/person\\\/e37a550cff8f5f3407ed112e4cc619cb\",\"name\":\"ElCanillita.info Guzzo Photos &amp; Graphic Publications\",\"image\":{\"@type\":\"ImageObject\",\"inLanguage\":\"es-AR\",\"@id\":\"https:\\\/\\\/secure.gravatar.com\\\/avatar\\\/8914fbe0ef09248907e331ab93dfa89c7f76decf6b51cd1b2f8444e6260db772?s=96&d=mm&r=g\",\"url\":\"https:\\\/\\\/secure.gravatar.com\\\/avatar\\\/8914fbe0ef09248907e331ab93dfa89c7f76decf6b51cd1b2f8444e6260db772?s=96&d=mm&r=g\",\"contentUrl\":\"https:\\\/\\\/secure.gravatar.com\\\/avatar\\\/8914fbe0ef09248907e331ab93dfa89c7f76decf6b51cd1b2f8444e6260db772?s=96&d=mm&r=g\",\"caption\":\"ElCanillita.info Guzzo Photos &amp; Graphic Publications\"},\"sameAs\":[\"http:\\\/\\\/guzzophotos.com\"]}]}<\/script>\n<!-- \/ Yoast SEO plugin. -->","yoast_head_json":{"title":"\ud83d\uddde\ufe0f\u2696\ufe0f \ud83c\udde6\ud83c\uddf7&nbsp;De Vido y la condena que lleg\u00f3 a destino - ElCanillita.Info","robots":{"index":"index","follow":"follow","max-snippet":"max-snippet:-1","max-image-preview":"max-image-preview:large","max-video-preview":"max-video-preview:-1"},"canonical":"https:\/\/elcanillita.info\/press\/2025\/11\/13\/de-vido-y-la-condena-que-llego-a-destino\/","og_locale":"es_ES","og_type":"article","og_title":"\ud83d\uddde\ufe0f\u2696\ufe0f \ud83c\udde6\ud83c\uddf7&nbsp;De Vido y la condena que lleg\u00f3 a destino - ElCanillita.Info","og_description":"Julio De Vido lleg\u00f3 a Comodoro Py a las 8.15, puntual como nunca lo estuvo el Sarmiento en los a\u00f1os de la tragedia de Once..","og_url":"https:\/\/elcanillita.info\/press\/2025\/11\/13\/de-vido-y-la-condena-que-llego-a-destino\/","og_site_name":"ElCanillita.Info","article_publisher":"https:\/\/ar-ar.facebook.com\/ElCanillitainfo-114249515285712\/","article_published_time":"2025-11-13T15:47:40+00:00","article_modified_time":"2025-11-13T15:48:54+00:00","author":"ElCanillita.info Guzzo Photos &amp; Graphic Publications","twitter_card":"summary_large_image","twitter_misc":{"Escrito por":"ElCanillita.info Guzzo Photos &amp; Graphic Publications","Tiempo de lectura":"2 minutos"},"schema":{"@context":"https:\/\/schema.org","@graph":[{"@type":"Article","@id":"https:\/\/elcanillita.info\/press\/2025\/11\/13\/de-vido-y-la-condena-que-llego-a-destino\/#article","isPartOf":{"@id":"https:\/\/elcanillita.info\/press\/2025\/11\/13\/de-vido-y-la-condena-que-llego-a-destino\/"},"author":{"name":"ElCanillita.info Guzzo Photos &amp; Graphic Publications","@id":"https:\/\/elcanillita.info\/press\/#\/schema\/person\/e37a550cff8f5f3407ed112e4cc619cb"},"headline":"\ud83d\uddde\ufe0f\u2696\ufe0f \ud83c\udde6\ud83c\uddf7&nbsp;De Vido y la condena que lleg\u00f3 a destino","datePublished":"2025-11-13T15:47:40+00:00","dateModified":"2025-11-13T15:48:54+00:00","mainEntityOfPage":{"@id":"https:\/\/elcanillita.info\/press\/2025\/11\/13\/de-vido-y-la-condena-que-llego-a-destino\/"},"wordCount":334,"publisher":{"@id":"https:\/\/elcanillita.info\/press\/#organization"},"keywords":["Argentina"],"articleSection":[".",".","Actualidad","Am\u00e9rica del Sur","Argentina","Justicia","Sociedad y valores"],"inLanguage":"es-AR"},{"@type":"WebPage","@id":"https:\/\/elcanillita.info\/press\/2025\/11\/13\/de-vido-y-la-condena-que-llego-a-destino\/","url":"https:\/\/elcanillita.info\/press\/2025\/11\/13\/de-vido-y-la-condena-que-llego-a-destino\/","name":"\ud83d\uddde\ufe0f\u2696\ufe0f \ud83c\udde6\ud83c\uddf7&nbsp;De Vido y la condena que lleg\u00f3 a destino - ElCanillita.Info","isPartOf":{"@id":"https:\/\/elcanillita.info\/press\/#website"},"datePublished":"2025-11-13T15:47:40+00:00","dateModified":"2025-11-13T15:48:54+00:00","inLanguage":"es-AR","potentialAction":[{"@type":"ReadAction","target":["https:\/\/elcanillita.info\/press\/2025\/11\/13\/de-vido-y-la-condena-que-llego-a-destino\/"]}]},{"@type":"WebSite","@id":"https:\/\/elcanillita.info\/press\/#website","url":"https:\/\/elcanillita.info\/press\/","name":"ElCanillita.Info","description":"desde los Apeninos a los Andes","publisher":{"@id":"https:\/\/elcanillita.info\/press\/#organization"},"potentialAction":[{"@type":"SearchAction","target":{"@type":"EntryPoint","urlTemplate":"https:\/\/elcanillita.info\/press\/?s={search_term_string}"},"query-input":{"@type":"PropertyValueSpecification","valueRequired":true,"valueName":"search_term_string"}}],"inLanguage":"es-AR"},{"@type":"Organization","@id":"https:\/\/elcanillita.info\/press\/#organization","name":"Guzzo Photos & Graphic Publications","url":"https:\/\/elcanillita.info\/press\/","logo":{"@type":"ImageObject","inLanguage":"es-AR","@id":"https:\/\/elcanillita.info\/press\/#\/schema\/logo\/image\/","url":"https:\/\/elcanillita.info\/press\/images\/2020\/01\/cropped-cropped-cropped-elcanillitainfo.png","contentUrl":"https:\/\/elcanillita.info\/press\/images\/2020\/01\/cropped-cropped-cropped-elcanillitainfo.png","width":460,"height":50,"caption":"Guzzo Photos & Graphic Publications"},"image":{"@id":"https:\/\/elcanillita.info\/press\/#\/schema\/logo\/image\/"},"sameAs":["https:\/\/ar-ar.facebook.com\/ElCanillitainfo-114249515285712\/"]},{"@type":"Person","@id":"https:\/\/elcanillita.info\/press\/#\/schema\/person\/e37a550cff8f5f3407ed112e4cc619cb","name":"ElCanillita.info Guzzo Photos &amp; Graphic Publications","image":{"@type":"ImageObject","inLanguage":"es-AR","@id":"https:\/\/secure.gravatar.com\/avatar\/8914fbe0ef09248907e331ab93dfa89c7f76decf6b51cd1b2f8444e6260db772?s=96&d=mm&r=g","url":"https:\/\/secure.gravatar.com\/avatar\/8914fbe0ef09248907e331ab93dfa89c7f76decf6b51cd1b2f8444e6260db772?s=96&d=mm&r=g","contentUrl":"https:\/\/secure.gravatar.com\/avatar\/8914fbe0ef09248907e331ab93dfa89c7f76decf6b51cd1b2f8444e6260db772?s=96&d=mm&r=g","caption":"ElCanillita.info Guzzo Photos &amp; Graphic Publications"},"sameAs":["http:\/\/guzzophotos.com"]}]}},"views":84,"_links":{"self":[{"href":"https:\/\/elcanillita.info\/press\/wp-json\/wp\/v2\/posts\/5607","targetHints":{"allow":["GET"]}}],"collection":[{"href":"https:\/\/elcanillita.info\/press\/wp-json\/wp\/v2\/posts"}],"about":[{"href":"https:\/\/elcanillita.info\/press\/wp-json\/wp\/v2\/types\/post"}],"author":[{"embeddable":true,"href":"https:\/\/elcanillita.info\/press\/wp-json\/wp\/v2\/users\/14"}],"replies":[{"embeddable":true,"href":"https:\/\/elcanillita.info\/press\/wp-json\/wp\/v2\/comments?post=5607"}],"version-history":[{"count":0,"href":"https:\/\/elcanillita.info\/press\/wp-json\/wp\/v2\/posts\/5607\/revisions"}],"wp:attachment":[{"href":"https:\/\/elcanillita.info\/press\/wp-json\/wp\/v2\/media?parent=5607"}],"wp:term":[{"taxonomy":"category","embeddable":true,"href":"https:\/\/elcanillita.info\/press\/wp-json\/wp\/v2\/categories?post=5607"},{"taxonomy":"post_tag","embeddable":true,"href":"https:\/\/elcanillita.info\/press\/wp-json\/wp\/v2\/tags?post=5607"}],"curies":[{"name":"wp","href":"https:\/\/api.w.org\/{rel}","templated":true}]}}