{"id":5606,"date":"2025-11-13T11:54:28","date_gmt":"2025-11-13T14:54:28","guid":{"rendered":"https:\/\/elcanillita.info\/press\/?p=5606"},"modified":"2025-11-13T12:31:40","modified_gmt":"2025-11-13T15:31:40","slug":"macron-los-agricultores-y-el-eterno-non-al-mercosur","status":"publish","type":"post","link":"https:\/\/elcanillita.info\/press\/2025\/11\/13\/macron-los-agricultores-y-el-eterno-non-al-mercosur\/","title":{"rendered":"\ud83d\uddde\ufe0f\ud83d\udcb0\ud83d\udcb9\ud83d\udcc9 Macron, los agricultores y el eterno \u201cnon\u201d al Mercosur"},"content":{"rendered":"\n<p class=\"p1\">Emmanuel Macron volvi\u00f3 a sacar el sello del \u201cnon\u201d y avis\u00f3 que Francia no acompa\u00f1ar\u00e1 el acuerdo entre la Uni\u00f3n Europea y el Mercosur. Lo dijo frente a 300 agricultores preocupados por productos que llegan desde el sur \u201csin respetar las reglas\u201d. Bienvenidos al proteccionismo gourmet.<\/p>\n\n\n\n<p class=\"p1\">La ministra de Agricultura, Annie Genevard, confirm\u00f3 que el presidente frenar\u00e1 el tratado. La escena fue tan francesa que casi se escucha un acorde\u00f3n de fondo mientras los agricultores asent\u00edan entre baguettes y tractores.<\/p>\n\n\n\n<p class=\"p1\">\u201cNo podemos validar el acuerdo porque no protege a nuestros agricultores\u201d. En Europa, la palabra \u201cproteger\u201d significa mantener subsidios, barreras y una geopol\u00edtica hecha de quesos con denominaci\u00f3n de origen.<\/p>\n\n\n\n<p class=\"p1\">Para los pa\u00edses del Mercosur, en cambio, \u201cacuerdo\u201d significaba intentar vender algo sin que Europa haga una inspecci\u00f3n sanitaria al \u00e1nimo del productor.<\/p>\n\n\n\n<p class=\"p1\">Genevard dio otro argumento: no se pueden aceptar productos que no cumplan las reglas europeas. L\u00e1stima que esas reglas suelen cambiar justo cuando alguien afuera podr\u00eda cumplirlas.<\/p>\n\n\n\n<p class=\"p1\">Los agricultores, que hace una semana protestaban por las perspectivas positivas del acuerdo, ahora celebran que Macron se d\u00e9 vuelta con la agilidad de un bailar\u00edn del Moulin Rouge.<\/p>\n\n\n\n<p class=\"p1\">Jean-Marie Driat, representante del gremio rural, dijo que el presidente prometi\u00f3 no firmar nada sin cl\u00e1usulas extra. Traducci\u00f3n: ponerle un doble candado al candado.<\/p>\n\n\n\n<p class=\"p1\">El Mercosur, como siempre, mira desde la parrilla: Europa promete abrirse, pero s\u00f3lo hasta que el humo del asado llega a Toulouse.<\/p>\n\n\n\n<p class=\"p1\">En un mundo donde los bloques comerciales se reconfiguran, Francia se aferra a sus agricultores como a un tesoro nacional, y cualquier tratado que pueda traer carne sudamericana se convierte autom\u00e1ticamente en amenaza existencial.<\/p>\n\n\n\n<p class=\"p1\">Y as\u00ed, el \u201cnon\u201d de Macron se suma a una larga tradici\u00f3n francesa: primero la cultura, luego el vino, y finalmente la negativa al Mercosur.<\/p>\n\n\n\n<p><\/p>\n\n\n\n<p>&nbsp;\u270d\ufe0f \u00a9\ufe0f2025&nbsp; Cronista del Viejo Mapa &#8211; All Rights Reserved<\/p>\n\n\n\n<p><\/p>\n\n\n<p><small>\u00a9\ufe0f2025  Guzzo Photos  &#038; Graphic Publications \u2013 All Rights Reserved \u2013 Copyright \u00a9\ufe0f 2025 SalaStampa.eu, world press service \u2013 Guzzo Photos &#038; Graphic Publications \u2013 Registro Editori e Stampatori n. 1441 Turin, Italy<\/small><\/p>\n\n\n<p><\/p>\n","protected":false},"excerpt":{"rendered":"<p>Emmanuel Macron volvi\u00f3 a sacar el sello del \u201cnon\u201d y avis\u00f3 que Francia no acompa\u00f1ar\u00e1 el acuerdo entre la Uni\u00f3n Europea y el Mercosur.<\/p>\n","protected":false},"author":14,"featured_media":0,"comment_status":"closed","ping_status":"","sticky":false,"template":"","format":"standard","meta":{"footnotes":"","_links_to":"","_links_to_target":""},"categories":[108,121,70,11,123,20,5,23],"tags":[29,80,148],"class_list":["post-5606","post","type-post","status-publish","format-standard","hentry","category-blogdiario","category-dc24","category-actualidad","category-america-del-sur","category-argentina","category-economia","category-europa","category-politica","tag-argentina","tag-francia","tag-mercosur","entry","double"],"yoast_head":"<!-- This site is optimized with the Yoast SEO plugin v27.4 - https:\/\/yoast.com\/product\/yoast-seo-wordpress\/ -->\n<title>\ud83d\uddde\ufe0f\ud83d\udcb0\ud83d\udcb9\ud83d\udcc9 Macron, los agricultores y el eterno \u201cnon\u201d al Mercosur - ElCanillita.Info<\/title>\n<meta name=\"robots\" content=\"index, follow, max-snippet:-1, max-image-preview:large, max-video-preview:-1\" \/>\n<link rel=\"canonical\" href=\"https:\/\/elcanillita.info\/press\/2025\/11\/13\/macron-los-agricultores-y-el-eterno-non-al-mercosur\/\" \/>\n<meta property=\"og:locale\" content=\"es_ES\" \/>\n<meta property=\"og:type\" content=\"article\" \/>\n<meta property=\"og:title\" content=\"\ud83d\uddde\ufe0f\ud83d\udcb0\ud83d\udcb9\ud83d\udcc9 Macron, los agricultores y el eterno \u201cnon\u201d al Mercosur - ElCanillita.Info\" \/>\n<meta property=\"og:description\" content=\"Emmanuel Macron volvi\u00f3 a sacar el sello del \u201cnon\u201d y avis\u00f3 que Francia no acompa\u00f1ar\u00e1 el acuerdo entre la Uni\u00f3n Europea y el Mercosur.\" \/>\n<meta property=\"og:url\" content=\"https:\/\/elcanillita.info\/press\/2025\/11\/13\/macron-los-agricultores-y-el-eterno-non-al-mercosur\/\" \/>\n<meta property=\"og:site_name\" content=\"ElCanillita.Info\" \/>\n<meta property=\"article:publisher\" content=\"https:\/\/ar-ar.facebook.com\/ElCanillitainfo-114249515285712\/\" \/>\n<meta property=\"article:published_time\" content=\"2025-11-13T14:54:28+00:00\" \/>\n<meta property=\"article:modified_time\" content=\"2025-11-13T15:31:40+00:00\" \/>\n<meta name=\"author\" content=\"ElCanillita.info Guzzo Photos &amp; Graphic Publications\" \/>\n<meta name=\"twitter:card\" content=\"summary_large_image\" \/>\n<meta name=\"twitter:label1\" content=\"Escrito por\" \/>\n\t<meta name=\"twitter:data1\" content=\"ElCanillita.info Guzzo Photos &amp; Graphic Publications\" \/>\n\t<meta name=\"twitter:label2\" content=\"Tiempo de lectura\" \/>\n\t<meta name=\"twitter:data2\" content=\"2 minutos\" \/>\n<script type=\"application\/ld+json\" class=\"yoast-schema-graph\">{\"@context\":\"https:\\\/\\\/schema.org\",\"@graph\":[{\"@type\":\"Article\",\"@id\":\"https:\\\/\\\/elcanillita.info\\\/press\\\/2025\\\/11\\\/13\\\/macron-los-agricultores-y-el-eterno-non-al-mercosur\\\/#article\",\"isPartOf\":{\"@id\":\"https:\\\/\\\/elcanillita.info\\\/press\\\/2025\\\/11\\\/13\\\/macron-los-agricultores-y-el-eterno-non-al-mercosur\\\/\"},\"author\":{\"name\":\"ElCanillita.info Guzzo Photos &amp; Graphic Publications\",\"@id\":\"https:\\\/\\\/elcanillita.info\\\/press\\\/#\\\/schema\\\/person\\\/e37a550cff8f5f3407ed112e4cc619cb\"},\"headline\":\"\ud83d\uddde\ufe0f\ud83d\udcb0\ud83d\udcb9\ud83d\udcc9 Macron, los agricultores y el eterno \u201cnon\u201d al Mercosur\",\"datePublished\":\"2025-11-13T14:54:28+00:00\",\"dateModified\":\"2025-11-13T15:31:40+00:00\",\"mainEntityOfPage\":{\"@id\":\"https:\\\/\\\/elcanillita.info\\\/press\\\/2025\\\/11\\\/13\\\/macron-los-agricultores-y-el-eterno-non-al-mercosur\\\/\"},\"wordCount\":352,\"publisher\":{\"@id\":\"https:\\\/\\\/elcanillita.info\\\/press\\\/#organization\"},\"keywords\":[\"Argentina\",\"Francia\",\"Mercosur\"],\"articleSection\":[\".\",\".\",\"Actualidad\",\"Am\u00e9rica del Sur\",\"Argentina\",\"Economia\",\"Europa\",\"Politica\"],\"inLanguage\":\"es-AR\"},{\"@type\":\"WebPage\",\"@id\":\"https:\\\/\\\/elcanillita.info\\\/press\\\/2025\\\/11\\\/13\\\/macron-los-agricultores-y-el-eterno-non-al-mercosur\\\/\",\"url\":\"https:\\\/\\\/elcanillita.info\\\/press\\\/2025\\\/11\\\/13\\\/macron-los-agricultores-y-el-eterno-non-al-mercosur\\\/\",\"name\":\"\ud83d\uddde\ufe0f\ud83d\udcb0\ud83d\udcb9\ud83d\udcc9 Macron, los agricultores y el eterno \u201cnon\u201d al Mercosur - ElCanillita.Info\",\"isPartOf\":{\"@id\":\"https:\\\/\\\/elcanillita.info\\\/press\\\/#website\"},\"datePublished\":\"2025-11-13T14:54:28+00:00\",\"dateModified\":\"2025-11-13T15:31:40+00:00\",\"inLanguage\":\"es-AR\",\"potentialAction\":[{\"@type\":\"ReadAction\",\"target\":[\"https:\\\/\\\/elcanillita.info\\\/press\\\/2025\\\/11\\\/13\\\/macron-los-agricultores-y-el-eterno-non-al-mercosur\\\/\"]}]},{\"@type\":\"WebSite\",\"@id\":\"https:\\\/\\\/elcanillita.info\\\/press\\\/#website\",\"url\":\"https:\\\/\\\/elcanillita.info\\\/press\\\/\",\"name\":\"ElCanillita.Info\",\"description\":\"desde los Apeninos a los Andes\",\"publisher\":{\"@id\":\"https:\\\/\\\/elcanillita.info\\\/press\\\/#organization\"},\"potentialAction\":[{\"@type\":\"SearchAction\",\"target\":{\"@type\":\"EntryPoint\",\"urlTemplate\":\"https:\\\/\\\/elcanillita.info\\\/press\\\/?s={search_term_string}\"},\"query-input\":{\"@type\":\"PropertyValueSpecification\",\"valueRequired\":true,\"valueName\":\"search_term_string\"}}],\"inLanguage\":\"es-AR\"},{\"@type\":\"Organization\",\"@id\":\"https:\\\/\\\/elcanillita.info\\\/press\\\/#organization\",\"name\":\"Guzzo Photos & Graphic Publications\",\"url\":\"https:\\\/\\\/elcanillita.info\\\/press\\\/\",\"logo\":{\"@type\":\"ImageObject\",\"inLanguage\":\"es-AR\",\"@id\":\"https:\\\/\\\/elcanillita.info\\\/press\\\/#\\\/schema\\\/logo\\\/image\\\/\",\"url\":\"https:\\\/\\\/elcanillita.info\\\/press\\\/images\\\/2020\\\/01\\\/cropped-cropped-cropped-elcanillitainfo.png\",\"contentUrl\":\"https:\\\/\\\/elcanillita.info\\\/press\\\/images\\\/2020\\\/01\\\/cropped-cropped-cropped-elcanillitainfo.png\",\"width\":460,\"height\":50,\"caption\":\"Guzzo Photos & Graphic Publications\"},\"image\":{\"@id\":\"https:\\\/\\\/elcanillita.info\\\/press\\\/#\\\/schema\\\/logo\\\/image\\\/\"},\"sameAs\":[\"https:\\\/\\\/ar-ar.facebook.com\\\/ElCanillitainfo-114249515285712\\\/\"]},{\"@type\":\"Person\",\"@id\":\"https:\\\/\\\/elcanillita.info\\\/press\\\/#\\\/schema\\\/person\\\/e37a550cff8f5f3407ed112e4cc619cb\",\"name\":\"ElCanillita.info Guzzo Photos &amp; Graphic Publications\",\"image\":{\"@type\":\"ImageObject\",\"inLanguage\":\"es-AR\",\"@id\":\"https:\\\/\\\/secure.gravatar.com\\\/avatar\\\/8914fbe0ef09248907e331ab93dfa89c7f76decf6b51cd1b2f8444e6260db772?s=96&d=mm&r=g\",\"url\":\"https:\\\/\\\/secure.gravatar.com\\\/avatar\\\/8914fbe0ef09248907e331ab93dfa89c7f76decf6b51cd1b2f8444e6260db772?s=96&d=mm&r=g\",\"contentUrl\":\"https:\\\/\\\/secure.gravatar.com\\\/avatar\\\/8914fbe0ef09248907e331ab93dfa89c7f76decf6b51cd1b2f8444e6260db772?s=96&d=mm&r=g\",\"caption\":\"ElCanillita.info Guzzo Photos &amp; Graphic Publications\"},\"sameAs\":[\"http:\\\/\\\/guzzophotos.com\"]}]}<\/script>\n<!-- \/ Yoast SEO plugin. -->","yoast_head_json":{"title":"\ud83d\uddde\ufe0f\ud83d\udcb0\ud83d\udcb9\ud83d\udcc9 Macron, los agricultores y el eterno \u201cnon\u201d al Mercosur - ElCanillita.Info","robots":{"index":"index","follow":"follow","max-snippet":"max-snippet:-1","max-image-preview":"max-image-preview:large","max-video-preview":"max-video-preview:-1"},"canonical":"https:\/\/elcanillita.info\/press\/2025\/11\/13\/macron-los-agricultores-y-el-eterno-non-al-mercosur\/","og_locale":"es_ES","og_type":"article","og_title":"\ud83d\uddde\ufe0f\ud83d\udcb0\ud83d\udcb9\ud83d\udcc9 Macron, los agricultores y el eterno \u201cnon\u201d al Mercosur - ElCanillita.Info","og_description":"Emmanuel Macron volvi\u00f3 a sacar el sello del \u201cnon\u201d y avis\u00f3 que Francia no acompa\u00f1ar\u00e1 el acuerdo entre la Uni\u00f3n Europea y el Mercosur.","og_url":"https:\/\/elcanillita.info\/press\/2025\/11\/13\/macron-los-agricultores-y-el-eterno-non-al-mercosur\/","og_site_name":"ElCanillita.Info","article_publisher":"https:\/\/ar-ar.facebook.com\/ElCanillitainfo-114249515285712\/","article_published_time":"2025-11-13T14:54:28+00:00","article_modified_time":"2025-11-13T15:31:40+00:00","author":"ElCanillita.info Guzzo Photos &amp; Graphic Publications","twitter_card":"summary_large_image","twitter_misc":{"Escrito por":"ElCanillita.info Guzzo Photos &amp; Graphic Publications","Tiempo de lectura":"2 minutos"},"schema":{"@context":"https:\/\/schema.org","@graph":[{"@type":"Article","@id":"https:\/\/elcanillita.info\/press\/2025\/11\/13\/macron-los-agricultores-y-el-eterno-non-al-mercosur\/#article","isPartOf":{"@id":"https:\/\/elcanillita.info\/press\/2025\/11\/13\/macron-los-agricultores-y-el-eterno-non-al-mercosur\/"},"author":{"name":"ElCanillita.info Guzzo Photos &amp; Graphic Publications","@id":"https:\/\/elcanillita.info\/press\/#\/schema\/person\/e37a550cff8f5f3407ed112e4cc619cb"},"headline":"\ud83d\uddde\ufe0f\ud83d\udcb0\ud83d\udcb9\ud83d\udcc9 Macron, los agricultores y el eterno \u201cnon\u201d al Mercosur","datePublished":"2025-11-13T14:54:28+00:00","dateModified":"2025-11-13T15:31:40+00:00","mainEntityOfPage":{"@id":"https:\/\/elcanillita.info\/press\/2025\/11\/13\/macron-los-agricultores-y-el-eterno-non-al-mercosur\/"},"wordCount":352,"publisher":{"@id":"https:\/\/elcanillita.info\/press\/#organization"},"keywords":["Argentina","Francia","Mercosur"],"articleSection":[".",".","Actualidad","Am\u00e9rica del Sur","Argentina","Economia","Europa","Politica"],"inLanguage":"es-AR"},{"@type":"WebPage","@id":"https:\/\/elcanillita.info\/press\/2025\/11\/13\/macron-los-agricultores-y-el-eterno-non-al-mercosur\/","url":"https:\/\/elcanillita.info\/press\/2025\/11\/13\/macron-los-agricultores-y-el-eterno-non-al-mercosur\/","name":"\ud83d\uddde\ufe0f\ud83d\udcb0\ud83d\udcb9\ud83d\udcc9 Macron, los agricultores y el eterno \u201cnon\u201d al Mercosur - ElCanillita.Info","isPartOf":{"@id":"https:\/\/elcanillita.info\/press\/#website"},"datePublished":"2025-11-13T14:54:28+00:00","dateModified":"2025-11-13T15:31:40+00:00","inLanguage":"es-AR","potentialAction":[{"@type":"ReadAction","target":["https:\/\/elcanillita.info\/press\/2025\/11\/13\/macron-los-agricultores-y-el-eterno-non-al-mercosur\/"]}]},{"@type":"WebSite","@id":"https:\/\/elcanillita.info\/press\/#website","url":"https:\/\/elcanillita.info\/press\/","name":"ElCanillita.Info","description":"desde los Apeninos a los Andes","publisher":{"@id":"https:\/\/elcanillita.info\/press\/#organization"},"potentialAction":[{"@type":"SearchAction","target":{"@type":"EntryPoint","urlTemplate":"https:\/\/elcanillita.info\/press\/?s={search_term_string}"},"query-input":{"@type":"PropertyValueSpecification","valueRequired":true,"valueName":"search_term_string"}}],"inLanguage":"es-AR"},{"@type":"Organization","@id":"https:\/\/elcanillita.info\/press\/#organization","name":"Guzzo Photos & Graphic Publications","url":"https:\/\/elcanillita.info\/press\/","logo":{"@type":"ImageObject","inLanguage":"es-AR","@id":"https:\/\/elcanillita.info\/press\/#\/schema\/logo\/image\/","url":"https:\/\/elcanillita.info\/press\/images\/2020\/01\/cropped-cropped-cropped-elcanillitainfo.png","contentUrl":"https:\/\/elcanillita.info\/press\/images\/2020\/01\/cropped-cropped-cropped-elcanillitainfo.png","width":460,"height":50,"caption":"Guzzo Photos & Graphic Publications"},"image":{"@id":"https:\/\/elcanillita.info\/press\/#\/schema\/logo\/image\/"},"sameAs":["https:\/\/ar-ar.facebook.com\/ElCanillitainfo-114249515285712\/"]},{"@type":"Person","@id":"https:\/\/elcanillita.info\/press\/#\/schema\/person\/e37a550cff8f5f3407ed112e4cc619cb","name":"ElCanillita.info Guzzo Photos &amp; Graphic Publications","image":{"@type":"ImageObject","inLanguage":"es-AR","@id":"https:\/\/secure.gravatar.com\/avatar\/8914fbe0ef09248907e331ab93dfa89c7f76decf6b51cd1b2f8444e6260db772?s=96&d=mm&r=g","url":"https:\/\/secure.gravatar.com\/avatar\/8914fbe0ef09248907e331ab93dfa89c7f76decf6b51cd1b2f8444e6260db772?s=96&d=mm&r=g","contentUrl":"https:\/\/secure.gravatar.com\/avatar\/8914fbe0ef09248907e331ab93dfa89c7f76decf6b51cd1b2f8444e6260db772?s=96&d=mm&r=g","caption":"ElCanillita.info Guzzo Photos &amp; Graphic Publications"},"sameAs":["http:\/\/guzzophotos.com"]}]}},"views":114,"_links":{"self":[{"href":"https:\/\/elcanillita.info\/press\/wp-json\/wp\/v2\/posts\/5606","targetHints":{"allow":["GET"]}}],"collection":[{"href":"https:\/\/elcanillita.info\/press\/wp-json\/wp\/v2\/posts"}],"about":[{"href":"https:\/\/elcanillita.info\/press\/wp-json\/wp\/v2\/types\/post"}],"author":[{"embeddable":true,"href":"https:\/\/elcanillita.info\/press\/wp-json\/wp\/v2\/users\/14"}],"replies":[{"embeddable":true,"href":"https:\/\/elcanillita.info\/press\/wp-json\/wp\/v2\/comments?post=5606"}],"version-history":[{"count":0,"href":"https:\/\/elcanillita.info\/press\/wp-json\/wp\/v2\/posts\/5606\/revisions"}],"wp:attachment":[{"href":"https:\/\/elcanillita.info\/press\/wp-json\/wp\/v2\/media?parent=5606"}],"wp:term":[{"taxonomy":"category","embeddable":true,"href":"https:\/\/elcanillita.info\/press\/wp-json\/wp\/v2\/categories?post=5606"},{"taxonomy":"post_tag","embeddable":true,"href":"https:\/\/elcanillita.info\/press\/wp-json\/wp\/v2\/tags?post=5606"}],"curies":[{"name":"wp","href":"https:\/\/api.w.org\/{rel}","templated":true}]}}