{"id":5605,"date":"2025-11-13T11:23:35","date_gmt":"2025-11-13T14:23:35","guid":{"rendered":"https:\/\/elcanillita.info\/press\/?p=5605"},"modified":"2025-11-13T11:25:37","modified_gmt":"2025-11-13T14:25:37","slug":"caputo-y-la-uia-graduarse-antes-de-flotar","status":"publish","type":"post","link":"https:\/\/elcanillita.info\/press\/2025\/11\/13\/caputo-y-la-uia-graduarse-antes-de-flotar\/","title":{"rendered":"\ud83d\uddde\ufe0f \ud83c\udde6\ud83c\uddf7\ud83d\udcb0\ud83d\udcb9 Caputo y la UIA: \u201cGraduarse antes de flotar\u201d"},"content":{"rendered":"\n<p class=\"p1\">El ministro Caputo abri\u00f3 la Conferencia de la UIA con la soltura del alumno que lleg\u00f3 tarde pero igual pide que nadie copie. La consigna del encuentro es \u201cEl futuro se produce hoy\u201d, aunque la pregunta subyacente parece ser si alguien puede producir algo entre impuestos, juicios laborales y tasas que dan v\u00e9rtigo. <\/p>\n\n\n\n<p class=\"p1\">Mart\u00edn Cabrales, anfitri\u00f3n industrial, hizo de vocero de un sector acostumbrado a sobrevivir con casco puesto: menos impuestos, menos informalidad, menos sorpresas. Algo as\u00ed como pedir la paz mundial, pero versi\u00f3n PyME.<\/p>\n\n\n\n<p class=\"p1\">Cabrales insisti\u00f3 en que la carga tributaria es \u201cterrible\u201d, no \u201calta\u201d, no \u201cpesada\u201d: terrible. Uno imagina un inspector de la AFIP saliendo de un placard con una linterna y la palabra \u201cmultado\u201d escrita en la frente.<\/p>\n\n\n\n<p class=\"p1\">Tambi\u00e9n apunt\u00f3 contra la informalidad, a la que calific\u00f3 de peor que las importaciones. Para un industrial argentino, decir eso es como para un porte\u00f1o decir que el tr\u00e1nsito est\u00e1 peor que el subte en hora pico.<\/p>\n\n\n\n<p class=\"p1\">El drama PyME apareci\u00f3 una vez m\u00e1s: si te toca pagar un juicio, cerr\u00e1s. Si cerr\u00e1s, no pag\u00e1s. Y si no pag\u00e1s, te ejecutan. Un c\u00edrculo virtuoso que parece dise\u00f1ado por Kafka con asesoramiento impositivo local.<\/p>\n\n\n\n<p class=\"p1\">Caputo, ya en modo profesor de nataci\u00f3n, advirti\u00f3: \u201cHay que graduarse primero antes de flotar libremente, no nos agrandemos\u201d. Traducci\u00f3n simult\u00e1nea: todav\u00eda no hay flotaci\u00f3n limpia, y la econom\u00eda argentina sigue con flotadores de patito.<\/p>\n\n\n\n<p class=\"p1\">El ministro defendi\u00f3 el esquema macro vigente, que para los industriales es una mezcla de Sudoku fiscal con escape room cambiaria.<\/p>\n\n\n\n<p class=\"p1\">Entre pedidos de inversiones, reclamos empresarios y la ausencia del presidente Milei, la UIA termin\u00f3 pareciendo una reuni\u00f3n de padres donde el chico que desorden\u00f3 todo no se present\u00f3.<\/p>\n\n\n\n<p class=\"p1\">Con un lema futurista y un presente que no ayuda, la industria volvi\u00f3 a ejercer la disciplina nacional por excelencia: reclamar al Estado mientras teme que el Estado lo escuche demasiado.<\/p>\n\n\n\n<p class=\"p1\">Y as\u00ed, entre discursos, diagn\u00f3sticos y flotaciones postergadas, qued\u00f3 inaugurada la 31\u00aa Conferencia de la UIA: ese lugar donde el futuro se produce hoy\u2026 si llega el cr\u00e9dito, baja la presi\u00f3n fiscal y nadie toca el d\u00f3lar.<\/p>\n\n\n\n<p class=\"p1\">\u270d\ufe0f \u00a9\ufe0f 2025 El primo del m\u00e9rito &#8211; All Rights Reserved<\/p>\n\n\n\n<p><\/p>\n\n\n<p><small>\u00a9\ufe0f2025  Guzzo Photos  &#038; Graphic Publications \u2013 All Rights Reserved \u2013 Copyright \u00a9\ufe0f 2025 SalaStampa.eu, world press service \u2013 Guzzo Photos &#038; Graphic Publications \u2013 Registro Editori e Stampatori n. 1441 Turin, Italy<\/small><\/p>\n\n\n<p><\/p>\n","protected":false},"excerpt":{"rendered":"<p>El ministro Caputo abri\u00f3 la Conferencia de la UIA con la soltura del alumno que lleg\u00f3 tarde pero igual pide que nadie copie.<\/p>\n","protected":false},"author":1,"featured_media":0,"comment_status":"closed","ping_status":"","sticky":false,"template":"","format":"standard","meta":{"footnotes":"","_links_to":"","_links_to_target":""},"categories":[121,108,70,11,123,20,23,25],"tags":[29],"class_list":["post-5605","post","type-post","status-publish","format-standard","hentry","category-dc24","category-blogdiario","category-actualidad","category-america-del-sur","category-argentina","category-economia","category-politica","category-sociedad","tag-argentina","entry","double"],"yoast_head":"<!-- This site is optimized with the Yoast SEO plugin v27.5 - https:\/\/yoast.com\/product\/yoast-seo-wordpress\/ -->\n<title>\ud83d\uddde\ufe0f \ud83c\udde6\ud83c\uddf7\ud83d\udcb0\ud83d\udcb9 Caputo y la UIA: \u201cGraduarse antes de flotar\u201d - ElCanillita.Info<\/title>\n<meta name=\"robots\" content=\"index, follow, max-snippet:-1, max-image-preview:large, max-video-preview:-1\" \/>\n<link rel=\"canonical\" href=\"https:\/\/elcanillita.info\/press\/2025\/11\/13\/caputo-y-la-uia-graduarse-antes-de-flotar\/\" \/>\n<meta property=\"og:locale\" content=\"es_ES\" \/>\n<meta property=\"og:type\" content=\"article\" \/>\n<meta property=\"og:title\" content=\"\ud83d\uddde\ufe0f \ud83c\udde6\ud83c\uddf7\ud83d\udcb0\ud83d\udcb9 Caputo y la UIA: \u201cGraduarse antes de flotar\u201d - ElCanillita.Info\" \/>\n<meta property=\"og:description\" content=\"El ministro Caputo abri\u00f3 la Conferencia de la UIA con la soltura del alumno que lleg\u00f3 tarde pero igual pide que nadie copie.\" \/>\n<meta property=\"og:url\" content=\"https:\/\/elcanillita.info\/press\/2025\/11\/13\/caputo-y-la-uia-graduarse-antes-de-flotar\/\" \/>\n<meta property=\"og:site_name\" content=\"ElCanillita.Info\" \/>\n<meta property=\"article:publisher\" content=\"https:\/\/ar-ar.facebook.com\/ElCanillitainfo-114249515285712\/\" \/>\n<meta property=\"article:published_time\" content=\"2025-11-13T14:23:35+00:00\" \/>\n<meta property=\"article:modified_time\" content=\"2025-11-13T14:25:37+00:00\" \/>\n<meta name=\"author\" content=\"SalaStampa.eu, world press service\" \/>\n<meta name=\"twitter:card\" content=\"summary_large_image\" \/>\n<meta name=\"twitter:label1\" content=\"Escrito por\" \/>\n\t<meta name=\"twitter:data1\" content=\"SalaStampa.eu, world press service\" \/>\n\t<meta name=\"twitter:label2\" content=\"Tiempo de lectura\" \/>\n\t<meta name=\"twitter:data2\" content=\"2 minutos\" \/>\n<script type=\"application\/ld+json\" class=\"yoast-schema-graph\">{\"@context\":\"https:\\\/\\\/schema.org\",\"@graph\":[{\"@type\":\"Article\",\"@id\":\"https:\\\/\\\/elcanillita.info\\\/press\\\/2025\\\/11\\\/13\\\/caputo-y-la-uia-graduarse-antes-de-flotar\\\/#article\",\"isPartOf\":{\"@id\":\"https:\\\/\\\/elcanillita.info\\\/press\\\/2025\\\/11\\\/13\\\/caputo-y-la-uia-graduarse-antes-de-flotar\\\/\"},\"author\":{\"name\":\"SalaStampa.eu, world press service\",\"@id\":\"https:\\\/\\\/elcanillita.info\\\/press\\\/#\\\/schema\\\/person\\\/7fcb79f38045700919f7da6d97e71ba0\"},\"headline\":\"\ud83d\uddde\ufe0f \ud83c\udde6\ud83c\uddf7\ud83d\udcb0\ud83d\udcb9 Caputo y la UIA: \u201cGraduarse antes de flotar\u201d\",\"datePublished\":\"2025-11-13T14:23:35+00:00\",\"dateModified\":\"2025-11-13T14:25:37+00:00\",\"mainEntityOfPage\":{\"@id\":\"https:\\\/\\\/elcanillita.info\\\/press\\\/2025\\\/11\\\/13\\\/caputo-y-la-uia-graduarse-antes-de-flotar\\\/\"},\"wordCount\":412,\"publisher\":{\"@id\":\"https:\\\/\\\/elcanillita.info\\\/press\\\/#organization\"},\"keywords\":[\"Argentina\"],\"articleSection\":[\".\",\".\",\"Actualidad\",\"Am\u00e9rica del Sur\",\"Argentina\",\"Economia\",\"Politica\",\"Sociedad\"],\"inLanguage\":\"es-AR\"},{\"@type\":\"WebPage\",\"@id\":\"https:\\\/\\\/elcanillita.info\\\/press\\\/2025\\\/11\\\/13\\\/caputo-y-la-uia-graduarse-antes-de-flotar\\\/\",\"url\":\"https:\\\/\\\/elcanillita.info\\\/press\\\/2025\\\/11\\\/13\\\/caputo-y-la-uia-graduarse-antes-de-flotar\\\/\",\"name\":\"\ud83d\uddde\ufe0f \ud83c\udde6\ud83c\uddf7\ud83d\udcb0\ud83d\udcb9 Caputo y la UIA: \u201cGraduarse antes de flotar\u201d - ElCanillita.Info\",\"isPartOf\":{\"@id\":\"https:\\\/\\\/elcanillita.info\\\/press\\\/#website\"},\"datePublished\":\"2025-11-13T14:23:35+00:00\",\"dateModified\":\"2025-11-13T14:25:37+00:00\",\"inLanguage\":\"es-AR\",\"potentialAction\":[{\"@type\":\"ReadAction\",\"target\":[\"https:\\\/\\\/elcanillita.info\\\/press\\\/2025\\\/11\\\/13\\\/caputo-y-la-uia-graduarse-antes-de-flotar\\\/\"]}]},{\"@type\":\"WebSite\",\"@id\":\"https:\\\/\\\/elcanillita.info\\\/press\\\/#website\",\"url\":\"https:\\\/\\\/elcanillita.info\\\/press\\\/\",\"name\":\"ElCanillita.Info\",\"description\":\"desde los Apeninos a los Andes\",\"publisher\":{\"@id\":\"https:\\\/\\\/elcanillita.info\\\/press\\\/#organization\"},\"potentialAction\":[{\"@type\":\"SearchAction\",\"target\":{\"@type\":\"EntryPoint\",\"urlTemplate\":\"https:\\\/\\\/elcanillita.info\\\/press\\\/?s={search_term_string}\"},\"query-input\":{\"@type\":\"PropertyValueSpecification\",\"valueRequired\":true,\"valueName\":\"search_term_string\"}}],\"inLanguage\":\"es-AR\"},{\"@type\":\"Organization\",\"@id\":\"https:\\\/\\\/elcanillita.info\\\/press\\\/#organization\",\"name\":\"Guzzo Photos & Graphic Publications\",\"url\":\"https:\\\/\\\/elcanillita.info\\\/press\\\/\",\"logo\":{\"@type\":\"ImageObject\",\"inLanguage\":\"es-AR\",\"@id\":\"https:\\\/\\\/elcanillita.info\\\/press\\\/#\\\/schema\\\/logo\\\/image\\\/\",\"url\":\"https:\\\/\\\/elcanillita.info\\\/press\\\/images\\\/2020\\\/01\\\/cropped-cropped-cropped-elcanillitainfo.png\",\"contentUrl\":\"https:\\\/\\\/elcanillita.info\\\/press\\\/images\\\/2020\\\/01\\\/cropped-cropped-cropped-elcanillitainfo.png\",\"width\":460,\"height\":50,\"caption\":\"Guzzo Photos & Graphic Publications\"},\"image\":{\"@id\":\"https:\\\/\\\/elcanillita.info\\\/press\\\/#\\\/schema\\\/logo\\\/image\\\/\"},\"sameAs\":[\"https:\\\/\\\/ar-ar.facebook.com\\\/ElCanillitainfo-114249515285712\\\/\"]},{\"@type\":\"Person\",\"@id\":\"https:\\\/\\\/elcanillita.info\\\/press\\\/#\\\/schema\\\/person\\\/7fcb79f38045700919f7da6d97e71ba0\",\"name\":\"SalaStampa.eu, world press service\",\"image\":{\"@type\":\"ImageObject\",\"inLanguage\":\"es-AR\",\"@id\":\"https:\\\/\\\/secure.gravatar.com\\\/avatar\\\/c2f0e0d515a107624234994507816ca4724c7199cef73fc8bedebf6931d73888?s=96&d=mm&r=g\",\"url\":\"https:\\\/\\\/secure.gravatar.com\\\/avatar\\\/c2f0e0d515a107624234994507816ca4724c7199cef73fc8bedebf6931d73888?s=96&d=mm&r=g\",\"contentUrl\":\"https:\\\/\\\/secure.gravatar.com\\\/avatar\\\/c2f0e0d515a107624234994507816ca4724c7199cef73fc8bedebf6931d73888?s=96&d=mm&r=g\",\"caption\":\"SalaStampa.eu, world press service\"}}]}<\/script>\n<!-- \/ Yoast SEO plugin. -->","yoast_head_json":{"title":"\ud83d\uddde\ufe0f \ud83c\udde6\ud83c\uddf7\ud83d\udcb0\ud83d\udcb9 Caputo y la UIA: \u201cGraduarse antes de flotar\u201d - ElCanillita.Info","robots":{"index":"index","follow":"follow","max-snippet":"max-snippet:-1","max-image-preview":"max-image-preview:large","max-video-preview":"max-video-preview:-1"},"canonical":"https:\/\/elcanillita.info\/press\/2025\/11\/13\/caputo-y-la-uia-graduarse-antes-de-flotar\/","og_locale":"es_ES","og_type":"article","og_title":"\ud83d\uddde\ufe0f \ud83c\udde6\ud83c\uddf7\ud83d\udcb0\ud83d\udcb9 Caputo y la UIA: \u201cGraduarse antes de flotar\u201d - ElCanillita.Info","og_description":"El ministro Caputo abri\u00f3 la Conferencia de la UIA con la soltura del alumno que lleg\u00f3 tarde pero igual pide que nadie copie.","og_url":"https:\/\/elcanillita.info\/press\/2025\/11\/13\/caputo-y-la-uia-graduarse-antes-de-flotar\/","og_site_name":"ElCanillita.Info","article_publisher":"https:\/\/ar-ar.facebook.com\/ElCanillitainfo-114249515285712\/","article_published_time":"2025-11-13T14:23:35+00:00","article_modified_time":"2025-11-13T14:25:37+00:00","author":"SalaStampa.eu, world press service","twitter_card":"summary_large_image","twitter_misc":{"Escrito por":"SalaStampa.eu, world press service","Tiempo de lectura":"2 minutos"},"schema":{"@context":"https:\/\/schema.org","@graph":[{"@type":"Article","@id":"https:\/\/elcanillita.info\/press\/2025\/11\/13\/caputo-y-la-uia-graduarse-antes-de-flotar\/#article","isPartOf":{"@id":"https:\/\/elcanillita.info\/press\/2025\/11\/13\/caputo-y-la-uia-graduarse-antes-de-flotar\/"},"author":{"name":"SalaStampa.eu, world press service","@id":"https:\/\/elcanillita.info\/press\/#\/schema\/person\/7fcb79f38045700919f7da6d97e71ba0"},"headline":"\ud83d\uddde\ufe0f \ud83c\udde6\ud83c\uddf7\ud83d\udcb0\ud83d\udcb9 Caputo y la UIA: \u201cGraduarse antes de flotar\u201d","datePublished":"2025-11-13T14:23:35+00:00","dateModified":"2025-11-13T14:25:37+00:00","mainEntityOfPage":{"@id":"https:\/\/elcanillita.info\/press\/2025\/11\/13\/caputo-y-la-uia-graduarse-antes-de-flotar\/"},"wordCount":412,"publisher":{"@id":"https:\/\/elcanillita.info\/press\/#organization"},"keywords":["Argentina"],"articleSection":[".",".","Actualidad","Am\u00e9rica del Sur","Argentina","Economia","Politica","Sociedad"],"inLanguage":"es-AR"},{"@type":"WebPage","@id":"https:\/\/elcanillita.info\/press\/2025\/11\/13\/caputo-y-la-uia-graduarse-antes-de-flotar\/","url":"https:\/\/elcanillita.info\/press\/2025\/11\/13\/caputo-y-la-uia-graduarse-antes-de-flotar\/","name":"\ud83d\uddde\ufe0f \ud83c\udde6\ud83c\uddf7\ud83d\udcb0\ud83d\udcb9 Caputo y la UIA: \u201cGraduarse antes de flotar\u201d - ElCanillita.Info","isPartOf":{"@id":"https:\/\/elcanillita.info\/press\/#website"},"datePublished":"2025-11-13T14:23:35+00:00","dateModified":"2025-11-13T14:25:37+00:00","inLanguage":"es-AR","potentialAction":[{"@type":"ReadAction","target":["https:\/\/elcanillita.info\/press\/2025\/11\/13\/caputo-y-la-uia-graduarse-antes-de-flotar\/"]}]},{"@type":"WebSite","@id":"https:\/\/elcanillita.info\/press\/#website","url":"https:\/\/elcanillita.info\/press\/","name":"ElCanillita.Info","description":"desde los Apeninos a los Andes","publisher":{"@id":"https:\/\/elcanillita.info\/press\/#organization"},"potentialAction":[{"@type":"SearchAction","target":{"@type":"EntryPoint","urlTemplate":"https:\/\/elcanillita.info\/press\/?s={search_term_string}"},"query-input":{"@type":"PropertyValueSpecification","valueRequired":true,"valueName":"search_term_string"}}],"inLanguage":"es-AR"},{"@type":"Organization","@id":"https:\/\/elcanillita.info\/press\/#organization","name":"Guzzo Photos & Graphic Publications","url":"https:\/\/elcanillita.info\/press\/","logo":{"@type":"ImageObject","inLanguage":"es-AR","@id":"https:\/\/elcanillita.info\/press\/#\/schema\/logo\/image\/","url":"https:\/\/elcanillita.info\/press\/images\/2020\/01\/cropped-cropped-cropped-elcanillitainfo.png","contentUrl":"https:\/\/elcanillita.info\/press\/images\/2020\/01\/cropped-cropped-cropped-elcanillitainfo.png","width":460,"height":50,"caption":"Guzzo Photos & Graphic Publications"},"image":{"@id":"https:\/\/elcanillita.info\/press\/#\/schema\/logo\/image\/"},"sameAs":["https:\/\/ar-ar.facebook.com\/ElCanillitainfo-114249515285712\/"]},{"@type":"Person","@id":"https:\/\/elcanillita.info\/press\/#\/schema\/person\/7fcb79f38045700919f7da6d97e71ba0","name":"SalaStampa.eu, world press service","image":{"@type":"ImageObject","inLanguage":"es-AR","@id":"https:\/\/secure.gravatar.com\/avatar\/c2f0e0d515a107624234994507816ca4724c7199cef73fc8bedebf6931d73888?s=96&d=mm&r=g","url":"https:\/\/secure.gravatar.com\/avatar\/c2f0e0d515a107624234994507816ca4724c7199cef73fc8bedebf6931d73888?s=96&d=mm&r=g","contentUrl":"https:\/\/secure.gravatar.com\/avatar\/c2f0e0d515a107624234994507816ca4724c7199cef73fc8bedebf6931d73888?s=96&d=mm&r=g","caption":"SalaStampa.eu, world press service"}}]}},"views":78,"_links":{"self":[{"href":"https:\/\/elcanillita.info\/press\/wp-json\/wp\/v2\/posts\/5605","targetHints":{"allow":["GET"]}}],"collection":[{"href":"https:\/\/elcanillita.info\/press\/wp-json\/wp\/v2\/posts"}],"about":[{"href":"https:\/\/elcanillita.info\/press\/wp-json\/wp\/v2\/types\/post"}],"author":[{"embeddable":true,"href":"https:\/\/elcanillita.info\/press\/wp-json\/wp\/v2\/users\/1"}],"replies":[{"embeddable":true,"href":"https:\/\/elcanillita.info\/press\/wp-json\/wp\/v2\/comments?post=5605"}],"version-history":[{"count":0,"href":"https:\/\/elcanillita.info\/press\/wp-json\/wp\/v2\/posts\/5605\/revisions"}],"wp:attachment":[{"href":"https:\/\/elcanillita.info\/press\/wp-json\/wp\/v2\/media?parent=5605"}],"wp:term":[{"taxonomy":"category","embeddable":true,"href":"https:\/\/elcanillita.info\/press\/wp-json\/wp\/v2\/categories?post=5605"},{"taxonomy":"post_tag","embeddable":true,"href":"https:\/\/elcanillita.info\/press\/wp-json\/wp\/v2\/tags?post=5605"}],"curies":[{"name":"wp","href":"https:\/\/api.w.org\/{rel}","templated":true}]}}