{"id":5604,"date":"2025-11-13T07:12:36","date_gmt":"2025-11-13T10:12:36","guid":{"rendered":"https:\/\/elcanillita.info\/press\/?p=5604"},"modified":"2025-11-13T07:13:11","modified_gmt":"2025-11-13T10:13:11","slug":"el-exodo-que-no-fue-la-argentina-que-malamud-mueve-con-el-mouse","status":"publish","type":"post","link":"https:\/\/elcanillita.info\/press\/2025\/11\/13\/el-exodo-que-no-fue-la-argentina-que-malamud-mueve-con-el-mouse\/","title":{"rendered":"\ud83d\uddde\ufe0f \ud83d\udcb0\ud83d\udcb9 \ud83c\udfdb\ufe0f \u201cEl \u00e9xodo que no fue: la Argentina que Malamud mueve con el mouse\u201d"},"content":{"rendered":"\n<p class=\"p1\">Andr\u00e9s Malamud volvi\u00f3 a explicar la Argentina como quien arma un mapa de SimCity: si el plan de Milei funciona \u2014dice\u2014 la gente del Conurbano simplemente har\u00e1 las valijas, saludar\u00e1 a Do\u00f1a Rosa y partir\u00e1 rumbo a Neuqu\u00e9n, como si la vida fuera una excursi\u00f3n al Alto Valle. Un detalle menor: nunca en la historia ocurri\u00f3 algo as\u00ed. Pero no importa, porque ahora lo importante es la \u201cdesconurbanizaci\u00f3n\u201d, palabra m\u00e1gica que promete solucionar todo lo que el Gobierno no puede resolver con pol\u00edticas concretas.<\/p>\n\n\n\n<p class=\"p1\">Seg\u00fan esta teor\u00eda, si el Conurbano explota, no es un problema nacional, sino un error de casting: \u201cEligieron mal al gobernador\u201d. O sea, si el ajuste aprieta, si el salario no alcanza o si el transporte colapsa, la soluci\u00f3n es simple: culpe a Kicillof. Y si nadie compra esa explicaci\u00f3n, siempre queda el recurso de que Estados Unidos nos sostenga con el \u201cca\u00f1\u00f3n interminable\u201d. Nada puede fallar\u2026 salvo todo lo que siempre falla.<\/p>\n\n\n\n<p class=\"p1\">Malamud sostiene que Milei podr\u00eda estar creando un \u201ctipo de cambio de equilibrio\u201d que al fin una lo fiscal con lo social. Raro, porque todav\u00eda nadie en la tierra \u2014ni los padres fundadores del monetarismo\u2014 logr\u00f3 ese equilibrio estable sin ayuda de un milagro, un boom de soja o un meteorito oportuno. Pero en este relato, el equilibrio aparece m\u00e1gicamente gracias al \u00e9xodo de medio pa\u00eds hacia la cordillera.<\/p>\n\n\n\n<p class=\"p1\">El polit\u00f3logo tambi\u00e9n asegura que el futuro econ\u00f3mico est\u00e1 en el interior productivo, no en el AMBA. Cierto: el pa\u00eds tiene m\u00e1s que ofrecer que la General Paz. Pero una cosa es reconocerlo, y otra vender la fantas\u00eda de que vaciar el Conurbano traer\u00e1 prosperidad autom\u00e1tica. \u00bfAlguien avis\u00f3 que las escuelas, los hospitales, el transporte y la seguridad no se trasladan con un QR?<\/p>\n\n\n\n<p class=\"p1\">Inquieta la ligereza con la que se afirma que sostener a la Argentina depende del humor de Estados Unidos. Y peor a\u00fan, del humor de Trump. Confiar nuestro futuro econ\u00f3mico a la estabilidad pol\u00edtica de un pa\u00eds cuya pol\u00edtica se decide en debates donde discuten sobre ovnis y simbolismos m\u00edsticos es, como m\u00ednimo, un acto de fe m\u00edstica. Milei tal vez crea en la mano invisible del mercado; otros creemos en la mano visible del riesgo.<\/p>\n\n\n\n<p class=\"p1\">El an\u00e1lisis se sostiene en un argumento reiterado: \u201cno hay antecedentes hist\u00f3ricos\u201d. Claro que no los hay: ning\u00fan pa\u00eds serio pudo reorganizar su estructura demogr\u00e1fica por decreto o por inflaci\u00f3n. La gente migra por oportunidad real, no por indicaci\u00f3n presidencial ni por gr\u00e1ficos de UTDT. Y cuando los gobiernos jugaron a dejar regiones libradas a su suerte, la historia termin\u00f3 siempre igual: mal.<\/p>\n\n\n\n<p class=\"p1\">Malamud describe a un Presidente que aprendi\u00f3 a negociar con gobernadores porque \u201cpendular\u201d no funcion\u00f3. En realidad, pendular funcion\u00f3 demasiado: dej\u00f3 afuera a trabajadores, jubilados, pymes y a cualquiera que a\u00fan crea que un gobierno es m\u00e1s que un algoritmo de ajuste. Ahora se busca estabilidad abraz\u00e1ndose a Santilli y a Washington. Es un giro interesante, aunque un poco tard\u00edo para quienes pasaron nueve meses con la soga al cuello.<\/p>\n\n\n\n<p class=\"p1\">El cierre es casi po\u00e9tico: el plan puede funcionar si Estados Unidos acompa\u00f1a, si China no se ofende, si el Conurbano no protesta, si los gobernadores colaboran, si las provincias mineras explotan, si la demograf\u00eda se comporta, si los d\u00f3lares llegan, si el Gobierno deja de equivocarse y si todo el contexto mundial permanece amable. En resumen: si todas las condiciones imposibles se alinean como un eclipse perfecto.<\/p>\n\n\n\n<p class=\"p1\">Mientras tanto, en la Argentina real, la que paga alquiler, boletos y comida, la teor\u00eda sigue siendo una teor\u00eda. Y el fuego de la realidad sigue quemando m\u00e1s r\u00e1pido que las fichas de un polit\u00f3logo entusiasmado.<\/p>\n\n\n\n<p><\/p>\n\n\n\n<p>\u270d\ufe0f \u00a9\ufe0f 2025 &nbsp; El Cu\u00f1ado Nacional &#8211;&nbsp; All Rights Reserved<\/p>\n\n\n\n<p><\/p>\n\n\n<p><small>\u00a9\ufe0f2025  Guzzo Photos  &#038; Graphic Publications \u2013 All Rights Reserved \u2013 Copyright \u00a9\ufe0f 2025 SalaStampa.eu, world press service \u2013 Guzzo Photos &#038; Graphic Publications \u2013 Registro Editori e Stampatori n. 1441 Turin, Italy<\/small><\/p>\n\n\n<p><\/p>\n","protected":false},"excerpt":{"rendered":"<p>Cuando las teor\u00edas brillan m\u00e1s que los hechos y los polit\u00f3logos describen la Argentina como si fuera un videojuego de \u201cmover gente con el mouse\u201d, conviene recordar que la vida real no se rige por papers, sino por bolsillos, broncas y realidades que no se mudan porque s\u00ed.<\/p>\n","protected":false},"author":14,"featured_media":0,"comment_status":"closed","ping_status":"","sticky":false,"template":"","format":"standard","meta":{"footnotes":"","_links_to":"","_links_to_target":""},"categories":[108,121,70,11,123,20,136,23,25],"tags":[29],"class_list":["post-5604","post","type-post","status-publish","format-standard","hentry","category-blogdiario","category-dc24","category-actualidad","category-america-del-sur","category-argentina","category-economia","category-opinion","category-politica","category-sociedad","tag-argentina","entry","double"],"yoast_head":"<!-- This site is optimized with the Yoast SEO plugin v27.4 - https:\/\/yoast.com\/product\/yoast-seo-wordpress\/ -->\n<title>\ud83d\uddde\ufe0f \ud83d\udcb0\ud83d\udcb9 \ud83c\udfdb\ufe0f \u201cEl \u00e9xodo que no fue: la Argentina que Malamud mueve con el mouse\u201d - ElCanillita.Info<\/title>\n<meta name=\"robots\" content=\"index, follow, max-snippet:-1, max-image-preview:large, max-video-preview:-1\" \/>\n<link rel=\"canonical\" href=\"https:\/\/elcanillita.info\/press\/2025\/11\/13\/el-exodo-que-no-fue-la-argentina-que-malamud-mueve-con-el-mouse\/\" \/>\n<meta property=\"og:locale\" content=\"es_ES\" \/>\n<meta property=\"og:type\" content=\"article\" \/>\n<meta property=\"og:title\" content=\"\ud83d\uddde\ufe0f \ud83d\udcb0\ud83d\udcb9 \ud83c\udfdb\ufe0f \u201cEl \u00e9xodo que no fue: la Argentina que Malamud mueve con el mouse\u201d - ElCanillita.Info\" \/>\n<meta property=\"og:description\" content=\"Cuando las teor\u00edas brillan m\u00e1s que los hechos y los polit\u00f3logos describen la Argentina como si fuera un videojuego de \u201cmover gente con el mouse\u201d, conviene recordar que la vida real no se rige por papers, sino por bolsillos, broncas y realidades que no se mudan porque s\u00ed.\" \/>\n<meta property=\"og:url\" content=\"https:\/\/elcanillita.info\/press\/2025\/11\/13\/el-exodo-que-no-fue-la-argentina-que-malamud-mueve-con-el-mouse\/\" \/>\n<meta property=\"og:site_name\" content=\"ElCanillita.Info\" \/>\n<meta property=\"article:publisher\" content=\"https:\/\/ar-ar.facebook.com\/ElCanillitainfo-114249515285712\/\" \/>\n<meta property=\"article:published_time\" content=\"2025-11-13T10:12:36+00:00\" \/>\n<meta property=\"article:modified_time\" content=\"2025-11-13T10:13:11+00:00\" \/>\n<meta name=\"author\" content=\"ElCanillita.info Guzzo Photos &amp; Graphic Publications\" \/>\n<meta name=\"twitter:card\" content=\"summary_large_image\" \/>\n<meta name=\"twitter:label1\" content=\"Escrito por\" \/>\n\t<meta name=\"twitter:data1\" content=\"ElCanillita.info Guzzo Photos &amp; Graphic Publications\" \/>\n\t<meta name=\"twitter:label2\" content=\"Tiempo de lectura\" \/>\n\t<meta name=\"twitter:data2\" content=\"3 minutos\" \/>\n<script type=\"application\/ld+json\" class=\"yoast-schema-graph\">{\"@context\":\"https:\\\/\\\/schema.org\",\"@graph\":[{\"@type\":\"Article\",\"@id\":\"https:\\\/\\\/elcanillita.info\\\/press\\\/2025\\\/11\\\/13\\\/el-exodo-que-no-fue-la-argentina-que-malamud-mueve-con-el-mouse\\\/#article\",\"isPartOf\":{\"@id\":\"https:\\\/\\\/elcanillita.info\\\/press\\\/2025\\\/11\\\/13\\\/el-exodo-que-no-fue-la-argentina-que-malamud-mueve-con-el-mouse\\\/\"},\"author\":{\"name\":\"ElCanillita.info Guzzo Photos &amp; Graphic Publications\",\"@id\":\"https:\\\/\\\/elcanillita.info\\\/press\\\/#\\\/schema\\\/person\\\/e37a550cff8f5f3407ed112e4cc619cb\"},\"headline\":\"\ud83d\uddde\ufe0f \ud83d\udcb0\ud83d\udcb9 \ud83c\udfdb\ufe0f \u201cEl \u00e9xodo que no fue: la Argentina que Malamud mueve con el mouse\u201d\",\"datePublished\":\"2025-11-13T10:12:36+00:00\",\"dateModified\":\"2025-11-13T10:13:11+00:00\",\"mainEntityOfPage\":{\"@id\":\"https:\\\/\\\/elcanillita.info\\\/press\\\/2025\\\/11\\\/13\\\/el-exodo-que-no-fue-la-argentina-que-malamud-mueve-con-el-mouse\\\/\"},\"wordCount\":702,\"publisher\":{\"@id\":\"https:\\\/\\\/elcanillita.info\\\/press\\\/#organization\"},\"keywords\":[\"Argentina\"],\"articleSection\":[\".\",\".\",\"Actualidad\",\"Am\u00e9rica del Sur\",\"Argentina\",\"Economia\",\"Opini\u00f3n\",\"Politica\",\"Sociedad\"],\"inLanguage\":\"es-AR\"},{\"@type\":\"WebPage\",\"@id\":\"https:\\\/\\\/elcanillita.info\\\/press\\\/2025\\\/11\\\/13\\\/el-exodo-que-no-fue-la-argentina-que-malamud-mueve-con-el-mouse\\\/\",\"url\":\"https:\\\/\\\/elcanillita.info\\\/press\\\/2025\\\/11\\\/13\\\/el-exodo-que-no-fue-la-argentina-que-malamud-mueve-con-el-mouse\\\/\",\"name\":\"\ud83d\uddde\ufe0f \ud83d\udcb0\ud83d\udcb9 \ud83c\udfdb\ufe0f \u201cEl \u00e9xodo que no fue: la Argentina que Malamud mueve con el mouse\u201d - ElCanillita.Info\",\"isPartOf\":{\"@id\":\"https:\\\/\\\/elcanillita.info\\\/press\\\/#website\"},\"datePublished\":\"2025-11-13T10:12:36+00:00\",\"dateModified\":\"2025-11-13T10:13:11+00:00\",\"inLanguage\":\"es-AR\",\"potentialAction\":[{\"@type\":\"ReadAction\",\"target\":[\"https:\\\/\\\/elcanillita.info\\\/press\\\/2025\\\/11\\\/13\\\/el-exodo-que-no-fue-la-argentina-que-malamud-mueve-con-el-mouse\\\/\"]}]},{\"@type\":\"WebSite\",\"@id\":\"https:\\\/\\\/elcanillita.info\\\/press\\\/#website\",\"url\":\"https:\\\/\\\/elcanillita.info\\\/press\\\/\",\"name\":\"ElCanillita.Info\",\"description\":\"desde los Apeninos a los Andes\",\"publisher\":{\"@id\":\"https:\\\/\\\/elcanillita.info\\\/press\\\/#organization\"},\"potentialAction\":[{\"@type\":\"SearchAction\",\"target\":{\"@type\":\"EntryPoint\",\"urlTemplate\":\"https:\\\/\\\/elcanillita.info\\\/press\\\/?s={search_term_string}\"},\"query-input\":{\"@type\":\"PropertyValueSpecification\",\"valueRequired\":true,\"valueName\":\"search_term_string\"}}],\"inLanguage\":\"es-AR\"},{\"@type\":\"Organization\",\"@id\":\"https:\\\/\\\/elcanillita.info\\\/press\\\/#organization\",\"name\":\"Guzzo Photos & Graphic Publications\",\"url\":\"https:\\\/\\\/elcanillita.info\\\/press\\\/\",\"logo\":{\"@type\":\"ImageObject\",\"inLanguage\":\"es-AR\",\"@id\":\"https:\\\/\\\/elcanillita.info\\\/press\\\/#\\\/schema\\\/logo\\\/image\\\/\",\"url\":\"https:\\\/\\\/elcanillita.info\\\/press\\\/images\\\/2020\\\/01\\\/cropped-cropped-cropped-elcanillitainfo.png\",\"contentUrl\":\"https:\\\/\\\/elcanillita.info\\\/press\\\/images\\\/2020\\\/01\\\/cropped-cropped-cropped-elcanillitainfo.png\",\"width\":460,\"height\":50,\"caption\":\"Guzzo Photos & Graphic Publications\"},\"image\":{\"@id\":\"https:\\\/\\\/elcanillita.info\\\/press\\\/#\\\/schema\\\/logo\\\/image\\\/\"},\"sameAs\":[\"https:\\\/\\\/ar-ar.facebook.com\\\/ElCanillitainfo-114249515285712\\\/\"]},{\"@type\":\"Person\",\"@id\":\"https:\\\/\\\/elcanillita.info\\\/press\\\/#\\\/schema\\\/person\\\/e37a550cff8f5f3407ed112e4cc619cb\",\"name\":\"ElCanillita.info Guzzo Photos &amp; Graphic Publications\",\"image\":{\"@type\":\"ImageObject\",\"inLanguage\":\"es-AR\",\"@id\":\"https:\\\/\\\/secure.gravatar.com\\\/avatar\\\/8914fbe0ef09248907e331ab93dfa89c7f76decf6b51cd1b2f8444e6260db772?s=96&d=mm&r=g\",\"url\":\"https:\\\/\\\/secure.gravatar.com\\\/avatar\\\/8914fbe0ef09248907e331ab93dfa89c7f76decf6b51cd1b2f8444e6260db772?s=96&d=mm&r=g\",\"contentUrl\":\"https:\\\/\\\/secure.gravatar.com\\\/avatar\\\/8914fbe0ef09248907e331ab93dfa89c7f76decf6b51cd1b2f8444e6260db772?s=96&d=mm&r=g\",\"caption\":\"ElCanillita.info Guzzo Photos &amp; Graphic Publications\"},\"sameAs\":[\"http:\\\/\\\/guzzophotos.com\"]}]}<\/script>\n<!-- \/ Yoast SEO plugin. -->","yoast_head_json":{"title":"\ud83d\uddde\ufe0f \ud83d\udcb0\ud83d\udcb9 \ud83c\udfdb\ufe0f \u201cEl \u00e9xodo que no fue: la Argentina que Malamud mueve con el mouse\u201d - ElCanillita.Info","robots":{"index":"index","follow":"follow","max-snippet":"max-snippet:-1","max-image-preview":"max-image-preview:large","max-video-preview":"max-video-preview:-1"},"canonical":"https:\/\/elcanillita.info\/press\/2025\/11\/13\/el-exodo-que-no-fue-la-argentina-que-malamud-mueve-con-el-mouse\/","og_locale":"es_ES","og_type":"article","og_title":"\ud83d\uddde\ufe0f \ud83d\udcb0\ud83d\udcb9 \ud83c\udfdb\ufe0f \u201cEl \u00e9xodo que no fue: la Argentina que Malamud mueve con el mouse\u201d - ElCanillita.Info","og_description":"Cuando las teor\u00edas brillan m\u00e1s que los hechos y los polit\u00f3logos describen la Argentina como si fuera un videojuego de \u201cmover gente con el mouse\u201d, conviene recordar que la vida real no se rige por papers, sino por bolsillos, broncas y realidades que no se mudan porque s\u00ed.","og_url":"https:\/\/elcanillita.info\/press\/2025\/11\/13\/el-exodo-que-no-fue-la-argentina-que-malamud-mueve-con-el-mouse\/","og_site_name":"ElCanillita.Info","article_publisher":"https:\/\/ar-ar.facebook.com\/ElCanillitainfo-114249515285712\/","article_published_time":"2025-11-13T10:12:36+00:00","article_modified_time":"2025-11-13T10:13:11+00:00","author":"ElCanillita.info Guzzo Photos &amp; Graphic Publications","twitter_card":"summary_large_image","twitter_misc":{"Escrito por":"ElCanillita.info Guzzo Photos &amp; Graphic Publications","Tiempo de lectura":"3 minutos"},"schema":{"@context":"https:\/\/schema.org","@graph":[{"@type":"Article","@id":"https:\/\/elcanillita.info\/press\/2025\/11\/13\/el-exodo-que-no-fue-la-argentina-que-malamud-mueve-con-el-mouse\/#article","isPartOf":{"@id":"https:\/\/elcanillita.info\/press\/2025\/11\/13\/el-exodo-que-no-fue-la-argentina-que-malamud-mueve-con-el-mouse\/"},"author":{"name":"ElCanillita.info Guzzo Photos &amp; Graphic Publications","@id":"https:\/\/elcanillita.info\/press\/#\/schema\/person\/e37a550cff8f5f3407ed112e4cc619cb"},"headline":"\ud83d\uddde\ufe0f \ud83d\udcb0\ud83d\udcb9 \ud83c\udfdb\ufe0f \u201cEl \u00e9xodo que no fue: la Argentina que Malamud mueve con el mouse\u201d","datePublished":"2025-11-13T10:12:36+00:00","dateModified":"2025-11-13T10:13:11+00:00","mainEntityOfPage":{"@id":"https:\/\/elcanillita.info\/press\/2025\/11\/13\/el-exodo-que-no-fue-la-argentina-que-malamud-mueve-con-el-mouse\/"},"wordCount":702,"publisher":{"@id":"https:\/\/elcanillita.info\/press\/#organization"},"keywords":["Argentina"],"articleSection":[".",".","Actualidad","Am\u00e9rica del Sur","Argentina","Economia","Opini\u00f3n","Politica","Sociedad"],"inLanguage":"es-AR"},{"@type":"WebPage","@id":"https:\/\/elcanillita.info\/press\/2025\/11\/13\/el-exodo-que-no-fue-la-argentina-que-malamud-mueve-con-el-mouse\/","url":"https:\/\/elcanillita.info\/press\/2025\/11\/13\/el-exodo-que-no-fue-la-argentina-que-malamud-mueve-con-el-mouse\/","name":"\ud83d\uddde\ufe0f \ud83d\udcb0\ud83d\udcb9 \ud83c\udfdb\ufe0f \u201cEl \u00e9xodo que no fue: la Argentina que Malamud mueve con el mouse\u201d - ElCanillita.Info","isPartOf":{"@id":"https:\/\/elcanillita.info\/press\/#website"},"datePublished":"2025-11-13T10:12:36+00:00","dateModified":"2025-11-13T10:13:11+00:00","inLanguage":"es-AR","potentialAction":[{"@type":"ReadAction","target":["https:\/\/elcanillita.info\/press\/2025\/11\/13\/el-exodo-que-no-fue-la-argentina-que-malamud-mueve-con-el-mouse\/"]}]},{"@type":"WebSite","@id":"https:\/\/elcanillita.info\/press\/#website","url":"https:\/\/elcanillita.info\/press\/","name":"ElCanillita.Info","description":"desde los Apeninos a los Andes","publisher":{"@id":"https:\/\/elcanillita.info\/press\/#organization"},"potentialAction":[{"@type":"SearchAction","target":{"@type":"EntryPoint","urlTemplate":"https:\/\/elcanillita.info\/press\/?s={search_term_string}"},"query-input":{"@type":"PropertyValueSpecification","valueRequired":true,"valueName":"search_term_string"}}],"inLanguage":"es-AR"},{"@type":"Organization","@id":"https:\/\/elcanillita.info\/press\/#organization","name":"Guzzo Photos & Graphic Publications","url":"https:\/\/elcanillita.info\/press\/","logo":{"@type":"ImageObject","inLanguage":"es-AR","@id":"https:\/\/elcanillita.info\/press\/#\/schema\/logo\/image\/","url":"https:\/\/elcanillita.info\/press\/images\/2020\/01\/cropped-cropped-cropped-elcanillitainfo.png","contentUrl":"https:\/\/elcanillita.info\/press\/images\/2020\/01\/cropped-cropped-cropped-elcanillitainfo.png","width":460,"height":50,"caption":"Guzzo Photos & Graphic Publications"},"image":{"@id":"https:\/\/elcanillita.info\/press\/#\/schema\/logo\/image\/"},"sameAs":["https:\/\/ar-ar.facebook.com\/ElCanillitainfo-114249515285712\/"]},{"@type":"Person","@id":"https:\/\/elcanillita.info\/press\/#\/schema\/person\/e37a550cff8f5f3407ed112e4cc619cb","name":"ElCanillita.info Guzzo Photos &amp; Graphic Publications","image":{"@type":"ImageObject","inLanguage":"es-AR","@id":"https:\/\/secure.gravatar.com\/avatar\/8914fbe0ef09248907e331ab93dfa89c7f76decf6b51cd1b2f8444e6260db772?s=96&d=mm&r=g","url":"https:\/\/secure.gravatar.com\/avatar\/8914fbe0ef09248907e331ab93dfa89c7f76decf6b51cd1b2f8444e6260db772?s=96&d=mm&r=g","contentUrl":"https:\/\/secure.gravatar.com\/avatar\/8914fbe0ef09248907e331ab93dfa89c7f76decf6b51cd1b2f8444e6260db772?s=96&d=mm&r=g","caption":"ElCanillita.info Guzzo Photos &amp; Graphic Publications"},"sameAs":["http:\/\/guzzophotos.com"]}]}},"views":94,"_links":{"self":[{"href":"https:\/\/elcanillita.info\/press\/wp-json\/wp\/v2\/posts\/5604","targetHints":{"allow":["GET"]}}],"collection":[{"href":"https:\/\/elcanillita.info\/press\/wp-json\/wp\/v2\/posts"}],"about":[{"href":"https:\/\/elcanillita.info\/press\/wp-json\/wp\/v2\/types\/post"}],"author":[{"embeddable":true,"href":"https:\/\/elcanillita.info\/press\/wp-json\/wp\/v2\/users\/14"}],"replies":[{"embeddable":true,"href":"https:\/\/elcanillita.info\/press\/wp-json\/wp\/v2\/comments?post=5604"}],"version-history":[{"count":0,"href":"https:\/\/elcanillita.info\/press\/wp-json\/wp\/v2\/posts\/5604\/revisions"}],"wp:attachment":[{"href":"https:\/\/elcanillita.info\/press\/wp-json\/wp\/v2\/media?parent=5604"}],"wp:term":[{"taxonomy":"category","embeddable":true,"href":"https:\/\/elcanillita.info\/press\/wp-json\/wp\/v2\/categories?post=5604"},{"taxonomy":"post_tag","embeddable":true,"href":"https:\/\/elcanillita.info\/press\/wp-json\/wp\/v2\/tags?post=5604"}],"curies":[{"name":"wp","href":"https:\/\/api.w.org\/{rel}","templated":true}]}}