{"id":5603,"date":"2025-11-13T02:50:27","date_gmt":"2025-11-13T05:50:27","guid":{"rendered":"https:\/\/elcanillita.info\/press\/?p=5603"},"modified":"2025-11-13T02:50:27","modified_gmt":"2025-11-13T05:50:27","slug":"momento-en-que-se-derrumba-un-puente-recien-inaugurado-en-china","status":"publish","type":"post","link":"https:\/\/elcanillita.info\/press\/2025\/11\/13\/momento-en-que-se-derrumba-un-puente-recien-inaugurado-en-china\/","title":{"rendered":"Momento en que se derrumba un puente reci\u00e9n inaugurado en China"},"content":{"rendered":"<div class=\"wp-block-image\">\n<figure class=\"alignleft size-large\"><img loading=\"lazy\" decoding=\"async\" width=\"400\" height=\"496\" src=\"https:\/\/elcanillita.info\/press\/images\/2025\/11\/img_0903.jpg\" alt=\"\" class=\"wp-image-5601\" srcset=\"https:\/\/elcanillita.info\/press\/images\/2025\/11\/img_0903.jpg 400w, https:\/\/elcanillita.info\/press\/images\/2025\/11\/img_0903-242x300.jpg 242w\" sizes=\"auto, (max-width: 400px) 100vw, 400px\" \/><\/figure>\n<\/div>\n\n\n<p class=\"p1\">El puente Hongqi, joya reciente de la infraestructura china y orgullo de las autoridades provinciales, dur\u00f3 lo que un suspiro en la historia de las megastructuras. Meses despu\u00e9s de su apertura, un tramo entero se vino abajo como si la monta\u00f1a hubiese decidido devolver la obra al remitente. Las im\u00e1genes, difundidas en masa por redes sociales, muestran losas de hormig\u00f3n cayendo al vac\u00edo, polvo elev\u00e1ndose como un tel\u00f3n que cae al final de una obra que nadie pidi\u00f3 ver dos veces.<\/p>\n\n\n\n<p class=\"p1\">El derrumbe no dej\u00f3 v\u00edctimas: la \u00fanica buena noticia de una escena que parece salida de un manual sobre c\u00f3mo no inaugurar un puente. El tr\u00e1nsito ya hab\u00eda sido cerrado tras detectar grietas en la estructura y fallas en las pendientes cercanas. Una alerta temprana que, vista ahora, suena m\u00e1s a testigo inc\u00f3modo que a simple precauci\u00f3n t\u00e9cnica.<\/p>\n\n\n\n<p class=\"p1\">Sichuan es tierra de monta\u00f1as, de fallas geol\u00f3gicas y de memoria s\u00edsmica. All\u00ed, en 2008, un terremoto de 7,9 grados demostr\u00f3 que los atajos constructivos tienen consecuencias mortales. Decenas de miles de vidas perdidas siguen siendo recordatorio de que la ingenier\u00eda necesita m\u00e1s que discursos \u00e9picos para sostenerse.<\/p>\n\n\n\n<p class=\"p1\">Pero esta vez, las autoridades locales intentan bajarle el volumen al incidente, describi\u00e9ndolo como un fen\u00f3meno natural aislado. Un relato c\u00f3modo, aunque cada grieta detectada y cada deslizamiento registrado duelen como notas al pie que nadie quiere leer.<\/p>\n\n\n\n<p class=\"p1\">La pregunta inevitable vuelve a la superficie: \u00bfqu\u00e9 est\u00e1 pasando con el control de calidad en los colosales proyectos que China levanta para mostrar m\u00fasculo econ\u00f3mico? Porque este colapso llega apenas meses despu\u00e9s de que un puente ferroviario en construcci\u00f3n en Qinghai matara a 12 trabajadores en agosto.<\/p>\n\n\n\n<p class=\"p1\">El Hongqi, terminado en enero, se hab\u00eda presentado como s\u00edmbolo de desarrollo para las regiones monta\u00f1osas pobres. Hoy, su met\u00e1fora es otra: la ambici\u00f3n sin pausa puede desplomarse igual de r\u00e1pido que sus pilares.<\/p>\n\n\n\n<p class=\"p1\">Mientras se abre una ruta de desv\u00edo y comienza la investigaci\u00f3n oficial, el Grupo de Carreteras y Puentes de Sichuan asegura que no hay fecha para reabrir la carretera. Y as\u00ed, entre polvo, grietas y silencio administrativo, el puente que deb\u00eda unir el coraz\u00f3n de China con el T\u00edbet termina uniendo dos certezas: la monta\u00f1a siempre avisa\u2026 y la propaganda, nunca.<\/p>\n\n\n\n<p><\/p>\n\n\n\n<p>&nbsp;\u270d\ufe0f \u00a9 2025 SalaStampa.eu \u2013 All Rights Reserved<\/p>\n\n\n\n<p><\/p>\n\n\n<p><small>\u00a9\ufe0f2025  Guzzo Photos  &#038; Graphic Publications \u2013 All Rights Reserved \u2013 Copyright \u00a9\ufe0f 2025 SalaStampa.eu, world press service \u2013 Guzzo Photos &#038; Graphic Publications \u2013 Registro Editori e Stampatori n. 1441 Turin, Italy<\/small><\/p>\n\n\n<p><\/p>\n","protected":false},"excerpt":{"rendered":"<p>Cuando la obra p\u00fablica se convierte en met\u00e1fora nacional: un puente que cae, un r\u00e9gimen que niega y una monta\u00f1a que recuerda que la geolog\u00eda no responde a conferencias de prensa.<\/p>\n","protected":false},"author":1,"featured_media":5602,"comment_status":"closed","ping_status":"","sticky":false,"template":"","format":"standard","meta":{"footnotes":"","_links_to":"","_links_to_target":""},"categories":[108,121,70,16,20,21,136,133],"tags":[55],"class_list":["post-5603","post","type-post","status-publish","format-standard","has-post-thumbnail","hentry","category-blogdiario","category-dc24","category-actualidad","category-asia","category-economia","category-geo","category-opinion","category-trabajo","tag-china","entry","double"],"yoast_head":"<!-- This site is optimized with the Yoast SEO plugin v27.4 - https:\/\/yoast.com\/product\/yoast-seo-wordpress\/ -->\n<title>Momento en que se derrumba un puente reci\u00e9n inaugurado en China - ElCanillita.Info<\/title>\n<meta name=\"robots\" content=\"index, follow, max-snippet:-1, max-image-preview:large, max-video-preview:-1\" \/>\n<link rel=\"canonical\" href=\"https:\/\/elcanillita.info\/press\/2025\/11\/13\/momento-en-que-se-derrumba-un-puente-recien-inaugurado-en-china\/\" \/>\n<meta property=\"og:locale\" content=\"es_ES\" \/>\n<meta property=\"og:type\" content=\"article\" \/>\n<meta property=\"og:title\" content=\"Momento en que se derrumba un puente reci\u00e9n inaugurado en China - ElCanillita.Info\" \/>\n<meta property=\"og:description\" content=\"Cuando la obra p\u00fablica se convierte en met\u00e1fora nacional: un puente que cae, un r\u00e9gimen que niega y una monta\u00f1a que recuerda que la geolog\u00eda no responde a conferencias de prensa.\" \/>\n<meta property=\"og:url\" content=\"https:\/\/elcanillita.info\/press\/2025\/11\/13\/momento-en-que-se-derrumba-un-puente-recien-inaugurado-en-china\/\" \/>\n<meta property=\"og:site_name\" content=\"ElCanillita.Info\" \/>\n<meta property=\"article:publisher\" content=\"https:\/\/ar-ar.facebook.com\/ElCanillitainfo-114249515285712\/\" \/>\n<meta property=\"article:published_time\" content=\"2025-11-13T05:50:27+00:00\" \/>\n<meta property=\"og:image\" content=\"https:\/\/elcanillita.info\/press\/images\/2025\/11\/img_0903-1.jpg\" \/>\n\t<meta property=\"og:image:width\" content=\"400\" \/>\n\t<meta property=\"og:image:height\" content=\"496\" \/>\n\t<meta property=\"og:image:type\" content=\"image\/jpeg\" \/>\n<meta name=\"author\" content=\"SalaStampa.eu, world press service\" \/>\n<meta name=\"twitter:card\" content=\"summary_large_image\" \/>\n<meta name=\"twitter:label1\" content=\"Escrito por\" \/>\n\t<meta name=\"twitter:data1\" content=\"SalaStampa.eu, world press service\" \/>\n\t<meta name=\"twitter:label2\" content=\"Tiempo de lectura\" \/>\n\t<meta name=\"twitter:data2\" content=\"2 minutos\" \/>\n<script type=\"application\/ld+json\" class=\"yoast-schema-graph\">{\"@context\":\"https:\\\/\\\/schema.org\",\"@graph\":[{\"@type\":\"Article\",\"@id\":\"https:\\\/\\\/elcanillita.info\\\/press\\\/2025\\\/11\\\/13\\\/momento-en-que-se-derrumba-un-puente-recien-inaugurado-en-china\\\/#article\",\"isPartOf\":{\"@id\":\"https:\\\/\\\/elcanillita.info\\\/press\\\/2025\\\/11\\\/13\\\/momento-en-que-se-derrumba-un-puente-recien-inaugurado-en-china\\\/\"},\"author\":{\"name\":\"SalaStampa.eu, world press service\",\"@id\":\"https:\\\/\\\/elcanillita.info\\\/press\\\/#\\\/schema\\\/person\\\/7fcb79f38045700919f7da6d97e71ba0\"},\"headline\":\"Momento en que se derrumba un puente reci\u00e9n inaugurado en China\",\"datePublished\":\"2025-11-13T05:50:27+00:00\",\"mainEntityOfPage\":{\"@id\":\"https:\\\/\\\/elcanillita.info\\\/press\\\/2025\\\/11\\\/13\\\/momento-en-que-se-derrumba-un-puente-recien-inaugurado-en-china\\\/\"},\"wordCount\":446,\"publisher\":{\"@id\":\"https:\\\/\\\/elcanillita.info\\\/press\\\/#organization\"},\"image\":{\"@id\":\"https:\\\/\\\/elcanillita.info\\\/press\\\/2025\\\/11\\\/13\\\/momento-en-que-se-derrumba-un-puente-recien-inaugurado-en-china\\\/#primaryimage\"},\"thumbnailUrl\":\"https:\\\/\\\/elcanillita.info\\\/press\\\/images\\\/2025\\\/11\\\/img_0903-1.jpg\",\"keywords\":[\"China\"],\"articleSection\":[\".\",\".\",\"Actualidad\",\"Asia\",\"Economia\",\"Geo\",\"Opini\u00f3n\",\"Trabajo\"],\"inLanguage\":\"es-AR\"},{\"@type\":\"WebPage\",\"@id\":\"https:\\\/\\\/elcanillita.info\\\/press\\\/2025\\\/11\\\/13\\\/momento-en-que-se-derrumba-un-puente-recien-inaugurado-en-china\\\/\",\"url\":\"https:\\\/\\\/elcanillita.info\\\/press\\\/2025\\\/11\\\/13\\\/momento-en-que-se-derrumba-un-puente-recien-inaugurado-en-china\\\/\",\"name\":\"Momento en que se derrumba un puente reci\u00e9n inaugurado en China - ElCanillita.Info\",\"isPartOf\":{\"@id\":\"https:\\\/\\\/elcanillita.info\\\/press\\\/#website\"},\"primaryImageOfPage\":{\"@id\":\"https:\\\/\\\/elcanillita.info\\\/press\\\/2025\\\/11\\\/13\\\/momento-en-que-se-derrumba-un-puente-recien-inaugurado-en-china\\\/#primaryimage\"},\"image\":{\"@id\":\"https:\\\/\\\/elcanillita.info\\\/press\\\/2025\\\/11\\\/13\\\/momento-en-que-se-derrumba-un-puente-recien-inaugurado-en-china\\\/#primaryimage\"},\"thumbnailUrl\":\"https:\\\/\\\/elcanillita.info\\\/press\\\/images\\\/2025\\\/11\\\/img_0903-1.jpg\",\"datePublished\":\"2025-11-13T05:50:27+00:00\",\"inLanguage\":\"es-AR\",\"potentialAction\":[{\"@type\":\"ReadAction\",\"target\":[\"https:\\\/\\\/elcanillita.info\\\/press\\\/2025\\\/11\\\/13\\\/momento-en-que-se-derrumba-un-puente-recien-inaugurado-en-china\\\/\"]}]},{\"@type\":\"ImageObject\",\"inLanguage\":\"es-AR\",\"@id\":\"https:\\\/\\\/elcanillita.info\\\/press\\\/2025\\\/11\\\/13\\\/momento-en-que-se-derrumba-un-puente-recien-inaugurado-en-china\\\/#primaryimage\",\"url\":\"https:\\\/\\\/elcanillita.info\\\/press\\\/images\\\/2025\\\/11\\\/img_0903-1.jpg\",\"contentUrl\":\"https:\\\/\\\/elcanillita.info\\\/press\\\/images\\\/2025\\\/11\\\/img_0903-1.jpg\",\"width\":400,\"height\":496},{\"@type\":\"WebSite\",\"@id\":\"https:\\\/\\\/elcanillita.info\\\/press\\\/#website\",\"url\":\"https:\\\/\\\/elcanillita.info\\\/press\\\/\",\"name\":\"ElCanillita.Info\",\"description\":\"desde los Apeninos a los Andes\",\"publisher\":{\"@id\":\"https:\\\/\\\/elcanillita.info\\\/press\\\/#organization\"},\"potentialAction\":[{\"@type\":\"SearchAction\",\"target\":{\"@type\":\"EntryPoint\",\"urlTemplate\":\"https:\\\/\\\/elcanillita.info\\\/press\\\/?s={search_term_string}\"},\"query-input\":{\"@type\":\"PropertyValueSpecification\",\"valueRequired\":true,\"valueName\":\"search_term_string\"}}],\"inLanguage\":\"es-AR\"},{\"@type\":\"Organization\",\"@id\":\"https:\\\/\\\/elcanillita.info\\\/press\\\/#organization\",\"name\":\"Guzzo Photos & Graphic Publications\",\"url\":\"https:\\\/\\\/elcanillita.info\\\/press\\\/\",\"logo\":{\"@type\":\"ImageObject\",\"inLanguage\":\"es-AR\",\"@id\":\"https:\\\/\\\/elcanillita.info\\\/press\\\/#\\\/schema\\\/logo\\\/image\\\/\",\"url\":\"https:\\\/\\\/elcanillita.info\\\/press\\\/images\\\/2020\\\/01\\\/cropped-cropped-cropped-elcanillitainfo.png\",\"contentUrl\":\"https:\\\/\\\/elcanillita.info\\\/press\\\/images\\\/2020\\\/01\\\/cropped-cropped-cropped-elcanillitainfo.png\",\"width\":460,\"height\":50,\"caption\":\"Guzzo Photos & Graphic Publications\"},\"image\":{\"@id\":\"https:\\\/\\\/elcanillita.info\\\/press\\\/#\\\/schema\\\/logo\\\/image\\\/\"},\"sameAs\":[\"https:\\\/\\\/ar-ar.facebook.com\\\/ElCanillitainfo-114249515285712\\\/\"]},{\"@type\":\"Person\",\"@id\":\"https:\\\/\\\/elcanillita.info\\\/press\\\/#\\\/schema\\\/person\\\/7fcb79f38045700919f7da6d97e71ba0\",\"name\":\"SalaStampa.eu, world press service\",\"image\":{\"@type\":\"ImageObject\",\"inLanguage\":\"es-AR\",\"@id\":\"https:\\\/\\\/secure.gravatar.com\\\/avatar\\\/c2f0e0d515a107624234994507816ca4724c7199cef73fc8bedebf6931d73888?s=96&d=mm&r=g\",\"url\":\"https:\\\/\\\/secure.gravatar.com\\\/avatar\\\/c2f0e0d515a107624234994507816ca4724c7199cef73fc8bedebf6931d73888?s=96&d=mm&r=g\",\"contentUrl\":\"https:\\\/\\\/secure.gravatar.com\\\/avatar\\\/c2f0e0d515a107624234994507816ca4724c7199cef73fc8bedebf6931d73888?s=96&d=mm&r=g\",\"caption\":\"SalaStampa.eu, world press service\"}}]}<\/script>\n<!-- \/ Yoast SEO plugin. -->","yoast_head_json":{"title":"Momento en que se derrumba un puente reci\u00e9n inaugurado en China - ElCanillita.Info","robots":{"index":"index","follow":"follow","max-snippet":"max-snippet:-1","max-image-preview":"max-image-preview:large","max-video-preview":"max-video-preview:-1"},"canonical":"https:\/\/elcanillita.info\/press\/2025\/11\/13\/momento-en-que-se-derrumba-un-puente-recien-inaugurado-en-china\/","og_locale":"es_ES","og_type":"article","og_title":"Momento en que se derrumba un puente reci\u00e9n inaugurado en China - ElCanillita.Info","og_description":"Cuando la obra p\u00fablica se convierte en met\u00e1fora nacional: un puente que cae, un r\u00e9gimen que niega y una monta\u00f1a que recuerda que la geolog\u00eda no responde a conferencias de prensa.","og_url":"https:\/\/elcanillita.info\/press\/2025\/11\/13\/momento-en-que-se-derrumba-un-puente-recien-inaugurado-en-china\/","og_site_name":"ElCanillita.Info","article_publisher":"https:\/\/ar-ar.facebook.com\/ElCanillitainfo-114249515285712\/","article_published_time":"2025-11-13T05:50:27+00:00","og_image":[{"width":400,"height":496,"url":"https:\/\/elcanillita.info\/press\/images\/2025\/11\/img_0903-1.jpg","type":"image\/jpeg"}],"author":"SalaStampa.eu, world press service","twitter_card":"summary_large_image","twitter_misc":{"Escrito por":"SalaStampa.eu, world press service","Tiempo de lectura":"2 minutos"},"schema":{"@context":"https:\/\/schema.org","@graph":[{"@type":"Article","@id":"https:\/\/elcanillita.info\/press\/2025\/11\/13\/momento-en-que-se-derrumba-un-puente-recien-inaugurado-en-china\/#article","isPartOf":{"@id":"https:\/\/elcanillita.info\/press\/2025\/11\/13\/momento-en-que-se-derrumba-un-puente-recien-inaugurado-en-china\/"},"author":{"name":"SalaStampa.eu, world press service","@id":"https:\/\/elcanillita.info\/press\/#\/schema\/person\/7fcb79f38045700919f7da6d97e71ba0"},"headline":"Momento en que se derrumba un puente reci\u00e9n inaugurado en China","datePublished":"2025-11-13T05:50:27+00:00","mainEntityOfPage":{"@id":"https:\/\/elcanillita.info\/press\/2025\/11\/13\/momento-en-que-se-derrumba-un-puente-recien-inaugurado-en-china\/"},"wordCount":446,"publisher":{"@id":"https:\/\/elcanillita.info\/press\/#organization"},"image":{"@id":"https:\/\/elcanillita.info\/press\/2025\/11\/13\/momento-en-que-se-derrumba-un-puente-recien-inaugurado-en-china\/#primaryimage"},"thumbnailUrl":"https:\/\/elcanillita.info\/press\/images\/2025\/11\/img_0903-1.jpg","keywords":["China"],"articleSection":[".",".","Actualidad","Asia","Economia","Geo","Opini\u00f3n","Trabajo"],"inLanguage":"es-AR"},{"@type":"WebPage","@id":"https:\/\/elcanillita.info\/press\/2025\/11\/13\/momento-en-que-se-derrumba-un-puente-recien-inaugurado-en-china\/","url":"https:\/\/elcanillita.info\/press\/2025\/11\/13\/momento-en-que-se-derrumba-un-puente-recien-inaugurado-en-china\/","name":"Momento en que se derrumba un puente reci\u00e9n inaugurado en China - ElCanillita.Info","isPartOf":{"@id":"https:\/\/elcanillita.info\/press\/#website"},"primaryImageOfPage":{"@id":"https:\/\/elcanillita.info\/press\/2025\/11\/13\/momento-en-que-se-derrumba-un-puente-recien-inaugurado-en-china\/#primaryimage"},"image":{"@id":"https:\/\/elcanillita.info\/press\/2025\/11\/13\/momento-en-que-se-derrumba-un-puente-recien-inaugurado-en-china\/#primaryimage"},"thumbnailUrl":"https:\/\/elcanillita.info\/press\/images\/2025\/11\/img_0903-1.jpg","datePublished":"2025-11-13T05:50:27+00:00","inLanguage":"es-AR","potentialAction":[{"@type":"ReadAction","target":["https:\/\/elcanillita.info\/press\/2025\/11\/13\/momento-en-que-se-derrumba-un-puente-recien-inaugurado-en-china\/"]}]},{"@type":"ImageObject","inLanguage":"es-AR","@id":"https:\/\/elcanillita.info\/press\/2025\/11\/13\/momento-en-que-se-derrumba-un-puente-recien-inaugurado-en-china\/#primaryimage","url":"https:\/\/elcanillita.info\/press\/images\/2025\/11\/img_0903-1.jpg","contentUrl":"https:\/\/elcanillita.info\/press\/images\/2025\/11\/img_0903-1.jpg","width":400,"height":496},{"@type":"WebSite","@id":"https:\/\/elcanillita.info\/press\/#website","url":"https:\/\/elcanillita.info\/press\/","name":"ElCanillita.Info","description":"desde los Apeninos a los Andes","publisher":{"@id":"https:\/\/elcanillita.info\/press\/#organization"},"potentialAction":[{"@type":"SearchAction","target":{"@type":"EntryPoint","urlTemplate":"https:\/\/elcanillita.info\/press\/?s={search_term_string}"},"query-input":{"@type":"PropertyValueSpecification","valueRequired":true,"valueName":"search_term_string"}}],"inLanguage":"es-AR"},{"@type":"Organization","@id":"https:\/\/elcanillita.info\/press\/#organization","name":"Guzzo Photos & Graphic Publications","url":"https:\/\/elcanillita.info\/press\/","logo":{"@type":"ImageObject","inLanguage":"es-AR","@id":"https:\/\/elcanillita.info\/press\/#\/schema\/logo\/image\/","url":"https:\/\/elcanillita.info\/press\/images\/2020\/01\/cropped-cropped-cropped-elcanillitainfo.png","contentUrl":"https:\/\/elcanillita.info\/press\/images\/2020\/01\/cropped-cropped-cropped-elcanillitainfo.png","width":460,"height":50,"caption":"Guzzo Photos & Graphic Publications"},"image":{"@id":"https:\/\/elcanillita.info\/press\/#\/schema\/logo\/image\/"},"sameAs":["https:\/\/ar-ar.facebook.com\/ElCanillitainfo-114249515285712\/"]},{"@type":"Person","@id":"https:\/\/elcanillita.info\/press\/#\/schema\/person\/7fcb79f38045700919f7da6d97e71ba0","name":"SalaStampa.eu, world press service","image":{"@type":"ImageObject","inLanguage":"es-AR","@id":"https:\/\/secure.gravatar.com\/avatar\/c2f0e0d515a107624234994507816ca4724c7199cef73fc8bedebf6931d73888?s=96&d=mm&r=g","url":"https:\/\/secure.gravatar.com\/avatar\/c2f0e0d515a107624234994507816ca4724c7199cef73fc8bedebf6931d73888?s=96&d=mm&r=g","contentUrl":"https:\/\/secure.gravatar.com\/avatar\/c2f0e0d515a107624234994507816ca4724c7199cef73fc8bedebf6931d73888?s=96&d=mm&r=g","caption":"SalaStampa.eu, world press service"}}]}},"views":193,"_links":{"self":[{"href":"https:\/\/elcanillita.info\/press\/wp-json\/wp\/v2\/posts\/5603","targetHints":{"allow":["GET"]}}],"collection":[{"href":"https:\/\/elcanillita.info\/press\/wp-json\/wp\/v2\/posts"}],"about":[{"href":"https:\/\/elcanillita.info\/press\/wp-json\/wp\/v2\/types\/post"}],"author":[{"embeddable":true,"href":"https:\/\/elcanillita.info\/press\/wp-json\/wp\/v2\/users\/1"}],"replies":[{"embeddable":true,"href":"https:\/\/elcanillita.info\/press\/wp-json\/wp\/v2\/comments?post=5603"}],"version-history":[{"count":0,"href":"https:\/\/elcanillita.info\/press\/wp-json\/wp\/v2\/posts\/5603\/revisions"}],"wp:featuredmedia":[{"embeddable":true,"href":"https:\/\/elcanillita.info\/press\/wp-json\/wp\/v2\/media\/5602"}],"wp:attachment":[{"href":"https:\/\/elcanillita.info\/press\/wp-json\/wp\/v2\/media?parent=5603"}],"wp:term":[{"taxonomy":"category","embeddable":true,"href":"https:\/\/elcanillita.info\/press\/wp-json\/wp\/v2\/categories?post=5603"},{"taxonomy":"post_tag","embeddable":true,"href":"https:\/\/elcanillita.info\/press\/wp-json\/wp\/v2\/tags?post=5603"}],"curies":[{"name":"wp","href":"https:\/\/api.w.org\/{rel}","templated":true}]}}