{"id":5600,"date":"2025-11-12T09:40:15","date_gmt":"2025-11-12T12:40:15","guid":{"rendered":"https:\/\/elcanillita.info\/press\/?p=5600"},"modified":"2025-11-12T10:39:17","modified_gmt":"2025-11-12T13:39:17","slug":"once-otra-vez-de-vido-citado-el-tren-descarrila-de-nuevo","status":"publish","type":"post","link":"https:\/\/elcanillita.info\/press\/2025\/11\/12\/once-otra-vez-de-vido-citado-el-tren-descarrila-de-nuevo\/","title":{"rendered":"\ud83d\uddde\ufe0f\u2696\ufe0f \ud83c\udde6\ud83c\uddf7 \ud83c\udfdb\ufe0f Once otra vez: De Vido citado, el tren descarrila de nuevo"},"content":{"rendered":"\n<p class=\"p1\">El destino es ir\u00f3nico. Mientras el Sarmiento volv\u00eda a descarrilar este martes \u2013dejando veinte heridos leves\u2013, la Justicia orden\u00f3 la detenci\u00f3n de Julio De Vido por la tragedia de Once de 2012. La historia se repite, solo que ahora los vagones judiciales llegan con una d\u00e9cada de retraso.<\/p>\n\n\n\n<p class=\"p1\">El Tribunal Oral Federal N\u00ba 4 cit\u00f3 al ex ministro para que se presente este jueves a las 10. La Corte Suprema dej\u00f3 firme la condena a cuatro a\u00f1os de prisi\u00f3n por administraci\u00f3n fraudulenta. Un fallo que suena a justicia tard\u00eda, pero al menos llega a destino.<\/p>\n\n\n\n<p class=\"p1\">De Vido fue absuelto del delito de estrago culposo, aunque el tribunal le reproch\u00f3 haber dejado rodar la corrupci\u00f3n sobre los rieles de TBA sin control alguno. M\u00e1s que un ministro de Planificaci\u00f3n, fue un maquinista del desv\u00edo.<\/p>\n\n\n\n<p class=\"p1\">La Corte cerr\u00f3 el expediente con su cl\u00e1sico art\u00edculo 280, el atajo elegante para decir \u201cno nos interesa seguir escuchando excusas\u201d. Rosatti, Rosenkrantz y Lorenzetti coincidieron por una vez, cosa m\u00e1s rara que un tren a horario.<\/p>\n\n\n\n<p class=\"p1\">El contraste no pudo ser m\u00e1s elocuente: un ex ministro llamado a prisi\u00f3n mientras otro convoy del Sarmiento se incrusta en los titulares. Argentina, pa\u00eds circular, donde los vagones de la impunidad siempre vuelven a pasar por la misma estaci\u00f3n.<\/p>\n\n\n\n<p><\/p>\n\n\n\n<p>\u270d\ufe0f \u00a9\ufe0f 2025 Verg\u00fcenza ajena&nbsp; &#8211; All Rights Reserved<\/p>\n\n\n\n<p><\/p>\n\n\n<p><small>\u00a9\ufe0f2025  Guzzo Photos  &#038; Graphic Publications \u2013 All Rights Reserved \u2013 Copyright \u00a9\ufe0f 2025 SalaStampa.eu, world press service \u2013 Guzzo Photos &#038; Graphic Publications \u2013 Registro Editori e Stampatori n. 1441 Turin, Italy<\/small><\/p>\n\n\n<p><\/p>\n","protected":false},"excerpt":{"rendered":"<p>El Tribunal Oral Federal N\u00ba 4 cit\u00f3 al ex ministro para que se presente este jueves a las 10.<\/p>\n","protected":false},"author":1,"featured_media":0,"comment_status":"closed","ping_status":"","sticky":false,"template":"","format":"standard","meta":{"footnotes":"","_links_to":"","_links_to_target":""},"categories":[121,108,70,11,123,118,22,25],"tags":[29],"class_list":["post-5600","post","type-post","status-publish","format-standard","hentry","category-dc24","category-blogdiario","category-actualidad","category-america-del-sur","category-argentina","category-corrupcion","category-justicia","category-sociedad","tag-argentina","entry","double"],"yoast_head":"<!-- This site is optimized with the Yoast SEO plugin v27.5 - https:\/\/yoast.com\/product\/yoast-seo-wordpress\/ -->\n<title>\ud83d\uddde\ufe0f\u2696\ufe0f \ud83c\udde6\ud83c\uddf7 \ud83c\udfdb\ufe0f Once otra vez: De Vido citado, el tren descarrila de nuevo - ElCanillita.Info<\/title>\n<meta name=\"robots\" content=\"index, follow, max-snippet:-1, max-image-preview:large, max-video-preview:-1\" \/>\n<link rel=\"canonical\" href=\"https:\/\/elcanillita.info\/press\/2025\/11\/12\/once-otra-vez-de-vido-citado-el-tren-descarrila-de-nuevo\/\" \/>\n<meta property=\"og:locale\" content=\"es_ES\" \/>\n<meta property=\"og:type\" content=\"article\" \/>\n<meta property=\"og:title\" content=\"\ud83d\uddde\ufe0f\u2696\ufe0f \ud83c\udde6\ud83c\uddf7 \ud83c\udfdb\ufe0f Once otra vez: De Vido citado, el tren descarrila de nuevo - ElCanillita.Info\" \/>\n<meta property=\"og:description\" content=\"El Tribunal Oral Federal N\u00ba 4 cit\u00f3 al ex ministro para que se presente este jueves a las 10.\" \/>\n<meta property=\"og:url\" content=\"https:\/\/elcanillita.info\/press\/2025\/11\/12\/once-otra-vez-de-vido-citado-el-tren-descarrila-de-nuevo\/\" \/>\n<meta property=\"og:site_name\" content=\"ElCanillita.Info\" \/>\n<meta property=\"article:publisher\" content=\"https:\/\/ar-ar.facebook.com\/ElCanillitainfo-114249515285712\/\" \/>\n<meta property=\"article:published_time\" content=\"2025-11-12T12:40:15+00:00\" \/>\n<meta property=\"article:modified_time\" content=\"2025-11-12T13:39:17+00:00\" \/>\n<meta name=\"author\" content=\"SalaStampa.eu, world press service\" \/>\n<meta name=\"twitter:card\" content=\"summary_large_image\" \/>\n<meta name=\"twitter:label1\" content=\"Escrito por\" \/>\n\t<meta name=\"twitter:data1\" content=\"SalaStampa.eu, world press service\" \/>\n\t<meta name=\"twitter:label2\" content=\"Tiempo de lectura\" \/>\n\t<meta name=\"twitter:data2\" content=\"1 minuto\" \/>\n<script type=\"application\/ld+json\" class=\"yoast-schema-graph\">{\"@context\":\"https:\\\/\\\/schema.org\",\"@graph\":[{\"@type\":\"Article\",\"@id\":\"https:\\\/\\\/elcanillita.info\\\/press\\\/2025\\\/11\\\/12\\\/once-otra-vez-de-vido-citado-el-tren-descarrila-de-nuevo\\\/#article\",\"isPartOf\":{\"@id\":\"https:\\\/\\\/elcanillita.info\\\/press\\\/2025\\\/11\\\/12\\\/once-otra-vez-de-vido-citado-el-tren-descarrila-de-nuevo\\\/\"},\"author\":{\"name\":\"SalaStampa.eu, world press service\",\"@id\":\"https:\\\/\\\/elcanillita.info\\\/press\\\/#\\\/schema\\\/person\\\/7fcb79f38045700919f7da6d97e71ba0\"},\"headline\":\"\ud83d\uddde\ufe0f\u2696\ufe0f \ud83c\udde6\ud83c\uddf7 \ud83c\udfdb\ufe0f Once otra vez: De Vido citado, el tren descarrila de nuevo\",\"datePublished\":\"2025-11-12T12:40:15+00:00\",\"dateModified\":\"2025-11-12T13:39:17+00:00\",\"mainEntityOfPage\":{\"@id\":\"https:\\\/\\\/elcanillita.info\\\/press\\\/2025\\\/11\\\/12\\\/once-otra-vez-de-vido-citado-el-tren-descarrila-de-nuevo\\\/\"},\"wordCount\":268,\"publisher\":{\"@id\":\"https:\\\/\\\/elcanillita.info\\\/press\\\/#organization\"},\"keywords\":[\"Argentina\"],\"articleSection\":[\".\",\".\",\"Actualidad\",\"Am\u00e9rica del Sur\",\"Argentina\",\"Corrupci\u00f3n\",\"Justicia\",\"Sociedad\"],\"inLanguage\":\"es-AR\"},{\"@type\":\"WebPage\",\"@id\":\"https:\\\/\\\/elcanillita.info\\\/press\\\/2025\\\/11\\\/12\\\/once-otra-vez-de-vido-citado-el-tren-descarrila-de-nuevo\\\/\",\"url\":\"https:\\\/\\\/elcanillita.info\\\/press\\\/2025\\\/11\\\/12\\\/once-otra-vez-de-vido-citado-el-tren-descarrila-de-nuevo\\\/\",\"name\":\"\ud83d\uddde\ufe0f\u2696\ufe0f \ud83c\udde6\ud83c\uddf7 \ud83c\udfdb\ufe0f Once otra vez: De Vido citado, el tren descarrila de nuevo - ElCanillita.Info\",\"isPartOf\":{\"@id\":\"https:\\\/\\\/elcanillita.info\\\/press\\\/#website\"},\"datePublished\":\"2025-11-12T12:40:15+00:00\",\"dateModified\":\"2025-11-12T13:39:17+00:00\",\"inLanguage\":\"es-AR\",\"potentialAction\":[{\"@type\":\"ReadAction\",\"target\":[\"https:\\\/\\\/elcanillita.info\\\/press\\\/2025\\\/11\\\/12\\\/once-otra-vez-de-vido-citado-el-tren-descarrila-de-nuevo\\\/\"]}]},{\"@type\":\"WebSite\",\"@id\":\"https:\\\/\\\/elcanillita.info\\\/press\\\/#website\",\"url\":\"https:\\\/\\\/elcanillita.info\\\/press\\\/\",\"name\":\"ElCanillita.Info\",\"description\":\"desde los Apeninos a los Andes\",\"publisher\":{\"@id\":\"https:\\\/\\\/elcanillita.info\\\/press\\\/#organization\"},\"potentialAction\":[{\"@type\":\"SearchAction\",\"target\":{\"@type\":\"EntryPoint\",\"urlTemplate\":\"https:\\\/\\\/elcanillita.info\\\/press\\\/?s={search_term_string}\"},\"query-input\":{\"@type\":\"PropertyValueSpecification\",\"valueRequired\":true,\"valueName\":\"search_term_string\"}}],\"inLanguage\":\"es-AR\"},{\"@type\":\"Organization\",\"@id\":\"https:\\\/\\\/elcanillita.info\\\/press\\\/#organization\",\"name\":\"Guzzo Photos & Graphic Publications\",\"url\":\"https:\\\/\\\/elcanillita.info\\\/press\\\/\",\"logo\":{\"@type\":\"ImageObject\",\"inLanguage\":\"es-AR\",\"@id\":\"https:\\\/\\\/elcanillita.info\\\/press\\\/#\\\/schema\\\/logo\\\/image\\\/\",\"url\":\"https:\\\/\\\/elcanillita.info\\\/press\\\/images\\\/2020\\\/01\\\/cropped-cropped-cropped-elcanillitainfo.png\",\"contentUrl\":\"https:\\\/\\\/elcanillita.info\\\/press\\\/images\\\/2020\\\/01\\\/cropped-cropped-cropped-elcanillitainfo.png\",\"width\":460,\"height\":50,\"caption\":\"Guzzo Photos & Graphic Publications\"},\"image\":{\"@id\":\"https:\\\/\\\/elcanillita.info\\\/press\\\/#\\\/schema\\\/logo\\\/image\\\/\"},\"sameAs\":[\"https:\\\/\\\/ar-ar.facebook.com\\\/ElCanillitainfo-114249515285712\\\/\"]},{\"@type\":\"Person\",\"@id\":\"https:\\\/\\\/elcanillita.info\\\/press\\\/#\\\/schema\\\/person\\\/7fcb79f38045700919f7da6d97e71ba0\",\"name\":\"SalaStampa.eu, world press service\",\"image\":{\"@type\":\"ImageObject\",\"inLanguage\":\"es-AR\",\"@id\":\"https:\\\/\\\/secure.gravatar.com\\\/avatar\\\/c2f0e0d515a107624234994507816ca4724c7199cef73fc8bedebf6931d73888?s=96&d=mm&r=g\",\"url\":\"https:\\\/\\\/secure.gravatar.com\\\/avatar\\\/c2f0e0d515a107624234994507816ca4724c7199cef73fc8bedebf6931d73888?s=96&d=mm&r=g\",\"contentUrl\":\"https:\\\/\\\/secure.gravatar.com\\\/avatar\\\/c2f0e0d515a107624234994507816ca4724c7199cef73fc8bedebf6931d73888?s=96&d=mm&r=g\",\"caption\":\"SalaStampa.eu, world press service\"}}]}<\/script>\n<!-- \/ Yoast SEO plugin. -->","yoast_head_json":{"title":"\ud83d\uddde\ufe0f\u2696\ufe0f \ud83c\udde6\ud83c\uddf7 \ud83c\udfdb\ufe0f Once otra vez: De Vido citado, el tren descarrila de nuevo - ElCanillita.Info","robots":{"index":"index","follow":"follow","max-snippet":"max-snippet:-1","max-image-preview":"max-image-preview:large","max-video-preview":"max-video-preview:-1"},"canonical":"https:\/\/elcanillita.info\/press\/2025\/11\/12\/once-otra-vez-de-vido-citado-el-tren-descarrila-de-nuevo\/","og_locale":"es_ES","og_type":"article","og_title":"\ud83d\uddde\ufe0f\u2696\ufe0f \ud83c\udde6\ud83c\uddf7 \ud83c\udfdb\ufe0f Once otra vez: De Vido citado, el tren descarrila de nuevo - ElCanillita.Info","og_description":"El Tribunal Oral Federal N\u00ba 4 cit\u00f3 al ex ministro para que se presente este jueves a las 10.","og_url":"https:\/\/elcanillita.info\/press\/2025\/11\/12\/once-otra-vez-de-vido-citado-el-tren-descarrila-de-nuevo\/","og_site_name":"ElCanillita.Info","article_publisher":"https:\/\/ar-ar.facebook.com\/ElCanillitainfo-114249515285712\/","article_published_time":"2025-11-12T12:40:15+00:00","article_modified_time":"2025-11-12T13:39:17+00:00","author":"SalaStampa.eu, world press service","twitter_card":"summary_large_image","twitter_misc":{"Escrito por":"SalaStampa.eu, world press service","Tiempo de lectura":"1 minuto"},"schema":{"@context":"https:\/\/schema.org","@graph":[{"@type":"Article","@id":"https:\/\/elcanillita.info\/press\/2025\/11\/12\/once-otra-vez-de-vido-citado-el-tren-descarrila-de-nuevo\/#article","isPartOf":{"@id":"https:\/\/elcanillita.info\/press\/2025\/11\/12\/once-otra-vez-de-vido-citado-el-tren-descarrila-de-nuevo\/"},"author":{"name":"SalaStampa.eu, world press service","@id":"https:\/\/elcanillita.info\/press\/#\/schema\/person\/7fcb79f38045700919f7da6d97e71ba0"},"headline":"\ud83d\uddde\ufe0f\u2696\ufe0f \ud83c\udde6\ud83c\uddf7 \ud83c\udfdb\ufe0f Once otra vez: De Vido citado, el tren descarrila de nuevo","datePublished":"2025-11-12T12:40:15+00:00","dateModified":"2025-11-12T13:39:17+00:00","mainEntityOfPage":{"@id":"https:\/\/elcanillita.info\/press\/2025\/11\/12\/once-otra-vez-de-vido-citado-el-tren-descarrila-de-nuevo\/"},"wordCount":268,"publisher":{"@id":"https:\/\/elcanillita.info\/press\/#organization"},"keywords":["Argentina"],"articleSection":[".",".","Actualidad","Am\u00e9rica del Sur","Argentina","Corrupci\u00f3n","Justicia","Sociedad"],"inLanguage":"es-AR"},{"@type":"WebPage","@id":"https:\/\/elcanillita.info\/press\/2025\/11\/12\/once-otra-vez-de-vido-citado-el-tren-descarrila-de-nuevo\/","url":"https:\/\/elcanillita.info\/press\/2025\/11\/12\/once-otra-vez-de-vido-citado-el-tren-descarrila-de-nuevo\/","name":"\ud83d\uddde\ufe0f\u2696\ufe0f \ud83c\udde6\ud83c\uddf7 \ud83c\udfdb\ufe0f Once otra vez: De Vido citado, el tren descarrila de nuevo - ElCanillita.Info","isPartOf":{"@id":"https:\/\/elcanillita.info\/press\/#website"},"datePublished":"2025-11-12T12:40:15+00:00","dateModified":"2025-11-12T13:39:17+00:00","inLanguage":"es-AR","potentialAction":[{"@type":"ReadAction","target":["https:\/\/elcanillita.info\/press\/2025\/11\/12\/once-otra-vez-de-vido-citado-el-tren-descarrila-de-nuevo\/"]}]},{"@type":"WebSite","@id":"https:\/\/elcanillita.info\/press\/#website","url":"https:\/\/elcanillita.info\/press\/","name":"ElCanillita.Info","description":"desde los Apeninos a los Andes","publisher":{"@id":"https:\/\/elcanillita.info\/press\/#organization"},"potentialAction":[{"@type":"SearchAction","target":{"@type":"EntryPoint","urlTemplate":"https:\/\/elcanillita.info\/press\/?s={search_term_string}"},"query-input":{"@type":"PropertyValueSpecification","valueRequired":true,"valueName":"search_term_string"}}],"inLanguage":"es-AR"},{"@type":"Organization","@id":"https:\/\/elcanillita.info\/press\/#organization","name":"Guzzo Photos & Graphic Publications","url":"https:\/\/elcanillita.info\/press\/","logo":{"@type":"ImageObject","inLanguage":"es-AR","@id":"https:\/\/elcanillita.info\/press\/#\/schema\/logo\/image\/","url":"https:\/\/elcanillita.info\/press\/images\/2020\/01\/cropped-cropped-cropped-elcanillitainfo.png","contentUrl":"https:\/\/elcanillita.info\/press\/images\/2020\/01\/cropped-cropped-cropped-elcanillitainfo.png","width":460,"height":50,"caption":"Guzzo Photos & Graphic Publications"},"image":{"@id":"https:\/\/elcanillita.info\/press\/#\/schema\/logo\/image\/"},"sameAs":["https:\/\/ar-ar.facebook.com\/ElCanillitainfo-114249515285712\/"]},{"@type":"Person","@id":"https:\/\/elcanillita.info\/press\/#\/schema\/person\/7fcb79f38045700919f7da6d97e71ba0","name":"SalaStampa.eu, world press service","image":{"@type":"ImageObject","inLanguage":"es-AR","@id":"https:\/\/secure.gravatar.com\/avatar\/c2f0e0d515a107624234994507816ca4724c7199cef73fc8bedebf6931d73888?s=96&d=mm&r=g","url":"https:\/\/secure.gravatar.com\/avatar\/c2f0e0d515a107624234994507816ca4724c7199cef73fc8bedebf6931d73888?s=96&d=mm&r=g","contentUrl":"https:\/\/secure.gravatar.com\/avatar\/c2f0e0d515a107624234994507816ca4724c7199cef73fc8bedebf6931d73888?s=96&d=mm&r=g","caption":"SalaStampa.eu, world press service"}}]}},"views":98,"_links":{"self":[{"href":"https:\/\/elcanillita.info\/press\/wp-json\/wp\/v2\/posts\/5600","targetHints":{"allow":["GET"]}}],"collection":[{"href":"https:\/\/elcanillita.info\/press\/wp-json\/wp\/v2\/posts"}],"about":[{"href":"https:\/\/elcanillita.info\/press\/wp-json\/wp\/v2\/types\/post"}],"author":[{"embeddable":true,"href":"https:\/\/elcanillita.info\/press\/wp-json\/wp\/v2\/users\/1"}],"replies":[{"embeddable":true,"href":"https:\/\/elcanillita.info\/press\/wp-json\/wp\/v2\/comments?post=5600"}],"version-history":[{"count":0,"href":"https:\/\/elcanillita.info\/press\/wp-json\/wp\/v2\/posts\/5600\/revisions"}],"wp:attachment":[{"href":"https:\/\/elcanillita.info\/press\/wp-json\/wp\/v2\/media?parent=5600"}],"wp:term":[{"taxonomy":"category","embeddable":true,"href":"https:\/\/elcanillita.info\/press\/wp-json\/wp\/v2\/categories?post=5600"},{"taxonomy":"post_tag","embeddable":true,"href":"https:\/\/elcanillita.info\/press\/wp-json\/wp\/v2\/tags?post=5600"}],"curies":[{"name":"wp","href":"https:\/\/api.w.org\/{rel}","templated":true}]}}