{"id":5597,"date":"2025-11-12T05:14:27","date_gmt":"2025-11-12T08:14:27","guid":{"rendered":"https:\/\/elcanillita.info\/press\/?p=5597"},"modified":"2025-11-12T05:15:57","modified_gmt":"2025-11-12T08:15:57","slug":"renaper-el-dni-entre-santilli-y-los-fantasmas-de-la-dictadura","status":"publish","type":"post","link":"https:\/\/elcanillita.info\/press\/2025\/11\/12\/renaper-el-dni-entre-santilli-y-los-fantasmas-de-la-dictadura\/","title":{"rendered":"\ud83d\uddde\ufe0f \ud83d\udd25 \ud83d\udd4a\ufe0f&nbsp; Renaper: el DNI entre Santilli y los fantasmas de la dictadura"},"content":{"rendered":"\n<p class=\"p1\">Cristian Ritondo rompi\u00f3 el silencio con tono de clase c\u00edvica: \u201cEl Renaper debe quedar en Interior, porque maneja datos sensibles de las personas\u201d. En criollo: ni Patricia Bullrich ni su ministerio de Seguridad deber\u00edan tocar el archivo nacional de rostros y huellas.<\/p>\n\n\n\n<p class=\"p1\">La discusi\u00f3n, que parec\u00eda t\u00e9cnica, termin\u00f3 revelando la grieta dentro del PRO. Ritondo, reci\u00e9n salido de la jura de su amigo Santilli, apunt\u00f3 con sutileza quir\u00fargica a Bullrich, que pretend\u00eda llevar el organismo bajo su ala.<\/p>\n\n\n\n<p class=\"p1\">En los pasillos, dicen que el Renaper se convirti\u00f3 en un bot\u00edn digital: informaci\u00f3n de 47 millones de argentinos, desde el color de ojos hasta la firma en el DNI. Un tesoro que ning\u00fan ministro quiere soltar.<\/p>\n\n\n\n<p class=\"p1\">\u201cEsto ya se discuti\u00f3 en la dictadura\u201d, record\u00f3 Ritondo, tirando una piedra con nombre y apellido. En los a\u00f1os de plomo, el control de la identidad era arma y vigilancia; en democracia, deber\u00eda ser un acto civil.<\/p>\n\n\n\n<p class=\"p1\">El Gobierno, mientras tanto, prepara un nuevo organigrama para que nadie entienda qui\u00e9n manda a qui\u00e9n: Santilli retiene Interior, Adorni absorbe \u00e1reas, y Bullrich se relame con los expedientes.<\/p>\n\n\n\n<p class=\"p1\">El Renaper, en s\u00edntesis, sigue donde estaba. Pero la pulseada interna demostr\u00f3 que en la Argentina los documentos cambian m\u00e1s r\u00e1pido de due\u00f1o que las promesas electorales.<\/p>\n\n\n\n<p><\/p>\n\n\n\n<p>\u270d\ufe0f \u00a92025 Redacci\u00f3n cultural, con asistencia del Laboratorio de Realismo Callejero<\/p>\n\n\n\n<p><\/p>\n\n\n<p><small>\u00a9\ufe0f2025 \u201cEl \u00faltimo que dobla la esquina\u201d\u2026poque siempre hay alguien que reparte noticias mientras todos duermen.<br \/>\nTodos los derechos reservados<br \/>\nCopyright \u00a9\ufe0f 2025 ElCanillita.info \/ SalaStampa.eu, servicio mundial de prensa<br \/>\nGuzzo Photos &#038; Graphic Publications \u2013 Registro Editori e Stampatori n. 1441 Torino, Italia<\/small><\/p>\n\n\n<p><\/p>\n","protected":false},"excerpt":{"rendered":"<p>Cristian Ritondo rompi\u00f3 el silencio con tono de clase c\u00edvica: \u201cEl Renaper debe quedar en Interior \u2026<\/p>\n","protected":false},"author":14,"featured_media":0,"comment_status":"closed","ping_status":"","sticky":false,"template":"","format":"standard","meta":{"footnotes":"","_links_to":"","_links_to_target":""},"categories":[108,121,70,11,123,23,25],"tags":[29],"class_list":["post-5597","post","type-post","status-publish","format-standard","hentry","category-blogdiario","category-dc24","category-actualidad","category-america-del-sur","category-argentina","category-politica","category-sociedad","tag-argentina","entry","double"],"yoast_head":"<!-- This site is optimized with the Yoast SEO plugin v27.5 - https:\/\/yoast.com\/product\/yoast-seo-wordpress\/ -->\n<title>\ud83d\uddde\ufe0f \ud83d\udd25 \ud83d\udd4a\ufe0f&nbsp; Renaper: el DNI entre Santilli y los fantasmas de la dictadura - ElCanillita.Info<\/title>\n<meta name=\"robots\" content=\"index, follow, max-snippet:-1, max-image-preview:large, max-video-preview:-1\" \/>\n<link rel=\"canonical\" href=\"https:\/\/elcanillita.info\/press\/2025\/11\/12\/renaper-el-dni-entre-santilli-y-los-fantasmas-de-la-dictadura\/\" \/>\n<meta property=\"og:locale\" content=\"es_ES\" \/>\n<meta property=\"og:type\" content=\"article\" \/>\n<meta property=\"og:title\" content=\"\ud83d\uddde\ufe0f \ud83d\udd25 \ud83d\udd4a\ufe0f&nbsp; Renaper: el DNI entre Santilli y los fantasmas de la dictadura - ElCanillita.Info\" \/>\n<meta property=\"og:description\" content=\"Cristian Ritondo rompi\u00f3 el silencio con tono de clase c\u00edvica: \u201cEl Renaper debe quedar en Interior \u2026\" \/>\n<meta property=\"og:url\" content=\"https:\/\/elcanillita.info\/press\/2025\/11\/12\/renaper-el-dni-entre-santilli-y-los-fantasmas-de-la-dictadura\/\" \/>\n<meta property=\"og:site_name\" content=\"ElCanillita.Info\" \/>\n<meta property=\"article:publisher\" content=\"https:\/\/ar-ar.facebook.com\/ElCanillitainfo-114249515285712\/\" \/>\n<meta property=\"article:published_time\" content=\"2025-11-12T08:14:27+00:00\" \/>\n<meta property=\"article:modified_time\" content=\"2025-11-12T08:15:57+00:00\" \/>\n<meta name=\"author\" content=\"ElCanillita.info Guzzo Photos &amp; Graphic Publications\" \/>\n<meta name=\"twitter:card\" content=\"summary_large_image\" \/>\n<meta name=\"twitter:label1\" content=\"Escrito por\" \/>\n\t<meta name=\"twitter:data1\" content=\"ElCanillita.info Guzzo Photos &amp; Graphic Publications\" \/>\n\t<meta name=\"twitter:label2\" content=\"Tiempo de lectura\" \/>\n\t<meta name=\"twitter:data2\" content=\"1 minuto\" \/>\n<script type=\"application\/ld+json\" class=\"yoast-schema-graph\">{\"@context\":\"https:\\\/\\\/schema.org\",\"@graph\":[{\"@type\":\"Article\",\"@id\":\"https:\\\/\\\/elcanillita.info\\\/press\\\/2025\\\/11\\\/12\\\/renaper-el-dni-entre-santilli-y-los-fantasmas-de-la-dictadura\\\/#article\",\"isPartOf\":{\"@id\":\"https:\\\/\\\/elcanillita.info\\\/press\\\/2025\\\/11\\\/12\\\/renaper-el-dni-entre-santilli-y-los-fantasmas-de-la-dictadura\\\/\"},\"author\":{\"name\":\"ElCanillita.info Guzzo Photos &amp; Graphic Publications\",\"@id\":\"https:\\\/\\\/elcanillita.info\\\/press\\\/#\\\/schema\\\/person\\\/e37a550cff8f5f3407ed112e4cc619cb\"},\"headline\":\"\ud83d\uddde\ufe0f \ud83d\udd25 \ud83d\udd4a\ufe0f&nbsp; Renaper: el DNI entre Santilli y los fantasmas de la dictadura\",\"datePublished\":\"2025-11-12T08:14:27+00:00\",\"dateModified\":\"2025-11-12T08:15:57+00:00\",\"mainEntityOfPage\":{\"@id\":\"https:\\\/\\\/elcanillita.info\\\/press\\\/2025\\\/11\\\/12\\\/renaper-el-dni-entre-santilli-y-los-fantasmas-de-la-dictadura\\\/\"},\"wordCount\":288,\"publisher\":{\"@id\":\"https:\\\/\\\/elcanillita.info\\\/press\\\/#organization\"},\"keywords\":[\"Argentina\"],\"articleSection\":[\".\",\".\",\"Actualidad\",\"Am\u00e9rica del Sur\",\"Argentina\",\"Politica\",\"Sociedad\"],\"inLanguage\":\"es-AR\"},{\"@type\":\"WebPage\",\"@id\":\"https:\\\/\\\/elcanillita.info\\\/press\\\/2025\\\/11\\\/12\\\/renaper-el-dni-entre-santilli-y-los-fantasmas-de-la-dictadura\\\/\",\"url\":\"https:\\\/\\\/elcanillita.info\\\/press\\\/2025\\\/11\\\/12\\\/renaper-el-dni-entre-santilli-y-los-fantasmas-de-la-dictadura\\\/\",\"name\":\"\ud83d\uddde\ufe0f \ud83d\udd25 \ud83d\udd4a\ufe0f&nbsp; Renaper: el DNI entre Santilli y los fantasmas de la dictadura - ElCanillita.Info\",\"isPartOf\":{\"@id\":\"https:\\\/\\\/elcanillita.info\\\/press\\\/#website\"},\"datePublished\":\"2025-11-12T08:14:27+00:00\",\"dateModified\":\"2025-11-12T08:15:57+00:00\",\"inLanguage\":\"es-AR\",\"potentialAction\":[{\"@type\":\"ReadAction\",\"target\":[\"https:\\\/\\\/elcanillita.info\\\/press\\\/2025\\\/11\\\/12\\\/renaper-el-dni-entre-santilli-y-los-fantasmas-de-la-dictadura\\\/\"]}]},{\"@type\":\"WebSite\",\"@id\":\"https:\\\/\\\/elcanillita.info\\\/press\\\/#website\",\"url\":\"https:\\\/\\\/elcanillita.info\\\/press\\\/\",\"name\":\"ElCanillita.Info\",\"description\":\"desde los Apeninos a los Andes\",\"publisher\":{\"@id\":\"https:\\\/\\\/elcanillita.info\\\/press\\\/#organization\"},\"potentialAction\":[{\"@type\":\"SearchAction\",\"target\":{\"@type\":\"EntryPoint\",\"urlTemplate\":\"https:\\\/\\\/elcanillita.info\\\/press\\\/?s={search_term_string}\"},\"query-input\":{\"@type\":\"PropertyValueSpecification\",\"valueRequired\":true,\"valueName\":\"search_term_string\"}}],\"inLanguage\":\"es-AR\"},{\"@type\":\"Organization\",\"@id\":\"https:\\\/\\\/elcanillita.info\\\/press\\\/#organization\",\"name\":\"Guzzo Photos & Graphic Publications\",\"url\":\"https:\\\/\\\/elcanillita.info\\\/press\\\/\",\"logo\":{\"@type\":\"ImageObject\",\"inLanguage\":\"es-AR\",\"@id\":\"https:\\\/\\\/elcanillita.info\\\/press\\\/#\\\/schema\\\/logo\\\/image\\\/\",\"url\":\"https:\\\/\\\/elcanillita.info\\\/press\\\/images\\\/2020\\\/01\\\/cropped-cropped-cropped-elcanillitainfo.png\",\"contentUrl\":\"https:\\\/\\\/elcanillita.info\\\/press\\\/images\\\/2020\\\/01\\\/cropped-cropped-cropped-elcanillitainfo.png\",\"width\":460,\"height\":50,\"caption\":\"Guzzo Photos & Graphic Publications\"},\"image\":{\"@id\":\"https:\\\/\\\/elcanillita.info\\\/press\\\/#\\\/schema\\\/logo\\\/image\\\/\"},\"sameAs\":[\"https:\\\/\\\/ar-ar.facebook.com\\\/ElCanillitainfo-114249515285712\\\/\"]},{\"@type\":\"Person\",\"@id\":\"https:\\\/\\\/elcanillita.info\\\/press\\\/#\\\/schema\\\/person\\\/e37a550cff8f5f3407ed112e4cc619cb\",\"name\":\"ElCanillita.info Guzzo Photos &amp; Graphic Publications\",\"image\":{\"@type\":\"ImageObject\",\"inLanguage\":\"es-AR\",\"@id\":\"https:\\\/\\\/secure.gravatar.com\\\/avatar\\\/8914fbe0ef09248907e331ab93dfa89c7f76decf6b51cd1b2f8444e6260db772?s=96&d=mm&r=g\",\"url\":\"https:\\\/\\\/secure.gravatar.com\\\/avatar\\\/8914fbe0ef09248907e331ab93dfa89c7f76decf6b51cd1b2f8444e6260db772?s=96&d=mm&r=g\",\"contentUrl\":\"https:\\\/\\\/secure.gravatar.com\\\/avatar\\\/8914fbe0ef09248907e331ab93dfa89c7f76decf6b51cd1b2f8444e6260db772?s=96&d=mm&r=g\",\"caption\":\"ElCanillita.info Guzzo Photos &amp; Graphic Publications\"},\"sameAs\":[\"http:\\\/\\\/guzzophotos.com\"]}]}<\/script>\n<!-- \/ Yoast SEO plugin. -->","yoast_head_json":{"title":"\ud83d\uddde\ufe0f \ud83d\udd25 \ud83d\udd4a\ufe0f&nbsp; Renaper: el DNI entre Santilli y los fantasmas de la dictadura - ElCanillita.Info","robots":{"index":"index","follow":"follow","max-snippet":"max-snippet:-1","max-image-preview":"max-image-preview:large","max-video-preview":"max-video-preview:-1"},"canonical":"https:\/\/elcanillita.info\/press\/2025\/11\/12\/renaper-el-dni-entre-santilli-y-los-fantasmas-de-la-dictadura\/","og_locale":"es_ES","og_type":"article","og_title":"\ud83d\uddde\ufe0f \ud83d\udd25 \ud83d\udd4a\ufe0f&nbsp; Renaper: el DNI entre Santilli y los fantasmas de la dictadura - ElCanillita.Info","og_description":"Cristian Ritondo rompi\u00f3 el silencio con tono de clase c\u00edvica: \u201cEl Renaper debe quedar en Interior \u2026","og_url":"https:\/\/elcanillita.info\/press\/2025\/11\/12\/renaper-el-dni-entre-santilli-y-los-fantasmas-de-la-dictadura\/","og_site_name":"ElCanillita.Info","article_publisher":"https:\/\/ar-ar.facebook.com\/ElCanillitainfo-114249515285712\/","article_published_time":"2025-11-12T08:14:27+00:00","article_modified_time":"2025-11-12T08:15:57+00:00","author":"ElCanillita.info Guzzo Photos &amp; Graphic Publications","twitter_card":"summary_large_image","twitter_misc":{"Escrito por":"ElCanillita.info Guzzo Photos &amp; Graphic Publications","Tiempo de lectura":"1 minuto"},"schema":{"@context":"https:\/\/schema.org","@graph":[{"@type":"Article","@id":"https:\/\/elcanillita.info\/press\/2025\/11\/12\/renaper-el-dni-entre-santilli-y-los-fantasmas-de-la-dictadura\/#article","isPartOf":{"@id":"https:\/\/elcanillita.info\/press\/2025\/11\/12\/renaper-el-dni-entre-santilli-y-los-fantasmas-de-la-dictadura\/"},"author":{"name":"ElCanillita.info Guzzo Photos &amp; Graphic Publications","@id":"https:\/\/elcanillita.info\/press\/#\/schema\/person\/e37a550cff8f5f3407ed112e4cc619cb"},"headline":"\ud83d\uddde\ufe0f \ud83d\udd25 \ud83d\udd4a\ufe0f&nbsp; Renaper: el DNI entre Santilli y los fantasmas de la dictadura","datePublished":"2025-11-12T08:14:27+00:00","dateModified":"2025-11-12T08:15:57+00:00","mainEntityOfPage":{"@id":"https:\/\/elcanillita.info\/press\/2025\/11\/12\/renaper-el-dni-entre-santilli-y-los-fantasmas-de-la-dictadura\/"},"wordCount":288,"publisher":{"@id":"https:\/\/elcanillita.info\/press\/#organization"},"keywords":["Argentina"],"articleSection":[".",".","Actualidad","Am\u00e9rica del Sur","Argentina","Politica","Sociedad"],"inLanguage":"es-AR"},{"@type":"WebPage","@id":"https:\/\/elcanillita.info\/press\/2025\/11\/12\/renaper-el-dni-entre-santilli-y-los-fantasmas-de-la-dictadura\/","url":"https:\/\/elcanillita.info\/press\/2025\/11\/12\/renaper-el-dni-entre-santilli-y-los-fantasmas-de-la-dictadura\/","name":"\ud83d\uddde\ufe0f \ud83d\udd25 \ud83d\udd4a\ufe0f&nbsp; Renaper: el DNI entre Santilli y los fantasmas de la dictadura - ElCanillita.Info","isPartOf":{"@id":"https:\/\/elcanillita.info\/press\/#website"},"datePublished":"2025-11-12T08:14:27+00:00","dateModified":"2025-11-12T08:15:57+00:00","inLanguage":"es-AR","potentialAction":[{"@type":"ReadAction","target":["https:\/\/elcanillita.info\/press\/2025\/11\/12\/renaper-el-dni-entre-santilli-y-los-fantasmas-de-la-dictadura\/"]}]},{"@type":"WebSite","@id":"https:\/\/elcanillita.info\/press\/#website","url":"https:\/\/elcanillita.info\/press\/","name":"ElCanillita.Info","description":"desde los Apeninos a los Andes","publisher":{"@id":"https:\/\/elcanillita.info\/press\/#organization"},"potentialAction":[{"@type":"SearchAction","target":{"@type":"EntryPoint","urlTemplate":"https:\/\/elcanillita.info\/press\/?s={search_term_string}"},"query-input":{"@type":"PropertyValueSpecification","valueRequired":true,"valueName":"search_term_string"}}],"inLanguage":"es-AR"},{"@type":"Organization","@id":"https:\/\/elcanillita.info\/press\/#organization","name":"Guzzo Photos & Graphic Publications","url":"https:\/\/elcanillita.info\/press\/","logo":{"@type":"ImageObject","inLanguage":"es-AR","@id":"https:\/\/elcanillita.info\/press\/#\/schema\/logo\/image\/","url":"https:\/\/elcanillita.info\/press\/images\/2020\/01\/cropped-cropped-cropped-elcanillitainfo.png","contentUrl":"https:\/\/elcanillita.info\/press\/images\/2020\/01\/cropped-cropped-cropped-elcanillitainfo.png","width":460,"height":50,"caption":"Guzzo Photos & Graphic Publications"},"image":{"@id":"https:\/\/elcanillita.info\/press\/#\/schema\/logo\/image\/"},"sameAs":["https:\/\/ar-ar.facebook.com\/ElCanillitainfo-114249515285712\/"]},{"@type":"Person","@id":"https:\/\/elcanillita.info\/press\/#\/schema\/person\/e37a550cff8f5f3407ed112e4cc619cb","name":"ElCanillita.info Guzzo Photos &amp; Graphic Publications","image":{"@type":"ImageObject","inLanguage":"es-AR","@id":"https:\/\/secure.gravatar.com\/avatar\/8914fbe0ef09248907e331ab93dfa89c7f76decf6b51cd1b2f8444e6260db772?s=96&d=mm&r=g","url":"https:\/\/secure.gravatar.com\/avatar\/8914fbe0ef09248907e331ab93dfa89c7f76decf6b51cd1b2f8444e6260db772?s=96&d=mm&r=g","contentUrl":"https:\/\/secure.gravatar.com\/avatar\/8914fbe0ef09248907e331ab93dfa89c7f76decf6b51cd1b2f8444e6260db772?s=96&d=mm&r=g","caption":"ElCanillita.info Guzzo Photos &amp; Graphic Publications"},"sameAs":["http:\/\/guzzophotos.com"]}]}},"views":90,"_links":{"self":[{"href":"https:\/\/elcanillita.info\/press\/wp-json\/wp\/v2\/posts\/5597","targetHints":{"allow":["GET"]}}],"collection":[{"href":"https:\/\/elcanillita.info\/press\/wp-json\/wp\/v2\/posts"}],"about":[{"href":"https:\/\/elcanillita.info\/press\/wp-json\/wp\/v2\/types\/post"}],"author":[{"embeddable":true,"href":"https:\/\/elcanillita.info\/press\/wp-json\/wp\/v2\/users\/14"}],"replies":[{"embeddable":true,"href":"https:\/\/elcanillita.info\/press\/wp-json\/wp\/v2\/comments?post=5597"}],"version-history":[{"count":0,"href":"https:\/\/elcanillita.info\/press\/wp-json\/wp\/v2\/posts\/5597\/revisions"}],"wp:attachment":[{"href":"https:\/\/elcanillita.info\/press\/wp-json\/wp\/v2\/media?parent=5597"}],"wp:term":[{"taxonomy":"category","embeddable":true,"href":"https:\/\/elcanillita.info\/press\/wp-json\/wp\/v2\/categories?post=5597"},{"taxonomy":"post_tag","embeddable":true,"href":"https:\/\/elcanillita.info\/press\/wp-json\/wp\/v2\/tags?post=5597"}],"curies":[{"name":"wp","href":"https:\/\/api.w.org\/{rel}","templated":true}]}}