{"id":5596,"date":"2025-11-12T04:36:34","date_gmt":"2025-11-12T07:36:34","guid":{"rendered":"https:\/\/elcanillita.info\/press\/?p=5596"},"modified":"2025-11-12T04:41:51","modified_gmt":"2025-11-12T07:41:51","slug":"washington-express-quirno-viaja-milei-se-baja-del-avion-del-g20","status":"publish","type":"post","link":"https:\/\/elcanillita.info\/press\/2025\/11\/12\/washington-express-quirno-viaja-milei-se-baja-del-avion-del-g20\/","title":{"rendered":"\ud83d\uddde\ufe0f \ud83c\udde6\ud83c\uddf7 \ud83c\udfdb\ufe0f \ud83d\uddf3\ufe0f Washington Express: Quirno viaja, Milei se baja del avi\u00f3n del G20"},"content":{"rendered":"\n<p class=\"p1\">El canciller Pablo Quirno parte hoy rumbo a Washington con la valija diplom\u00e1tica y el manual de obediencia bajo el brazo. Su misi\u00f3n: ajustar los \u00faltimos tornillos del acuerdo de libre comercio con Estados Unidos, ese que ya est\u00e1 \u201ccerrado\u201d seg\u00fan el embajador Alec Oxenford, pero al que todav\u00eda le falta el mo\u00f1o\u2026 y la cinta de poder.<\/p>\n\n\n\n<p class=\"p1\">Mientras tanto, el presidente Javier Milei decidi\u00f3 no asistir al G20. \u00bfMotivo? Coincidencia c\u00f3smica con Donald Trump, quien tampoco ir\u00e1. La doctrina del espejo parece seguir en modo autom\u00e1tico: lo que hace el modelo norteamericano, se replica en Buenos Aires con precisi\u00f3n de fotocopiadora.<\/p>\n\n\n\n<p class=\"p1\">Quirno llevar\u00e1 la palabra del libertario a Johannesburgo, donde la cumbre del G20 intentar\u00e1 discutir temas como el cambio clim\u00e1tico, la desigualdad y el comercio justo. Tres asuntos que el ideario mile\u00edsta suele despachar con un \u201cque se arregle el mercado\u201d.<\/p>\n\n\n\n<p class=\"p1\">Lo acompa\u00f1ar\u00e1 Federico Pinedo, titular de la Unidad Ejecutora del G20, encargado de coordinar una representaci\u00f3n sin jefe de Estado. Es decir, una delegaci\u00f3n sin foto oficial, pero con mucha ret\u00f3rica.<\/p>\n\n\n\n<p class=\"p1\">El gesto de Milei, interpretado como se\u00f1al de \u201calineamiento estrat\u00e9gico\u201d, deja al descubierto que la pol\u00edtica exterior argentina parece haberse mudado a un hotel de tres estrellas en la Avenida Pennsylvania.<\/p>\n\n\n\n<p class=\"p1\">De aqu\u00ed en m\u00e1s, Quirno oficiar\u00e1 de canciller, vocero, chofer y \u2013si hace falta\u2013 terapeuta pol\u00edtico del libertario en Washington. Porque cuando Milei decide quedarse en casa, los dem\u00e1s viajan con el alma en comisi\u00f3n.<\/p>\n\n\n\n<p><\/p>\n\n\n\n<p>\u270d\ufe0f \u00a9 2025 Don Enchufe -All Rights Reserved&nbsp;<\/p>\n\n\n\n<p><\/p>\n\n\n<p><small>\u00a9\ufe0f2025  Guzzo Photos  &#038; Graphic Publications \u2013 All Rights Reserved \u2013 Copyright \u00a9\ufe0f 2025 SalaStampa.eu, world press service \u2013 Guzzo Photos &#038; Graphic Publications \u2013 Registro Editori e Stampatori n. 1441 Turin, Italy<\/small><\/p>\n\n\n<p><\/p>\n","protected":false},"excerpt":{"rendered":"<p>El canciller Pablo Quirno parte hoy rumbo a Washington con la valija diplom\u00e1tica y el manual de obediencia bajo el brazo.<\/p>\n","protected":false},"author":1,"featured_media":0,"comment_status":"closed","ping_status":"","sticky":false,"template":"","format":"standard","meta":{"footnotes":"","_links_to":"","_links_to_target":""},"categories":[108,121,70,11,123,20,23],"tags":[29],"class_list":["post-5596","post","type-post","status-publish","format-standard","hentry","category-blogdiario","category-dc24","category-actualidad","category-america-del-sur","category-argentina","category-economia","category-politica","tag-argentina","entry","double"],"yoast_head":"<!-- This site is optimized with the Yoast SEO plugin v27.5 - https:\/\/yoast.com\/product\/yoast-seo-wordpress\/ -->\n<title>\ud83d\uddde\ufe0f \ud83c\udde6\ud83c\uddf7 \ud83c\udfdb\ufe0f \ud83d\uddf3\ufe0f Washington Express: Quirno viaja, Milei se baja del avi\u00f3n del G20 - ElCanillita.Info<\/title>\n<meta name=\"robots\" content=\"index, follow, max-snippet:-1, max-image-preview:large, max-video-preview:-1\" \/>\n<link rel=\"canonical\" href=\"https:\/\/elcanillita.info\/press\/2025\/11\/12\/washington-express-quirno-viaja-milei-se-baja-del-avion-del-g20\/\" \/>\n<meta property=\"og:locale\" content=\"es_ES\" \/>\n<meta property=\"og:type\" content=\"article\" \/>\n<meta property=\"og:title\" content=\"\ud83d\uddde\ufe0f \ud83c\udde6\ud83c\uddf7 \ud83c\udfdb\ufe0f \ud83d\uddf3\ufe0f Washington Express: Quirno viaja, Milei se baja del avi\u00f3n del G20 - ElCanillita.Info\" \/>\n<meta property=\"og:description\" content=\"El canciller Pablo Quirno parte hoy rumbo a Washington con la valija diplom\u00e1tica y el manual de obediencia bajo el brazo.\" \/>\n<meta property=\"og:url\" content=\"https:\/\/elcanillita.info\/press\/2025\/11\/12\/washington-express-quirno-viaja-milei-se-baja-del-avion-del-g20\/\" \/>\n<meta property=\"og:site_name\" content=\"ElCanillita.Info\" \/>\n<meta property=\"article:publisher\" content=\"https:\/\/ar-ar.facebook.com\/ElCanillitainfo-114249515285712\/\" \/>\n<meta property=\"article:published_time\" content=\"2025-11-12T07:36:34+00:00\" \/>\n<meta property=\"article:modified_time\" content=\"2025-11-12T07:41:51+00:00\" \/>\n<meta name=\"author\" content=\"SalaStampa.eu, world press service\" \/>\n<meta name=\"twitter:card\" content=\"summary_large_image\" \/>\n<meta name=\"twitter:label1\" content=\"Escrito por\" \/>\n\t<meta name=\"twitter:data1\" content=\"SalaStampa.eu, world press service\" \/>\n\t<meta name=\"twitter:label2\" content=\"Tiempo de lectura\" \/>\n\t<meta name=\"twitter:data2\" content=\"1 minuto\" \/>\n<script type=\"application\/ld+json\" class=\"yoast-schema-graph\">{\"@context\":\"https:\\\/\\\/schema.org\",\"@graph\":[{\"@type\":\"Article\",\"@id\":\"https:\\\/\\\/elcanillita.info\\\/press\\\/2025\\\/11\\\/12\\\/washington-express-quirno-viaja-milei-se-baja-del-avion-del-g20\\\/#article\",\"isPartOf\":{\"@id\":\"https:\\\/\\\/elcanillita.info\\\/press\\\/2025\\\/11\\\/12\\\/washington-express-quirno-viaja-milei-se-baja-del-avion-del-g20\\\/\"},\"author\":{\"name\":\"SalaStampa.eu, world press service\",\"@id\":\"https:\\\/\\\/elcanillita.info\\\/press\\\/#\\\/schema\\\/person\\\/7fcb79f38045700919f7da6d97e71ba0\"},\"headline\":\"\ud83d\uddde\ufe0f \ud83c\udde6\ud83c\uddf7 \ud83c\udfdb\ufe0f \ud83d\uddf3\ufe0f Washington Express: Quirno viaja, Milei se baja del avi\u00f3n del G20\",\"datePublished\":\"2025-11-12T07:36:34+00:00\",\"dateModified\":\"2025-11-12T07:41:51+00:00\",\"mainEntityOfPage\":{\"@id\":\"https:\\\/\\\/elcanillita.info\\\/press\\\/2025\\\/11\\\/12\\\/washington-express-quirno-viaja-milei-se-baja-del-avion-del-g20\\\/\"},\"wordCount\":303,\"publisher\":{\"@id\":\"https:\\\/\\\/elcanillita.info\\\/press\\\/#organization\"},\"keywords\":[\"Argentina\"],\"articleSection\":[\".\",\".\",\"Actualidad\",\"Am\u00e9rica del Sur\",\"Argentina\",\"Economia\",\"Politica\"],\"inLanguage\":\"es-AR\"},{\"@type\":\"WebPage\",\"@id\":\"https:\\\/\\\/elcanillita.info\\\/press\\\/2025\\\/11\\\/12\\\/washington-express-quirno-viaja-milei-se-baja-del-avion-del-g20\\\/\",\"url\":\"https:\\\/\\\/elcanillita.info\\\/press\\\/2025\\\/11\\\/12\\\/washington-express-quirno-viaja-milei-se-baja-del-avion-del-g20\\\/\",\"name\":\"\ud83d\uddde\ufe0f \ud83c\udde6\ud83c\uddf7 \ud83c\udfdb\ufe0f \ud83d\uddf3\ufe0f Washington Express: Quirno viaja, Milei se baja del avi\u00f3n del G20 - ElCanillita.Info\",\"isPartOf\":{\"@id\":\"https:\\\/\\\/elcanillita.info\\\/press\\\/#website\"},\"datePublished\":\"2025-11-12T07:36:34+00:00\",\"dateModified\":\"2025-11-12T07:41:51+00:00\",\"inLanguage\":\"es-AR\",\"potentialAction\":[{\"@type\":\"ReadAction\",\"target\":[\"https:\\\/\\\/elcanillita.info\\\/press\\\/2025\\\/11\\\/12\\\/washington-express-quirno-viaja-milei-se-baja-del-avion-del-g20\\\/\"]}]},{\"@type\":\"WebSite\",\"@id\":\"https:\\\/\\\/elcanillita.info\\\/press\\\/#website\",\"url\":\"https:\\\/\\\/elcanillita.info\\\/press\\\/\",\"name\":\"ElCanillita.Info\",\"description\":\"desde los Apeninos a los Andes\",\"publisher\":{\"@id\":\"https:\\\/\\\/elcanillita.info\\\/press\\\/#organization\"},\"potentialAction\":[{\"@type\":\"SearchAction\",\"target\":{\"@type\":\"EntryPoint\",\"urlTemplate\":\"https:\\\/\\\/elcanillita.info\\\/press\\\/?s={search_term_string}\"},\"query-input\":{\"@type\":\"PropertyValueSpecification\",\"valueRequired\":true,\"valueName\":\"search_term_string\"}}],\"inLanguage\":\"es-AR\"},{\"@type\":\"Organization\",\"@id\":\"https:\\\/\\\/elcanillita.info\\\/press\\\/#organization\",\"name\":\"Guzzo Photos & Graphic Publications\",\"url\":\"https:\\\/\\\/elcanillita.info\\\/press\\\/\",\"logo\":{\"@type\":\"ImageObject\",\"inLanguage\":\"es-AR\",\"@id\":\"https:\\\/\\\/elcanillita.info\\\/press\\\/#\\\/schema\\\/logo\\\/image\\\/\",\"url\":\"https:\\\/\\\/elcanillita.info\\\/press\\\/images\\\/2020\\\/01\\\/cropped-cropped-cropped-elcanillitainfo.png\",\"contentUrl\":\"https:\\\/\\\/elcanillita.info\\\/press\\\/images\\\/2020\\\/01\\\/cropped-cropped-cropped-elcanillitainfo.png\",\"width\":460,\"height\":50,\"caption\":\"Guzzo Photos & Graphic Publications\"},\"image\":{\"@id\":\"https:\\\/\\\/elcanillita.info\\\/press\\\/#\\\/schema\\\/logo\\\/image\\\/\"},\"sameAs\":[\"https:\\\/\\\/ar-ar.facebook.com\\\/ElCanillitainfo-114249515285712\\\/\"]},{\"@type\":\"Person\",\"@id\":\"https:\\\/\\\/elcanillita.info\\\/press\\\/#\\\/schema\\\/person\\\/7fcb79f38045700919f7da6d97e71ba0\",\"name\":\"SalaStampa.eu, world press service\",\"image\":{\"@type\":\"ImageObject\",\"inLanguage\":\"es-AR\",\"@id\":\"https:\\\/\\\/secure.gravatar.com\\\/avatar\\\/c2f0e0d515a107624234994507816ca4724c7199cef73fc8bedebf6931d73888?s=96&d=mm&r=g\",\"url\":\"https:\\\/\\\/secure.gravatar.com\\\/avatar\\\/c2f0e0d515a107624234994507816ca4724c7199cef73fc8bedebf6931d73888?s=96&d=mm&r=g\",\"contentUrl\":\"https:\\\/\\\/secure.gravatar.com\\\/avatar\\\/c2f0e0d515a107624234994507816ca4724c7199cef73fc8bedebf6931d73888?s=96&d=mm&r=g\",\"caption\":\"SalaStampa.eu, world press service\"}}]}<\/script>\n<!-- \/ Yoast SEO plugin. -->","yoast_head_json":{"title":"\ud83d\uddde\ufe0f \ud83c\udde6\ud83c\uddf7 \ud83c\udfdb\ufe0f \ud83d\uddf3\ufe0f Washington Express: Quirno viaja, Milei se baja del avi\u00f3n del G20 - ElCanillita.Info","robots":{"index":"index","follow":"follow","max-snippet":"max-snippet:-1","max-image-preview":"max-image-preview:large","max-video-preview":"max-video-preview:-1"},"canonical":"https:\/\/elcanillita.info\/press\/2025\/11\/12\/washington-express-quirno-viaja-milei-se-baja-del-avion-del-g20\/","og_locale":"es_ES","og_type":"article","og_title":"\ud83d\uddde\ufe0f \ud83c\udde6\ud83c\uddf7 \ud83c\udfdb\ufe0f \ud83d\uddf3\ufe0f Washington Express: Quirno viaja, Milei se baja del avi\u00f3n del G20 - ElCanillita.Info","og_description":"El canciller Pablo Quirno parte hoy rumbo a Washington con la valija diplom\u00e1tica y el manual de obediencia bajo el brazo.","og_url":"https:\/\/elcanillita.info\/press\/2025\/11\/12\/washington-express-quirno-viaja-milei-se-baja-del-avion-del-g20\/","og_site_name":"ElCanillita.Info","article_publisher":"https:\/\/ar-ar.facebook.com\/ElCanillitainfo-114249515285712\/","article_published_time":"2025-11-12T07:36:34+00:00","article_modified_time":"2025-11-12T07:41:51+00:00","author":"SalaStampa.eu, world press service","twitter_card":"summary_large_image","twitter_misc":{"Escrito por":"SalaStampa.eu, world press service","Tiempo de lectura":"1 minuto"},"schema":{"@context":"https:\/\/schema.org","@graph":[{"@type":"Article","@id":"https:\/\/elcanillita.info\/press\/2025\/11\/12\/washington-express-quirno-viaja-milei-se-baja-del-avion-del-g20\/#article","isPartOf":{"@id":"https:\/\/elcanillita.info\/press\/2025\/11\/12\/washington-express-quirno-viaja-milei-se-baja-del-avion-del-g20\/"},"author":{"name":"SalaStampa.eu, world press service","@id":"https:\/\/elcanillita.info\/press\/#\/schema\/person\/7fcb79f38045700919f7da6d97e71ba0"},"headline":"\ud83d\uddde\ufe0f \ud83c\udde6\ud83c\uddf7 \ud83c\udfdb\ufe0f \ud83d\uddf3\ufe0f Washington Express: Quirno viaja, Milei se baja del avi\u00f3n del G20","datePublished":"2025-11-12T07:36:34+00:00","dateModified":"2025-11-12T07:41:51+00:00","mainEntityOfPage":{"@id":"https:\/\/elcanillita.info\/press\/2025\/11\/12\/washington-express-quirno-viaja-milei-se-baja-del-avion-del-g20\/"},"wordCount":303,"publisher":{"@id":"https:\/\/elcanillita.info\/press\/#organization"},"keywords":["Argentina"],"articleSection":[".",".","Actualidad","Am\u00e9rica del Sur","Argentina","Economia","Politica"],"inLanguage":"es-AR"},{"@type":"WebPage","@id":"https:\/\/elcanillita.info\/press\/2025\/11\/12\/washington-express-quirno-viaja-milei-se-baja-del-avion-del-g20\/","url":"https:\/\/elcanillita.info\/press\/2025\/11\/12\/washington-express-quirno-viaja-milei-se-baja-del-avion-del-g20\/","name":"\ud83d\uddde\ufe0f \ud83c\udde6\ud83c\uddf7 \ud83c\udfdb\ufe0f \ud83d\uddf3\ufe0f Washington Express: Quirno viaja, Milei se baja del avi\u00f3n del G20 - ElCanillita.Info","isPartOf":{"@id":"https:\/\/elcanillita.info\/press\/#website"},"datePublished":"2025-11-12T07:36:34+00:00","dateModified":"2025-11-12T07:41:51+00:00","inLanguage":"es-AR","potentialAction":[{"@type":"ReadAction","target":["https:\/\/elcanillita.info\/press\/2025\/11\/12\/washington-express-quirno-viaja-milei-se-baja-del-avion-del-g20\/"]}]},{"@type":"WebSite","@id":"https:\/\/elcanillita.info\/press\/#website","url":"https:\/\/elcanillita.info\/press\/","name":"ElCanillita.Info","description":"desde los Apeninos a los Andes","publisher":{"@id":"https:\/\/elcanillita.info\/press\/#organization"},"potentialAction":[{"@type":"SearchAction","target":{"@type":"EntryPoint","urlTemplate":"https:\/\/elcanillita.info\/press\/?s={search_term_string}"},"query-input":{"@type":"PropertyValueSpecification","valueRequired":true,"valueName":"search_term_string"}}],"inLanguage":"es-AR"},{"@type":"Organization","@id":"https:\/\/elcanillita.info\/press\/#organization","name":"Guzzo Photos & Graphic Publications","url":"https:\/\/elcanillita.info\/press\/","logo":{"@type":"ImageObject","inLanguage":"es-AR","@id":"https:\/\/elcanillita.info\/press\/#\/schema\/logo\/image\/","url":"https:\/\/elcanillita.info\/press\/images\/2020\/01\/cropped-cropped-cropped-elcanillitainfo.png","contentUrl":"https:\/\/elcanillita.info\/press\/images\/2020\/01\/cropped-cropped-cropped-elcanillitainfo.png","width":460,"height":50,"caption":"Guzzo Photos & Graphic Publications"},"image":{"@id":"https:\/\/elcanillita.info\/press\/#\/schema\/logo\/image\/"},"sameAs":["https:\/\/ar-ar.facebook.com\/ElCanillitainfo-114249515285712\/"]},{"@type":"Person","@id":"https:\/\/elcanillita.info\/press\/#\/schema\/person\/7fcb79f38045700919f7da6d97e71ba0","name":"SalaStampa.eu, world press service","image":{"@type":"ImageObject","inLanguage":"es-AR","@id":"https:\/\/secure.gravatar.com\/avatar\/c2f0e0d515a107624234994507816ca4724c7199cef73fc8bedebf6931d73888?s=96&d=mm&r=g","url":"https:\/\/secure.gravatar.com\/avatar\/c2f0e0d515a107624234994507816ca4724c7199cef73fc8bedebf6931d73888?s=96&d=mm&r=g","contentUrl":"https:\/\/secure.gravatar.com\/avatar\/c2f0e0d515a107624234994507816ca4724c7199cef73fc8bedebf6931d73888?s=96&d=mm&r=g","caption":"SalaStampa.eu, world press service"}}]}},"views":89,"_links":{"self":[{"href":"https:\/\/elcanillita.info\/press\/wp-json\/wp\/v2\/posts\/5596","targetHints":{"allow":["GET"]}}],"collection":[{"href":"https:\/\/elcanillita.info\/press\/wp-json\/wp\/v2\/posts"}],"about":[{"href":"https:\/\/elcanillita.info\/press\/wp-json\/wp\/v2\/types\/post"}],"author":[{"embeddable":true,"href":"https:\/\/elcanillita.info\/press\/wp-json\/wp\/v2\/users\/1"}],"replies":[{"embeddable":true,"href":"https:\/\/elcanillita.info\/press\/wp-json\/wp\/v2\/comments?post=5596"}],"version-history":[{"count":0,"href":"https:\/\/elcanillita.info\/press\/wp-json\/wp\/v2\/posts\/5596\/revisions"}],"wp:attachment":[{"href":"https:\/\/elcanillita.info\/press\/wp-json\/wp\/v2\/media?parent=5596"}],"wp:term":[{"taxonomy":"category","embeddable":true,"href":"https:\/\/elcanillita.info\/press\/wp-json\/wp\/v2\/categories?post=5596"},{"taxonomy":"post_tag","embeddable":true,"href":"https:\/\/elcanillita.info\/press\/wp-json\/wp\/v2\/tags?post=5596"}],"curies":[{"name":"wp","href":"https:\/\/api.w.org\/{rel}","templated":true}]}}