{"id":5583,"date":"2025-11-07T20:29:54","date_gmt":"2025-11-07T23:29:54","guid":{"rendered":"https:\/\/elcanillita.info\/press\/?p=5583"},"modified":"2025-11-07T20:41:30","modified_gmt":"2025-11-07T23:41:30","slug":"capitalismo-celestial-con-desayuno-incluido","status":"publish","type":"post","link":"https:\/\/elcanillita.info\/press\/2025\/11\/07\/capitalismo-celestial-con-desayuno-incluido\/","title":{"rendered":"\ud83d\uddde\ufe0f \ud83d\udcb0\ud83d\udcb9 \u201cPlutocracia celestial con desayuno incluido\u201d"},"content":{"rendered":"\n<p class=\"p1\">El Presidente argentino amaneci\u00f3 en Nueva York en plan misionero: predicar la buena nueva del capitalismo puro ante los ap\u00f3stoles del Council of the Americas. Caf\u00e9, jugo y profec\u00edas de libre mercado marcaron la homil\u00eda. Susan Segal, anfitriona y creyente temprana, defini\u00f3 el encuentro como \u201cespectacular\u201d. Falt\u00f3 poco para canonizarlo.<\/p>\n\n\n\n<p class=\"p1\">Milei habl\u00f3 dos horas sin soltar el cetro ret\u00f3rico: primero, la gesti\u00f3n divina que todo lo ordena; despu\u00e9s, la redenci\u00f3n futura de una Argentina convertida en vitrina del capitalismo moralmente superior. Los inversores tomaban nota: fe, entusiasmo, y una pizca de inflaci\u00f3n.<\/p>\n\n\n\n<p class=\"p1\">Caputo y Quirno, sus nuevos arc\u00e1ngeles, asent\u00edan a cada palabra. A cada pregunta respondida \u201ccon profundidad total\u201d, otro d\u00f3lar sonre\u00eda. El clima era de misa burs\u00e1til: el RIGI como mandamiento, las reformas como evangelio, y la baja de impuestos como sacramento.<\/p>\n\n\n\n<p class=\"p1\">La liturgia encant\u00f3 a las multinacionales presentes: Glencore, Newmont, Pfizer, Cisco, FedEx, PepsiCo\u2026 un coro global dispuesto a escuchar c\u00f3mo la Argentina pod\u00eda, por fin, convertirse en \u201ctierra prometida\u201d. Solo falt\u00f3 el detalle de qui\u00e9n pagar\u00e1 el man\u00e1 energ\u00e9tico y los caminos del cobre.<\/p>\n\n\n\n<p class=\"p1\">Fuera del templo, la realidad volvi\u00f3 al tono terrenal. Desde Pimco, Pramol Dhawan levant\u00f3 la voz como un hereje con MBA: \u201cDejen flotar su moneda, mientras los tiempos son buenos\u201d. Traducido al criollo: suelten las riendas antes de que el d\u00f3lar se canse de rezar.<\/p>\n\n\n\n<p class=\"p1\">El mensaje cay\u00f3 pesado en el desayuno. Nadie respondi\u00f3 oficialmente; el silencio fue la nueva pol\u00edtica cambiaria. Milei, sin inmutarse, sigui\u00f3 proclamando el \u201cconsenso capitalista\u201d y el poder moral del dinero bien ganado.<\/p>\n\n\n\n<p class=\"p1\">El viaje continuar\u00e1 rumbo a Bolivia, para asistir a la asunci\u00f3n de Rodrigo Paz. Pero el eco neoyorquino quedar\u00e1 flotando: promesas de inversi\u00f3n, foto con banderas cruzadas y una pregunta sin respuesta \u2014la de siempre\u2014: \u00bfcu\u00e1nto dura la fe cuando el peso sigue en penitencia?<\/p>\n\n\n\n<p><\/p>\n\n\n\n<p>\u270d\ufe0f \u00a9 2025 Don Enchufe -All Rights Reserved&nbsp;<\/p>\n\n\n\n<p><\/p>\n\n\n<p><small>\u00a9\ufe0f2025  Guzzo Photos  &#038; Graphic Publications \u2013 All Rights Reserved \u2013 Copyright \u00a9\ufe0f 2025 SalaStampa.eu, world press service \u2013 Guzzo Photos &#038; Graphic Publications \u2013 Registro Editori e Stampatori n. 1441 Turin, Italy<\/small><\/p>\n\n\n<p><\/p>\n","protected":false},"excerpt":{"rendered":"<p>Entre croissants y promesas de libre mercado, Javier Milei vendi\u00f3 su evangelio econ\u00f3mico en Nueva York. Los inversores lo aplaudieron; Pimco lo ret\u00f3; y el d\u00f3lar, desde lejos, pidi\u00f3 pista para flotar.<\/p>\n","protected":false},"author":14,"featured_media":0,"comment_status":"closed","ping_status":"","sticky":false,"template":"","format":"standard","meta":{"footnotes":"","_links_to":"","_links_to_target":""},"categories":[108,121,70,11,123,20,23,130,25],"tags":[29],"class_list":["post-5583","post","type-post","status-publish","format-standard","hentry","category-blogdiario","category-dc24","category-actualidad","category-america-del-sur","category-argentina","category-economia","category-politica","category-reportero-de-dinero","category-sociedad","tag-argentina","entry","double"],"yoast_head":"<!-- This site is optimized with the Yoast SEO plugin v27.5 - https:\/\/yoast.com\/product\/yoast-seo-wordpress\/ -->\n<title>\ud83d\uddde\ufe0f \ud83d\udcb0\ud83d\udcb9 \u201cPlutocracia celestial con desayuno incluido\u201d - ElCanillita.Info<\/title>\n<meta name=\"robots\" content=\"index, follow, max-snippet:-1, max-image-preview:large, max-video-preview:-1\" \/>\n<link rel=\"canonical\" href=\"https:\/\/elcanillita.info\/press\/2025\/11\/07\/capitalismo-celestial-con-desayuno-incluido\/\" \/>\n<meta property=\"og:locale\" content=\"es_ES\" \/>\n<meta property=\"og:type\" content=\"article\" \/>\n<meta property=\"og:title\" content=\"\ud83d\uddde\ufe0f \ud83d\udcb0\ud83d\udcb9 \u201cPlutocracia celestial con desayuno incluido\u201d - ElCanillita.Info\" \/>\n<meta property=\"og:description\" content=\"Entre croissants y promesas de libre mercado, Javier Milei vendi\u00f3 su evangelio econ\u00f3mico en Nueva York. Los inversores lo aplaudieron; Pimco lo ret\u00f3; y el d\u00f3lar, desde lejos, pidi\u00f3 pista para flotar.\" \/>\n<meta property=\"og:url\" content=\"https:\/\/elcanillita.info\/press\/2025\/11\/07\/capitalismo-celestial-con-desayuno-incluido\/\" \/>\n<meta property=\"og:site_name\" content=\"ElCanillita.Info\" \/>\n<meta property=\"article:publisher\" content=\"https:\/\/ar-ar.facebook.com\/ElCanillitainfo-114249515285712\/\" \/>\n<meta property=\"article:published_time\" content=\"2025-11-07T23:29:54+00:00\" \/>\n<meta property=\"article:modified_time\" content=\"2025-11-07T23:41:30+00:00\" \/>\n<meta name=\"author\" content=\"ElCanillita.info Guzzo Photos &amp; Graphic Publications\" \/>\n<meta name=\"twitter:card\" content=\"summary_large_image\" \/>\n<meta name=\"twitter:label1\" content=\"Escrito por\" \/>\n\t<meta name=\"twitter:data1\" content=\"ElCanillita.info Guzzo Photos &amp; Graphic Publications\" \/>\n\t<meta name=\"twitter:label2\" content=\"Tiempo de lectura\" \/>\n\t<meta name=\"twitter:data2\" content=\"2 minutos\" \/>\n<script type=\"application\/ld+json\" class=\"yoast-schema-graph\">{\"@context\":\"https:\\\/\\\/schema.org\",\"@graph\":[{\"@type\":\"Article\",\"@id\":\"https:\\\/\\\/elcanillita.info\\\/press\\\/2025\\\/11\\\/07\\\/capitalismo-celestial-con-desayuno-incluido\\\/#article\",\"isPartOf\":{\"@id\":\"https:\\\/\\\/elcanillita.info\\\/press\\\/2025\\\/11\\\/07\\\/capitalismo-celestial-con-desayuno-incluido\\\/\"},\"author\":{\"name\":\"ElCanillita.info Guzzo Photos &amp; Graphic Publications\",\"@id\":\"https:\\\/\\\/elcanillita.info\\\/press\\\/#\\\/schema\\\/person\\\/e37a550cff8f5f3407ed112e4cc619cb\"},\"headline\":\"\ud83d\uddde\ufe0f \ud83d\udcb0\ud83d\udcb9 \u201cPlutocracia celestial con desayuno incluido\u201d\",\"datePublished\":\"2025-11-07T23:29:54+00:00\",\"dateModified\":\"2025-11-07T23:41:30+00:00\",\"mainEntityOfPage\":{\"@id\":\"https:\\\/\\\/elcanillita.info\\\/press\\\/2025\\\/11\\\/07\\\/capitalismo-celestial-con-desayuno-incluido\\\/\"},\"wordCount\":357,\"publisher\":{\"@id\":\"https:\\\/\\\/elcanillita.info\\\/press\\\/#organization\"},\"keywords\":[\"Argentina\"],\"articleSection\":[\".\",\".\",\"Actualidad\",\"Am\u00e9rica del Sur\",\"Argentina\",\"Economia\",\"Politica\",\"Reportero de dinero\",\"Sociedad\"],\"inLanguage\":\"es-AR\"},{\"@type\":\"WebPage\",\"@id\":\"https:\\\/\\\/elcanillita.info\\\/press\\\/2025\\\/11\\\/07\\\/capitalismo-celestial-con-desayuno-incluido\\\/\",\"url\":\"https:\\\/\\\/elcanillita.info\\\/press\\\/2025\\\/11\\\/07\\\/capitalismo-celestial-con-desayuno-incluido\\\/\",\"name\":\"\ud83d\uddde\ufe0f \ud83d\udcb0\ud83d\udcb9 \u201cPlutocracia celestial con desayuno incluido\u201d - ElCanillita.Info\",\"isPartOf\":{\"@id\":\"https:\\\/\\\/elcanillita.info\\\/press\\\/#website\"},\"datePublished\":\"2025-11-07T23:29:54+00:00\",\"dateModified\":\"2025-11-07T23:41:30+00:00\",\"inLanguage\":\"es-AR\",\"potentialAction\":[{\"@type\":\"ReadAction\",\"target\":[\"https:\\\/\\\/elcanillita.info\\\/press\\\/2025\\\/11\\\/07\\\/capitalismo-celestial-con-desayuno-incluido\\\/\"]}]},{\"@type\":\"WebSite\",\"@id\":\"https:\\\/\\\/elcanillita.info\\\/press\\\/#website\",\"url\":\"https:\\\/\\\/elcanillita.info\\\/press\\\/\",\"name\":\"ElCanillita.Info\",\"description\":\"desde los Apeninos a los Andes\",\"publisher\":{\"@id\":\"https:\\\/\\\/elcanillita.info\\\/press\\\/#organization\"},\"potentialAction\":[{\"@type\":\"SearchAction\",\"target\":{\"@type\":\"EntryPoint\",\"urlTemplate\":\"https:\\\/\\\/elcanillita.info\\\/press\\\/?s={search_term_string}\"},\"query-input\":{\"@type\":\"PropertyValueSpecification\",\"valueRequired\":true,\"valueName\":\"search_term_string\"}}],\"inLanguage\":\"es-AR\"},{\"@type\":\"Organization\",\"@id\":\"https:\\\/\\\/elcanillita.info\\\/press\\\/#organization\",\"name\":\"Guzzo Photos & Graphic Publications\",\"url\":\"https:\\\/\\\/elcanillita.info\\\/press\\\/\",\"logo\":{\"@type\":\"ImageObject\",\"inLanguage\":\"es-AR\",\"@id\":\"https:\\\/\\\/elcanillita.info\\\/press\\\/#\\\/schema\\\/logo\\\/image\\\/\",\"url\":\"https:\\\/\\\/elcanillita.info\\\/press\\\/images\\\/2020\\\/01\\\/cropped-cropped-cropped-elcanillitainfo.png\",\"contentUrl\":\"https:\\\/\\\/elcanillita.info\\\/press\\\/images\\\/2020\\\/01\\\/cropped-cropped-cropped-elcanillitainfo.png\",\"width\":460,\"height\":50,\"caption\":\"Guzzo Photos & Graphic Publications\"},\"image\":{\"@id\":\"https:\\\/\\\/elcanillita.info\\\/press\\\/#\\\/schema\\\/logo\\\/image\\\/\"},\"sameAs\":[\"https:\\\/\\\/ar-ar.facebook.com\\\/ElCanillitainfo-114249515285712\\\/\"]},{\"@type\":\"Person\",\"@id\":\"https:\\\/\\\/elcanillita.info\\\/press\\\/#\\\/schema\\\/person\\\/e37a550cff8f5f3407ed112e4cc619cb\",\"name\":\"ElCanillita.info Guzzo Photos &amp; Graphic Publications\",\"image\":{\"@type\":\"ImageObject\",\"inLanguage\":\"es-AR\",\"@id\":\"https:\\\/\\\/secure.gravatar.com\\\/avatar\\\/8914fbe0ef09248907e331ab93dfa89c7f76decf6b51cd1b2f8444e6260db772?s=96&d=mm&r=g\",\"url\":\"https:\\\/\\\/secure.gravatar.com\\\/avatar\\\/8914fbe0ef09248907e331ab93dfa89c7f76decf6b51cd1b2f8444e6260db772?s=96&d=mm&r=g\",\"contentUrl\":\"https:\\\/\\\/secure.gravatar.com\\\/avatar\\\/8914fbe0ef09248907e331ab93dfa89c7f76decf6b51cd1b2f8444e6260db772?s=96&d=mm&r=g\",\"caption\":\"ElCanillita.info Guzzo Photos &amp; Graphic Publications\"},\"sameAs\":[\"http:\\\/\\\/guzzophotos.com\"]}]}<\/script>\n<!-- \/ Yoast SEO plugin. -->","yoast_head_json":{"title":"\ud83d\uddde\ufe0f \ud83d\udcb0\ud83d\udcb9 \u201cPlutocracia celestial con desayuno incluido\u201d - ElCanillita.Info","robots":{"index":"index","follow":"follow","max-snippet":"max-snippet:-1","max-image-preview":"max-image-preview:large","max-video-preview":"max-video-preview:-1"},"canonical":"https:\/\/elcanillita.info\/press\/2025\/11\/07\/capitalismo-celestial-con-desayuno-incluido\/","og_locale":"es_ES","og_type":"article","og_title":"\ud83d\uddde\ufe0f \ud83d\udcb0\ud83d\udcb9 \u201cPlutocracia celestial con desayuno incluido\u201d - ElCanillita.Info","og_description":"Entre croissants y promesas de libre mercado, Javier Milei vendi\u00f3 su evangelio econ\u00f3mico en Nueva York. Los inversores lo aplaudieron; Pimco lo ret\u00f3; y el d\u00f3lar, desde lejos, pidi\u00f3 pista para flotar.","og_url":"https:\/\/elcanillita.info\/press\/2025\/11\/07\/capitalismo-celestial-con-desayuno-incluido\/","og_site_name":"ElCanillita.Info","article_publisher":"https:\/\/ar-ar.facebook.com\/ElCanillitainfo-114249515285712\/","article_published_time":"2025-11-07T23:29:54+00:00","article_modified_time":"2025-11-07T23:41:30+00:00","author":"ElCanillita.info Guzzo Photos &amp; Graphic Publications","twitter_card":"summary_large_image","twitter_misc":{"Escrito por":"ElCanillita.info Guzzo Photos &amp; Graphic Publications","Tiempo de lectura":"2 minutos"},"schema":{"@context":"https:\/\/schema.org","@graph":[{"@type":"Article","@id":"https:\/\/elcanillita.info\/press\/2025\/11\/07\/capitalismo-celestial-con-desayuno-incluido\/#article","isPartOf":{"@id":"https:\/\/elcanillita.info\/press\/2025\/11\/07\/capitalismo-celestial-con-desayuno-incluido\/"},"author":{"name":"ElCanillita.info Guzzo Photos &amp; Graphic Publications","@id":"https:\/\/elcanillita.info\/press\/#\/schema\/person\/e37a550cff8f5f3407ed112e4cc619cb"},"headline":"\ud83d\uddde\ufe0f \ud83d\udcb0\ud83d\udcb9 \u201cPlutocracia celestial con desayuno incluido\u201d","datePublished":"2025-11-07T23:29:54+00:00","dateModified":"2025-11-07T23:41:30+00:00","mainEntityOfPage":{"@id":"https:\/\/elcanillita.info\/press\/2025\/11\/07\/capitalismo-celestial-con-desayuno-incluido\/"},"wordCount":357,"publisher":{"@id":"https:\/\/elcanillita.info\/press\/#organization"},"keywords":["Argentina"],"articleSection":[".",".","Actualidad","Am\u00e9rica del Sur","Argentina","Economia","Politica","Reportero de dinero","Sociedad"],"inLanguage":"es-AR"},{"@type":"WebPage","@id":"https:\/\/elcanillita.info\/press\/2025\/11\/07\/capitalismo-celestial-con-desayuno-incluido\/","url":"https:\/\/elcanillita.info\/press\/2025\/11\/07\/capitalismo-celestial-con-desayuno-incluido\/","name":"\ud83d\uddde\ufe0f \ud83d\udcb0\ud83d\udcb9 \u201cPlutocracia celestial con desayuno incluido\u201d - ElCanillita.Info","isPartOf":{"@id":"https:\/\/elcanillita.info\/press\/#website"},"datePublished":"2025-11-07T23:29:54+00:00","dateModified":"2025-11-07T23:41:30+00:00","inLanguage":"es-AR","potentialAction":[{"@type":"ReadAction","target":["https:\/\/elcanillita.info\/press\/2025\/11\/07\/capitalismo-celestial-con-desayuno-incluido\/"]}]},{"@type":"WebSite","@id":"https:\/\/elcanillita.info\/press\/#website","url":"https:\/\/elcanillita.info\/press\/","name":"ElCanillita.Info","description":"desde los Apeninos a los Andes","publisher":{"@id":"https:\/\/elcanillita.info\/press\/#organization"},"potentialAction":[{"@type":"SearchAction","target":{"@type":"EntryPoint","urlTemplate":"https:\/\/elcanillita.info\/press\/?s={search_term_string}"},"query-input":{"@type":"PropertyValueSpecification","valueRequired":true,"valueName":"search_term_string"}}],"inLanguage":"es-AR"},{"@type":"Organization","@id":"https:\/\/elcanillita.info\/press\/#organization","name":"Guzzo Photos & Graphic Publications","url":"https:\/\/elcanillita.info\/press\/","logo":{"@type":"ImageObject","inLanguage":"es-AR","@id":"https:\/\/elcanillita.info\/press\/#\/schema\/logo\/image\/","url":"https:\/\/elcanillita.info\/press\/images\/2020\/01\/cropped-cropped-cropped-elcanillitainfo.png","contentUrl":"https:\/\/elcanillita.info\/press\/images\/2020\/01\/cropped-cropped-cropped-elcanillitainfo.png","width":460,"height":50,"caption":"Guzzo Photos & Graphic Publications"},"image":{"@id":"https:\/\/elcanillita.info\/press\/#\/schema\/logo\/image\/"},"sameAs":["https:\/\/ar-ar.facebook.com\/ElCanillitainfo-114249515285712\/"]},{"@type":"Person","@id":"https:\/\/elcanillita.info\/press\/#\/schema\/person\/e37a550cff8f5f3407ed112e4cc619cb","name":"ElCanillita.info Guzzo Photos &amp; Graphic Publications","image":{"@type":"ImageObject","inLanguage":"es-AR","@id":"https:\/\/secure.gravatar.com\/avatar\/8914fbe0ef09248907e331ab93dfa89c7f76decf6b51cd1b2f8444e6260db772?s=96&d=mm&r=g","url":"https:\/\/secure.gravatar.com\/avatar\/8914fbe0ef09248907e331ab93dfa89c7f76decf6b51cd1b2f8444e6260db772?s=96&d=mm&r=g","contentUrl":"https:\/\/secure.gravatar.com\/avatar\/8914fbe0ef09248907e331ab93dfa89c7f76decf6b51cd1b2f8444e6260db772?s=96&d=mm&r=g","caption":"ElCanillita.info Guzzo Photos &amp; Graphic Publications"},"sameAs":["http:\/\/guzzophotos.com"]}]}},"views":114,"_links":{"self":[{"href":"https:\/\/elcanillita.info\/press\/wp-json\/wp\/v2\/posts\/5583","targetHints":{"allow":["GET"]}}],"collection":[{"href":"https:\/\/elcanillita.info\/press\/wp-json\/wp\/v2\/posts"}],"about":[{"href":"https:\/\/elcanillita.info\/press\/wp-json\/wp\/v2\/types\/post"}],"author":[{"embeddable":true,"href":"https:\/\/elcanillita.info\/press\/wp-json\/wp\/v2\/users\/14"}],"replies":[{"embeddable":true,"href":"https:\/\/elcanillita.info\/press\/wp-json\/wp\/v2\/comments?post=5583"}],"version-history":[{"count":0,"href":"https:\/\/elcanillita.info\/press\/wp-json\/wp\/v2\/posts\/5583\/revisions"}],"wp:attachment":[{"href":"https:\/\/elcanillita.info\/press\/wp-json\/wp\/v2\/media?parent=5583"}],"wp:term":[{"taxonomy":"category","embeddable":true,"href":"https:\/\/elcanillita.info\/press\/wp-json\/wp\/v2\/categories?post=5583"},{"taxonomy":"post_tag","embeddable":true,"href":"https:\/\/elcanillita.info\/press\/wp-json\/wp\/v2\/tags?post=5583"}],"curies":[{"name":"wp","href":"https:\/\/api.w.org\/{rel}","templated":true}]}}