{"id":5582,"date":"2025-11-07T04:25:07","date_gmt":"2025-11-07T07:25:07","guid":{"rendered":"https:\/\/elcanillita.info\/press\/?p=5582"},"modified":"2025-11-07T04:25:32","modified_gmt":"2025-11-07T07:25:32","slug":"el-capitalismo-como-religion-de-estado","status":"publish","type":"post","link":"https:\/\/elcanillita.info\/press\/2025\/11\/07\/el-capitalismo-como-religion-de-estado\/","title":{"rendered":"\ud83d\uddde\ufe0f \ud83d\udd4a\ufe0f\ud83c\udfb6 El capitalismo como religi\u00f3n de Estado"},"content":{"rendered":"\n<p class=\"p1\">1. De Miami con fe (de mercado)<\/p>\n\n\n\n<p class=\"p3\">Javier Milei aterriz\u00f3 en Miami como un predicador libertario en peregrinaci\u00f3n. En el America Business Forum, entre luces de estadio y ovaciones en ingl\u00e9s de ocasi\u00f3n, volvi\u00f3 a su mantra preferido: \u201cArgentina ser\u00e1 grande cuando adore al mercado y exorcice al Estado\u201d.<\/p>\n\n\n\n<p class=\"p3\">El auditorio, mitad empresarios, mitad curiosos, aplaudi\u00f3 como quien asiste a una misa carism\u00e1tica con promesas de redenci\u00f3n financiera.<\/p>\n\n\n\n<p class=\"p1\">2. \u201cRiesgo kuka\u201d y otras epifan\u00edas<\/p>\n\n\n\n<p class=\"p3\">El Presidente habl\u00f3 del \u201criesgo kuka\u201d como si fuera un virus tropical erradicado gracias a su cruzada. Dijo que el comunismo est\u00e1 derrotado, el socialismo del siglo XXI enterrado y el kirchnerismo convertido en f\u00e1bula moral.<\/p>\n\n\n\n<p class=\"p3\">En esa narrativa, \u00e9l no gobierna un pa\u00eds: dirige una terapia colectiva contra el estatismo. Y, por momentos, parece disfrutar m\u00e1s de bautizar conceptos que de gobernar realidades.<\/p>\n\n\n\n<p class=\"p1\">3. Un consenso sin consenso<\/p>\n\n\n\n<p class=\"p3\">Milei se jact\u00f3 de haber logrado \u201cun plan de estabilizaci\u00f3n exitoso con consenso social, pero sin consenso pol\u00edtico\u201d. Traducido: los n\u00fameros no cierran, pero el p\u00fablico aplaude.<\/p>\n\n\n\n<p class=\"p3\">En su l\u00f3gica, la falta de apoyo pol\u00edtico es una medalla: prueba de pureza ideol\u00f3gica. El problema es que los mercados \u2014tan racionales\u2014 suelen exigir m\u00e1s que ovaciones.<\/p>\n\n\n\n<p class=\"p1\">4. La misa capitalista<\/p>\n\n\n\n<p class=\"p3\">\u201cEl momento de aprovechar las oportunidades es ahora\u201d, areng\u00f3, pidiendo a los empresarios que inviertan como si les ofreciera indulgencias plenarias.<\/p>\n\n\n\n<p class=\"p3\">Propuso un \u201cconsenso capitalista\u201d \u2014una frase que har\u00eda sonre\u00edr a Adam Smith y temblar a Max Weber\u2014.<\/p>\n\n\n\n<p class=\"p3\">Si el siglo XIX tuvo sus cruzadas religiosas, el XXI tiene sus cruzadas burs\u00e1tiles: el dogma de Milei promete salvaci\u00f3n v\u00eda offshore.<\/p>\n\n\n\n<p class=\"p1\">5. Agradecimientos celestiales<\/p>\n\n\n\n<p class=\"p3\">En un rapto de gratitud m\u00edstica, agradeci\u00f3 a Donald Trump \u201cpor el acuerdo de carne argentina\u201d, cuatro veces superior al anterior.<\/p>\n\n\n\n<p class=\"p3\">Un acuerdo a\u00fan no firmado, pero convenientemente bendecido desde el altar del foro.<\/p>\n\n\n\n<p class=\"p3\">Entre tanto incienso verbal, el detalle menor de la oposici\u00f3n de los ganaderos estadounidenses qued\u00f3, claro, fuera del serm\u00f3n.<\/p>\n\n\n\n<p class=\"p1\">6. Escenograf\u00eda con claros en las tribunas<\/p>\n\n\n\n<p class=\"p3\">El Kaseya Center no estuvo lleno, pero la fe no necesita multitudes: bastan los convencidos. Karina Milei en primera fila, Luis Caputo como ap\u00f3stol econ\u00f3mico, y un p\u00fablico deseoso de selfies patri\u00f3ticas completaron la liturgia.<\/p>\n\n\n\n<p class=\"p3\">Los \u201c\u00a1viva la libertad, carajo!\u201d resonaron m\u00e1s como letan\u00edas que como consignas pol\u00edticas.<\/p>\n\n\n\n<p class=\"p1\">7. El gui\u00f1o al \u201crubio profeta\u201d<\/p>\n\n\n\n<p class=\"p3\">\u201cVamos a hacer a la Argentina y a Am\u00e9rica grandes otra vez\u201d, proclam\u00f3, robando el eslogan a su mentor espiritual, Donald Trump.<\/p>\n\n\n\n<p class=\"p3\">Un gui\u00f1o que confirma que Milei no viaja a EE.UU. en busca de inversiones sino de legitimidad simb\u00f3lica: la bendici\u00f3n del padre fundacional del populismo neoliberal.<\/p>\n\n\n\n<p class=\"p1\">8. Zurdo por un d\u00eda<\/p>\n\n\n\n<p class=\"p3\">Con Messi en el mismo escenario, el Presidente brome\u00f3: \u201cYo tambi\u00e9n puedo felicitar a un zurdo\u201d.<\/p>\n\n\n\n<p class=\"p3\">El chiste f\u00e1cil ocultaba una verdad inc\u00f3moda: el Milei orador se siente m\u00e1s c\u00f3modo en Miami que en el Congreso argentino. En los foros globales no hay interpelaciones, s\u00f3lo aplausos.<\/p>\n\n\n\n<p class=\"p1\">9. Reformas para creyentes<\/p>\n\n\n\n<p class=\"p3\">Prometi\u00f3 un Congreso \u201cm\u00e1s reformista de la historia\u201d a partir de diciembre.<\/p>\n\n\n\n<p class=\"p3\">\u201cModernizaci\u00f3n laboral, desregulaci\u00f3n y baja de impuestos\u201d, enumer\u00f3, como si fueran los Tres Mandamientos del Nuevo Testamento libertario.<\/p>\n\n\n\n<p class=\"p3\">La reforma penal \u2014mencionada de pasada\u2014 ser\u00e1 la penitencia para los que no crean en el mercado.<\/p>\n\n\n\n<p class=\"p1\">10. El capitalismo moral<\/p>\n\n\n\n<p class=\"p3\">Pidi\u00f3 demostrar \u201cla superioridad moral del capitalismo\u201d.<\/p>\n\n\n\n<p class=\"p3\">La frase hubiera conmovido a Milton Friedman, pero en boca de un presidente que recorta presupuestos sociales suena a paradoja evang\u00e9lica.<\/p>\n\n\n\n<p class=\"p3\">El capitalismo moral suele comenzar con promesas de redenci\u00f3n y terminar con ajustes del FMI.<\/p>\n\n\n\n<p class=\"p1\">11. El devoto itinerante<\/p>\n\n\n\n<p class=\"p3\">Este fue su viaje n\u00famero catorce a Estados Unidos en menos de un a\u00f1o.<\/p>\n\n\n\n<p class=\"p3\">El Presidente argentino viaja tanto que ya podr\u00eda tener millas diplom\u00e1ticas acumuladas.<\/p>\n\n\n\n<p class=\"p3\">Entre foros, cenas y fotos con multimillonarios, la gesti\u00f3n dom\u00e9stica parece una escala t\u00e9cnica entre vuelos.<\/p>\n\n\n\n<p class=\"p1\">12. De Mar-a-Lago al para\u00edso<\/p>\n\n\n\n<p class=\"p3\">Tras el discurso en Miami, Milei fue a Palm Beach para asistir a la gala de la CPAC en el resort de Trump.<\/p>\n\n\n\n<p class=\"p3\">All\u00ed, entre candelabros dorados y copas de champ\u00e1n, la pol\u00edtica argentina se mezcl\u00f3 con el show conservador norteamericano.<\/p>\n\n\n\n<p class=\"p3\">El mensaje impl\u00edcito: la nueva religi\u00f3n tiene templo, liturgia y patriarca.<\/p>\n\n\n\n<p class=\"p1\">13. Los nuevos santos del libre mercado<\/p>\n\n\n\n<p class=\"p3\">Nadal, Bezos, Nalbandian\u2026 la foto de familia incluy\u00f3 deportistas e \u00edconos del consumo global.<\/p>\n\n\n\n<p class=\"p3\">El Presidente se retrat\u00f3 con ellos como si fueran los ap\u00f3stoles de un evangelio econ\u00f3mico sin fronteras.<\/p>\n\n\n\n<p class=\"p3\">Argentina, mientras tanto, sigue esperando su multiplicaci\u00f3n de los panes\u2026 o al menos de los salarios.<\/p>\n\n\n\n<p class=\"p1\">14. Fe, carne y capital<\/p>\n\n\n\n<p class=\"p3\">El Milei que habla en foros internacionales no es el economista incendiario de las cadenas nacionales, sino el vendedor de un milagro en cuotas: fe liberal a cambio de d\u00f3lares.<\/p>\n\n\n\n<p class=\"p3\">Su pr\u00e9dica promete prosperidad inmediata, aunque la econom\u00eda local a\u00fan no resucita.<\/p>\n\n\n\n<p class=\"p1\">15. Ep\u00edlogo: el credo libertario<\/p>\n\n\n\n<p class=\"p3\">Si el kirchnerismo fue una liturgia populista, el mile\u00edsmo es su espejo invertido: una religi\u00f3n del mercado con profetas de Wall Street.<\/p>\n\n\n\n<p class=\"p3\">Ambas prometen redenci\u00f3n, ambas buscan fieles.<\/p>\n\n\n\n<p class=\"p3\">La diferencia es que una predicaba igualdad y la otra rentabilidad.<\/p>\n\n\n\n<p class=\"p3\">En ambos casos, el altar sigue siendo el mismo: el poder.<\/p>\n\n\n\n<p><\/p>\n\n\n\n<p>\u270d\ufe0f \u00a9\ufe0f 2025 \u2699\ufe0f \u201cEl Ajustador de Almas\u201d- All Rights Reserved<\/p>\n\n\n\n<p><\/p>\n\n\n<p><small>\u00a9\ufe0f2025  Guzzo Photos  &#038; Graphic Publications \u2013 All Rights Reserved \u2013 Copyright \u00a9\ufe0f 2025 SalaStampa.eu, world press service \u2013 Guzzo Photos &#038; Graphic Publications \u2013 Registro Editori e Stampatori n. 1441 Turin, Italy<\/small><\/p>\n\n\n<p><\/p>\n","protected":false},"excerpt":{"rendered":"<p>\ud83d\udcac El capitalismo como religi\u00f3n de Estado<\/p>\n<p>Milei aterriz\u00f3 en Miami con su evangelio de mercado y serm\u00f3n anti-kuka. Prometi\u00f3 redenci\u00f3n capitalista, agradeci\u00f3 a Trump un acuerdo de carne que a\u00fan no existe y llam\u00f3 a invertir \u201ccon superioridad moral\u201d.<br \/>\nEl libre mercado ya no es pol\u00edtica: es misa con copas de champagne y altar en Mar-a-Lago.<br \/>\nArgentina, mientras tanto, sigue esperando su multiplicaci\u00f3n de los panes\u2026 o de los sueldos.<\/p>\n","protected":false},"author":14,"featured_media":0,"comment_status":"closed","ping_status":"","sticky":false,"template":"","format":"standard","meta":{"footnotes":"","_links_to":"","_links_to_target":""},"categories":[108,121,70,11,123,20,134,23,137],"tags":[29],"class_list":["post-5582","post","type-post","status-publish","format-standard","hentry","category-blogdiario","category-dc24","category-actualidad","category-america-del-sur","category-argentina","category-economia","category-educacion","category-politica","category-sociedad-y-valores","tag-argentina","entry","double"],"yoast_head":"<!-- This site is optimized with the Yoast SEO plugin v27.4 - https:\/\/yoast.com\/product\/yoast-seo-wordpress\/ -->\n<title>\ud83d\uddde\ufe0f \ud83d\udd4a\ufe0f\ud83c\udfb6 El capitalismo como religi\u00f3n de Estado - ElCanillita.Info<\/title>\n<meta name=\"robots\" content=\"index, follow, max-snippet:-1, max-image-preview:large, max-video-preview:-1\" \/>\n<link rel=\"canonical\" href=\"https:\/\/elcanillita.info\/press\/2025\/11\/07\/el-capitalismo-como-religion-de-estado\/\" \/>\n<meta property=\"og:locale\" content=\"es_ES\" \/>\n<meta property=\"og:type\" content=\"article\" \/>\n<meta property=\"og:title\" content=\"\ud83d\uddde\ufe0f \ud83d\udd4a\ufe0f\ud83c\udfb6 El capitalismo como religi\u00f3n de Estado - ElCanillita.Info\" \/>\n<meta property=\"og:description\" content=\"\ud83d\udcac El capitalismo como religi\u00f3n de Estado Milei aterriz\u00f3 en Miami con su evangelio de mercado y serm\u00f3n anti-kuka. Prometi\u00f3 redenci\u00f3n capitalista, agradeci\u00f3 a Trump un acuerdo de carne que a\u00fan no existe y llam\u00f3 a invertir \u201ccon superioridad moral\u201d. El libre mercado ya no es pol\u00edtica: es misa con copas de champagne y altar en Mar-a-Lago. Argentina, mientras tanto, sigue esperando su multiplicaci\u00f3n de los panes\u2026 o de los sueldos.\" \/>\n<meta property=\"og:url\" content=\"https:\/\/elcanillita.info\/press\/2025\/11\/07\/el-capitalismo-como-religion-de-estado\/\" \/>\n<meta property=\"og:site_name\" content=\"ElCanillita.Info\" \/>\n<meta property=\"article:publisher\" content=\"https:\/\/ar-ar.facebook.com\/ElCanillitainfo-114249515285712\/\" \/>\n<meta property=\"article:published_time\" content=\"2025-11-07T07:25:07+00:00\" \/>\n<meta property=\"article:modified_time\" content=\"2025-11-07T07:25:32+00:00\" \/>\n<meta name=\"author\" content=\"ElCanillita.info Guzzo Photos &amp; Graphic Publications\" \/>\n<meta name=\"twitter:card\" content=\"summary_large_image\" \/>\n<meta name=\"twitter:label1\" content=\"Escrito por\" \/>\n\t<meta name=\"twitter:data1\" content=\"ElCanillita.info Guzzo Photos &amp; Graphic Publications\" \/>\n\t<meta name=\"twitter:label2\" content=\"Tiempo de lectura\" \/>\n\t<meta name=\"twitter:data2\" content=\"5 minutos\" \/>\n<script type=\"application\/ld+json\" class=\"yoast-schema-graph\">{\"@context\":\"https:\\\/\\\/schema.org\",\"@graph\":[{\"@type\":\"Article\",\"@id\":\"https:\\\/\\\/elcanillita.info\\\/press\\\/2025\\\/11\\\/07\\\/el-capitalismo-como-religion-de-estado\\\/#article\",\"isPartOf\":{\"@id\":\"https:\\\/\\\/elcanillita.info\\\/press\\\/2025\\\/11\\\/07\\\/el-capitalismo-como-religion-de-estado\\\/\"},\"author\":{\"name\":\"ElCanillita.info Guzzo Photos &amp; Graphic Publications\",\"@id\":\"https:\\\/\\\/elcanillita.info\\\/press\\\/#\\\/schema\\\/person\\\/e37a550cff8f5f3407ed112e4cc619cb\"},\"headline\":\"\ud83d\uddde\ufe0f \ud83d\udd4a\ufe0f\ud83c\udfb6 El capitalismo como religi\u00f3n de Estado\",\"datePublished\":\"2025-11-07T07:25:07+00:00\",\"dateModified\":\"2025-11-07T07:25:32+00:00\",\"mainEntityOfPage\":{\"@id\":\"https:\\\/\\\/elcanillita.info\\\/press\\\/2025\\\/11\\\/07\\\/el-capitalismo-como-religion-de-estado\\\/\"},\"wordCount\":934,\"publisher\":{\"@id\":\"https:\\\/\\\/elcanillita.info\\\/press\\\/#organization\"},\"keywords\":[\"Argentina\"],\"articleSection\":[\".\",\".\",\"Actualidad\",\"Am\u00e9rica del Sur\",\"Argentina\",\"Economia\",\"Educaci\u00f3n\",\"Politica\",\"Sociedad y valores\"],\"inLanguage\":\"es-AR\"},{\"@type\":\"WebPage\",\"@id\":\"https:\\\/\\\/elcanillita.info\\\/press\\\/2025\\\/11\\\/07\\\/el-capitalismo-como-religion-de-estado\\\/\",\"url\":\"https:\\\/\\\/elcanillita.info\\\/press\\\/2025\\\/11\\\/07\\\/el-capitalismo-como-religion-de-estado\\\/\",\"name\":\"\ud83d\uddde\ufe0f \ud83d\udd4a\ufe0f\ud83c\udfb6 El capitalismo como religi\u00f3n de Estado - ElCanillita.Info\",\"isPartOf\":{\"@id\":\"https:\\\/\\\/elcanillita.info\\\/press\\\/#website\"},\"datePublished\":\"2025-11-07T07:25:07+00:00\",\"dateModified\":\"2025-11-07T07:25:32+00:00\",\"inLanguage\":\"es-AR\",\"potentialAction\":[{\"@type\":\"ReadAction\",\"target\":[\"https:\\\/\\\/elcanillita.info\\\/press\\\/2025\\\/11\\\/07\\\/el-capitalismo-como-religion-de-estado\\\/\"]}]},{\"@type\":\"WebSite\",\"@id\":\"https:\\\/\\\/elcanillita.info\\\/press\\\/#website\",\"url\":\"https:\\\/\\\/elcanillita.info\\\/press\\\/\",\"name\":\"ElCanillita.Info\",\"description\":\"desde los Apeninos a los Andes\",\"publisher\":{\"@id\":\"https:\\\/\\\/elcanillita.info\\\/press\\\/#organization\"},\"potentialAction\":[{\"@type\":\"SearchAction\",\"target\":{\"@type\":\"EntryPoint\",\"urlTemplate\":\"https:\\\/\\\/elcanillita.info\\\/press\\\/?s={search_term_string}\"},\"query-input\":{\"@type\":\"PropertyValueSpecification\",\"valueRequired\":true,\"valueName\":\"search_term_string\"}}],\"inLanguage\":\"es-AR\"},{\"@type\":\"Organization\",\"@id\":\"https:\\\/\\\/elcanillita.info\\\/press\\\/#organization\",\"name\":\"Guzzo Photos & Graphic Publications\",\"url\":\"https:\\\/\\\/elcanillita.info\\\/press\\\/\",\"logo\":{\"@type\":\"ImageObject\",\"inLanguage\":\"es-AR\",\"@id\":\"https:\\\/\\\/elcanillita.info\\\/press\\\/#\\\/schema\\\/logo\\\/image\\\/\",\"url\":\"https:\\\/\\\/elcanillita.info\\\/press\\\/images\\\/2020\\\/01\\\/cropped-cropped-cropped-elcanillitainfo.png\",\"contentUrl\":\"https:\\\/\\\/elcanillita.info\\\/press\\\/images\\\/2020\\\/01\\\/cropped-cropped-cropped-elcanillitainfo.png\",\"width\":460,\"height\":50,\"caption\":\"Guzzo Photos & Graphic Publications\"},\"image\":{\"@id\":\"https:\\\/\\\/elcanillita.info\\\/press\\\/#\\\/schema\\\/logo\\\/image\\\/\"},\"sameAs\":[\"https:\\\/\\\/ar-ar.facebook.com\\\/ElCanillitainfo-114249515285712\\\/\"]},{\"@type\":\"Person\",\"@id\":\"https:\\\/\\\/elcanillita.info\\\/press\\\/#\\\/schema\\\/person\\\/e37a550cff8f5f3407ed112e4cc619cb\",\"name\":\"ElCanillita.info Guzzo Photos &amp; Graphic Publications\",\"image\":{\"@type\":\"ImageObject\",\"inLanguage\":\"es-AR\",\"@id\":\"https:\\\/\\\/secure.gravatar.com\\\/avatar\\\/8914fbe0ef09248907e331ab93dfa89c7f76decf6b51cd1b2f8444e6260db772?s=96&d=mm&r=g\",\"url\":\"https:\\\/\\\/secure.gravatar.com\\\/avatar\\\/8914fbe0ef09248907e331ab93dfa89c7f76decf6b51cd1b2f8444e6260db772?s=96&d=mm&r=g\",\"contentUrl\":\"https:\\\/\\\/secure.gravatar.com\\\/avatar\\\/8914fbe0ef09248907e331ab93dfa89c7f76decf6b51cd1b2f8444e6260db772?s=96&d=mm&r=g\",\"caption\":\"ElCanillita.info Guzzo Photos &amp; Graphic Publications\"},\"sameAs\":[\"http:\\\/\\\/guzzophotos.com\"]}]}<\/script>\n<!-- \/ Yoast SEO plugin. -->","yoast_head_json":{"title":"\ud83d\uddde\ufe0f \ud83d\udd4a\ufe0f\ud83c\udfb6 El capitalismo como religi\u00f3n de Estado - ElCanillita.Info","robots":{"index":"index","follow":"follow","max-snippet":"max-snippet:-1","max-image-preview":"max-image-preview:large","max-video-preview":"max-video-preview:-1"},"canonical":"https:\/\/elcanillita.info\/press\/2025\/11\/07\/el-capitalismo-como-religion-de-estado\/","og_locale":"es_ES","og_type":"article","og_title":"\ud83d\uddde\ufe0f \ud83d\udd4a\ufe0f\ud83c\udfb6 El capitalismo como religi\u00f3n de Estado - ElCanillita.Info","og_description":"\ud83d\udcac El capitalismo como religi\u00f3n de Estado Milei aterriz\u00f3 en Miami con su evangelio de mercado y serm\u00f3n anti-kuka. Prometi\u00f3 redenci\u00f3n capitalista, agradeci\u00f3 a Trump un acuerdo de carne que a\u00fan no existe y llam\u00f3 a invertir \u201ccon superioridad moral\u201d. El libre mercado ya no es pol\u00edtica: es misa con copas de champagne y altar en Mar-a-Lago. Argentina, mientras tanto, sigue esperando su multiplicaci\u00f3n de los panes\u2026 o de los sueldos.","og_url":"https:\/\/elcanillita.info\/press\/2025\/11\/07\/el-capitalismo-como-religion-de-estado\/","og_site_name":"ElCanillita.Info","article_publisher":"https:\/\/ar-ar.facebook.com\/ElCanillitainfo-114249515285712\/","article_published_time":"2025-11-07T07:25:07+00:00","article_modified_time":"2025-11-07T07:25:32+00:00","author":"ElCanillita.info Guzzo Photos &amp; Graphic Publications","twitter_card":"summary_large_image","twitter_misc":{"Escrito por":"ElCanillita.info Guzzo Photos &amp; Graphic Publications","Tiempo de lectura":"5 minutos"},"schema":{"@context":"https:\/\/schema.org","@graph":[{"@type":"Article","@id":"https:\/\/elcanillita.info\/press\/2025\/11\/07\/el-capitalismo-como-religion-de-estado\/#article","isPartOf":{"@id":"https:\/\/elcanillita.info\/press\/2025\/11\/07\/el-capitalismo-como-religion-de-estado\/"},"author":{"name":"ElCanillita.info Guzzo Photos &amp; Graphic Publications","@id":"https:\/\/elcanillita.info\/press\/#\/schema\/person\/e37a550cff8f5f3407ed112e4cc619cb"},"headline":"\ud83d\uddde\ufe0f \ud83d\udd4a\ufe0f\ud83c\udfb6 El capitalismo como religi\u00f3n de Estado","datePublished":"2025-11-07T07:25:07+00:00","dateModified":"2025-11-07T07:25:32+00:00","mainEntityOfPage":{"@id":"https:\/\/elcanillita.info\/press\/2025\/11\/07\/el-capitalismo-como-religion-de-estado\/"},"wordCount":934,"publisher":{"@id":"https:\/\/elcanillita.info\/press\/#organization"},"keywords":["Argentina"],"articleSection":[".",".","Actualidad","Am\u00e9rica del Sur","Argentina","Economia","Educaci\u00f3n","Politica","Sociedad y valores"],"inLanguage":"es-AR"},{"@type":"WebPage","@id":"https:\/\/elcanillita.info\/press\/2025\/11\/07\/el-capitalismo-como-religion-de-estado\/","url":"https:\/\/elcanillita.info\/press\/2025\/11\/07\/el-capitalismo-como-religion-de-estado\/","name":"\ud83d\uddde\ufe0f \ud83d\udd4a\ufe0f\ud83c\udfb6 El capitalismo como religi\u00f3n de Estado - ElCanillita.Info","isPartOf":{"@id":"https:\/\/elcanillita.info\/press\/#website"},"datePublished":"2025-11-07T07:25:07+00:00","dateModified":"2025-11-07T07:25:32+00:00","inLanguage":"es-AR","potentialAction":[{"@type":"ReadAction","target":["https:\/\/elcanillita.info\/press\/2025\/11\/07\/el-capitalismo-como-religion-de-estado\/"]}]},{"@type":"WebSite","@id":"https:\/\/elcanillita.info\/press\/#website","url":"https:\/\/elcanillita.info\/press\/","name":"ElCanillita.Info","description":"desde los Apeninos a los Andes","publisher":{"@id":"https:\/\/elcanillita.info\/press\/#organization"},"potentialAction":[{"@type":"SearchAction","target":{"@type":"EntryPoint","urlTemplate":"https:\/\/elcanillita.info\/press\/?s={search_term_string}"},"query-input":{"@type":"PropertyValueSpecification","valueRequired":true,"valueName":"search_term_string"}}],"inLanguage":"es-AR"},{"@type":"Organization","@id":"https:\/\/elcanillita.info\/press\/#organization","name":"Guzzo Photos & Graphic Publications","url":"https:\/\/elcanillita.info\/press\/","logo":{"@type":"ImageObject","inLanguage":"es-AR","@id":"https:\/\/elcanillita.info\/press\/#\/schema\/logo\/image\/","url":"https:\/\/elcanillita.info\/press\/images\/2020\/01\/cropped-cropped-cropped-elcanillitainfo.png","contentUrl":"https:\/\/elcanillita.info\/press\/images\/2020\/01\/cropped-cropped-cropped-elcanillitainfo.png","width":460,"height":50,"caption":"Guzzo Photos & Graphic Publications"},"image":{"@id":"https:\/\/elcanillita.info\/press\/#\/schema\/logo\/image\/"},"sameAs":["https:\/\/ar-ar.facebook.com\/ElCanillitainfo-114249515285712\/"]},{"@type":"Person","@id":"https:\/\/elcanillita.info\/press\/#\/schema\/person\/e37a550cff8f5f3407ed112e4cc619cb","name":"ElCanillita.info Guzzo Photos &amp; Graphic Publications","image":{"@type":"ImageObject","inLanguage":"es-AR","@id":"https:\/\/secure.gravatar.com\/avatar\/8914fbe0ef09248907e331ab93dfa89c7f76decf6b51cd1b2f8444e6260db772?s=96&d=mm&r=g","url":"https:\/\/secure.gravatar.com\/avatar\/8914fbe0ef09248907e331ab93dfa89c7f76decf6b51cd1b2f8444e6260db772?s=96&d=mm&r=g","contentUrl":"https:\/\/secure.gravatar.com\/avatar\/8914fbe0ef09248907e331ab93dfa89c7f76decf6b51cd1b2f8444e6260db772?s=96&d=mm&r=g","caption":"ElCanillita.info Guzzo Photos &amp; Graphic Publications"},"sameAs":["http:\/\/guzzophotos.com"]}]}},"views":117,"_links":{"self":[{"href":"https:\/\/elcanillita.info\/press\/wp-json\/wp\/v2\/posts\/5582","targetHints":{"allow":["GET"]}}],"collection":[{"href":"https:\/\/elcanillita.info\/press\/wp-json\/wp\/v2\/posts"}],"about":[{"href":"https:\/\/elcanillita.info\/press\/wp-json\/wp\/v2\/types\/post"}],"author":[{"embeddable":true,"href":"https:\/\/elcanillita.info\/press\/wp-json\/wp\/v2\/users\/14"}],"replies":[{"embeddable":true,"href":"https:\/\/elcanillita.info\/press\/wp-json\/wp\/v2\/comments?post=5582"}],"version-history":[{"count":0,"href":"https:\/\/elcanillita.info\/press\/wp-json\/wp\/v2\/posts\/5582\/revisions"}],"wp:attachment":[{"href":"https:\/\/elcanillita.info\/press\/wp-json\/wp\/v2\/media?parent=5582"}],"wp:term":[{"taxonomy":"category","embeddable":true,"href":"https:\/\/elcanillita.info\/press\/wp-json\/wp\/v2\/categories?post=5582"},{"taxonomy":"post_tag","embeddable":true,"href":"https:\/\/elcanillita.info\/press\/wp-json\/wp\/v2\/tags?post=5582"}],"curies":[{"name":"wp","href":"https:\/\/api.w.org\/{rel}","templated":true}]}}