{"id":5574,"date":"2025-11-05T01:23:11","date_gmt":"2025-11-05T04:23:11","guid":{"rendered":"https:\/\/elcanillita.info\/press\/?p=5574"},"modified":"2025-11-05T01:23:40","modified_gmt":"2025-11-05T04:23:40","slug":"el-baile-del-serrucho","status":"publish","type":"post","link":"https:\/\/elcanillita.info\/press\/2025\/11\/05\/el-baile-del-serrucho\/","title":{"rendered":"\ud83d\uddde\ufe0f \ud83e\ude93 \ud83c\udfdb\ufe0f El baile del serrucho"},"content":{"rendered":"\n<p>Argentina<\/p>\n\n\n\n<p class=\"p1\">El nuevo cap\u00edtulo del tango argentino entre el Estado y los docentes universitarios promete ruido, ausencias y mucho serrucho en escena. La Conadu Hist\u00f3rica confirm\u00f3 un paro nacional de 72 horas \u2014mi\u00e9rcoles 12, jueves 13 y viernes 14 de noviembre\u2014 que dejar\u00e1 las aulas vac\u00edas y las promesas a\u00fan m\u00e1s huecas.<\/p>\n\n\n\n<p class=\"p1\">El congreso del gremio reuni\u00f3 a 84 representantes de universidades de todo el pa\u00eds, y la votaci\u00f3n fue un\u00e1nime: continuar el plan de lucha en defensa de la educaci\u00f3n p\u00fablica. No hay pizarrones, pero s\u00ed pancartas; no hay parciales, pero abundan las paritarias postergadas.<\/p>\n\n\n\n<p class=\"p1\">\u201cProfundo deterioro salarial\u201d y \u201cfalta de respuestas\u201d son las frases que ya parecen parte del himno institucional de las federaciones. El Gobierno, mientras tanto, hace equilibrio entre la motosierra presupuestaria y la foto de campa\u00f1a con estudiantes sonrientes.<\/p>\n\n\n\n<p class=\"p1\">El reclamo no es nuevo, pero el contexto s\u00ed: inflaci\u00f3n sostenida, becas recortadas y presupuestos que llegan tarde y flacos. La Ley de Financiamiento Universitario duerme el sue\u00f1o de los justos mientras las universidades hacen malabares con los insumos, la luz y la paciencia.<\/p>\n\n\n\n<p class=\"p1\">En los pasillos se respira mezcla de bronca y resignaci\u00f3n. \u201cDefendemos la universidad p\u00fablica\u201d, repiten los gremios. Desde la Rosada, silencio administrativo: ni convocatorias, ni soluciones.<\/p>\n\n\n\n<p class=\"p1\">Tres d\u00edas sin clases, 84 mandatos y un pa\u00eds que ensaya, otra vez, el eterno n\u00famero de equilibrio entre las promesas y la tiza. En el escenario, los mismos protagonistas: el Gobierno con su partitura de ajuste, los docentes con sus pancartas, y la educaci\u00f3n bailando \u2014a paso forzado\u2014 el viejo baile del serrucho.<\/p>\n\n\n\n<p><\/p>\n\n\n\n<p>\ud83d\udd25\u270d\ufe0f \u00a92025 Redacci\u00f3n cultural, con asistencia del Laboratorio de Realismo Callejero<\/p>\n\n\n\n<p><\/p>\n\n\n<p><small>\u00a9\ufe0f2025  Guzzo Photos  &#038; Graphic Publications \u2013 All Rights Reserved \u2013 Copyright \u00a9\ufe0f 2025 SalaStampa.eu, world press service \u2013 Guzzo Photos &#038; Graphic Publications \u2013 Registro Editori e Stampatori n. 1441 Turin, Italy<\/small><\/p>\n\n\n<p><\/p>\n","protected":false},"excerpt":{"rendered":"<p>Tres d\u00edas sin clases y un reclamo que suena m\u00e1s fuerte que los timbres de entrada.<\/p>\n","protected":false},"author":14,"featured_media":0,"comment_status":"closed","ping_status":"","sticky":false,"template":"","format":"standard","meta":{"footnotes":"","_links_to":"","_links_to_target":""},"categories":[108,121,70,11,123,20,134,23,137],"tags":[29],"class_list":["post-5574","post","type-post","status-publish","format-standard","hentry","category-blogdiario","category-dc24","category-actualidad","category-america-del-sur","category-argentina","category-economia","category-educacion","category-politica","category-sociedad-y-valores","tag-argentina","entry","double"],"yoast_head":"<!-- This site is optimized with the Yoast SEO plugin v27.4 - https:\/\/yoast.com\/product\/yoast-seo-wordpress\/ -->\n<title>\ud83d\uddde\ufe0f \ud83e\ude93 \ud83c\udfdb\ufe0f El baile del serrucho - ElCanillita.Info<\/title>\n<meta name=\"robots\" content=\"index, follow, max-snippet:-1, max-image-preview:large, max-video-preview:-1\" \/>\n<link rel=\"canonical\" href=\"https:\/\/elcanillita.info\/press\/2025\/11\/05\/el-baile-del-serrucho\/\" \/>\n<meta property=\"og:locale\" content=\"es_ES\" \/>\n<meta property=\"og:type\" content=\"article\" \/>\n<meta property=\"og:title\" content=\"\ud83d\uddde\ufe0f \ud83e\ude93 \ud83c\udfdb\ufe0f El baile del serrucho - ElCanillita.Info\" \/>\n<meta property=\"og:description\" content=\"Tres d\u00edas sin clases y un reclamo que suena m\u00e1s fuerte que los timbres de entrada.\" \/>\n<meta property=\"og:url\" content=\"https:\/\/elcanillita.info\/press\/2025\/11\/05\/el-baile-del-serrucho\/\" \/>\n<meta property=\"og:site_name\" content=\"ElCanillita.Info\" \/>\n<meta property=\"article:publisher\" content=\"https:\/\/ar-ar.facebook.com\/ElCanillitainfo-114249515285712\/\" \/>\n<meta property=\"article:published_time\" content=\"2025-11-05T04:23:11+00:00\" \/>\n<meta property=\"article:modified_time\" content=\"2025-11-05T04:23:40+00:00\" \/>\n<meta name=\"author\" content=\"ElCanillita.info Guzzo Photos &amp; Graphic Publications\" \/>\n<meta name=\"twitter:card\" content=\"summary_large_image\" \/>\n<meta name=\"twitter:label1\" content=\"Escrito por\" \/>\n\t<meta name=\"twitter:data1\" content=\"ElCanillita.info Guzzo Photos &amp; Graphic Publications\" \/>\n\t<meta name=\"twitter:label2\" content=\"Tiempo de lectura\" \/>\n\t<meta name=\"twitter:data2\" content=\"2 minutos\" \/>\n<script type=\"application\/ld+json\" class=\"yoast-schema-graph\">{\"@context\":\"https:\\\/\\\/schema.org\",\"@graph\":[{\"@type\":\"Article\",\"@id\":\"https:\\\/\\\/elcanillita.info\\\/press\\\/2025\\\/11\\\/05\\\/el-baile-del-serrucho\\\/#article\",\"isPartOf\":{\"@id\":\"https:\\\/\\\/elcanillita.info\\\/press\\\/2025\\\/11\\\/05\\\/el-baile-del-serrucho\\\/\"},\"author\":{\"name\":\"ElCanillita.info Guzzo Photos &amp; Graphic Publications\",\"@id\":\"https:\\\/\\\/elcanillita.info\\\/press\\\/#\\\/schema\\\/person\\\/e37a550cff8f5f3407ed112e4cc619cb\"},\"headline\":\"\ud83d\uddde\ufe0f \ud83e\ude93 \ud83c\udfdb\ufe0f El baile del serrucho\",\"datePublished\":\"2025-11-05T04:23:11+00:00\",\"dateModified\":\"2025-11-05T04:23:40+00:00\",\"mainEntityOfPage\":{\"@id\":\"https:\\\/\\\/elcanillita.info\\\/press\\\/2025\\\/11\\\/05\\\/el-baile-del-serrucho\\\/\"},\"wordCount\":310,\"publisher\":{\"@id\":\"https:\\\/\\\/elcanillita.info\\\/press\\\/#organization\"},\"keywords\":[\"Argentina\"],\"articleSection\":[\".\",\".\",\"Actualidad\",\"Am\u00e9rica del Sur\",\"Argentina\",\"Economia\",\"Educaci\u00f3n\",\"Politica\",\"Sociedad y valores\"],\"inLanguage\":\"es-AR\"},{\"@type\":\"WebPage\",\"@id\":\"https:\\\/\\\/elcanillita.info\\\/press\\\/2025\\\/11\\\/05\\\/el-baile-del-serrucho\\\/\",\"url\":\"https:\\\/\\\/elcanillita.info\\\/press\\\/2025\\\/11\\\/05\\\/el-baile-del-serrucho\\\/\",\"name\":\"\ud83d\uddde\ufe0f \ud83e\ude93 \ud83c\udfdb\ufe0f El baile del serrucho - ElCanillita.Info\",\"isPartOf\":{\"@id\":\"https:\\\/\\\/elcanillita.info\\\/press\\\/#website\"},\"datePublished\":\"2025-11-05T04:23:11+00:00\",\"dateModified\":\"2025-11-05T04:23:40+00:00\",\"inLanguage\":\"es-AR\",\"potentialAction\":[{\"@type\":\"ReadAction\",\"target\":[\"https:\\\/\\\/elcanillita.info\\\/press\\\/2025\\\/11\\\/05\\\/el-baile-del-serrucho\\\/\"]}]},{\"@type\":\"WebSite\",\"@id\":\"https:\\\/\\\/elcanillita.info\\\/press\\\/#website\",\"url\":\"https:\\\/\\\/elcanillita.info\\\/press\\\/\",\"name\":\"ElCanillita.Info\",\"description\":\"desde los Apeninos a los Andes\",\"publisher\":{\"@id\":\"https:\\\/\\\/elcanillita.info\\\/press\\\/#organization\"},\"potentialAction\":[{\"@type\":\"SearchAction\",\"target\":{\"@type\":\"EntryPoint\",\"urlTemplate\":\"https:\\\/\\\/elcanillita.info\\\/press\\\/?s={search_term_string}\"},\"query-input\":{\"@type\":\"PropertyValueSpecification\",\"valueRequired\":true,\"valueName\":\"search_term_string\"}}],\"inLanguage\":\"es-AR\"},{\"@type\":\"Organization\",\"@id\":\"https:\\\/\\\/elcanillita.info\\\/press\\\/#organization\",\"name\":\"Guzzo Photos & Graphic Publications\",\"url\":\"https:\\\/\\\/elcanillita.info\\\/press\\\/\",\"logo\":{\"@type\":\"ImageObject\",\"inLanguage\":\"es-AR\",\"@id\":\"https:\\\/\\\/elcanillita.info\\\/press\\\/#\\\/schema\\\/logo\\\/image\\\/\",\"url\":\"https:\\\/\\\/elcanillita.info\\\/press\\\/images\\\/2020\\\/01\\\/cropped-cropped-cropped-elcanillitainfo.png\",\"contentUrl\":\"https:\\\/\\\/elcanillita.info\\\/press\\\/images\\\/2020\\\/01\\\/cropped-cropped-cropped-elcanillitainfo.png\",\"width\":460,\"height\":50,\"caption\":\"Guzzo Photos & Graphic Publications\"},\"image\":{\"@id\":\"https:\\\/\\\/elcanillita.info\\\/press\\\/#\\\/schema\\\/logo\\\/image\\\/\"},\"sameAs\":[\"https:\\\/\\\/ar-ar.facebook.com\\\/ElCanillitainfo-114249515285712\\\/\"]},{\"@type\":\"Person\",\"@id\":\"https:\\\/\\\/elcanillita.info\\\/press\\\/#\\\/schema\\\/person\\\/e37a550cff8f5f3407ed112e4cc619cb\",\"name\":\"ElCanillita.info Guzzo Photos &amp; Graphic Publications\",\"image\":{\"@type\":\"ImageObject\",\"inLanguage\":\"es-AR\",\"@id\":\"https:\\\/\\\/secure.gravatar.com\\\/avatar\\\/8914fbe0ef09248907e331ab93dfa89c7f76decf6b51cd1b2f8444e6260db772?s=96&d=mm&r=g\",\"url\":\"https:\\\/\\\/secure.gravatar.com\\\/avatar\\\/8914fbe0ef09248907e331ab93dfa89c7f76decf6b51cd1b2f8444e6260db772?s=96&d=mm&r=g\",\"contentUrl\":\"https:\\\/\\\/secure.gravatar.com\\\/avatar\\\/8914fbe0ef09248907e331ab93dfa89c7f76decf6b51cd1b2f8444e6260db772?s=96&d=mm&r=g\",\"caption\":\"ElCanillita.info Guzzo Photos &amp; Graphic Publications\"},\"sameAs\":[\"http:\\\/\\\/guzzophotos.com\"]}]}<\/script>\n<!-- \/ Yoast SEO plugin. -->","yoast_head_json":{"title":"\ud83d\uddde\ufe0f \ud83e\ude93 \ud83c\udfdb\ufe0f El baile del serrucho - ElCanillita.Info","robots":{"index":"index","follow":"follow","max-snippet":"max-snippet:-1","max-image-preview":"max-image-preview:large","max-video-preview":"max-video-preview:-1"},"canonical":"https:\/\/elcanillita.info\/press\/2025\/11\/05\/el-baile-del-serrucho\/","og_locale":"es_ES","og_type":"article","og_title":"\ud83d\uddde\ufe0f \ud83e\ude93 \ud83c\udfdb\ufe0f El baile del serrucho - ElCanillita.Info","og_description":"Tres d\u00edas sin clases y un reclamo que suena m\u00e1s fuerte que los timbres de entrada.","og_url":"https:\/\/elcanillita.info\/press\/2025\/11\/05\/el-baile-del-serrucho\/","og_site_name":"ElCanillita.Info","article_publisher":"https:\/\/ar-ar.facebook.com\/ElCanillitainfo-114249515285712\/","article_published_time":"2025-11-05T04:23:11+00:00","article_modified_time":"2025-11-05T04:23:40+00:00","author":"ElCanillita.info Guzzo Photos &amp; Graphic Publications","twitter_card":"summary_large_image","twitter_misc":{"Escrito por":"ElCanillita.info Guzzo Photos &amp; Graphic Publications","Tiempo de lectura":"2 minutos"},"schema":{"@context":"https:\/\/schema.org","@graph":[{"@type":"Article","@id":"https:\/\/elcanillita.info\/press\/2025\/11\/05\/el-baile-del-serrucho\/#article","isPartOf":{"@id":"https:\/\/elcanillita.info\/press\/2025\/11\/05\/el-baile-del-serrucho\/"},"author":{"name":"ElCanillita.info Guzzo Photos &amp; Graphic Publications","@id":"https:\/\/elcanillita.info\/press\/#\/schema\/person\/e37a550cff8f5f3407ed112e4cc619cb"},"headline":"\ud83d\uddde\ufe0f \ud83e\ude93 \ud83c\udfdb\ufe0f El baile del serrucho","datePublished":"2025-11-05T04:23:11+00:00","dateModified":"2025-11-05T04:23:40+00:00","mainEntityOfPage":{"@id":"https:\/\/elcanillita.info\/press\/2025\/11\/05\/el-baile-del-serrucho\/"},"wordCount":310,"publisher":{"@id":"https:\/\/elcanillita.info\/press\/#organization"},"keywords":["Argentina"],"articleSection":[".",".","Actualidad","Am\u00e9rica del Sur","Argentina","Economia","Educaci\u00f3n","Politica","Sociedad y valores"],"inLanguage":"es-AR"},{"@type":"WebPage","@id":"https:\/\/elcanillita.info\/press\/2025\/11\/05\/el-baile-del-serrucho\/","url":"https:\/\/elcanillita.info\/press\/2025\/11\/05\/el-baile-del-serrucho\/","name":"\ud83d\uddde\ufe0f \ud83e\ude93 \ud83c\udfdb\ufe0f El baile del serrucho - ElCanillita.Info","isPartOf":{"@id":"https:\/\/elcanillita.info\/press\/#website"},"datePublished":"2025-11-05T04:23:11+00:00","dateModified":"2025-11-05T04:23:40+00:00","inLanguage":"es-AR","potentialAction":[{"@type":"ReadAction","target":["https:\/\/elcanillita.info\/press\/2025\/11\/05\/el-baile-del-serrucho\/"]}]},{"@type":"WebSite","@id":"https:\/\/elcanillita.info\/press\/#website","url":"https:\/\/elcanillita.info\/press\/","name":"ElCanillita.Info","description":"desde los Apeninos a los Andes","publisher":{"@id":"https:\/\/elcanillita.info\/press\/#organization"},"potentialAction":[{"@type":"SearchAction","target":{"@type":"EntryPoint","urlTemplate":"https:\/\/elcanillita.info\/press\/?s={search_term_string}"},"query-input":{"@type":"PropertyValueSpecification","valueRequired":true,"valueName":"search_term_string"}}],"inLanguage":"es-AR"},{"@type":"Organization","@id":"https:\/\/elcanillita.info\/press\/#organization","name":"Guzzo Photos & Graphic Publications","url":"https:\/\/elcanillita.info\/press\/","logo":{"@type":"ImageObject","inLanguage":"es-AR","@id":"https:\/\/elcanillita.info\/press\/#\/schema\/logo\/image\/","url":"https:\/\/elcanillita.info\/press\/images\/2020\/01\/cropped-cropped-cropped-elcanillitainfo.png","contentUrl":"https:\/\/elcanillita.info\/press\/images\/2020\/01\/cropped-cropped-cropped-elcanillitainfo.png","width":460,"height":50,"caption":"Guzzo Photos & Graphic Publications"},"image":{"@id":"https:\/\/elcanillita.info\/press\/#\/schema\/logo\/image\/"},"sameAs":["https:\/\/ar-ar.facebook.com\/ElCanillitainfo-114249515285712\/"]},{"@type":"Person","@id":"https:\/\/elcanillita.info\/press\/#\/schema\/person\/e37a550cff8f5f3407ed112e4cc619cb","name":"ElCanillita.info Guzzo Photos &amp; Graphic Publications","image":{"@type":"ImageObject","inLanguage":"es-AR","@id":"https:\/\/secure.gravatar.com\/avatar\/8914fbe0ef09248907e331ab93dfa89c7f76decf6b51cd1b2f8444e6260db772?s=96&d=mm&r=g","url":"https:\/\/secure.gravatar.com\/avatar\/8914fbe0ef09248907e331ab93dfa89c7f76decf6b51cd1b2f8444e6260db772?s=96&d=mm&r=g","contentUrl":"https:\/\/secure.gravatar.com\/avatar\/8914fbe0ef09248907e331ab93dfa89c7f76decf6b51cd1b2f8444e6260db772?s=96&d=mm&r=g","caption":"ElCanillita.info Guzzo Photos &amp; Graphic Publications"},"sameAs":["http:\/\/guzzophotos.com"]}]}},"views":97,"_links":{"self":[{"href":"https:\/\/elcanillita.info\/press\/wp-json\/wp\/v2\/posts\/5574","targetHints":{"allow":["GET"]}}],"collection":[{"href":"https:\/\/elcanillita.info\/press\/wp-json\/wp\/v2\/posts"}],"about":[{"href":"https:\/\/elcanillita.info\/press\/wp-json\/wp\/v2\/types\/post"}],"author":[{"embeddable":true,"href":"https:\/\/elcanillita.info\/press\/wp-json\/wp\/v2\/users\/14"}],"replies":[{"embeddable":true,"href":"https:\/\/elcanillita.info\/press\/wp-json\/wp\/v2\/comments?post=5574"}],"version-history":[{"count":0,"href":"https:\/\/elcanillita.info\/press\/wp-json\/wp\/v2\/posts\/5574\/revisions"}],"wp:attachment":[{"href":"https:\/\/elcanillita.info\/press\/wp-json\/wp\/v2\/media?parent=5574"}],"wp:term":[{"taxonomy":"category","embeddable":true,"href":"https:\/\/elcanillita.info\/press\/wp-json\/wp\/v2\/categories?post=5574"},{"taxonomy":"post_tag","embeddable":true,"href":"https:\/\/elcanillita.info\/press\/wp-json\/wp\/v2\/tags?post=5574"}],"curies":[{"name":"wp","href":"https:\/\/api.w.org\/{rel}","templated":true}]}}