{"id":5572,"date":"2025-11-04T05:08:58","date_gmt":"2025-11-04T08:08:58","guid":{"rendered":"https:\/\/elcanillita.info\/press\/?p=5572"},"modified":"2025-11-04T06:42:20","modified_gmt":"2025-11-04T09:42:20","slug":"veritas-filia-temporis","status":"publish","type":"post","link":"https:\/\/elcanillita.info\/press\/2025\/11\/04\/veritas-filia-temporis\/","title":{"rendered":"\ud83d\uddde\ufe0f \ud83d\udcb0\ud83d\udcb9\ud83d\udcc9 Veritas filia temporis"},"content":{"rendered":"\n<p>Argentina<\/p>\n\n\n\n<p>El tiempo, viejo juez, volvi\u00f3 a citar a Kicillof y Milei a la misma audiencia: la de la realidad.<\/p>\n\n\n\n<p class=\"p1\">Axel Kicillof desempolv\u00f3 la toga de fiscal pol\u00edtico y volvi\u00f3 a acusar a Javier Milei de \u201cagredir al federalismo y a la democracia\u201d. Lo hizo con una carta abierta \u2014g\u00e9nero favorito de los que ya no son escuchados por tel\u00e9fono\u2014 tras quedar fuera de la reuni\u00f3n presidencial con los gobernadores.<\/p>\n\n\n\n<p class=\"p1\">\u201cDejar afuera a 17 millones de bonaerenses es una p\u00e9sima idea\u201d, reproch\u00f3 el mandatario provincial, olvidando quiz\u00e1s que durante el kirchnerismo la deuda nacional se multiplic\u00f3 m\u00e1s r\u00e1pido que los discursos de unidad. Pero en la Argentina posmotosierra, nadie se salva del ajuste ni del oportunismo.<\/p>\n\n\n\n<p class=\"p1\">Kicillof denunci\u00f3 que el Gobierno \u201cevadi\u00f3 convocarlo\u201d y que esa omisi\u00f3n vulnera derechos fundamentales de la provincia. Milei, por su parte, sigui\u00f3 sin responder: el silencio, en su caso, ya forma parte del manual de estilo.<\/p>\n\n\n\n<p class=\"p1\">En su misiva digital, el gobernador escribi\u00f3 que \u201clas calamidades del modelo econ\u00f3mico siguen su curso\u201d, con una ret\u00f3rica que mezcla autocr\u00edtica inconsciente y nostalgia de subsidios. Enumer\u00f3 males \u2014recesi\u00f3n, ca\u00edda del consumo, p\u00e9rdida de empleo\u2014 que, curiosamente, tambi\u00e9n florecieron bajo administraciones de su propio espacio pol\u00edtico.<\/p>\n\n\n\n<p class=\"p1\">El exministro de Econom\u00eda volvi\u00f3 a hablar de \u201crespeto\u201d frente al \u201csometimiento\u201d. Palabras nobles, s\u00ed, pero pronunciadas desde un castillo fiscal con cimientos de d\u00e9ficit.<\/p>\n\n\n\n<p class=\"p1\">Cerr\u00f3 su carta con tono republicano: \u201cSer\u00e1 el pueblo quien decida si Milei cumpli\u00f3 o no su tarea\u201d. Frase impecable, aunque el pueblo ya decidi\u00f3 hace poco m\u00e1s de una semana reforzar la motosierra.<\/p>\n\n\n\n<p class=\"p1\">En la Argentina eterna, las cartas abiertas son como los tangos: se escriben para que alguien las lea, aunque todos sepan que el destinatario no contestar\u00e1.<\/p>\n\n\n\n<p><\/p>\n\n\n\n<p>&nbsp;\u270d\ufe0f \u00a9\ufe0f 2025&nbsp; El Escriba del Silencio &#8211; All Rights Reserved<\/p>\n\n\n\n<p><\/p>\n\n\n<p><small>\u00a9\ufe0f2025  Guzzo Photos  &#038; Graphic Publications \u2013 All Rights Reserved \u2013 Copyright \u00a9\ufe0f 2025 SalaStampa.eu, world press service \u2013 Guzzo Photos &#038; Graphic Publications \u2013 Registro Editori e Stampatori n. 1441 Turin, Italy<\/small><\/p>\n\n\n<p><\/p>\n","protected":false},"excerpt":{"rendered":"<p>El tiempo, viejo juez, volvi\u00f3 a citar a Kicillof y Milei a la misma audiencia: la de la realidad.<\/p>\n","protected":false},"author":14,"featured_media":0,"comment_status":"closed","ping_status":"","sticky":false,"template":"","format":"standard","meta":{"footnotes":"","_links_to":"","_links_to_target":""},"categories":[108,121,70,11,123,23,25],"tags":[29],"class_list":["post-5572","post","type-post","status-publish","format-standard","hentry","category-blogdiario","category-dc24","category-actualidad","category-america-del-sur","category-argentina","category-politica","category-sociedad","tag-argentina","entry","double"],"yoast_head":"<!-- This site is optimized with the Yoast SEO plugin v27.5 - https:\/\/yoast.com\/product\/yoast-seo-wordpress\/ -->\n<title>\ud83d\uddde\ufe0f \ud83d\udcb0\ud83d\udcb9\ud83d\udcc9 Veritas filia temporis - ElCanillita.Info<\/title>\n<meta name=\"robots\" content=\"index, follow, max-snippet:-1, max-image-preview:large, max-video-preview:-1\" \/>\n<link rel=\"canonical\" href=\"https:\/\/elcanillita.info\/press\/2025\/11\/04\/veritas-filia-temporis\/\" \/>\n<meta property=\"og:locale\" content=\"es_ES\" \/>\n<meta property=\"og:type\" content=\"article\" \/>\n<meta property=\"og:title\" content=\"\ud83d\uddde\ufe0f \ud83d\udcb0\ud83d\udcb9\ud83d\udcc9 Veritas filia temporis - ElCanillita.Info\" \/>\n<meta property=\"og:description\" content=\"El tiempo, viejo juez, volvi\u00f3 a citar a Kicillof y Milei a la misma audiencia: la de la realidad.\" \/>\n<meta property=\"og:url\" content=\"https:\/\/elcanillita.info\/press\/2025\/11\/04\/veritas-filia-temporis\/\" \/>\n<meta property=\"og:site_name\" content=\"ElCanillita.Info\" \/>\n<meta property=\"article:publisher\" content=\"https:\/\/ar-ar.facebook.com\/ElCanillitainfo-114249515285712\/\" \/>\n<meta property=\"article:published_time\" content=\"2025-11-04T08:08:58+00:00\" \/>\n<meta property=\"article:modified_time\" content=\"2025-11-04T09:42:20+00:00\" \/>\n<meta name=\"author\" content=\"ElCanillita.info Guzzo Photos &amp; Graphic Publications\" \/>\n<meta name=\"twitter:card\" content=\"summary_large_image\" \/>\n<meta name=\"twitter:label1\" content=\"Escrito por\" \/>\n\t<meta name=\"twitter:data1\" content=\"ElCanillita.info Guzzo Photos &amp; Graphic Publications\" \/>\n\t<meta name=\"twitter:label2\" content=\"Tiempo de lectura\" \/>\n\t<meta name=\"twitter:data2\" content=\"2 minutos\" \/>\n<script type=\"application\/ld+json\" class=\"yoast-schema-graph\">{\"@context\":\"https:\\\/\\\/schema.org\",\"@graph\":[{\"@type\":\"Article\",\"@id\":\"https:\\\/\\\/elcanillita.info\\\/press\\\/2025\\\/11\\\/04\\\/veritas-filia-temporis\\\/#article\",\"isPartOf\":{\"@id\":\"https:\\\/\\\/elcanillita.info\\\/press\\\/2025\\\/11\\\/04\\\/veritas-filia-temporis\\\/\"},\"author\":{\"name\":\"ElCanillita.info Guzzo Photos &amp; Graphic Publications\",\"@id\":\"https:\\\/\\\/elcanillita.info\\\/press\\\/#\\\/schema\\\/person\\\/e37a550cff8f5f3407ed112e4cc619cb\"},\"headline\":\"\ud83d\uddde\ufe0f \ud83d\udcb0\ud83d\udcb9\ud83d\udcc9 Veritas filia temporis\",\"datePublished\":\"2025-11-04T08:08:58+00:00\",\"dateModified\":\"2025-11-04T09:42:20+00:00\",\"mainEntityOfPage\":{\"@id\":\"https:\\\/\\\/elcanillita.info\\\/press\\\/2025\\\/11\\\/04\\\/veritas-filia-temporis\\\/\"},\"wordCount\":340,\"publisher\":{\"@id\":\"https:\\\/\\\/elcanillita.info\\\/press\\\/#organization\"},\"keywords\":[\"Argentina\"],\"articleSection\":[\".\",\".\",\"Actualidad\",\"Am\u00e9rica del Sur\",\"Argentina\",\"Politica\",\"Sociedad\"],\"inLanguage\":\"es-AR\"},{\"@type\":\"WebPage\",\"@id\":\"https:\\\/\\\/elcanillita.info\\\/press\\\/2025\\\/11\\\/04\\\/veritas-filia-temporis\\\/\",\"url\":\"https:\\\/\\\/elcanillita.info\\\/press\\\/2025\\\/11\\\/04\\\/veritas-filia-temporis\\\/\",\"name\":\"\ud83d\uddde\ufe0f \ud83d\udcb0\ud83d\udcb9\ud83d\udcc9 Veritas filia temporis - ElCanillita.Info\",\"isPartOf\":{\"@id\":\"https:\\\/\\\/elcanillita.info\\\/press\\\/#website\"},\"datePublished\":\"2025-11-04T08:08:58+00:00\",\"dateModified\":\"2025-11-04T09:42:20+00:00\",\"inLanguage\":\"es-AR\",\"potentialAction\":[{\"@type\":\"ReadAction\",\"target\":[\"https:\\\/\\\/elcanillita.info\\\/press\\\/2025\\\/11\\\/04\\\/veritas-filia-temporis\\\/\"]}]},{\"@type\":\"WebSite\",\"@id\":\"https:\\\/\\\/elcanillita.info\\\/press\\\/#website\",\"url\":\"https:\\\/\\\/elcanillita.info\\\/press\\\/\",\"name\":\"ElCanillita.Info\",\"description\":\"desde los Apeninos a los Andes\",\"publisher\":{\"@id\":\"https:\\\/\\\/elcanillita.info\\\/press\\\/#organization\"},\"potentialAction\":[{\"@type\":\"SearchAction\",\"target\":{\"@type\":\"EntryPoint\",\"urlTemplate\":\"https:\\\/\\\/elcanillita.info\\\/press\\\/?s={search_term_string}\"},\"query-input\":{\"@type\":\"PropertyValueSpecification\",\"valueRequired\":true,\"valueName\":\"search_term_string\"}}],\"inLanguage\":\"es-AR\"},{\"@type\":\"Organization\",\"@id\":\"https:\\\/\\\/elcanillita.info\\\/press\\\/#organization\",\"name\":\"Guzzo Photos & Graphic Publications\",\"url\":\"https:\\\/\\\/elcanillita.info\\\/press\\\/\",\"logo\":{\"@type\":\"ImageObject\",\"inLanguage\":\"es-AR\",\"@id\":\"https:\\\/\\\/elcanillita.info\\\/press\\\/#\\\/schema\\\/logo\\\/image\\\/\",\"url\":\"https:\\\/\\\/elcanillita.info\\\/press\\\/images\\\/2020\\\/01\\\/cropped-cropped-cropped-elcanillitainfo.png\",\"contentUrl\":\"https:\\\/\\\/elcanillita.info\\\/press\\\/images\\\/2020\\\/01\\\/cropped-cropped-cropped-elcanillitainfo.png\",\"width\":460,\"height\":50,\"caption\":\"Guzzo Photos & Graphic Publications\"},\"image\":{\"@id\":\"https:\\\/\\\/elcanillita.info\\\/press\\\/#\\\/schema\\\/logo\\\/image\\\/\"},\"sameAs\":[\"https:\\\/\\\/ar-ar.facebook.com\\\/ElCanillitainfo-114249515285712\\\/\"]},{\"@type\":\"Person\",\"@id\":\"https:\\\/\\\/elcanillita.info\\\/press\\\/#\\\/schema\\\/person\\\/e37a550cff8f5f3407ed112e4cc619cb\",\"name\":\"ElCanillita.info Guzzo Photos &amp; Graphic Publications\",\"image\":{\"@type\":\"ImageObject\",\"inLanguage\":\"es-AR\",\"@id\":\"https:\\\/\\\/secure.gravatar.com\\\/avatar\\\/8914fbe0ef09248907e331ab93dfa89c7f76decf6b51cd1b2f8444e6260db772?s=96&d=mm&r=g\",\"url\":\"https:\\\/\\\/secure.gravatar.com\\\/avatar\\\/8914fbe0ef09248907e331ab93dfa89c7f76decf6b51cd1b2f8444e6260db772?s=96&d=mm&r=g\",\"contentUrl\":\"https:\\\/\\\/secure.gravatar.com\\\/avatar\\\/8914fbe0ef09248907e331ab93dfa89c7f76decf6b51cd1b2f8444e6260db772?s=96&d=mm&r=g\",\"caption\":\"ElCanillita.info Guzzo Photos &amp; Graphic Publications\"},\"sameAs\":[\"http:\\\/\\\/guzzophotos.com\"]}]}<\/script>\n<!-- \/ Yoast SEO plugin. -->","yoast_head_json":{"title":"\ud83d\uddde\ufe0f \ud83d\udcb0\ud83d\udcb9\ud83d\udcc9 Veritas filia temporis - ElCanillita.Info","robots":{"index":"index","follow":"follow","max-snippet":"max-snippet:-1","max-image-preview":"max-image-preview:large","max-video-preview":"max-video-preview:-1"},"canonical":"https:\/\/elcanillita.info\/press\/2025\/11\/04\/veritas-filia-temporis\/","og_locale":"es_ES","og_type":"article","og_title":"\ud83d\uddde\ufe0f \ud83d\udcb0\ud83d\udcb9\ud83d\udcc9 Veritas filia temporis - ElCanillita.Info","og_description":"El tiempo, viejo juez, volvi\u00f3 a citar a Kicillof y Milei a la misma audiencia: la de la realidad.","og_url":"https:\/\/elcanillita.info\/press\/2025\/11\/04\/veritas-filia-temporis\/","og_site_name":"ElCanillita.Info","article_publisher":"https:\/\/ar-ar.facebook.com\/ElCanillitainfo-114249515285712\/","article_published_time":"2025-11-04T08:08:58+00:00","article_modified_time":"2025-11-04T09:42:20+00:00","author":"ElCanillita.info Guzzo Photos &amp; Graphic Publications","twitter_card":"summary_large_image","twitter_misc":{"Escrito por":"ElCanillita.info Guzzo Photos &amp; Graphic Publications","Tiempo de lectura":"2 minutos"},"schema":{"@context":"https:\/\/schema.org","@graph":[{"@type":"Article","@id":"https:\/\/elcanillita.info\/press\/2025\/11\/04\/veritas-filia-temporis\/#article","isPartOf":{"@id":"https:\/\/elcanillita.info\/press\/2025\/11\/04\/veritas-filia-temporis\/"},"author":{"name":"ElCanillita.info Guzzo Photos &amp; Graphic Publications","@id":"https:\/\/elcanillita.info\/press\/#\/schema\/person\/e37a550cff8f5f3407ed112e4cc619cb"},"headline":"\ud83d\uddde\ufe0f \ud83d\udcb0\ud83d\udcb9\ud83d\udcc9 Veritas filia temporis","datePublished":"2025-11-04T08:08:58+00:00","dateModified":"2025-11-04T09:42:20+00:00","mainEntityOfPage":{"@id":"https:\/\/elcanillita.info\/press\/2025\/11\/04\/veritas-filia-temporis\/"},"wordCount":340,"publisher":{"@id":"https:\/\/elcanillita.info\/press\/#organization"},"keywords":["Argentina"],"articleSection":[".",".","Actualidad","Am\u00e9rica del Sur","Argentina","Politica","Sociedad"],"inLanguage":"es-AR"},{"@type":"WebPage","@id":"https:\/\/elcanillita.info\/press\/2025\/11\/04\/veritas-filia-temporis\/","url":"https:\/\/elcanillita.info\/press\/2025\/11\/04\/veritas-filia-temporis\/","name":"\ud83d\uddde\ufe0f \ud83d\udcb0\ud83d\udcb9\ud83d\udcc9 Veritas filia temporis - ElCanillita.Info","isPartOf":{"@id":"https:\/\/elcanillita.info\/press\/#website"},"datePublished":"2025-11-04T08:08:58+00:00","dateModified":"2025-11-04T09:42:20+00:00","inLanguage":"es-AR","potentialAction":[{"@type":"ReadAction","target":["https:\/\/elcanillita.info\/press\/2025\/11\/04\/veritas-filia-temporis\/"]}]},{"@type":"WebSite","@id":"https:\/\/elcanillita.info\/press\/#website","url":"https:\/\/elcanillita.info\/press\/","name":"ElCanillita.Info","description":"desde los Apeninos a los Andes","publisher":{"@id":"https:\/\/elcanillita.info\/press\/#organization"},"potentialAction":[{"@type":"SearchAction","target":{"@type":"EntryPoint","urlTemplate":"https:\/\/elcanillita.info\/press\/?s={search_term_string}"},"query-input":{"@type":"PropertyValueSpecification","valueRequired":true,"valueName":"search_term_string"}}],"inLanguage":"es-AR"},{"@type":"Organization","@id":"https:\/\/elcanillita.info\/press\/#organization","name":"Guzzo Photos & Graphic Publications","url":"https:\/\/elcanillita.info\/press\/","logo":{"@type":"ImageObject","inLanguage":"es-AR","@id":"https:\/\/elcanillita.info\/press\/#\/schema\/logo\/image\/","url":"https:\/\/elcanillita.info\/press\/images\/2020\/01\/cropped-cropped-cropped-elcanillitainfo.png","contentUrl":"https:\/\/elcanillita.info\/press\/images\/2020\/01\/cropped-cropped-cropped-elcanillitainfo.png","width":460,"height":50,"caption":"Guzzo Photos & Graphic Publications"},"image":{"@id":"https:\/\/elcanillita.info\/press\/#\/schema\/logo\/image\/"},"sameAs":["https:\/\/ar-ar.facebook.com\/ElCanillitainfo-114249515285712\/"]},{"@type":"Person","@id":"https:\/\/elcanillita.info\/press\/#\/schema\/person\/e37a550cff8f5f3407ed112e4cc619cb","name":"ElCanillita.info Guzzo Photos &amp; Graphic Publications","image":{"@type":"ImageObject","inLanguage":"es-AR","@id":"https:\/\/secure.gravatar.com\/avatar\/8914fbe0ef09248907e331ab93dfa89c7f76decf6b51cd1b2f8444e6260db772?s=96&d=mm&r=g","url":"https:\/\/secure.gravatar.com\/avatar\/8914fbe0ef09248907e331ab93dfa89c7f76decf6b51cd1b2f8444e6260db772?s=96&d=mm&r=g","contentUrl":"https:\/\/secure.gravatar.com\/avatar\/8914fbe0ef09248907e331ab93dfa89c7f76decf6b51cd1b2f8444e6260db772?s=96&d=mm&r=g","caption":"ElCanillita.info Guzzo Photos &amp; Graphic Publications"},"sameAs":["http:\/\/guzzophotos.com"]}]}},"views":102,"_links":{"self":[{"href":"https:\/\/elcanillita.info\/press\/wp-json\/wp\/v2\/posts\/5572","targetHints":{"allow":["GET"]}}],"collection":[{"href":"https:\/\/elcanillita.info\/press\/wp-json\/wp\/v2\/posts"}],"about":[{"href":"https:\/\/elcanillita.info\/press\/wp-json\/wp\/v2\/types\/post"}],"author":[{"embeddable":true,"href":"https:\/\/elcanillita.info\/press\/wp-json\/wp\/v2\/users\/14"}],"replies":[{"embeddable":true,"href":"https:\/\/elcanillita.info\/press\/wp-json\/wp\/v2\/comments?post=5572"}],"version-history":[{"count":0,"href":"https:\/\/elcanillita.info\/press\/wp-json\/wp\/v2\/posts\/5572\/revisions"}],"wp:attachment":[{"href":"https:\/\/elcanillita.info\/press\/wp-json\/wp\/v2\/media?parent=5572"}],"wp:term":[{"taxonomy":"category","embeddable":true,"href":"https:\/\/elcanillita.info\/press\/wp-json\/wp\/v2\/categories?post=5572"},{"taxonomy":"post_tag","embeddable":true,"href":"https:\/\/elcanillita.info\/press\/wp-json\/wp\/v2\/tags?post=5572"}],"curies":[{"name":"wp","href":"https:\/\/api.w.org\/{rel}","templated":true}]}}