{"id":5571,"date":"2025-11-03T20:11:15","date_gmt":"2025-11-03T23:11:15","guid":{"rendered":"https:\/\/elcanillita.info\/press\/?p=5571"},"modified":"2025-11-04T04:07:07","modified_gmt":"2025-11-04T07:07:07","slug":"evo-contra-el-pacto-fantasma","status":"publish","type":"post","link":"https:\/\/elcanillita.info\/press\/2025\/11\/03\/evo-contra-el-pacto-fantasma\/","title":{"rendered":"&nbsp;\ud83d\uddde\ufe0f\u2696\ufe0f\ud83d\uddf3\ufe0f \u201cEvo contra el pacto fantasma\u201d"},"content":{"rendered":"\n<p>Bolivia<\/p>\n\n\n\n<p class=\"p1\">Evo Morales volvi\u00f3 al ruedo, pero esta vez no desde una plaza ni una radio comunitaria: lo hizo desde su refugio en Cochabamba, con la ret\u00f3rica encendida y el dedo apuntando al sur. Acus\u00f3 nada menos que al presidente argentino Javier Milei de haber sellado un \u201cpacto internacional\u201d con el flamante mandatario boliviano Rodrigo Paz para \u201celiminarlo\u201d.<\/p>\n\n\n\n<p class=\"p1\">\u201cDesde Argentina me informan que Milei le pidi\u00f3 al presidente electo de Bolivia que se deshaga de Evo\u201d, escribi\u00f3 en X, encendiendo la mecha de una acusaci\u00f3n tan grave como nebulosa.<\/p>\n\n\n\n<p class=\"p1\">El l\u00edder del MAS, que enfrenta una orden de captura por tr\u00e1fico de personas, mezcl\u00f3 recuerdos de 2019 \u2014cuando Patricia Bullrich, entonces ministra de Seguridad, envi\u00f3 material antidisturbios al gobierno interino de Jeanine \u00c1\u00f1ez\u2014 con sospechas actuales de una conspiraci\u00f3n binacional.<\/p>\n\n\n\n<p class=\"p1\">En Buenos Aires, nadie se dio por aludido. Milei, concentrado en su relanzamiento de gabinete, ni siquiera habr\u00eda le\u00eddo el tuit. Pero en el entorno libertario hay quienes celebran en silencio: cualquier denuncia de Evo fortalece la narrativa del \u201cpeligro socialista\u201d que Milei agita con gusto en sus discursos.<\/p>\n\n\n\n<p class=\"p1\">Morales, por su parte, combina el papel de perseguido pol\u00edtico con el de profeta incomprendido. Dice tener \u201chermanos argentinos\u201d que le informan sobre reuniones secretas y amenazas veladas. Sin pruebas, claro, pero con la convicci\u00f3n del hombre que ya no distingue entre el exilio y el martirio.<\/p>\n\n\n\n<p class=\"p1\">Mientras tanto, Rodrigo Paz, reci\u00e9n asumido, intenta despegarse del ruido y mantener un equilibrio entre Washington, Brasilia y sus vecinos del sur. No estaba en sus planes ser protagonista del regreso medi\u00e1tico de Evo, pero la sombra del viejo l\u00edder vuelve a proyectarse sobre Bolivia como una tormenta que nunca termina de disiparse.<\/p>\n\n\n\n<p class=\"p1\">El resultado: una nueva entrega del eterno follet\u00edn andino, donde el drama se repite con actores distintos y el guion \u2014entre traiciones, conspiraciones y mensajes desde la selva\u2014 parece escrito por el destino o por Twitter.<\/p>\n\n\n\n<p><\/p>\n\n\n\n<p>\u270d\ufe0f \u00a9 2025 SalaStampa.eu \u2013 All Rights Reserved<\/p>\n\n\n\n<p><\/p>\n\n\n<p><small>\u00a9 2025 ElCanillita.info \u2013 All Rights Reserved \u2013 SalaStampa.eu, world press service &#8211; Guzzo Photos &#038; Graphic Publications \u2013 Registro Editori e Stampatori n. 1441 Turin, Italy <\/small><\/p>\n\n\n<p><\/p>\n","protected":false},"excerpt":{"rendered":"<p>El expresidente boliviano denuncia un complot entre Buenos Aires y La Paz para \u201celiminarlo\u201d. Milei, seg\u00fan Evo, habr\u00eda pedido a Rodrigo Paz que \u201cse deshaga\u201d de \u00e9l. La pol\u00edtica regional vuelve a jugar en clave de espionaje, paranoia y viejos fantasmas del altiplano.<\/p>\n","protected":false},"author":1,"featured_media":0,"comment_status":"closed","ping_status":"","sticky":false,"template":"","format":"standard","meta":{"footnotes":"","_links_to":"","_links_to_target":""},"categories":[108,121,70,11,23,25],"tags":[30],"class_list":["post-5571","post","type-post","status-publish","format-standard","hentry","category-blogdiario","category-dc24","category-actualidad","category-america-del-sur","category-politica","category-sociedad","tag-bolivia","entry","double"],"yoast_head":"<!-- This site is optimized with the Yoast SEO plugin v27.4 - https:\/\/yoast.com\/product\/yoast-seo-wordpress\/ -->\n<title>&nbsp;\ud83d\uddde\ufe0f\u2696\ufe0f\ud83d\uddf3\ufe0f \u201cEvo contra el pacto fantasma\u201d - ElCanillita.Info<\/title>\n<meta name=\"robots\" content=\"index, follow, max-snippet:-1, max-image-preview:large, max-video-preview:-1\" \/>\n<link rel=\"canonical\" href=\"https:\/\/elcanillita.info\/press\/2025\/11\/03\/evo-contra-el-pacto-fantasma\/\" \/>\n<meta property=\"og:locale\" content=\"es_ES\" \/>\n<meta property=\"og:type\" content=\"article\" \/>\n<meta property=\"og:title\" content=\"&nbsp;\ud83d\uddde\ufe0f\u2696\ufe0f\ud83d\uddf3\ufe0f \u201cEvo contra el pacto fantasma\u201d - ElCanillita.Info\" \/>\n<meta property=\"og:description\" content=\"El expresidente boliviano denuncia un complot entre Buenos Aires y La Paz para \u201celiminarlo\u201d. Milei, seg\u00fan Evo, habr\u00eda pedido a Rodrigo Paz que \u201cse deshaga\u201d de \u00e9l. La pol\u00edtica regional vuelve a jugar en clave de espionaje, paranoia y viejos fantasmas del altiplano.\" \/>\n<meta property=\"og:url\" content=\"https:\/\/elcanillita.info\/press\/2025\/11\/03\/evo-contra-el-pacto-fantasma\/\" \/>\n<meta property=\"og:site_name\" content=\"ElCanillita.Info\" \/>\n<meta property=\"article:publisher\" content=\"https:\/\/ar-ar.facebook.com\/ElCanillitainfo-114249515285712\/\" \/>\n<meta property=\"article:published_time\" content=\"2025-11-03T23:11:15+00:00\" \/>\n<meta property=\"article:modified_time\" content=\"2025-11-04T07:07:07+00:00\" \/>\n<meta name=\"author\" content=\"SalaStampa.eu, world press service\" \/>\n<meta name=\"twitter:card\" content=\"summary_large_image\" \/>\n<meta name=\"twitter:label1\" content=\"Escrito por\" \/>\n\t<meta name=\"twitter:data1\" content=\"SalaStampa.eu, world press service\" \/>\n\t<meta name=\"twitter:label2\" content=\"Tiempo de lectura\" \/>\n\t<meta name=\"twitter:data2\" content=\"2 minutos\" \/>\n<script type=\"application\/ld+json\" class=\"yoast-schema-graph\">{\"@context\":\"https:\\\/\\\/schema.org\",\"@graph\":[{\"@type\":\"Article\",\"@id\":\"https:\\\/\\\/elcanillita.info\\\/press\\\/2025\\\/11\\\/03\\\/evo-contra-el-pacto-fantasma\\\/#article\",\"isPartOf\":{\"@id\":\"https:\\\/\\\/elcanillita.info\\\/press\\\/2025\\\/11\\\/03\\\/evo-contra-el-pacto-fantasma\\\/\"},\"author\":{\"name\":\"SalaStampa.eu, world press service\",\"@id\":\"https:\\\/\\\/elcanillita.info\\\/press\\\/#\\\/schema\\\/person\\\/7fcb79f38045700919f7da6d97e71ba0\"},\"headline\":\"&nbsp;\ud83d\uddde\ufe0f\u2696\ufe0f\ud83d\uddf3\ufe0f \u201cEvo contra el pacto fantasma\u201d\",\"datePublished\":\"2025-11-03T23:11:15+00:00\",\"dateModified\":\"2025-11-04T07:07:07+00:00\",\"mainEntityOfPage\":{\"@id\":\"https:\\\/\\\/elcanillita.info\\\/press\\\/2025\\\/11\\\/03\\\/evo-contra-el-pacto-fantasma\\\/\"},\"wordCount\":360,\"publisher\":{\"@id\":\"https:\\\/\\\/elcanillita.info\\\/press\\\/#organization\"},\"keywords\":[\"Bolivia\"],\"articleSection\":[\".\",\".\",\"Actualidad\",\"Am\u00e9rica del Sur\",\"Politica\",\"Sociedad\"],\"inLanguage\":\"es-AR\"},{\"@type\":\"WebPage\",\"@id\":\"https:\\\/\\\/elcanillita.info\\\/press\\\/2025\\\/11\\\/03\\\/evo-contra-el-pacto-fantasma\\\/\",\"url\":\"https:\\\/\\\/elcanillita.info\\\/press\\\/2025\\\/11\\\/03\\\/evo-contra-el-pacto-fantasma\\\/\",\"name\":\"&nbsp;\ud83d\uddde\ufe0f\u2696\ufe0f\ud83d\uddf3\ufe0f \u201cEvo contra el pacto fantasma\u201d - ElCanillita.Info\",\"isPartOf\":{\"@id\":\"https:\\\/\\\/elcanillita.info\\\/press\\\/#website\"},\"datePublished\":\"2025-11-03T23:11:15+00:00\",\"dateModified\":\"2025-11-04T07:07:07+00:00\",\"inLanguage\":\"es-AR\",\"potentialAction\":[{\"@type\":\"ReadAction\",\"target\":[\"https:\\\/\\\/elcanillita.info\\\/press\\\/2025\\\/11\\\/03\\\/evo-contra-el-pacto-fantasma\\\/\"]}]},{\"@type\":\"WebSite\",\"@id\":\"https:\\\/\\\/elcanillita.info\\\/press\\\/#website\",\"url\":\"https:\\\/\\\/elcanillita.info\\\/press\\\/\",\"name\":\"ElCanillita.Info\",\"description\":\"desde los Apeninos a los Andes\",\"publisher\":{\"@id\":\"https:\\\/\\\/elcanillita.info\\\/press\\\/#organization\"},\"potentialAction\":[{\"@type\":\"SearchAction\",\"target\":{\"@type\":\"EntryPoint\",\"urlTemplate\":\"https:\\\/\\\/elcanillita.info\\\/press\\\/?s={search_term_string}\"},\"query-input\":{\"@type\":\"PropertyValueSpecification\",\"valueRequired\":true,\"valueName\":\"search_term_string\"}}],\"inLanguage\":\"es-AR\"},{\"@type\":\"Organization\",\"@id\":\"https:\\\/\\\/elcanillita.info\\\/press\\\/#organization\",\"name\":\"Guzzo Photos & Graphic Publications\",\"url\":\"https:\\\/\\\/elcanillita.info\\\/press\\\/\",\"logo\":{\"@type\":\"ImageObject\",\"inLanguage\":\"es-AR\",\"@id\":\"https:\\\/\\\/elcanillita.info\\\/press\\\/#\\\/schema\\\/logo\\\/image\\\/\",\"url\":\"https:\\\/\\\/elcanillita.info\\\/press\\\/images\\\/2020\\\/01\\\/cropped-cropped-cropped-elcanillitainfo.png\",\"contentUrl\":\"https:\\\/\\\/elcanillita.info\\\/press\\\/images\\\/2020\\\/01\\\/cropped-cropped-cropped-elcanillitainfo.png\",\"width\":460,\"height\":50,\"caption\":\"Guzzo Photos & Graphic Publications\"},\"image\":{\"@id\":\"https:\\\/\\\/elcanillita.info\\\/press\\\/#\\\/schema\\\/logo\\\/image\\\/\"},\"sameAs\":[\"https:\\\/\\\/ar-ar.facebook.com\\\/ElCanillitainfo-114249515285712\\\/\"]},{\"@type\":\"Person\",\"@id\":\"https:\\\/\\\/elcanillita.info\\\/press\\\/#\\\/schema\\\/person\\\/7fcb79f38045700919f7da6d97e71ba0\",\"name\":\"SalaStampa.eu, world press service\",\"image\":{\"@type\":\"ImageObject\",\"inLanguage\":\"es-AR\",\"@id\":\"https:\\\/\\\/secure.gravatar.com\\\/avatar\\\/c2f0e0d515a107624234994507816ca4724c7199cef73fc8bedebf6931d73888?s=96&d=mm&r=g\",\"url\":\"https:\\\/\\\/secure.gravatar.com\\\/avatar\\\/c2f0e0d515a107624234994507816ca4724c7199cef73fc8bedebf6931d73888?s=96&d=mm&r=g\",\"contentUrl\":\"https:\\\/\\\/secure.gravatar.com\\\/avatar\\\/c2f0e0d515a107624234994507816ca4724c7199cef73fc8bedebf6931d73888?s=96&d=mm&r=g\",\"caption\":\"SalaStampa.eu, world press service\"}}]}<\/script>\n<!-- \/ Yoast SEO plugin. -->","yoast_head_json":{"title":"&nbsp;\ud83d\uddde\ufe0f\u2696\ufe0f\ud83d\uddf3\ufe0f \u201cEvo contra el pacto fantasma\u201d - ElCanillita.Info","robots":{"index":"index","follow":"follow","max-snippet":"max-snippet:-1","max-image-preview":"max-image-preview:large","max-video-preview":"max-video-preview:-1"},"canonical":"https:\/\/elcanillita.info\/press\/2025\/11\/03\/evo-contra-el-pacto-fantasma\/","og_locale":"es_ES","og_type":"article","og_title":"&nbsp;\ud83d\uddde\ufe0f\u2696\ufe0f\ud83d\uddf3\ufe0f \u201cEvo contra el pacto fantasma\u201d - ElCanillita.Info","og_description":"El expresidente boliviano denuncia un complot entre Buenos Aires y La Paz para \u201celiminarlo\u201d. Milei, seg\u00fan Evo, habr\u00eda pedido a Rodrigo Paz que \u201cse deshaga\u201d de \u00e9l. La pol\u00edtica regional vuelve a jugar en clave de espionaje, paranoia y viejos fantasmas del altiplano.","og_url":"https:\/\/elcanillita.info\/press\/2025\/11\/03\/evo-contra-el-pacto-fantasma\/","og_site_name":"ElCanillita.Info","article_publisher":"https:\/\/ar-ar.facebook.com\/ElCanillitainfo-114249515285712\/","article_published_time":"2025-11-03T23:11:15+00:00","article_modified_time":"2025-11-04T07:07:07+00:00","author":"SalaStampa.eu, world press service","twitter_card":"summary_large_image","twitter_misc":{"Escrito por":"SalaStampa.eu, world press service","Tiempo de lectura":"2 minutos"},"schema":{"@context":"https:\/\/schema.org","@graph":[{"@type":"Article","@id":"https:\/\/elcanillita.info\/press\/2025\/11\/03\/evo-contra-el-pacto-fantasma\/#article","isPartOf":{"@id":"https:\/\/elcanillita.info\/press\/2025\/11\/03\/evo-contra-el-pacto-fantasma\/"},"author":{"name":"SalaStampa.eu, world press service","@id":"https:\/\/elcanillita.info\/press\/#\/schema\/person\/7fcb79f38045700919f7da6d97e71ba0"},"headline":"&nbsp;\ud83d\uddde\ufe0f\u2696\ufe0f\ud83d\uddf3\ufe0f \u201cEvo contra el pacto fantasma\u201d","datePublished":"2025-11-03T23:11:15+00:00","dateModified":"2025-11-04T07:07:07+00:00","mainEntityOfPage":{"@id":"https:\/\/elcanillita.info\/press\/2025\/11\/03\/evo-contra-el-pacto-fantasma\/"},"wordCount":360,"publisher":{"@id":"https:\/\/elcanillita.info\/press\/#organization"},"keywords":["Bolivia"],"articleSection":[".",".","Actualidad","Am\u00e9rica del Sur","Politica","Sociedad"],"inLanguage":"es-AR"},{"@type":"WebPage","@id":"https:\/\/elcanillita.info\/press\/2025\/11\/03\/evo-contra-el-pacto-fantasma\/","url":"https:\/\/elcanillita.info\/press\/2025\/11\/03\/evo-contra-el-pacto-fantasma\/","name":"&nbsp;\ud83d\uddde\ufe0f\u2696\ufe0f\ud83d\uddf3\ufe0f \u201cEvo contra el pacto fantasma\u201d - ElCanillita.Info","isPartOf":{"@id":"https:\/\/elcanillita.info\/press\/#website"},"datePublished":"2025-11-03T23:11:15+00:00","dateModified":"2025-11-04T07:07:07+00:00","inLanguage":"es-AR","potentialAction":[{"@type":"ReadAction","target":["https:\/\/elcanillita.info\/press\/2025\/11\/03\/evo-contra-el-pacto-fantasma\/"]}]},{"@type":"WebSite","@id":"https:\/\/elcanillita.info\/press\/#website","url":"https:\/\/elcanillita.info\/press\/","name":"ElCanillita.Info","description":"desde los Apeninos a los Andes","publisher":{"@id":"https:\/\/elcanillita.info\/press\/#organization"},"potentialAction":[{"@type":"SearchAction","target":{"@type":"EntryPoint","urlTemplate":"https:\/\/elcanillita.info\/press\/?s={search_term_string}"},"query-input":{"@type":"PropertyValueSpecification","valueRequired":true,"valueName":"search_term_string"}}],"inLanguage":"es-AR"},{"@type":"Organization","@id":"https:\/\/elcanillita.info\/press\/#organization","name":"Guzzo Photos & Graphic Publications","url":"https:\/\/elcanillita.info\/press\/","logo":{"@type":"ImageObject","inLanguage":"es-AR","@id":"https:\/\/elcanillita.info\/press\/#\/schema\/logo\/image\/","url":"https:\/\/elcanillita.info\/press\/images\/2020\/01\/cropped-cropped-cropped-elcanillitainfo.png","contentUrl":"https:\/\/elcanillita.info\/press\/images\/2020\/01\/cropped-cropped-cropped-elcanillitainfo.png","width":460,"height":50,"caption":"Guzzo Photos & Graphic Publications"},"image":{"@id":"https:\/\/elcanillita.info\/press\/#\/schema\/logo\/image\/"},"sameAs":["https:\/\/ar-ar.facebook.com\/ElCanillitainfo-114249515285712\/"]},{"@type":"Person","@id":"https:\/\/elcanillita.info\/press\/#\/schema\/person\/7fcb79f38045700919f7da6d97e71ba0","name":"SalaStampa.eu, world press service","image":{"@type":"ImageObject","inLanguage":"es-AR","@id":"https:\/\/secure.gravatar.com\/avatar\/c2f0e0d515a107624234994507816ca4724c7199cef73fc8bedebf6931d73888?s=96&d=mm&r=g","url":"https:\/\/secure.gravatar.com\/avatar\/c2f0e0d515a107624234994507816ca4724c7199cef73fc8bedebf6931d73888?s=96&d=mm&r=g","contentUrl":"https:\/\/secure.gravatar.com\/avatar\/c2f0e0d515a107624234994507816ca4724c7199cef73fc8bedebf6931d73888?s=96&d=mm&r=g","caption":"SalaStampa.eu, world press service"}}]}},"views":136,"_links":{"self":[{"href":"https:\/\/elcanillita.info\/press\/wp-json\/wp\/v2\/posts\/5571","targetHints":{"allow":["GET"]}}],"collection":[{"href":"https:\/\/elcanillita.info\/press\/wp-json\/wp\/v2\/posts"}],"about":[{"href":"https:\/\/elcanillita.info\/press\/wp-json\/wp\/v2\/types\/post"}],"author":[{"embeddable":true,"href":"https:\/\/elcanillita.info\/press\/wp-json\/wp\/v2\/users\/1"}],"replies":[{"embeddable":true,"href":"https:\/\/elcanillita.info\/press\/wp-json\/wp\/v2\/comments?post=5571"}],"version-history":[{"count":0,"href":"https:\/\/elcanillita.info\/press\/wp-json\/wp\/v2\/posts\/5571\/revisions"}],"wp:attachment":[{"href":"https:\/\/elcanillita.info\/press\/wp-json\/wp\/v2\/media?parent=5571"}],"wp:term":[{"taxonomy":"category","embeddable":true,"href":"https:\/\/elcanillita.info\/press\/wp-json\/wp\/v2\/categories?post=5571"},{"taxonomy":"post_tag","embeddable":true,"href":"https:\/\/elcanillita.info\/press\/wp-json\/wp\/v2\/tags?post=5571"}],"curies":[{"name":"wp","href":"https:\/\/api.w.org\/{rel}","templated":true}]}}