{"id":5570,"date":"2025-11-03T11:34:21","date_gmt":"2025-11-03T14:34:21","guid":{"rendered":"https:\/\/elcanillita.info\/press\/?p=5570"},"modified":"2025-11-03T11:34:55","modified_gmt":"2025-11-03T14:34:55","slug":"balcarce-red-carpet-estreno-de-elenco-mismo-director","status":"publish","type":"post","link":"https:\/\/elcanillita.info\/press\/2025\/11\/03\/balcarce-red-carpet-estreno-de-elenco-mismo-director\/","title":{"rendered":"\ud83d\uddde\ufe0f \ud83d\udcb0\ud83d\udcb9 \ud83c\udfdb\ufe0f \u201cBalcarce Red Carpet: estreno de elenco, mismo director\u201d"},"content":{"rendered":"\n<p>Argentina<\/p>\n\n\n\n<p class=\"p1\">Javier Milei amaneci\u00f3 hoy rodeado de caras conocidas, pero con un tablero rearmado. La primera reuni\u00f3n del nuevo Gabinete comenz\u00f3 antes de las diez, con Manuel Adorni debutando como jefe de ministros y Diego Santilli estrenando despacho en Interior. Un relanzamiento de gesti\u00f3n con perfume a refundaci\u00f3n y aroma a interna reci\u00e9n horneada.<\/p>\n\n\n\n<p class=\"p1\">Adorni, fiel a su estilo de puntualidad monacal, lleg\u00f3 antes de las ocho y fue recibido por fot\u00f3grafos que, cual corte de casamiento, retrataron a cada ministro en su entrada triunfal. Solo dos escaparon a la c\u00e1mara: la misteriosa abogada presidencial, Mar\u00eda Ibarzabal Murphy, y el consejero sin cargo pero con poder de facto, Santiago Caputo.<\/p>\n\n\n\n<p class=\"p1\">La coreograf\u00eda del ingreso fue cuidadosamente ensayada. A las 9:15 entr\u00f3 el Presidente; a las 9:30, Santilli. En el Sal\u00f3n de los Bustos ya esperaban Caputo (el ministro real, no el asesor), Bullrich, Pettovello, Petri, C\u00faneo Libarona y compa\u00f1\u00eda. Falt\u00f3 solo uno: Sturzenegger, en misi\u00f3n madrile\u00f1a de desregulaci\u00f3n transcontinental.<\/p>\n\n\n\n<p class=\"p1\">El mensaje era claro: nueva temporada, mismos protagonistas, con leves rotaciones de silla. Karina Milei, omnipresente secretaria general, reforz\u00f3 su control del equipo colocando a su leal Adorni en el puesto que deja Guillermo Francos, el \u00faltimo que intent\u00f3 \u201cordenar\u201d pol\u00edticamente al Presidente y acab\u00f3 eyectado por exceso de autonom\u00eda.<\/p>\n\n\n\n<p class=\"p1\">Santilli, por su parte, asumi\u00f3 prometiendo \u201clas transformaciones que el pa\u00eds necesita\u201d, una frase tan el\u00e1stica como la paciencia de los gobernadores que deber\u00e1 convencer. Es, sin embargo, un movimiento quir\u00fargico: m\u00e1s digerible para los caputistas, pero suficientemente pol\u00edtico para negociar sin prender fuego la mesa.<\/p>\n\n\n\n<p class=\"p1\">Mientras tanto, el otro Caputo \u2014Santiago, el asesor\u2014 observa desde la penumbra. Su rol, por ahora, queda flotando entre el mito y la marginalidad. \u201cVa a seguir desde afuera, que era lo que quer\u00eda\u201d, repiten en Balcarce 50, aunque nadie sabe bien si eso significa \u201ccon menos poder\u201d o \u201csin testigos\u201d.<\/p>\n\n\n\n<p class=\"p1\">En los pasillos se habla de \u201csegunda etapa\u201d, \u201crefundaci\u00f3n\u201d, \u201cajuste 2.0\u201d. Pero el verdadero experimento apenas empieza: probar si el Gobierno puede funcionar sin que cada decisi\u00f3n termine en una pelea entre la hermana y el gur\u00fa.<\/p>\n\n\n\n<p class=\"p1\">Por ahora, Milei disfruta el momento. Tiene nuevo elenco, c\u00e1maras encendidas y alfombra roja. El guion, como siempre, se escribir\u00e1 despu\u00e9s.<\/p>\n\n\n\n<p><\/p>\n\n\n\n<p>\u270d\ufe0f \u00a9 2025 \u201cLic. ADN &#8211; Analista de Designaciones Nep\u00f3ticas &#8211; All Rights Reserved&nbsp;<\/p>\n\n\n<p><small>\u00a9\ufe0f2025  Guzzo Photos  &#038; Graphic Publications \u2013 All Rights Reserved \u2013 Copyright \u00a9\ufe0f 2025 SalaStampa.eu, world press service \u2013 Guzzo Photos &#038; Graphic Publications \u2013 Registro Editori e Stampatori n. 1441 Turin, Italy<\/small><\/p>\n\n\n<p><\/p>\n\n\n\n<p><\/p>\n","protected":false},"excerpt":{"rendered":"<p>Milei relanza su Gobierno con alfombra roja, fotos individuales y nuevas sillas. Pero la trama sigue siendo la misma: Karina dirige, Caputo susurra y el Presidente act\u00faa.<\/p>\n","protected":false},"author":14,"featured_media":0,"comment_status":"closed","ping_status":"","sticky":false,"template":"","format":"standard","meta":{"footnotes":"","_links_to":"","_links_to_target":""},"categories":[121,108,70,11,123,23,25],"tags":[29],"class_list":["post-5570","post","type-post","status-publish","format-standard","hentry","category-dc24","category-blogdiario","category-actualidad","category-america-del-sur","category-argentina","category-politica","category-sociedad","tag-argentina","entry","double"],"yoast_head":"<!-- This site is optimized with the Yoast SEO plugin v27.5 - https:\/\/yoast.com\/product\/yoast-seo-wordpress\/ -->\n<title>\ud83d\uddde\ufe0f \ud83d\udcb0\ud83d\udcb9 \ud83c\udfdb\ufe0f \u201cBalcarce Red Carpet: estreno de elenco, mismo director\u201d - ElCanillita.Info<\/title>\n<meta name=\"robots\" content=\"index, follow, max-snippet:-1, max-image-preview:large, max-video-preview:-1\" \/>\n<link rel=\"canonical\" href=\"https:\/\/elcanillita.info\/press\/2025\/11\/03\/balcarce-red-carpet-estreno-de-elenco-mismo-director\/\" \/>\n<meta property=\"og:locale\" content=\"es_ES\" \/>\n<meta property=\"og:type\" content=\"article\" \/>\n<meta property=\"og:title\" content=\"\ud83d\uddde\ufe0f \ud83d\udcb0\ud83d\udcb9 \ud83c\udfdb\ufe0f \u201cBalcarce Red Carpet: estreno de elenco, mismo director\u201d - ElCanillita.Info\" \/>\n<meta property=\"og:description\" content=\"Milei relanza su Gobierno con alfombra roja, fotos individuales y nuevas sillas. Pero la trama sigue siendo la misma: Karina dirige, Caputo susurra y el Presidente act\u00faa.\" \/>\n<meta property=\"og:url\" content=\"https:\/\/elcanillita.info\/press\/2025\/11\/03\/balcarce-red-carpet-estreno-de-elenco-mismo-director\/\" \/>\n<meta property=\"og:site_name\" content=\"ElCanillita.Info\" \/>\n<meta property=\"article:publisher\" content=\"https:\/\/ar-ar.facebook.com\/ElCanillitainfo-114249515285712\/\" \/>\n<meta property=\"article:published_time\" content=\"2025-11-03T14:34:21+00:00\" \/>\n<meta property=\"article:modified_time\" content=\"2025-11-03T14:34:55+00:00\" \/>\n<meta name=\"author\" content=\"ElCanillita.info Guzzo Photos &amp; Graphic Publications\" \/>\n<meta name=\"twitter:card\" content=\"summary_large_image\" \/>\n<meta name=\"twitter:label1\" content=\"Escrito por\" \/>\n\t<meta name=\"twitter:data1\" content=\"ElCanillita.info Guzzo Photos &amp; Graphic Publications\" \/>\n\t<meta name=\"twitter:label2\" content=\"Tiempo de lectura\" \/>\n\t<meta name=\"twitter:data2\" content=\"2 minutos\" \/>\n<script type=\"application\/ld+json\" class=\"yoast-schema-graph\">{\"@context\":\"https:\\\/\\\/schema.org\",\"@graph\":[{\"@type\":\"Article\",\"@id\":\"https:\\\/\\\/elcanillita.info\\\/press\\\/2025\\\/11\\\/03\\\/balcarce-red-carpet-estreno-de-elenco-mismo-director\\\/#article\",\"isPartOf\":{\"@id\":\"https:\\\/\\\/elcanillita.info\\\/press\\\/2025\\\/11\\\/03\\\/balcarce-red-carpet-estreno-de-elenco-mismo-director\\\/\"},\"author\":{\"name\":\"ElCanillita.info Guzzo Photos &amp; Graphic Publications\",\"@id\":\"https:\\\/\\\/elcanillita.info\\\/press\\\/#\\\/schema\\\/person\\\/e37a550cff8f5f3407ed112e4cc619cb\"},\"headline\":\"\ud83d\uddde\ufe0f \ud83d\udcb0\ud83d\udcb9 \ud83c\udfdb\ufe0f \u201cBalcarce Red Carpet: estreno de elenco, mismo director\u201d\",\"datePublished\":\"2025-11-03T14:34:21+00:00\",\"dateModified\":\"2025-11-03T14:34:55+00:00\",\"mainEntityOfPage\":{\"@id\":\"https:\\\/\\\/elcanillita.info\\\/press\\\/2025\\\/11\\\/03\\\/balcarce-red-carpet-estreno-de-elenco-mismo-director\\\/\"},\"wordCount\":431,\"publisher\":{\"@id\":\"https:\\\/\\\/elcanillita.info\\\/press\\\/#organization\"},\"keywords\":[\"Argentina\"],\"articleSection\":[\".\",\".\",\"Actualidad\",\"Am\u00e9rica del Sur\",\"Argentina\",\"Politica\",\"Sociedad\"],\"inLanguage\":\"es-AR\"},{\"@type\":\"WebPage\",\"@id\":\"https:\\\/\\\/elcanillita.info\\\/press\\\/2025\\\/11\\\/03\\\/balcarce-red-carpet-estreno-de-elenco-mismo-director\\\/\",\"url\":\"https:\\\/\\\/elcanillita.info\\\/press\\\/2025\\\/11\\\/03\\\/balcarce-red-carpet-estreno-de-elenco-mismo-director\\\/\",\"name\":\"\ud83d\uddde\ufe0f \ud83d\udcb0\ud83d\udcb9 \ud83c\udfdb\ufe0f \u201cBalcarce Red Carpet: estreno de elenco, mismo director\u201d - ElCanillita.Info\",\"isPartOf\":{\"@id\":\"https:\\\/\\\/elcanillita.info\\\/press\\\/#website\"},\"datePublished\":\"2025-11-03T14:34:21+00:00\",\"dateModified\":\"2025-11-03T14:34:55+00:00\",\"inLanguage\":\"es-AR\",\"potentialAction\":[{\"@type\":\"ReadAction\",\"target\":[\"https:\\\/\\\/elcanillita.info\\\/press\\\/2025\\\/11\\\/03\\\/balcarce-red-carpet-estreno-de-elenco-mismo-director\\\/\"]}]},{\"@type\":\"WebSite\",\"@id\":\"https:\\\/\\\/elcanillita.info\\\/press\\\/#website\",\"url\":\"https:\\\/\\\/elcanillita.info\\\/press\\\/\",\"name\":\"ElCanillita.Info\",\"description\":\"desde los Apeninos a los Andes\",\"publisher\":{\"@id\":\"https:\\\/\\\/elcanillita.info\\\/press\\\/#organization\"},\"potentialAction\":[{\"@type\":\"SearchAction\",\"target\":{\"@type\":\"EntryPoint\",\"urlTemplate\":\"https:\\\/\\\/elcanillita.info\\\/press\\\/?s={search_term_string}\"},\"query-input\":{\"@type\":\"PropertyValueSpecification\",\"valueRequired\":true,\"valueName\":\"search_term_string\"}}],\"inLanguage\":\"es-AR\"},{\"@type\":\"Organization\",\"@id\":\"https:\\\/\\\/elcanillita.info\\\/press\\\/#organization\",\"name\":\"Guzzo Photos & Graphic Publications\",\"url\":\"https:\\\/\\\/elcanillita.info\\\/press\\\/\",\"logo\":{\"@type\":\"ImageObject\",\"inLanguage\":\"es-AR\",\"@id\":\"https:\\\/\\\/elcanillita.info\\\/press\\\/#\\\/schema\\\/logo\\\/image\\\/\",\"url\":\"https:\\\/\\\/elcanillita.info\\\/press\\\/images\\\/2020\\\/01\\\/cropped-cropped-cropped-elcanillitainfo.png\",\"contentUrl\":\"https:\\\/\\\/elcanillita.info\\\/press\\\/images\\\/2020\\\/01\\\/cropped-cropped-cropped-elcanillitainfo.png\",\"width\":460,\"height\":50,\"caption\":\"Guzzo Photos & Graphic Publications\"},\"image\":{\"@id\":\"https:\\\/\\\/elcanillita.info\\\/press\\\/#\\\/schema\\\/logo\\\/image\\\/\"},\"sameAs\":[\"https:\\\/\\\/ar-ar.facebook.com\\\/ElCanillitainfo-114249515285712\\\/\"]},{\"@type\":\"Person\",\"@id\":\"https:\\\/\\\/elcanillita.info\\\/press\\\/#\\\/schema\\\/person\\\/e37a550cff8f5f3407ed112e4cc619cb\",\"name\":\"ElCanillita.info Guzzo Photos &amp; Graphic Publications\",\"image\":{\"@type\":\"ImageObject\",\"inLanguage\":\"es-AR\",\"@id\":\"https:\\\/\\\/secure.gravatar.com\\\/avatar\\\/8914fbe0ef09248907e331ab93dfa89c7f76decf6b51cd1b2f8444e6260db772?s=96&d=mm&r=g\",\"url\":\"https:\\\/\\\/secure.gravatar.com\\\/avatar\\\/8914fbe0ef09248907e331ab93dfa89c7f76decf6b51cd1b2f8444e6260db772?s=96&d=mm&r=g\",\"contentUrl\":\"https:\\\/\\\/secure.gravatar.com\\\/avatar\\\/8914fbe0ef09248907e331ab93dfa89c7f76decf6b51cd1b2f8444e6260db772?s=96&d=mm&r=g\",\"caption\":\"ElCanillita.info Guzzo Photos &amp; Graphic Publications\"},\"sameAs\":[\"http:\\\/\\\/guzzophotos.com\"]}]}<\/script>\n<!-- \/ Yoast SEO plugin. -->","yoast_head_json":{"title":"\ud83d\uddde\ufe0f \ud83d\udcb0\ud83d\udcb9 \ud83c\udfdb\ufe0f \u201cBalcarce Red Carpet: estreno de elenco, mismo director\u201d - ElCanillita.Info","robots":{"index":"index","follow":"follow","max-snippet":"max-snippet:-1","max-image-preview":"max-image-preview:large","max-video-preview":"max-video-preview:-1"},"canonical":"https:\/\/elcanillita.info\/press\/2025\/11\/03\/balcarce-red-carpet-estreno-de-elenco-mismo-director\/","og_locale":"es_ES","og_type":"article","og_title":"\ud83d\uddde\ufe0f \ud83d\udcb0\ud83d\udcb9 \ud83c\udfdb\ufe0f \u201cBalcarce Red Carpet: estreno de elenco, mismo director\u201d - ElCanillita.Info","og_description":"Milei relanza su Gobierno con alfombra roja, fotos individuales y nuevas sillas. Pero la trama sigue siendo la misma: Karina dirige, Caputo susurra y el Presidente act\u00faa.","og_url":"https:\/\/elcanillita.info\/press\/2025\/11\/03\/balcarce-red-carpet-estreno-de-elenco-mismo-director\/","og_site_name":"ElCanillita.Info","article_publisher":"https:\/\/ar-ar.facebook.com\/ElCanillitainfo-114249515285712\/","article_published_time":"2025-11-03T14:34:21+00:00","article_modified_time":"2025-11-03T14:34:55+00:00","author":"ElCanillita.info Guzzo Photos &amp; Graphic Publications","twitter_card":"summary_large_image","twitter_misc":{"Escrito por":"ElCanillita.info Guzzo Photos &amp; Graphic Publications","Tiempo de lectura":"2 minutos"},"schema":{"@context":"https:\/\/schema.org","@graph":[{"@type":"Article","@id":"https:\/\/elcanillita.info\/press\/2025\/11\/03\/balcarce-red-carpet-estreno-de-elenco-mismo-director\/#article","isPartOf":{"@id":"https:\/\/elcanillita.info\/press\/2025\/11\/03\/balcarce-red-carpet-estreno-de-elenco-mismo-director\/"},"author":{"name":"ElCanillita.info Guzzo Photos &amp; Graphic Publications","@id":"https:\/\/elcanillita.info\/press\/#\/schema\/person\/e37a550cff8f5f3407ed112e4cc619cb"},"headline":"\ud83d\uddde\ufe0f \ud83d\udcb0\ud83d\udcb9 \ud83c\udfdb\ufe0f \u201cBalcarce Red Carpet: estreno de elenco, mismo director\u201d","datePublished":"2025-11-03T14:34:21+00:00","dateModified":"2025-11-03T14:34:55+00:00","mainEntityOfPage":{"@id":"https:\/\/elcanillita.info\/press\/2025\/11\/03\/balcarce-red-carpet-estreno-de-elenco-mismo-director\/"},"wordCount":431,"publisher":{"@id":"https:\/\/elcanillita.info\/press\/#organization"},"keywords":["Argentina"],"articleSection":[".",".","Actualidad","Am\u00e9rica del Sur","Argentina","Politica","Sociedad"],"inLanguage":"es-AR"},{"@type":"WebPage","@id":"https:\/\/elcanillita.info\/press\/2025\/11\/03\/balcarce-red-carpet-estreno-de-elenco-mismo-director\/","url":"https:\/\/elcanillita.info\/press\/2025\/11\/03\/balcarce-red-carpet-estreno-de-elenco-mismo-director\/","name":"\ud83d\uddde\ufe0f \ud83d\udcb0\ud83d\udcb9 \ud83c\udfdb\ufe0f \u201cBalcarce Red Carpet: estreno de elenco, mismo director\u201d - ElCanillita.Info","isPartOf":{"@id":"https:\/\/elcanillita.info\/press\/#website"},"datePublished":"2025-11-03T14:34:21+00:00","dateModified":"2025-11-03T14:34:55+00:00","inLanguage":"es-AR","potentialAction":[{"@type":"ReadAction","target":["https:\/\/elcanillita.info\/press\/2025\/11\/03\/balcarce-red-carpet-estreno-de-elenco-mismo-director\/"]}]},{"@type":"WebSite","@id":"https:\/\/elcanillita.info\/press\/#website","url":"https:\/\/elcanillita.info\/press\/","name":"ElCanillita.Info","description":"desde los Apeninos a los Andes","publisher":{"@id":"https:\/\/elcanillita.info\/press\/#organization"},"potentialAction":[{"@type":"SearchAction","target":{"@type":"EntryPoint","urlTemplate":"https:\/\/elcanillita.info\/press\/?s={search_term_string}"},"query-input":{"@type":"PropertyValueSpecification","valueRequired":true,"valueName":"search_term_string"}}],"inLanguage":"es-AR"},{"@type":"Organization","@id":"https:\/\/elcanillita.info\/press\/#organization","name":"Guzzo Photos & Graphic Publications","url":"https:\/\/elcanillita.info\/press\/","logo":{"@type":"ImageObject","inLanguage":"es-AR","@id":"https:\/\/elcanillita.info\/press\/#\/schema\/logo\/image\/","url":"https:\/\/elcanillita.info\/press\/images\/2020\/01\/cropped-cropped-cropped-elcanillitainfo.png","contentUrl":"https:\/\/elcanillita.info\/press\/images\/2020\/01\/cropped-cropped-cropped-elcanillitainfo.png","width":460,"height":50,"caption":"Guzzo Photos & Graphic Publications"},"image":{"@id":"https:\/\/elcanillita.info\/press\/#\/schema\/logo\/image\/"},"sameAs":["https:\/\/ar-ar.facebook.com\/ElCanillitainfo-114249515285712\/"]},{"@type":"Person","@id":"https:\/\/elcanillita.info\/press\/#\/schema\/person\/e37a550cff8f5f3407ed112e4cc619cb","name":"ElCanillita.info Guzzo Photos &amp; Graphic Publications","image":{"@type":"ImageObject","inLanguage":"es-AR","@id":"https:\/\/secure.gravatar.com\/avatar\/8914fbe0ef09248907e331ab93dfa89c7f76decf6b51cd1b2f8444e6260db772?s=96&d=mm&r=g","url":"https:\/\/secure.gravatar.com\/avatar\/8914fbe0ef09248907e331ab93dfa89c7f76decf6b51cd1b2f8444e6260db772?s=96&d=mm&r=g","contentUrl":"https:\/\/secure.gravatar.com\/avatar\/8914fbe0ef09248907e331ab93dfa89c7f76decf6b51cd1b2f8444e6260db772?s=96&d=mm&r=g","caption":"ElCanillita.info Guzzo Photos &amp; Graphic Publications"},"sameAs":["http:\/\/guzzophotos.com"]}]}},"views":96,"_links":{"self":[{"href":"https:\/\/elcanillita.info\/press\/wp-json\/wp\/v2\/posts\/5570","targetHints":{"allow":["GET"]}}],"collection":[{"href":"https:\/\/elcanillita.info\/press\/wp-json\/wp\/v2\/posts"}],"about":[{"href":"https:\/\/elcanillita.info\/press\/wp-json\/wp\/v2\/types\/post"}],"author":[{"embeddable":true,"href":"https:\/\/elcanillita.info\/press\/wp-json\/wp\/v2\/users\/14"}],"replies":[{"embeddable":true,"href":"https:\/\/elcanillita.info\/press\/wp-json\/wp\/v2\/comments?post=5570"}],"version-history":[{"count":0,"href":"https:\/\/elcanillita.info\/press\/wp-json\/wp\/v2\/posts\/5570\/revisions"}],"wp:attachment":[{"href":"https:\/\/elcanillita.info\/press\/wp-json\/wp\/v2\/media?parent=5570"}],"wp:term":[{"taxonomy":"category","embeddable":true,"href":"https:\/\/elcanillita.info\/press\/wp-json\/wp\/v2\/categories?post=5570"},{"taxonomy":"post_tag","embeddable":true,"href":"https:\/\/elcanillita.info\/press\/wp-json\/wp\/v2\/tags?post=5570"}],"curies":[{"name":"wp","href":"https:\/\/api.w.org\/{rel}","templated":true}]}}