{"id":557,"date":"2020-02-24T11:13:37","date_gmt":"2020-02-24T14:13:37","guid":{"rendered":"https:\/\/elcanillita.info\/press\/?p=557"},"modified":"2020-02-25T09:47:10","modified_gmt":"2020-02-25T12:47:10","slug":"oro-dispara-siete-anos-amenaza-coronavirus","status":"publish","type":"post","link":"https:\/\/elcanillita.info\/press\/2020\/02\/24\/oro-dispara-siete-anos-amenaza-coronavirus\/","title":{"rendered":"Precio del Oro alcanza el m\u00e1ximo en siete a\u00f1os por amenaza del coronavirus"},"content":{"rendered":"\n<p>Ginebra, 24.01.2020 &#8211; Los precios del oro aumentaron este lunes m\u00e1s de 2,5%, alcanzando as\u00ed su mayor nivel en siete a\u00f1os, impulsados por la propagaci\u00f3n de la epidemia del coronavirus fuera de China, lo que anim\u00f3 a los inversionistas a buscar protecci\u00f3n en refugios seguros.<\/p>\n\n\n\n<p>El potencial de una expansi\u00f3n global del coronavirus lanz\u00f3 al metal a una cotizaci\u00f3n de 1.683,94 d\u00f3lares por onza, muy cerca de los 1.688,66 alcanzados en febrero de 2013.<\/p>\n\n\n\n<p>Los contratos a futuro del oro tambi\u00e9n reflejaron alzas de un 2,3%, hasta los 1.686,40 d\u00f3lares, mientras que el precio en euros lleg\u00f3 a un m\u00e1ximo hist\u00f3rico de 1.560,39 euros por onza.<\/p>\n\n\n\n<p>En Europa, los mercados burs\u00e1tiles luchaban con las malas noticias de nuevas infecciones por coronavirus en Italia y Corea del Sur&nbsp;y, en general, operaban con una baja de m\u00e1s del 3%.<\/p>\n\n\n\n<p><strong>El Norte de Italia empieza a aislarse por coronavirus<\/strong><\/p>\n\n\n\n<p>Los analistas se\u00f1alaron que los mercados se tambalearon en enero al comenzar la epidemia, pero pronto se recuperaron cuando no vieron al coronavirus como una seria amenaza a las ganancias corporativas, pero ahora est\u00e1n revaluando la situaci\u00f3n.<\/p>\n\n\n\n<p>La principal preocupaci\u00f3n son las advertencias de algunas compa\u00f1\u00edas sobre el efecto que tendr\u00e1 el coronavirus en sus cadenas de suministros y en la salud financiera en general.<\/p>\n\n\n\n<p>En ese escenario, las inversiones en oro representan una medida de protecci\u00f3n ante nuevos movimientos negativos de los mercados.<\/p>\n\n\n\n<p>Algunos operadores opinaron que la demanda por el metal se mantendr\u00e1 firme en el nivel de 1.600 a 1.650 d\u00f3lares y que podr\u00eda enfrentar poca resistencia para llegar a 1.700 d\u00f3lares la onza.<\/p>\n\n\n\n<p>La Organizaci\u00f3n Mundial de la Salud, OMS, ya expres\u00f3 su preocupaci\u00f3n por el creciente n\u00famero de casos en el exterior sin claros v\u00ednculos con China.  Jefes financieros del G20 prometen opciones para responder al coronavirus<br><br><small>2020 voanoticias \u2013 salastampa.eu, afiliada a la red Broadcasting Board of Governors \u00a9 2020 BBG<\/small><\/p>\n","protected":false},"excerpt":{"rendered":"<p>Ginebra, 24.01.2020 &#8211; Los precios del oro aumentaron este lunes m\u00e1s de 2,5%, alcanzando as\u00ed su mayor nivel en siete a\u00f1os, impulsados por la propagaci\u00f3n de la epidemia del coronavirus fuera de China, lo que anim\u00f3 a los inversionistas a buscar protecci\u00f3n en refugios seguros.<\/p>\n","protected":false},"author":1,"featured_media":0,"comment_status":"closed","ping_status":"closed","sticky":false,"template":"","format":"standard","meta":{"footnotes":"","_links_to":"","_links_to_target":""},"categories":[70,20,5,78,25],"tags":[],"class_list":["post-557","post","type-post","status-publish","format-standard","hentry","category-actualidad","category-economia","category-europa","category-sanidad","category-sociedad","entry","double"],"yoast_head":"<!-- This site is optimized with the Yoast SEO plugin v27.5 - https:\/\/yoast.com\/product\/yoast-seo-wordpress\/ -->\n<title>Precio del Oro alcanza el m\u00e1ximo en siete a\u00f1os por amenaza del coronavirus - ElCanillita.Info<\/title>\n<meta name=\"robots\" content=\"index, follow, max-snippet:-1, max-image-preview:large, max-video-preview:-1\" \/>\n<link rel=\"canonical\" href=\"https:\/\/elcanillita.info\/press\/2020\/02\/24\/oro-dispara-siete-anos-amenaza-coronavirus\/\" \/>\n<meta property=\"og:locale\" content=\"es_ES\" \/>\n<meta property=\"og:type\" content=\"article\" \/>\n<meta property=\"og:title\" content=\"Precio del Oro alcanza el m\u00e1ximo en siete a\u00f1os por amenaza del coronavirus - ElCanillita.Info\" \/>\n<meta property=\"og:description\" content=\"Ginebra, 24.01.2020 - Los precios del oro aumentaron este lunes m\u00e1s de 2,5%, alcanzando as\u00ed su mayor nivel en siete a\u00f1os, impulsados por la propagaci\u00f3n de la epidemia del coronavirus fuera de China, lo que anim\u00f3 a los inversionistas a buscar protecci\u00f3n en refugios seguros.\" \/>\n<meta property=\"og:url\" content=\"https:\/\/elcanillita.info\/press\/2020\/02\/24\/oro-dispara-siete-anos-amenaza-coronavirus\/\" \/>\n<meta property=\"og:site_name\" content=\"ElCanillita.Info\" \/>\n<meta property=\"article:publisher\" content=\"https:\/\/ar-ar.facebook.com\/ElCanillitainfo-114249515285712\/\" \/>\n<meta property=\"article:published_time\" content=\"2020-02-24T14:13:37+00:00\" \/>\n<meta property=\"article:modified_time\" content=\"2020-02-25T12:47:10+00:00\" \/>\n<meta name=\"author\" content=\"SalaStampa.eu, world press service\" \/>\n<meta name=\"twitter:card\" content=\"summary_large_image\" \/>\n<meta name=\"twitter:label1\" content=\"Escrito por\" \/>\n\t<meta name=\"twitter:data1\" content=\"SalaStampa.eu, world press service\" \/>\n\t<meta name=\"twitter:label2\" content=\"Tiempo de lectura\" \/>\n\t<meta name=\"twitter:data2\" content=\"2 minutos\" \/>\n<script type=\"application\/ld+json\" class=\"yoast-schema-graph\">{\"@context\":\"https:\\\/\\\/schema.org\",\"@graph\":[{\"@type\":\"Article\",\"@id\":\"https:\\\/\\\/elcanillita.info\\\/press\\\/2020\\\/02\\\/24\\\/oro-dispara-siete-anos-amenaza-coronavirus\\\/#article\",\"isPartOf\":{\"@id\":\"https:\\\/\\\/elcanillita.info\\\/press\\\/2020\\\/02\\\/24\\\/oro-dispara-siete-anos-amenaza-coronavirus\\\/\"},\"author\":{\"name\":\"SalaStampa.eu, world press service\",\"@id\":\"https:\\\/\\\/elcanillita.info\\\/press\\\/#\\\/schema\\\/person\\\/7fcb79f38045700919f7da6d97e71ba0\"},\"headline\":\"Precio del Oro alcanza el m\u00e1ximo en siete a\u00f1os por amenaza del coronavirus\",\"datePublished\":\"2020-02-24T14:13:37+00:00\",\"dateModified\":\"2020-02-25T12:47:10+00:00\",\"mainEntityOfPage\":{\"@id\":\"https:\\\/\\\/elcanillita.info\\\/press\\\/2020\\\/02\\\/24\\\/oro-dispara-siete-anos-amenaza-coronavirus\\\/\"},\"wordCount\":341,\"publisher\":{\"@id\":\"https:\\\/\\\/elcanillita.info\\\/press\\\/#organization\"},\"articleSection\":[\"Actualidad\",\"Economia\",\"Europa\",\"Sanidad\",\"Sociedad\"],\"inLanguage\":\"es-AR\"},{\"@type\":\"WebPage\",\"@id\":\"https:\\\/\\\/elcanillita.info\\\/press\\\/2020\\\/02\\\/24\\\/oro-dispara-siete-anos-amenaza-coronavirus\\\/\",\"url\":\"https:\\\/\\\/elcanillita.info\\\/press\\\/2020\\\/02\\\/24\\\/oro-dispara-siete-anos-amenaza-coronavirus\\\/\",\"name\":\"Precio del Oro alcanza el m\u00e1ximo en siete a\u00f1os por amenaza del coronavirus - ElCanillita.Info\",\"isPartOf\":{\"@id\":\"https:\\\/\\\/elcanillita.info\\\/press\\\/#website\"},\"datePublished\":\"2020-02-24T14:13:37+00:00\",\"dateModified\":\"2020-02-25T12:47:10+00:00\",\"inLanguage\":\"es-AR\",\"potentialAction\":[{\"@type\":\"ReadAction\",\"target\":[\"https:\\\/\\\/elcanillita.info\\\/press\\\/2020\\\/02\\\/24\\\/oro-dispara-siete-anos-amenaza-coronavirus\\\/\"]}]},{\"@type\":\"WebSite\",\"@id\":\"https:\\\/\\\/elcanillita.info\\\/press\\\/#website\",\"url\":\"https:\\\/\\\/elcanillita.info\\\/press\\\/\",\"name\":\"ElCanillita.Info\",\"description\":\"desde los Apeninos a los Andes\",\"publisher\":{\"@id\":\"https:\\\/\\\/elcanillita.info\\\/press\\\/#organization\"},\"potentialAction\":[{\"@type\":\"SearchAction\",\"target\":{\"@type\":\"EntryPoint\",\"urlTemplate\":\"https:\\\/\\\/elcanillita.info\\\/press\\\/?s={search_term_string}\"},\"query-input\":{\"@type\":\"PropertyValueSpecification\",\"valueRequired\":true,\"valueName\":\"search_term_string\"}}],\"inLanguage\":\"es-AR\"},{\"@type\":\"Organization\",\"@id\":\"https:\\\/\\\/elcanillita.info\\\/press\\\/#organization\",\"name\":\"Guzzo Photos & Graphic Publications\",\"url\":\"https:\\\/\\\/elcanillita.info\\\/press\\\/\",\"logo\":{\"@type\":\"ImageObject\",\"inLanguage\":\"es-AR\",\"@id\":\"https:\\\/\\\/elcanillita.info\\\/press\\\/#\\\/schema\\\/logo\\\/image\\\/\",\"url\":\"https:\\\/\\\/elcanillita.info\\\/press\\\/images\\\/2020\\\/01\\\/cropped-cropped-cropped-elcanillitainfo.png\",\"contentUrl\":\"https:\\\/\\\/elcanillita.info\\\/press\\\/images\\\/2020\\\/01\\\/cropped-cropped-cropped-elcanillitainfo.png\",\"width\":460,\"height\":50,\"caption\":\"Guzzo Photos & Graphic Publications\"},\"image\":{\"@id\":\"https:\\\/\\\/elcanillita.info\\\/press\\\/#\\\/schema\\\/logo\\\/image\\\/\"},\"sameAs\":[\"https:\\\/\\\/ar-ar.facebook.com\\\/ElCanillitainfo-114249515285712\\\/\"]},{\"@type\":\"Person\",\"@id\":\"https:\\\/\\\/elcanillita.info\\\/press\\\/#\\\/schema\\\/person\\\/7fcb79f38045700919f7da6d97e71ba0\",\"name\":\"SalaStampa.eu, world press service\",\"image\":{\"@type\":\"ImageObject\",\"inLanguage\":\"es-AR\",\"@id\":\"https:\\\/\\\/secure.gravatar.com\\\/avatar\\\/c2f0e0d515a107624234994507816ca4724c7199cef73fc8bedebf6931d73888?s=96&d=mm&r=g\",\"url\":\"https:\\\/\\\/secure.gravatar.com\\\/avatar\\\/c2f0e0d515a107624234994507816ca4724c7199cef73fc8bedebf6931d73888?s=96&d=mm&r=g\",\"contentUrl\":\"https:\\\/\\\/secure.gravatar.com\\\/avatar\\\/c2f0e0d515a107624234994507816ca4724c7199cef73fc8bedebf6931d73888?s=96&d=mm&r=g\",\"caption\":\"SalaStampa.eu, world press service\"}}]}<\/script>\n<!-- \/ Yoast SEO plugin. -->","yoast_head_json":{"title":"Precio del Oro alcanza el m\u00e1ximo en siete a\u00f1os por amenaza del coronavirus - ElCanillita.Info","robots":{"index":"index","follow":"follow","max-snippet":"max-snippet:-1","max-image-preview":"max-image-preview:large","max-video-preview":"max-video-preview:-1"},"canonical":"https:\/\/elcanillita.info\/press\/2020\/02\/24\/oro-dispara-siete-anos-amenaza-coronavirus\/","og_locale":"es_ES","og_type":"article","og_title":"Precio del Oro alcanza el m\u00e1ximo en siete a\u00f1os por amenaza del coronavirus - ElCanillita.Info","og_description":"Ginebra, 24.01.2020 - Los precios del oro aumentaron este lunes m\u00e1s de 2,5%, alcanzando as\u00ed su mayor nivel en siete a\u00f1os, impulsados por la propagaci\u00f3n de la epidemia del coronavirus fuera de China, lo que anim\u00f3 a los inversionistas a buscar protecci\u00f3n en refugios seguros.","og_url":"https:\/\/elcanillita.info\/press\/2020\/02\/24\/oro-dispara-siete-anos-amenaza-coronavirus\/","og_site_name":"ElCanillita.Info","article_publisher":"https:\/\/ar-ar.facebook.com\/ElCanillitainfo-114249515285712\/","article_published_time":"2020-02-24T14:13:37+00:00","article_modified_time":"2020-02-25T12:47:10+00:00","author":"SalaStampa.eu, world press service","twitter_card":"summary_large_image","twitter_misc":{"Escrito por":"SalaStampa.eu, world press service","Tiempo de lectura":"2 minutos"},"schema":{"@context":"https:\/\/schema.org","@graph":[{"@type":"Article","@id":"https:\/\/elcanillita.info\/press\/2020\/02\/24\/oro-dispara-siete-anos-amenaza-coronavirus\/#article","isPartOf":{"@id":"https:\/\/elcanillita.info\/press\/2020\/02\/24\/oro-dispara-siete-anos-amenaza-coronavirus\/"},"author":{"name":"SalaStampa.eu, world press service","@id":"https:\/\/elcanillita.info\/press\/#\/schema\/person\/7fcb79f38045700919f7da6d97e71ba0"},"headline":"Precio del Oro alcanza el m\u00e1ximo en siete a\u00f1os por amenaza del coronavirus","datePublished":"2020-02-24T14:13:37+00:00","dateModified":"2020-02-25T12:47:10+00:00","mainEntityOfPage":{"@id":"https:\/\/elcanillita.info\/press\/2020\/02\/24\/oro-dispara-siete-anos-amenaza-coronavirus\/"},"wordCount":341,"publisher":{"@id":"https:\/\/elcanillita.info\/press\/#organization"},"articleSection":["Actualidad","Economia","Europa","Sanidad","Sociedad"],"inLanguage":"es-AR"},{"@type":"WebPage","@id":"https:\/\/elcanillita.info\/press\/2020\/02\/24\/oro-dispara-siete-anos-amenaza-coronavirus\/","url":"https:\/\/elcanillita.info\/press\/2020\/02\/24\/oro-dispara-siete-anos-amenaza-coronavirus\/","name":"Precio del Oro alcanza el m\u00e1ximo en siete a\u00f1os por amenaza del coronavirus - ElCanillita.Info","isPartOf":{"@id":"https:\/\/elcanillita.info\/press\/#website"},"datePublished":"2020-02-24T14:13:37+00:00","dateModified":"2020-02-25T12:47:10+00:00","inLanguage":"es-AR","potentialAction":[{"@type":"ReadAction","target":["https:\/\/elcanillita.info\/press\/2020\/02\/24\/oro-dispara-siete-anos-amenaza-coronavirus\/"]}]},{"@type":"WebSite","@id":"https:\/\/elcanillita.info\/press\/#website","url":"https:\/\/elcanillita.info\/press\/","name":"ElCanillita.Info","description":"desde los Apeninos a los Andes","publisher":{"@id":"https:\/\/elcanillita.info\/press\/#organization"},"potentialAction":[{"@type":"SearchAction","target":{"@type":"EntryPoint","urlTemplate":"https:\/\/elcanillita.info\/press\/?s={search_term_string}"},"query-input":{"@type":"PropertyValueSpecification","valueRequired":true,"valueName":"search_term_string"}}],"inLanguage":"es-AR"},{"@type":"Organization","@id":"https:\/\/elcanillita.info\/press\/#organization","name":"Guzzo Photos & Graphic Publications","url":"https:\/\/elcanillita.info\/press\/","logo":{"@type":"ImageObject","inLanguage":"es-AR","@id":"https:\/\/elcanillita.info\/press\/#\/schema\/logo\/image\/","url":"https:\/\/elcanillita.info\/press\/images\/2020\/01\/cropped-cropped-cropped-elcanillitainfo.png","contentUrl":"https:\/\/elcanillita.info\/press\/images\/2020\/01\/cropped-cropped-cropped-elcanillitainfo.png","width":460,"height":50,"caption":"Guzzo Photos & Graphic Publications"},"image":{"@id":"https:\/\/elcanillita.info\/press\/#\/schema\/logo\/image\/"},"sameAs":["https:\/\/ar-ar.facebook.com\/ElCanillitainfo-114249515285712\/"]},{"@type":"Person","@id":"https:\/\/elcanillita.info\/press\/#\/schema\/person\/7fcb79f38045700919f7da6d97e71ba0","name":"SalaStampa.eu, world press service","image":{"@type":"ImageObject","inLanguage":"es-AR","@id":"https:\/\/secure.gravatar.com\/avatar\/c2f0e0d515a107624234994507816ca4724c7199cef73fc8bedebf6931d73888?s=96&d=mm&r=g","url":"https:\/\/secure.gravatar.com\/avatar\/c2f0e0d515a107624234994507816ca4724c7199cef73fc8bedebf6931d73888?s=96&d=mm&r=g","contentUrl":"https:\/\/secure.gravatar.com\/avatar\/c2f0e0d515a107624234994507816ca4724c7199cef73fc8bedebf6931d73888?s=96&d=mm&r=g","caption":"SalaStampa.eu, world press service"}}]}},"views":678,"_links":{"self":[{"href":"https:\/\/elcanillita.info\/press\/wp-json\/wp\/v2\/posts\/557","targetHints":{"allow":["GET"]}}],"collection":[{"href":"https:\/\/elcanillita.info\/press\/wp-json\/wp\/v2\/posts"}],"about":[{"href":"https:\/\/elcanillita.info\/press\/wp-json\/wp\/v2\/types\/post"}],"author":[{"embeddable":true,"href":"https:\/\/elcanillita.info\/press\/wp-json\/wp\/v2\/users\/1"}],"replies":[{"embeddable":true,"href":"https:\/\/elcanillita.info\/press\/wp-json\/wp\/v2\/comments?post=557"}],"version-history":[{"count":0,"href":"https:\/\/elcanillita.info\/press\/wp-json\/wp\/v2\/posts\/557\/revisions"}],"wp:attachment":[{"href":"https:\/\/elcanillita.info\/press\/wp-json\/wp\/v2\/media?parent=557"}],"wp:term":[{"taxonomy":"category","embeddable":true,"href":"https:\/\/elcanillita.info\/press\/wp-json\/wp\/v2\/categories?post=557"},{"taxonomy":"post_tag","embeddable":true,"href":"https:\/\/elcanillita.info\/press\/wp-json\/wp\/v2\/tags?post=557"}],"curies":[{"name":"wp","href":"https:\/\/api.w.org\/{rel}","templated":true}]}}