{"id":5569,"date":"2025-11-02T11:20:17","date_gmt":"2025-11-02T14:20:17","guid":{"rendered":"https:\/\/elcanillita.info\/press\/?p=5569"},"modified":"2025-11-02T11:20:34","modified_gmt":"2025-11-02T14:20:34","slug":"emergencia-nacional-en-los-barrios-el-narco-ya-tiene-estado-propio","status":"publish","type":"post","link":"https:\/\/elcanillita.info\/press\/2025\/11\/02\/emergencia-nacional-en-los-barrios-el-narco-ya-tiene-estado-propio\/","title":{"rendered":"\ud83d\uddde\ufe0f \u2696\ufe0f \u271d\ufe0f Emergencia nacional en los barrios: el narco ya tiene Estado propio"},"content":{"rendered":"\n<p class=\"p1\">En Argentina, ya no hace falta mirar las favelas de R\u00edo para entender el tama\u00f1o del problema. Monse\u00f1or Eduardo Garc\u00eda, obispo de San Justo, lo dijo sin eufemismos: \u201cel narcotr\u00e1fico opera con total impunidad; es una emergencia nacional\u201d.<\/p>\n\n\n\n<p class=\"p1\">Desde los barrios m\u00e1s castigados del conurbano bonaerense, Garc\u00eda observa la expansi\u00f3n del delito con la serenidad de quien conoce el terreno. \u201cA medida que crece el hambre, crece la presencia de narcotraficantes y el reclutamiento de j\u00f3venes. Es directamente proporcional\u201d, advirti\u00f3.<\/p>\n\n\n\n<p class=\"p1\">En los Hogares de Cristo y los centros comunitarios de La Matanza, los curas villeros ven c\u00f3mo los chicos se convierten en soldados de un ej\u00e9rcito invisible, financiado por la droga y sostenido por la desesperanza.<\/p>\n\n\n\n<p class=\"p1\">La comparaci\u00f3n con R\u00edo de Janeiro no es exagerada. \u201cNo tenemos una infraestructura tan grande como las favelas, pero lo mismo ocurre a peque\u00f1a escala\u201d, explic\u00f3 Garc\u00eda. La diferencia, acaso, es que all\u00e1 el Estado intenta entrar con tanques; ac\u00e1, ni siquiera llega con una linterna.<\/p>\n\n\n\n<p class=\"p1\">El dinero narco circula, construye lealtades, compra silencios y reemplaza la presencia p\u00fablica por su propia ley. Lo llaman \u201cterritorio liberado\u201d; en realidad, es territorio abandonado.<\/p>\n\n\n\n<p class=\"p1\">Mientras tanto, la pol\u00edtica mira para otro lado, entretenida en sus propias internas y calculadoras electorales. Pero el obispo lo resume sin met\u00e1foras: \u201cSi el Estado no interviene en los barrios, el Estado paralelo los ocupa\u201d.<\/p>\n\n\n\n<p class=\"p1\">Y ese, quiz\u00e1s, sea el verdadero riesgo pa\u00eds.<\/p>\n\n\n\n<p><\/p>\n\n\n\n<p>\u270d\ufe0f \u00a9\ufe0f 2025&nbsp; El Apadrinado del Pueblo&nbsp; &#8211;&nbsp; All Rights Reserved<\/p>\n\n\n\n<p><\/p>\n\n\n<p><small>\u00a9\ufe0f2025  Guzzo Photos  &#038; Graphic Publications \u2013 All Rights Reserved \u2013 Copyright \u00a9\ufe0f 2025 SalaStampa.eu, world press service \u2013 Guzzo Photos &#038; Graphic Publications \u2013 Registro Editori e Stampatori n. 1441 Turin, Italy<\/small><\/p>\n\n\n<p><\/p>\n","protected":false},"excerpt":{"rendered":"<p>El obispo de San Justo, Monse\u00f1or Eduardo Garc\u00eda, advirti\u00f3 que el narcotr\u00e1fico opera con total impunidad en el \u00e1rea metropolitana. \u201cNo se trata de programas, sino de personas\u201d, dijo, al pedir una acci\u00f3n urgente del Estado antes de que el Estado paralelo gane la partida.<\/p>\n","protected":false},"author":1,"featured_media":0,"comment_status":"closed","ping_status":"","sticky":false,"template":"","format":"standard","meta":{"footnotes":"","_links_to":"","_links_to_target":""},"categories":[108,121,70,11,123,118,20,113,23,25],"tags":[29],"class_list":["post-5569","post","type-post","status-publish","format-standard","hentry","category-blogdiario","category-dc24","category-actualidad","category-america-del-sur","category-argentina","category-corrupcion","category-economia","category-narcotrafico","category-politica","category-sociedad","tag-argentina","entry","double"],"yoast_head":"<!-- This site is optimized with the Yoast SEO plugin v27.5 - https:\/\/yoast.com\/product\/yoast-seo-wordpress\/ -->\n<title>\ud83d\uddde\ufe0f \u2696\ufe0f \u271d\ufe0f Emergencia nacional en los barrios: el narco ya tiene Estado propio - ElCanillita.Info<\/title>\n<meta name=\"robots\" content=\"index, follow, max-snippet:-1, max-image-preview:large, max-video-preview:-1\" \/>\n<link rel=\"canonical\" href=\"https:\/\/elcanillita.info\/press\/2025\/11\/02\/emergencia-nacional-en-los-barrios-el-narco-ya-tiene-estado-propio\/\" \/>\n<meta property=\"og:locale\" content=\"es_ES\" \/>\n<meta property=\"og:type\" content=\"article\" \/>\n<meta property=\"og:title\" content=\"\ud83d\uddde\ufe0f \u2696\ufe0f \u271d\ufe0f Emergencia nacional en los barrios: el narco ya tiene Estado propio - ElCanillita.Info\" \/>\n<meta property=\"og:description\" content=\"El obispo de San Justo, Monse\u00f1or Eduardo Garc\u00eda, advirti\u00f3 que el narcotr\u00e1fico opera con total impunidad en el \u00e1rea metropolitana. \u201cNo se trata de programas, sino de personas\u201d, dijo, al pedir una acci\u00f3n urgente del Estado antes de que el Estado paralelo gane la partida.\" \/>\n<meta property=\"og:url\" content=\"https:\/\/elcanillita.info\/press\/2025\/11\/02\/emergencia-nacional-en-los-barrios-el-narco-ya-tiene-estado-propio\/\" \/>\n<meta property=\"og:site_name\" content=\"ElCanillita.Info\" \/>\n<meta property=\"article:publisher\" content=\"https:\/\/ar-ar.facebook.com\/ElCanillitainfo-114249515285712\/\" \/>\n<meta property=\"article:published_time\" content=\"2025-11-02T14:20:17+00:00\" \/>\n<meta property=\"article:modified_time\" content=\"2025-11-02T14:20:34+00:00\" \/>\n<meta name=\"author\" content=\"SalaStampa.eu, world press service\" \/>\n<meta name=\"twitter:card\" content=\"summary_large_image\" \/>\n<meta name=\"twitter:label1\" content=\"Escrito por\" \/>\n\t<meta name=\"twitter:data1\" content=\"SalaStampa.eu, world press service\" \/>\n\t<meta name=\"twitter:label2\" content=\"Tiempo de lectura\" \/>\n\t<meta name=\"twitter:data2\" content=\"1 minuto\" \/>\n<script type=\"application\/ld+json\" class=\"yoast-schema-graph\">{\"@context\":\"https:\\\/\\\/schema.org\",\"@graph\":[{\"@type\":\"Article\",\"@id\":\"https:\\\/\\\/elcanillita.info\\\/press\\\/2025\\\/11\\\/02\\\/emergencia-nacional-en-los-barrios-el-narco-ya-tiene-estado-propio\\\/#article\",\"isPartOf\":{\"@id\":\"https:\\\/\\\/elcanillita.info\\\/press\\\/2025\\\/11\\\/02\\\/emergencia-nacional-en-los-barrios-el-narco-ya-tiene-estado-propio\\\/\"},\"author\":{\"name\":\"SalaStampa.eu, world press service\",\"@id\":\"https:\\\/\\\/elcanillita.info\\\/press\\\/#\\\/schema\\\/person\\\/7fcb79f38045700919f7da6d97e71ba0\"},\"headline\":\"\ud83d\uddde\ufe0f \u2696\ufe0f \u271d\ufe0f Emergencia nacional en los barrios: el narco ya tiene Estado propio\",\"datePublished\":\"2025-11-02T14:20:17+00:00\",\"dateModified\":\"2025-11-02T14:20:34+00:00\",\"mainEntityOfPage\":{\"@id\":\"https:\\\/\\\/elcanillita.info\\\/press\\\/2025\\\/11\\\/02\\\/emergencia-nacional-en-los-barrios-el-narco-ya-tiene-estado-propio\\\/\"},\"wordCount\":298,\"publisher\":{\"@id\":\"https:\\\/\\\/elcanillita.info\\\/press\\\/#organization\"},\"keywords\":[\"Argentina\"],\"articleSection\":[\".\",\".\",\"Actualidad\",\"Am\u00e9rica del Sur\",\"Argentina\",\"Corrupci\u00f3n\",\"Economia\",\"Narcotr\u00e1fico\",\"Politica\",\"Sociedad\"],\"inLanguage\":\"es-AR\"},{\"@type\":\"WebPage\",\"@id\":\"https:\\\/\\\/elcanillita.info\\\/press\\\/2025\\\/11\\\/02\\\/emergencia-nacional-en-los-barrios-el-narco-ya-tiene-estado-propio\\\/\",\"url\":\"https:\\\/\\\/elcanillita.info\\\/press\\\/2025\\\/11\\\/02\\\/emergencia-nacional-en-los-barrios-el-narco-ya-tiene-estado-propio\\\/\",\"name\":\"\ud83d\uddde\ufe0f \u2696\ufe0f \u271d\ufe0f Emergencia nacional en los barrios: el narco ya tiene Estado propio - ElCanillita.Info\",\"isPartOf\":{\"@id\":\"https:\\\/\\\/elcanillita.info\\\/press\\\/#website\"},\"datePublished\":\"2025-11-02T14:20:17+00:00\",\"dateModified\":\"2025-11-02T14:20:34+00:00\",\"inLanguage\":\"es-AR\",\"potentialAction\":[{\"@type\":\"ReadAction\",\"target\":[\"https:\\\/\\\/elcanillita.info\\\/press\\\/2025\\\/11\\\/02\\\/emergencia-nacional-en-los-barrios-el-narco-ya-tiene-estado-propio\\\/\"]}]},{\"@type\":\"WebSite\",\"@id\":\"https:\\\/\\\/elcanillita.info\\\/press\\\/#website\",\"url\":\"https:\\\/\\\/elcanillita.info\\\/press\\\/\",\"name\":\"ElCanillita.Info\",\"description\":\"desde los Apeninos a los Andes\",\"publisher\":{\"@id\":\"https:\\\/\\\/elcanillita.info\\\/press\\\/#organization\"},\"potentialAction\":[{\"@type\":\"SearchAction\",\"target\":{\"@type\":\"EntryPoint\",\"urlTemplate\":\"https:\\\/\\\/elcanillita.info\\\/press\\\/?s={search_term_string}\"},\"query-input\":{\"@type\":\"PropertyValueSpecification\",\"valueRequired\":true,\"valueName\":\"search_term_string\"}}],\"inLanguage\":\"es-AR\"},{\"@type\":\"Organization\",\"@id\":\"https:\\\/\\\/elcanillita.info\\\/press\\\/#organization\",\"name\":\"Guzzo Photos & Graphic Publications\",\"url\":\"https:\\\/\\\/elcanillita.info\\\/press\\\/\",\"logo\":{\"@type\":\"ImageObject\",\"inLanguage\":\"es-AR\",\"@id\":\"https:\\\/\\\/elcanillita.info\\\/press\\\/#\\\/schema\\\/logo\\\/image\\\/\",\"url\":\"https:\\\/\\\/elcanillita.info\\\/press\\\/images\\\/2020\\\/01\\\/cropped-cropped-cropped-elcanillitainfo.png\",\"contentUrl\":\"https:\\\/\\\/elcanillita.info\\\/press\\\/images\\\/2020\\\/01\\\/cropped-cropped-cropped-elcanillitainfo.png\",\"width\":460,\"height\":50,\"caption\":\"Guzzo Photos & Graphic Publications\"},\"image\":{\"@id\":\"https:\\\/\\\/elcanillita.info\\\/press\\\/#\\\/schema\\\/logo\\\/image\\\/\"},\"sameAs\":[\"https:\\\/\\\/ar-ar.facebook.com\\\/ElCanillitainfo-114249515285712\\\/\"]},{\"@type\":\"Person\",\"@id\":\"https:\\\/\\\/elcanillita.info\\\/press\\\/#\\\/schema\\\/person\\\/7fcb79f38045700919f7da6d97e71ba0\",\"name\":\"SalaStampa.eu, world press service\",\"image\":{\"@type\":\"ImageObject\",\"inLanguage\":\"es-AR\",\"@id\":\"https:\\\/\\\/secure.gravatar.com\\\/avatar\\\/c2f0e0d515a107624234994507816ca4724c7199cef73fc8bedebf6931d73888?s=96&d=mm&r=g\",\"url\":\"https:\\\/\\\/secure.gravatar.com\\\/avatar\\\/c2f0e0d515a107624234994507816ca4724c7199cef73fc8bedebf6931d73888?s=96&d=mm&r=g\",\"contentUrl\":\"https:\\\/\\\/secure.gravatar.com\\\/avatar\\\/c2f0e0d515a107624234994507816ca4724c7199cef73fc8bedebf6931d73888?s=96&d=mm&r=g\",\"caption\":\"SalaStampa.eu, world press service\"}}]}<\/script>\n<!-- \/ Yoast SEO plugin. -->","yoast_head_json":{"title":"\ud83d\uddde\ufe0f \u2696\ufe0f \u271d\ufe0f Emergencia nacional en los barrios: el narco ya tiene Estado propio - ElCanillita.Info","robots":{"index":"index","follow":"follow","max-snippet":"max-snippet:-1","max-image-preview":"max-image-preview:large","max-video-preview":"max-video-preview:-1"},"canonical":"https:\/\/elcanillita.info\/press\/2025\/11\/02\/emergencia-nacional-en-los-barrios-el-narco-ya-tiene-estado-propio\/","og_locale":"es_ES","og_type":"article","og_title":"\ud83d\uddde\ufe0f \u2696\ufe0f \u271d\ufe0f Emergencia nacional en los barrios: el narco ya tiene Estado propio - ElCanillita.Info","og_description":"El obispo de San Justo, Monse\u00f1or Eduardo Garc\u00eda, advirti\u00f3 que el narcotr\u00e1fico opera con total impunidad en el \u00e1rea metropolitana. \u201cNo se trata de programas, sino de personas\u201d, dijo, al pedir una acci\u00f3n urgente del Estado antes de que el Estado paralelo gane la partida.","og_url":"https:\/\/elcanillita.info\/press\/2025\/11\/02\/emergencia-nacional-en-los-barrios-el-narco-ya-tiene-estado-propio\/","og_site_name":"ElCanillita.Info","article_publisher":"https:\/\/ar-ar.facebook.com\/ElCanillitainfo-114249515285712\/","article_published_time":"2025-11-02T14:20:17+00:00","article_modified_time":"2025-11-02T14:20:34+00:00","author":"SalaStampa.eu, world press service","twitter_card":"summary_large_image","twitter_misc":{"Escrito por":"SalaStampa.eu, world press service","Tiempo de lectura":"1 minuto"},"schema":{"@context":"https:\/\/schema.org","@graph":[{"@type":"Article","@id":"https:\/\/elcanillita.info\/press\/2025\/11\/02\/emergencia-nacional-en-los-barrios-el-narco-ya-tiene-estado-propio\/#article","isPartOf":{"@id":"https:\/\/elcanillita.info\/press\/2025\/11\/02\/emergencia-nacional-en-los-barrios-el-narco-ya-tiene-estado-propio\/"},"author":{"name":"SalaStampa.eu, world press service","@id":"https:\/\/elcanillita.info\/press\/#\/schema\/person\/7fcb79f38045700919f7da6d97e71ba0"},"headline":"\ud83d\uddde\ufe0f \u2696\ufe0f \u271d\ufe0f Emergencia nacional en los barrios: el narco ya tiene Estado propio","datePublished":"2025-11-02T14:20:17+00:00","dateModified":"2025-11-02T14:20:34+00:00","mainEntityOfPage":{"@id":"https:\/\/elcanillita.info\/press\/2025\/11\/02\/emergencia-nacional-en-los-barrios-el-narco-ya-tiene-estado-propio\/"},"wordCount":298,"publisher":{"@id":"https:\/\/elcanillita.info\/press\/#organization"},"keywords":["Argentina"],"articleSection":[".",".","Actualidad","Am\u00e9rica del Sur","Argentina","Corrupci\u00f3n","Economia","Narcotr\u00e1fico","Politica","Sociedad"],"inLanguage":"es-AR"},{"@type":"WebPage","@id":"https:\/\/elcanillita.info\/press\/2025\/11\/02\/emergencia-nacional-en-los-barrios-el-narco-ya-tiene-estado-propio\/","url":"https:\/\/elcanillita.info\/press\/2025\/11\/02\/emergencia-nacional-en-los-barrios-el-narco-ya-tiene-estado-propio\/","name":"\ud83d\uddde\ufe0f \u2696\ufe0f \u271d\ufe0f Emergencia nacional en los barrios: el narco ya tiene Estado propio - ElCanillita.Info","isPartOf":{"@id":"https:\/\/elcanillita.info\/press\/#website"},"datePublished":"2025-11-02T14:20:17+00:00","dateModified":"2025-11-02T14:20:34+00:00","inLanguage":"es-AR","potentialAction":[{"@type":"ReadAction","target":["https:\/\/elcanillita.info\/press\/2025\/11\/02\/emergencia-nacional-en-los-barrios-el-narco-ya-tiene-estado-propio\/"]}]},{"@type":"WebSite","@id":"https:\/\/elcanillita.info\/press\/#website","url":"https:\/\/elcanillita.info\/press\/","name":"ElCanillita.Info","description":"desde los Apeninos a los Andes","publisher":{"@id":"https:\/\/elcanillita.info\/press\/#organization"},"potentialAction":[{"@type":"SearchAction","target":{"@type":"EntryPoint","urlTemplate":"https:\/\/elcanillita.info\/press\/?s={search_term_string}"},"query-input":{"@type":"PropertyValueSpecification","valueRequired":true,"valueName":"search_term_string"}}],"inLanguage":"es-AR"},{"@type":"Organization","@id":"https:\/\/elcanillita.info\/press\/#organization","name":"Guzzo Photos & Graphic Publications","url":"https:\/\/elcanillita.info\/press\/","logo":{"@type":"ImageObject","inLanguage":"es-AR","@id":"https:\/\/elcanillita.info\/press\/#\/schema\/logo\/image\/","url":"https:\/\/elcanillita.info\/press\/images\/2020\/01\/cropped-cropped-cropped-elcanillitainfo.png","contentUrl":"https:\/\/elcanillita.info\/press\/images\/2020\/01\/cropped-cropped-cropped-elcanillitainfo.png","width":460,"height":50,"caption":"Guzzo Photos & Graphic Publications"},"image":{"@id":"https:\/\/elcanillita.info\/press\/#\/schema\/logo\/image\/"},"sameAs":["https:\/\/ar-ar.facebook.com\/ElCanillitainfo-114249515285712\/"]},{"@type":"Person","@id":"https:\/\/elcanillita.info\/press\/#\/schema\/person\/7fcb79f38045700919f7da6d97e71ba0","name":"SalaStampa.eu, world press service","image":{"@type":"ImageObject","inLanguage":"es-AR","@id":"https:\/\/secure.gravatar.com\/avatar\/c2f0e0d515a107624234994507816ca4724c7199cef73fc8bedebf6931d73888?s=96&d=mm&r=g","url":"https:\/\/secure.gravatar.com\/avatar\/c2f0e0d515a107624234994507816ca4724c7199cef73fc8bedebf6931d73888?s=96&d=mm&r=g","contentUrl":"https:\/\/secure.gravatar.com\/avatar\/c2f0e0d515a107624234994507816ca4724c7199cef73fc8bedebf6931d73888?s=96&d=mm&r=g","caption":"SalaStampa.eu, world press service"}}]}},"views":121,"_links":{"self":[{"href":"https:\/\/elcanillita.info\/press\/wp-json\/wp\/v2\/posts\/5569","targetHints":{"allow":["GET"]}}],"collection":[{"href":"https:\/\/elcanillita.info\/press\/wp-json\/wp\/v2\/posts"}],"about":[{"href":"https:\/\/elcanillita.info\/press\/wp-json\/wp\/v2\/types\/post"}],"author":[{"embeddable":true,"href":"https:\/\/elcanillita.info\/press\/wp-json\/wp\/v2\/users\/1"}],"replies":[{"embeddable":true,"href":"https:\/\/elcanillita.info\/press\/wp-json\/wp\/v2\/comments?post=5569"}],"version-history":[{"count":0,"href":"https:\/\/elcanillita.info\/press\/wp-json\/wp\/v2\/posts\/5569\/revisions"}],"wp:attachment":[{"href":"https:\/\/elcanillita.info\/press\/wp-json\/wp\/v2\/media?parent=5569"}],"wp:term":[{"taxonomy":"category","embeddable":true,"href":"https:\/\/elcanillita.info\/press\/wp-json\/wp\/v2\/categories?post=5569"},{"taxonomy":"post_tag","embeddable":true,"href":"https:\/\/elcanillita.info\/press\/wp-json\/wp\/v2\/tags?post=5569"}],"curies":[{"name":"wp","href":"https:\/\/api.w.org\/{rel}","templated":true}]}}