{"id":5566,"date":"2025-11-01T02:54:29","date_gmt":"2025-11-01T05:54:29","guid":{"rendered":"https:\/\/elcanillita.info\/press\/?p=5566"},"modified":"2025-11-01T02:54:53","modified_gmt":"2025-11-01T05:54:53","slug":"super-ministerio-del-plata","status":"publish","type":"post","link":"https:\/\/elcanillita.info\/press\/2025\/11\/01\/super-ministerio-del-plata\/","title":{"rendered":"\ud83d\uddde\ufe0f \ud83d\udd4a\ufe0f \ud83d\uddf3\ufe0f S\u00faper ministerio del Plata"},"content":{"rendered":"\n<p class=\"p1\">El reality pol\u00edtico argentino volvi\u00f3 a girar sobre s\u00ed mismo: esta vez, el vocero se sent\u00f3 en la silla del jefe. Manuel Adorni, rostro diario del relato oficial, fue ungido jefe de Gabinete tras la salida de Guillermo Francos. En otras palabras: el hombre de los partes pas\u00f3 a redactar la historia.<\/p>\n\n\n\n<p class=\"p1\">El nombramiento fue anunciado \u2014c\u00f3mo no\u2014 en X, el altar digital donde el Gobierno exp\u00eda sus ansiedades. \u201cLas reformas estructurales ser\u00e1n prioridad\u201d, prometi\u00f3 Adorni, sin precisar si se trata de nuevas reformas o de reformar las anteriores que todav\u00eda no arrancaron.<\/p>\n\n\n\n<p class=\"p1\">Francos, que alguna vez fue presentado como el piloto pol\u00edtico del Mileismo, termin\u00f3 como pasajero en un vuelo de regreso al llano. Su reemplazante, en cambio, aterriza con turbulencias controladas: habla cada ma\u00f1ana, sonr\u00ede cada tarde y reza cada noche.<\/p>\n\n\n\n<p class=\"p1\">Karina Milei, la \u201cJefa\u201d invisible, aparece en los agradecimientos del nuevo jefe visible. \u201cGracias por la confianza y el apoyo permanente\u201d, escribi\u00f3 Adorni, confirmando que en la Casa Rosada el poder no se delega, se administra por parentesco.<\/p>\n\n\n\n<p class=\"p1\">La invocaci\u00f3n religiosa \u2014\u201cque las fuerzas del cielo nos acompa\u00f1en\u201d\u2014 ya se volvi\u00f3 muletilla institucional. En el fondo, no suena a fe sino a pedido de auxilio: la inflaci\u00f3n, los conflictos sindicales y los apagones de popularidad tambi\u00e9n requieren milagros.<\/p>\n\n\n\n<p class=\"p1\">Mientras tanto, el flamante jefe mantendr\u00e1 su rol de vocero: el hombre que daba las noticias seguir\u00e1 d\u00e1ndolas, pero ahora firmadas por \u00e9l. En la Argentina de Milei, los micr\u00f3fonos ascienden m\u00e1s r\u00e1pido que los salarios.<\/p>\n\n\n\n<p class=\"p1\">El \u201cS\u00faper ministerio del Plata\u201d promete coordinar todo, aunque nadie sepa con qu\u00e9 presupuesto ni bajo qu\u00e9 manual de instrucciones. Lo \u00fanico claro es que, en este Gobierno, cada crisis termina con un ascenso y cada renuncia con un nuevo himno.<\/p>\n\n\n\n<p class=\"p1\">Y as\u00ed, entre rezos y retuits, el vocero se convirti\u00f3 en ministro. O, si se prefiere la met\u00e1fora precisa, en el \u00faltimo sobreviviente del gabinete que aprendi\u00f3 que hablar \u2014en este pa\u00eds\u2014 es mucho m\u00e1s rentable que gobernar.<\/p>\n\n\n\n<p><\/p>\n\n\n\n<p class=\"p1\">\u270d\ufe0f \u00a9\ufe0f 2025 El primo del m\u00e9rito &#8211; All Rights Reserved <\/p>\n\n\n\n<p><\/p>\n\n\n<p><small>\u00a9\ufe0f2025  Guzzo Photos  &#038; Graphic Publications \u2013 All Rights Reserved \u2013 Copyright \u00a9\ufe0f 2025 SalaStampa.eu, world press service \u2013 Guzzo Photos &#038; Graphic Publications \u2013 Registro Editori e Stampatori n. 1441 Turin, Italy<\/small><\/p>\n\n\n<p><\/p>\n","protected":false},"excerpt":{"rendered":"<p>El vocero se convierte en jefe, el mensajero en mensaje y el Gobierno en una redacci\u00f3n port\u00e1til.<\/p>\n","protected":false},"author":14,"featured_media":0,"comment_status":"closed","ping_status":"","sticky":false,"template":"","format":"standard","meta":{"footnotes":"","_links_to":"","_links_to_target":""},"categories":[108,121,70,11,123,20,23,25],"tags":[29],"class_list":["post-5566","post","type-post","status-publish","format-standard","hentry","category-blogdiario","category-dc24","category-actualidad","category-america-del-sur","category-argentina","category-economia","category-politica","category-sociedad","tag-argentina","entry","double"],"yoast_head":"<!-- This site is optimized with the Yoast SEO plugin v27.5 - https:\/\/yoast.com\/product\/yoast-seo-wordpress\/ -->\n<title>\ud83d\uddde\ufe0f \ud83d\udd4a\ufe0f \ud83d\uddf3\ufe0f S\u00faper ministerio del Plata - ElCanillita.Info<\/title>\n<meta name=\"robots\" content=\"index, follow, max-snippet:-1, max-image-preview:large, max-video-preview:-1\" \/>\n<link rel=\"canonical\" href=\"https:\/\/elcanillita.info\/press\/2025\/11\/01\/super-ministerio-del-plata\/\" \/>\n<meta property=\"og:locale\" content=\"es_ES\" \/>\n<meta property=\"og:type\" content=\"article\" \/>\n<meta property=\"og:title\" content=\"\ud83d\uddde\ufe0f \ud83d\udd4a\ufe0f \ud83d\uddf3\ufe0f S\u00faper ministerio del Plata - ElCanillita.Info\" \/>\n<meta property=\"og:description\" content=\"El vocero se convierte en jefe, el mensajero en mensaje y el Gobierno en una redacci\u00f3n port\u00e1til.\" \/>\n<meta property=\"og:url\" content=\"https:\/\/elcanillita.info\/press\/2025\/11\/01\/super-ministerio-del-plata\/\" \/>\n<meta property=\"og:site_name\" content=\"ElCanillita.Info\" \/>\n<meta property=\"article:publisher\" content=\"https:\/\/ar-ar.facebook.com\/ElCanillitainfo-114249515285712\/\" \/>\n<meta property=\"article:published_time\" content=\"2025-11-01T05:54:29+00:00\" \/>\n<meta property=\"article:modified_time\" content=\"2025-11-01T05:54:53+00:00\" \/>\n<meta name=\"author\" content=\"ElCanillita.info Guzzo Photos &amp; Graphic Publications\" \/>\n<meta name=\"twitter:card\" content=\"summary_large_image\" \/>\n<meta name=\"twitter:label1\" content=\"Escrito por\" \/>\n\t<meta name=\"twitter:data1\" content=\"ElCanillita.info Guzzo Photos &amp; Graphic Publications\" \/>\n\t<meta name=\"twitter:label2\" content=\"Tiempo de lectura\" \/>\n\t<meta name=\"twitter:data2\" content=\"2 minutos\" \/>\n<script type=\"application\/ld+json\" class=\"yoast-schema-graph\">{\"@context\":\"https:\\\/\\\/schema.org\",\"@graph\":[{\"@type\":\"Article\",\"@id\":\"https:\\\/\\\/elcanillita.info\\\/press\\\/2025\\\/11\\\/01\\\/super-ministerio-del-plata\\\/#article\",\"isPartOf\":{\"@id\":\"https:\\\/\\\/elcanillita.info\\\/press\\\/2025\\\/11\\\/01\\\/super-ministerio-del-plata\\\/\"},\"author\":{\"name\":\"ElCanillita.info Guzzo Photos &amp; Graphic Publications\",\"@id\":\"https:\\\/\\\/elcanillita.info\\\/press\\\/#\\\/schema\\\/person\\\/e37a550cff8f5f3407ed112e4cc619cb\"},\"headline\":\"\ud83d\uddde\ufe0f \ud83d\udd4a\ufe0f \ud83d\uddf3\ufe0f S\u00faper ministerio del Plata\",\"datePublished\":\"2025-11-01T05:54:29+00:00\",\"dateModified\":\"2025-11-01T05:54:53+00:00\",\"mainEntityOfPage\":{\"@id\":\"https:\\\/\\\/elcanillita.info\\\/press\\\/2025\\\/11\\\/01\\\/super-ministerio-del-plata\\\/\"},\"wordCount\":384,\"publisher\":{\"@id\":\"https:\\\/\\\/elcanillita.info\\\/press\\\/#organization\"},\"keywords\":[\"Argentina\"],\"articleSection\":[\".\",\".\",\"Actualidad\",\"Am\u00e9rica del Sur\",\"Argentina\",\"Economia\",\"Politica\",\"Sociedad\"],\"inLanguage\":\"es-AR\"},{\"@type\":\"WebPage\",\"@id\":\"https:\\\/\\\/elcanillita.info\\\/press\\\/2025\\\/11\\\/01\\\/super-ministerio-del-plata\\\/\",\"url\":\"https:\\\/\\\/elcanillita.info\\\/press\\\/2025\\\/11\\\/01\\\/super-ministerio-del-plata\\\/\",\"name\":\"\ud83d\uddde\ufe0f \ud83d\udd4a\ufe0f \ud83d\uddf3\ufe0f S\u00faper ministerio del Plata - ElCanillita.Info\",\"isPartOf\":{\"@id\":\"https:\\\/\\\/elcanillita.info\\\/press\\\/#website\"},\"datePublished\":\"2025-11-01T05:54:29+00:00\",\"dateModified\":\"2025-11-01T05:54:53+00:00\",\"inLanguage\":\"es-AR\",\"potentialAction\":[{\"@type\":\"ReadAction\",\"target\":[\"https:\\\/\\\/elcanillita.info\\\/press\\\/2025\\\/11\\\/01\\\/super-ministerio-del-plata\\\/\"]}]},{\"@type\":\"WebSite\",\"@id\":\"https:\\\/\\\/elcanillita.info\\\/press\\\/#website\",\"url\":\"https:\\\/\\\/elcanillita.info\\\/press\\\/\",\"name\":\"ElCanillita.Info\",\"description\":\"desde los Apeninos a los Andes\",\"publisher\":{\"@id\":\"https:\\\/\\\/elcanillita.info\\\/press\\\/#organization\"},\"potentialAction\":[{\"@type\":\"SearchAction\",\"target\":{\"@type\":\"EntryPoint\",\"urlTemplate\":\"https:\\\/\\\/elcanillita.info\\\/press\\\/?s={search_term_string}\"},\"query-input\":{\"@type\":\"PropertyValueSpecification\",\"valueRequired\":true,\"valueName\":\"search_term_string\"}}],\"inLanguage\":\"es-AR\"},{\"@type\":\"Organization\",\"@id\":\"https:\\\/\\\/elcanillita.info\\\/press\\\/#organization\",\"name\":\"Guzzo Photos & Graphic Publications\",\"url\":\"https:\\\/\\\/elcanillita.info\\\/press\\\/\",\"logo\":{\"@type\":\"ImageObject\",\"inLanguage\":\"es-AR\",\"@id\":\"https:\\\/\\\/elcanillita.info\\\/press\\\/#\\\/schema\\\/logo\\\/image\\\/\",\"url\":\"https:\\\/\\\/elcanillita.info\\\/press\\\/images\\\/2020\\\/01\\\/cropped-cropped-cropped-elcanillitainfo.png\",\"contentUrl\":\"https:\\\/\\\/elcanillita.info\\\/press\\\/images\\\/2020\\\/01\\\/cropped-cropped-cropped-elcanillitainfo.png\",\"width\":460,\"height\":50,\"caption\":\"Guzzo Photos & Graphic Publications\"},\"image\":{\"@id\":\"https:\\\/\\\/elcanillita.info\\\/press\\\/#\\\/schema\\\/logo\\\/image\\\/\"},\"sameAs\":[\"https:\\\/\\\/ar-ar.facebook.com\\\/ElCanillitainfo-114249515285712\\\/\"]},{\"@type\":\"Person\",\"@id\":\"https:\\\/\\\/elcanillita.info\\\/press\\\/#\\\/schema\\\/person\\\/e37a550cff8f5f3407ed112e4cc619cb\",\"name\":\"ElCanillita.info Guzzo Photos &amp; Graphic Publications\",\"image\":{\"@type\":\"ImageObject\",\"inLanguage\":\"es-AR\",\"@id\":\"https:\\\/\\\/secure.gravatar.com\\\/avatar\\\/8914fbe0ef09248907e331ab93dfa89c7f76decf6b51cd1b2f8444e6260db772?s=96&d=mm&r=g\",\"url\":\"https:\\\/\\\/secure.gravatar.com\\\/avatar\\\/8914fbe0ef09248907e331ab93dfa89c7f76decf6b51cd1b2f8444e6260db772?s=96&d=mm&r=g\",\"contentUrl\":\"https:\\\/\\\/secure.gravatar.com\\\/avatar\\\/8914fbe0ef09248907e331ab93dfa89c7f76decf6b51cd1b2f8444e6260db772?s=96&d=mm&r=g\",\"caption\":\"ElCanillita.info Guzzo Photos &amp; Graphic Publications\"},\"sameAs\":[\"http:\\\/\\\/guzzophotos.com\"]}]}<\/script>\n<!-- \/ Yoast SEO plugin. -->","yoast_head_json":{"title":"\ud83d\uddde\ufe0f \ud83d\udd4a\ufe0f \ud83d\uddf3\ufe0f S\u00faper ministerio del Plata - ElCanillita.Info","robots":{"index":"index","follow":"follow","max-snippet":"max-snippet:-1","max-image-preview":"max-image-preview:large","max-video-preview":"max-video-preview:-1"},"canonical":"https:\/\/elcanillita.info\/press\/2025\/11\/01\/super-ministerio-del-plata\/","og_locale":"es_ES","og_type":"article","og_title":"\ud83d\uddde\ufe0f \ud83d\udd4a\ufe0f \ud83d\uddf3\ufe0f S\u00faper ministerio del Plata - ElCanillita.Info","og_description":"El vocero se convierte en jefe, el mensajero en mensaje y el Gobierno en una redacci\u00f3n port\u00e1til.","og_url":"https:\/\/elcanillita.info\/press\/2025\/11\/01\/super-ministerio-del-plata\/","og_site_name":"ElCanillita.Info","article_publisher":"https:\/\/ar-ar.facebook.com\/ElCanillitainfo-114249515285712\/","article_published_time":"2025-11-01T05:54:29+00:00","article_modified_time":"2025-11-01T05:54:53+00:00","author":"ElCanillita.info Guzzo Photos &amp; Graphic Publications","twitter_card":"summary_large_image","twitter_misc":{"Escrito por":"ElCanillita.info Guzzo Photos &amp; Graphic Publications","Tiempo de lectura":"2 minutos"},"schema":{"@context":"https:\/\/schema.org","@graph":[{"@type":"Article","@id":"https:\/\/elcanillita.info\/press\/2025\/11\/01\/super-ministerio-del-plata\/#article","isPartOf":{"@id":"https:\/\/elcanillita.info\/press\/2025\/11\/01\/super-ministerio-del-plata\/"},"author":{"name":"ElCanillita.info Guzzo Photos &amp; Graphic Publications","@id":"https:\/\/elcanillita.info\/press\/#\/schema\/person\/e37a550cff8f5f3407ed112e4cc619cb"},"headline":"\ud83d\uddde\ufe0f \ud83d\udd4a\ufe0f \ud83d\uddf3\ufe0f S\u00faper ministerio del Plata","datePublished":"2025-11-01T05:54:29+00:00","dateModified":"2025-11-01T05:54:53+00:00","mainEntityOfPage":{"@id":"https:\/\/elcanillita.info\/press\/2025\/11\/01\/super-ministerio-del-plata\/"},"wordCount":384,"publisher":{"@id":"https:\/\/elcanillita.info\/press\/#organization"},"keywords":["Argentina"],"articleSection":[".",".","Actualidad","Am\u00e9rica del Sur","Argentina","Economia","Politica","Sociedad"],"inLanguage":"es-AR"},{"@type":"WebPage","@id":"https:\/\/elcanillita.info\/press\/2025\/11\/01\/super-ministerio-del-plata\/","url":"https:\/\/elcanillita.info\/press\/2025\/11\/01\/super-ministerio-del-plata\/","name":"\ud83d\uddde\ufe0f \ud83d\udd4a\ufe0f \ud83d\uddf3\ufe0f S\u00faper ministerio del Plata - ElCanillita.Info","isPartOf":{"@id":"https:\/\/elcanillita.info\/press\/#website"},"datePublished":"2025-11-01T05:54:29+00:00","dateModified":"2025-11-01T05:54:53+00:00","inLanguage":"es-AR","potentialAction":[{"@type":"ReadAction","target":["https:\/\/elcanillita.info\/press\/2025\/11\/01\/super-ministerio-del-plata\/"]}]},{"@type":"WebSite","@id":"https:\/\/elcanillita.info\/press\/#website","url":"https:\/\/elcanillita.info\/press\/","name":"ElCanillita.Info","description":"desde los Apeninos a los Andes","publisher":{"@id":"https:\/\/elcanillita.info\/press\/#organization"},"potentialAction":[{"@type":"SearchAction","target":{"@type":"EntryPoint","urlTemplate":"https:\/\/elcanillita.info\/press\/?s={search_term_string}"},"query-input":{"@type":"PropertyValueSpecification","valueRequired":true,"valueName":"search_term_string"}}],"inLanguage":"es-AR"},{"@type":"Organization","@id":"https:\/\/elcanillita.info\/press\/#organization","name":"Guzzo Photos & Graphic Publications","url":"https:\/\/elcanillita.info\/press\/","logo":{"@type":"ImageObject","inLanguage":"es-AR","@id":"https:\/\/elcanillita.info\/press\/#\/schema\/logo\/image\/","url":"https:\/\/elcanillita.info\/press\/images\/2020\/01\/cropped-cropped-cropped-elcanillitainfo.png","contentUrl":"https:\/\/elcanillita.info\/press\/images\/2020\/01\/cropped-cropped-cropped-elcanillitainfo.png","width":460,"height":50,"caption":"Guzzo Photos & Graphic Publications"},"image":{"@id":"https:\/\/elcanillita.info\/press\/#\/schema\/logo\/image\/"},"sameAs":["https:\/\/ar-ar.facebook.com\/ElCanillitainfo-114249515285712\/"]},{"@type":"Person","@id":"https:\/\/elcanillita.info\/press\/#\/schema\/person\/e37a550cff8f5f3407ed112e4cc619cb","name":"ElCanillita.info Guzzo Photos &amp; Graphic Publications","image":{"@type":"ImageObject","inLanguage":"es-AR","@id":"https:\/\/secure.gravatar.com\/avatar\/8914fbe0ef09248907e331ab93dfa89c7f76decf6b51cd1b2f8444e6260db772?s=96&d=mm&r=g","url":"https:\/\/secure.gravatar.com\/avatar\/8914fbe0ef09248907e331ab93dfa89c7f76decf6b51cd1b2f8444e6260db772?s=96&d=mm&r=g","contentUrl":"https:\/\/secure.gravatar.com\/avatar\/8914fbe0ef09248907e331ab93dfa89c7f76decf6b51cd1b2f8444e6260db772?s=96&d=mm&r=g","caption":"ElCanillita.info Guzzo Photos &amp; Graphic Publications"},"sameAs":["http:\/\/guzzophotos.com"]}]}},"views":118,"_links":{"self":[{"href":"https:\/\/elcanillita.info\/press\/wp-json\/wp\/v2\/posts\/5566","targetHints":{"allow":["GET"]}}],"collection":[{"href":"https:\/\/elcanillita.info\/press\/wp-json\/wp\/v2\/posts"}],"about":[{"href":"https:\/\/elcanillita.info\/press\/wp-json\/wp\/v2\/types\/post"}],"author":[{"embeddable":true,"href":"https:\/\/elcanillita.info\/press\/wp-json\/wp\/v2\/users\/14"}],"replies":[{"embeddable":true,"href":"https:\/\/elcanillita.info\/press\/wp-json\/wp\/v2\/comments?post=5566"}],"version-history":[{"count":0,"href":"https:\/\/elcanillita.info\/press\/wp-json\/wp\/v2\/posts\/5566\/revisions"}],"wp:attachment":[{"href":"https:\/\/elcanillita.info\/press\/wp-json\/wp\/v2\/media?parent=5566"}],"wp:term":[{"taxonomy":"category","embeddable":true,"href":"https:\/\/elcanillita.info\/press\/wp-json\/wp\/v2\/categories?post=5566"},{"taxonomy":"post_tag","embeddable":true,"href":"https:\/\/elcanillita.info\/press\/wp-json\/wp\/v2\/tags?post=5566"}],"curies":[{"name":"wp","href":"https:\/\/api.w.org\/{rel}","templated":true}]}}