{"id":5562,"date":"2025-10-30T11:21:31","date_gmt":"2025-10-30T14:21:31","guid":{"rendered":"https:\/\/elcanillita.info\/press\/?p=5562"},"modified":"2025-10-30T11:21:32","modified_gmt":"2025-10-30T14:21:32","slug":"el-evangelio-segun-la-motosierra","status":"publish","type":"post","link":"https:\/\/elcanillita.info\/press\/2025\/10\/30\/el-evangelio-segun-la-motosierra\/","title":{"rendered":"El evangelio seg\u00fan la motosierra"},"content":{"rendered":"<div class=\"wp-block-image\">\n<figure class=\"alignleft size-full is-resized\"><img loading=\"lazy\" decoding=\"async\" width=\"512\" height=\"512\" src=\"https:\/\/elcanillita.info\/press\/images\/2025\/10\/dolarPu.jpg\" alt=\"\" class=\"wp-image-5563\" style=\"width:394px;height:auto\" srcset=\"https:\/\/elcanillita.info\/press\/images\/2025\/10\/dolarPu.jpg 512w, https:\/\/elcanillita.info\/press\/images\/2025\/10\/dolarPu-300x300.jpg 300w, https:\/\/elcanillita.info\/press\/images\/2025\/10\/dolarPu-150x150.jpg 150w\" sizes=\"auto, (max-width: 512px) 100vw, 512px\" \/><\/figure>\n<\/div>\n\n\n<p>El libertario volvi\u00f3 a saborear victoria y promesas cumplidas. El pa\u00eds luce, por fin, un super\u00e1vit fiscal, las agencias de rating lo aplauden y el FMI bendice los sacrificios con nuevos desembolsos. Argentina parece haber pasado de la resaca al \u201cmodelo de exportaci\u00f3n\u201d en tiempo r\u00e9cord.<\/p>\n\n\n\n<p>Pero bajo el maquillaje de la estabilidad, el costo social sangra. Con ministerios reducidos a la mitad, hospitales desfinanciados y escuelas con goteras, el ajuste muestra sus cicatrices. Milei jura que todo dolor es pasajero y que el \u201cshock\u201d es la \u00fanica cura posible para el viejo virus del d\u00e9ficit.<\/p>\n\n\n\n<p>El problema es que el remedio se est\u00e1 quedando sin anestesia. Para sostener el tipo de cambio, el Gobierno quema reservas como si fueran f\u00f3sforos en un vendaval. Los inversores, olfateando humo, ya prueban la salida de emergencia.<\/p>\n\n\n\n<p>Mientras tanto, la \u00e9pica libertaria sufre su primera \u00falcera familiar: la todopoderosa hermana-jefa de gabinete bajo sospecha de corrupci\u00f3n. El presidente, fiel a su libreto, culpa a la \u201ccasta resentida\u201d y promete m\u00e1s motosierra \u201csin favoritismos\u201d.<\/p>\n\n\n\n<p>En Washington, Trump y su socio financiero Scott Bessent corren a asistir al aliado del Cono Sur con un salvavidas de 20 mil millones. Una jugada cara para la Casa Blanca, que ya enfrenta reproches del campo estadounidense: \u201c\u00bfPor qu\u00e9 salvar a quien nos roba la soja?\u201d, mascullan los granjeros del Medio Oeste.<\/p>\n\n\n\n<p>El resultado, sin embargo, tranquiliz\u00f3 a los mercados. El peso rebot\u00f3, los bonos escalaron y Milei volvi\u00f3 a subirse al balc\u00f3n digital con un nuevo mantra: \u201cEl despegue comenz\u00f3\u201d.<\/p>\n\n\n\n<p>Lo que a\u00fan no despega es el bolsillo del ciudadano medio, que paga m\u00e1s por todo y recibe menos de todo. La paciencia p\u00fablica \u2014ese insumo que no cotiza en Wall Street\u2014 podr\u00eda agotarse antes que las reservas.<\/p>\n\n\n\n<p>En su discurso postelectoral, Milei prometi\u00f3 \u201cconsolidar el crecimiento\u201d y buscar pactos con los moderados. Los analistas aplauden el tono, pero dudan del libreto: \u201cOrdenado no es precisamente su estilo\u201d, apuntan desde Londres.<\/p>\n\n\n\n<p>Si de verdad quiere despegar, Milei deber\u00e1 aprender a soltar la motosierra y pilotar con una br\u00fajula menos ideol\u00f3gica y m\u00e1s humana. Porque hasta el viento a favor se agota cuando el capit\u00e1n confunde el tim\u00f3n con el serrucho.<br> <br>\u270d\ufe0f <small>\u00a92025 Juan de los D\u00e9bitos &#8211; All Rights Reserved<\/small><\/p>\n\n\n\n<p><small>\u00a92025 Copyright \u00a9 2025 ElCanillita.info \/ SalaStampa.eu, servicio mundial de prensa Guzzo Photos &amp; Graphic Publications \u2013 Registro Editori e Stampatori n. 1441 Torino, Italia<\/small><\/p>\n\n\n\n<p><\/p>\n","protected":false},"excerpt":{"rendered":"<p>Con el viento electoral a favor y el d\u00f3lar en la mira, Javier Milei encara la tercera temporada de su experimento econ\u00f3mico con la mezcla exacta de euforia de mercado y v\u00e9rtigo social. Los n\u00fameros sonr\u00eden, los bolsillos no tanto.<\/p>\n","protected":false},"author":1,"featured_media":5564,"comment_status":"closed","ping_status":"closed","sticky":false,"template":"","format":"standard","meta":{"footnotes":"","_links_to":"","_links_to_target":""},"categories":[108,121,70,11,123,20,23,137],"tags":[29],"class_list":["post-5562","post","type-post","status-publish","format-standard","has-post-thumbnail","hentry","category-blogdiario","category-dc24","category-actualidad","category-america-del-sur","category-argentina","category-economia","category-politica","category-sociedad-y-valores","tag-argentina","entry","double"],"yoast_head":"<!-- This site is optimized with the Yoast SEO plugin v27.5 - https:\/\/yoast.com\/product\/yoast-seo-wordpress\/ -->\n<title>El evangelio seg\u00fan la motosierra - ElCanillita.Info<\/title>\n<meta name=\"robots\" content=\"index, follow, max-snippet:-1, max-image-preview:large, max-video-preview:-1\" \/>\n<link rel=\"canonical\" href=\"https:\/\/elcanillita.info\/press\/2025\/10\/30\/el-evangelio-segun-la-motosierra\/\" \/>\n<meta property=\"og:locale\" content=\"es_ES\" \/>\n<meta property=\"og:type\" content=\"article\" \/>\n<meta property=\"og:title\" content=\"El evangelio seg\u00fan la motosierra - ElCanillita.Info\" \/>\n<meta property=\"og:description\" content=\"Con el viento electoral a favor y el d\u00f3lar en la mira, Javier Milei encara la tercera temporada de su experimento econ\u00f3mico con la mezcla exacta de euforia de mercado y v\u00e9rtigo social. Los n\u00fameros sonr\u00eden, los bolsillos no tanto.\" \/>\n<meta property=\"og:url\" content=\"https:\/\/elcanillita.info\/press\/2025\/10\/30\/el-evangelio-segun-la-motosierra\/\" \/>\n<meta property=\"og:site_name\" content=\"ElCanillita.Info\" \/>\n<meta property=\"article:publisher\" content=\"https:\/\/ar-ar.facebook.com\/ElCanillitainfo-114249515285712\/\" \/>\n<meta property=\"article:published_time\" content=\"2025-10-30T14:21:31+00:00\" \/>\n<meta property=\"article:modified_time\" content=\"2025-10-30T14:21:32+00:00\" \/>\n<meta property=\"og:image\" content=\"https:\/\/elcanillita.info\/press\/images\/2025\/10\/dolarcoved.jpg\" \/>\n\t<meta property=\"og:image:width\" content=\"512\" \/>\n\t<meta property=\"og:image:height\" content=\"336\" \/>\n\t<meta property=\"og:image:type\" content=\"image\/jpeg\" \/>\n<meta name=\"author\" content=\"SalaStampa.eu, world press service\" \/>\n<meta name=\"twitter:card\" content=\"summary_large_image\" \/>\n<meta name=\"twitter:label1\" content=\"Escrito por\" \/>\n\t<meta name=\"twitter:data1\" content=\"SalaStampa.eu, world press service\" \/>\n\t<meta name=\"twitter:label2\" content=\"Tiempo de lectura\" \/>\n\t<meta name=\"twitter:data2\" content=\"3 minutos\" \/>\n<script type=\"application\/ld+json\" class=\"yoast-schema-graph\">{\"@context\":\"https:\\\/\\\/schema.org\",\"@graph\":[{\"@type\":\"Article\",\"@id\":\"https:\\\/\\\/elcanillita.info\\\/press\\\/2025\\\/10\\\/30\\\/el-evangelio-segun-la-motosierra\\\/#article\",\"isPartOf\":{\"@id\":\"https:\\\/\\\/elcanillita.info\\\/press\\\/2025\\\/10\\\/30\\\/el-evangelio-segun-la-motosierra\\\/\"},\"author\":{\"name\":\"SalaStampa.eu, world press service\",\"@id\":\"https:\\\/\\\/elcanillita.info\\\/press\\\/#\\\/schema\\\/person\\\/7fcb79f38045700919f7da6d97e71ba0\"},\"headline\":\"El evangelio seg\u00fan la motosierra\",\"datePublished\":\"2025-10-30T14:21:31+00:00\",\"dateModified\":\"2025-10-30T14:21:32+00:00\",\"mainEntityOfPage\":{\"@id\":\"https:\\\/\\\/elcanillita.info\\\/press\\\/2025\\\/10\\\/30\\\/el-evangelio-segun-la-motosierra\\\/\"},\"wordCount\":415,\"publisher\":{\"@id\":\"https:\\\/\\\/elcanillita.info\\\/press\\\/#organization\"},\"image\":{\"@id\":\"https:\\\/\\\/elcanillita.info\\\/press\\\/2025\\\/10\\\/30\\\/el-evangelio-segun-la-motosierra\\\/#primaryimage\"},\"thumbnailUrl\":\"https:\\\/\\\/elcanillita.info\\\/press\\\/images\\\/2025\\\/10\\\/dolarcoved.jpg\",\"keywords\":[\"Argentina\"],\"articleSection\":[\".\",\".\",\"Actualidad\",\"Am\u00e9rica del Sur\",\"Argentina\",\"Economia\",\"Politica\",\"Sociedad y valores\"],\"inLanguage\":\"es-AR\"},{\"@type\":\"WebPage\",\"@id\":\"https:\\\/\\\/elcanillita.info\\\/press\\\/2025\\\/10\\\/30\\\/el-evangelio-segun-la-motosierra\\\/\",\"url\":\"https:\\\/\\\/elcanillita.info\\\/press\\\/2025\\\/10\\\/30\\\/el-evangelio-segun-la-motosierra\\\/\",\"name\":\"El evangelio seg\u00fan la motosierra - ElCanillita.Info\",\"isPartOf\":{\"@id\":\"https:\\\/\\\/elcanillita.info\\\/press\\\/#website\"},\"primaryImageOfPage\":{\"@id\":\"https:\\\/\\\/elcanillita.info\\\/press\\\/2025\\\/10\\\/30\\\/el-evangelio-segun-la-motosierra\\\/#primaryimage\"},\"image\":{\"@id\":\"https:\\\/\\\/elcanillita.info\\\/press\\\/2025\\\/10\\\/30\\\/el-evangelio-segun-la-motosierra\\\/#primaryimage\"},\"thumbnailUrl\":\"https:\\\/\\\/elcanillita.info\\\/press\\\/images\\\/2025\\\/10\\\/dolarcoved.jpg\",\"datePublished\":\"2025-10-30T14:21:31+00:00\",\"dateModified\":\"2025-10-30T14:21:32+00:00\",\"inLanguage\":\"es-AR\",\"potentialAction\":[{\"@type\":\"ReadAction\",\"target\":[\"https:\\\/\\\/elcanillita.info\\\/press\\\/2025\\\/10\\\/30\\\/el-evangelio-segun-la-motosierra\\\/\"]}]},{\"@type\":\"ImageObject\",\"inLanguage\":\"es-AR\",\"@id\":\"https:\\\/\\\/elcanillita.info\\\/press\\\/2025\\\/10\\\/30\\\/el-evangelio-segun-la-motosierra\\\/#primaryimage\",\"url\":\"https:\\\/\\\/elcanillita.info\\\/press\\\/images\\\/2025\\\/10\\\/dolarcoved.jpg\",\"contentUrl\":\"https:\\\/\\\/elcanillita.info\\\/press\\\/images\\\/2025\\\/10\\\/dolarcoved.jpg\",\"width\":512,\"height\":336},{\"@type\":\"WebSite\",\"@id\":\"https:\\\/\\\/elcanillita.info\\\/press\\\/#website\",\"url\":\"https:\\\/\\\/elcanillita.info\\\/press\\\/\",\"name\":\"ElCanillita.Info\",\"description\":\"desde los Apeninos a los Andes\",\"publisher\":{\"@id\":\"https:\\\/\\\/elcanillita.info\\\/press\\\/#organization\"},\"potentialAction\":[{\"@type\":\"SearchAction\",\"target\":{\"@type\":\"EntryPoint\",\"urlTemplate\":\"https:\\\/\\\/elcanillita.info\\\/press\\\/?s={search_term_string}\"},\"query-input\":{\"@type\":\"PropertyValueSpecification\",\"valueRequired\":true,\"valueName\":\"search_term_string\"}}],\"inLanguage\":\"es-AR\"},{\"@type\":\"Organization\",\"@id\":\"https:\\\/\\\/elcanillita.info\\\/press\\\/#organization\",\"name\":\"Guzzo Photos & Graphic Publications\",\"url\":\"https:\\\/\\\/elcanillita.info\\\/press\\\/\",\"logo\":{\"@type\":\"ImageObject\",\"inLanguage\":\"es-AR\",\"@id\":\"https:\\\/\\\/elcanillita.info\\\/press\\\/#\\\/schema\\\/logo\\\/image\\\/\",\"url\":\"https:\\\/\\\/elcanillita.info\\\/press\\\/images\\\/2020\\\/01\\\/cropped-cropped-cropped-elcanillitainfo.png\",\"contentUrl\":\"https:\\\/\\\/elcanillita.info\\\/press\\\/images\\\/2020\\\/01\\\/cropped-cropped-cropped-elcanillitainfo.png\",\"width\":460,\"height\":50,\"caption\":\"Guzzo Photos & Graphic Publications\"},\"image\":{\"@id\":\"https:\\\/\\\/elcanillita.info\\\/press\\\/#\\\/schema\\\/logo\\\/image\\\/\"},\"sameAs\":[\"https:\\\/\\\/ar-ar.facebook.com\\\/ElCanillitainfo-114249515285712\\\/\"]},{\"@type\":\"Person\",\"@id\":\"https:\\\/\\\/elcanillita.info\\\/press\\\/#\\\/schema\\\/person\\\/7fcb79f38045700919f7da6d97e71ba0\",\"name\":\"SalaStampa.eu, world press service\",\"image\":{\"@type\":\"ImageObject\",\"inLanguage\":\"es-AR\",\"@id\":\"https:\\\/\\\/secure.gravatar.com\\\/avatar\\\/c2f0e0d515a107624234994507816ca4724c7199cef73fc8bedebf6931d73888?s=96&d=mm&r=g\",\"url\":\"https:\\\/\\\/secure.gravatar.com\\\/avatar\\\/c2f0e0d515a107624234994507816ca4724c7199cef73fc8bedebf6931d73888?s=96&d=mm&r=g\",\"contentUrl\":\"https:\\\/\\\/secure.gravatar.com\\\/avatar\\\/c2f0e0d515a107624234994507816ca4724c7199cef73fc8bedebf6931d73888?s=96&d=mm&r=g\",\"caption\":\"SalaStampa.eu, world press service\"}}]}<\/script>\n<!-- \/ Yoast SEO plugin. -->","yoast_head_json":{"title":"El evangelio seg\u00fan la motosierra - ElCanillita.Info","robots":{"index":"index","follow":"follow","max-snippet":"max-snippet:-1","max-image-preview":"max-image-preview:large","max-video-preview":"max-video-preview:-1"},"canonical":"https:\/\/elcanillita.info\/press\/2025\/10\/30\/el-evangelio-segun-la-motosierra\/","og_locale":"es_ES","og_type":"article","og_title":"El evangelio seg\u00fan la motosierra - ElCanillita.Info","og_description":"Con el viento electoral a favor y el d\u00f3lar en la mira, Javier Milei encara la tercera temporada de su experimento econ\u00f3mico con la mezcla exacta de euforia de mercado y v\u00e9rtigo social. Los n\u00fameros sonr\u00eden, los bolsillos no tanto.","og_url":"https:\/\/elcanillita.info\/press\/2025\/10\/30\/el-evangelio-segun-la-motosierra\/","og_site_name":"ElCanillita.Info","article_publisher":"https:\/\/ar-ar.facebook.com\/ElCanillitainfo-114249515285712\/","article_published_time":"2025-10-30T14:21:31+00:00","article_modified_time":"2025-10-30T14:21:32+00:00","og_image":[{"width":512,"height":336,"url":"https:\/\/elcanillita.info\/press\/images\/2025\/10\/dolarcoved.jpg","type":"image\/jpeg"}],"author":"SalaStampa.eu, world press service","twitter_card":"summary_large_image","twitter_misc":{"Escrito por":"SalaStampa.eu, world press service","Tiempo de lectura":"3 minutos"},"schema":{"@context":"https:\/\/schema.org","@graph":[{"@type":"Article","@id":"https:\/\/elcanillita.info\/press\/2025\/10\/30\/el-evangelio-segun-la-motosierra\/#article","isPartOf":{"@id":"https:\/\/elcanillita.info\/press\/2025\/10\/30\/el-evangelio-segun-la-motosierra\/"},"author":{"name":"SalaStampa.eu, world press service","@id":"https:\/\/elcanillita.info\/press\/#\/schema\/person\/7fcb79f38045700919f7da6d97e71ba0"},"headline":"El evangelio seg\u00fan la motosierra","datePublished":"2025-10-30T14:21:31+00:00","dateModified":"2025-10-30T14:21:32+00:00","mainEntityOfPage":{"@id":"https:\/\/elcanillita.info\/press\/2025\/10\/30\/el-evangelio-segun-la-motosierra\/"},"wordCount":415,"publisher":{"@id":"https:\/\/elcanillita.info\/press\/#organization"},"image":{"@id":"https:\/\/elcanillita.info\/press\/2025\/10\/30\/el-evangelio-segun-la-motosierra\/#primaryimage"},"thumbnailUrl":"https:\/\/elcanillita.info\/press\/images\/2025\/10\/dolarcoved.jpg","keywords":["Argentina"],"articleSection":[".",".","Actualidad","Am\u00e9rica del Sur","Argentina","Economia","Politica","Sociedad y valores"],"inLanguage":"es-AR"},{"@type":"WebPage","@id":"https:\/\/elcanillita.info\/press\/2025\/10\/30\/el-evangelio-segun-la-motosierra\/","url":"https:\/\/elcanillita.info\/press\/2025\/10\/30\/el-evangelio-segun-la-motosierra\/","name":"El evangelio seg\u00fan la motosierra - ElCanillita.Info","isPartOf":{"@id":"https:\/\/elcanillita.info\/press\/#website"},"primaryImageOfPage":{"@id":"https:\/\/elcanillita.info\/press\/2025\/10\/30\/el-evangelio-segun-la-motosierra\/#primaryimage"},"image":{"@id":"https:\/\/elcanillita.info\/press\/2025\/10\/30\/el-evangelio-segun-la-motosierra\/#primaryimage"},"thumbnailUrl":"https:\/\/elcanillita.info\/press\/images\/2025\/10\/dolarcoved.jpg","datePublished":"2025-10-30T14:21:31+00:00","dateModified":"2025-10-30T14:21:32+00:00","inLanguage":"es-AR","potentialAction":[{"@type":"ReadAction","target":["https:\/\/elcanillita.info\/press\/2025\/10\/30\/el-evangelio-segun-la-motosierra\/"]}]},{"@type":"ImageObject","inLanguage":"es-AR","@id":"https:\/\/elcanillita.info\/press\/2025\/10\/30\/el-evangelio-segun-la-motosierra\/#primaryimage","url":"https:\/\/elcanillita.info\/press\/images\/2025\/10\/dolarcoved.jpg","contentUrl":"https:\/\/elcanillita.info\/press\/images\/2025\/10\/dolarcoved.jpg","width":512,"height":336},{"@type":"WebSite","@id":"https:\/\/elcanillita.info\/press\/#website","url":"https:\/\/elcanillita.info\/press\/","name":"ElCanillita.Info","description":"desde los Apeninos a los Andes","publisher":{"@id":"https:\/\/elcanillita.info\/press\/#organization"},"potentialAction":[{"@type":"SearchAction","target":{"@type":"EntryPoint","urlTemplate":"https:\/\/elcanillita.info\/press\/?s={search_term_string}"},"query-input":{"@type":"PropertyValueSpecification","valueRequired":true,"valueName":"search_term_string"}}],"inLanguage":"es-AR"},{"@type":"Organization","@id":"https:\/\/elcanillita.info\/press\/#organization","name":"Guzzo Photos & Graphic Publications","url":"https:\/\/elcanillita.info\/press\/","logo":{"@type":"ImageObject","inLanguage":"es-AR","@id":"https:\/\/elcanillita.info\/press\/#\/schema\/logo\/image\/","url":"https:\/\/elcanillita.info\/press\/images\/2020\/01\/cropped-cropped-cropped-elcanillitainfo.png","contentUrl":"https:\/\/elcanillita.info\/press\/images\/2020\/01\/cropped-cropped-cropped-elcanillitainfo.png","width":460,"height":50,"caption":"Guzzo Photos & Graphic Publications"},"image":{"@id":"https:\/\/elcanillita.info\/press\/#\/schema\/logo\/image\/"},"sameAs":["https:\/\/ar-ar.facebook.com\/ElCanillitainfo-114249515285712\/"]},{"@type":"Person","@id":"https:\/\/elcanillita.info\/press\/#\/schema\/person\/7fcb79f38045700919f7da6d97e71ba0","name":"SalaStampa.eu, world press service","image":{"@type":"ImageObject","inLanguage":"es-AR","@id":"https:\/\/secure.gravatar.com\/avatar\/c2f0e0d515a107624234994507816ca4724c7199cef73fc8bedebf6931d73888?s=96&d=mm&r=g","url":"https:\/\/secure.gravatar.com\/avatar\/c2f0e0d515a107624234994507816ca4724c7199cef73fc8bedebf6931d73888?s=96&d=mm&r=g","contentUrl":"https:\/\/secure.gravatar.com\/avatar\/c2f0e0d515a107624234994507816ca4724c7199cef73fc8bedebf6931d73888?s=96&d=mm&r=g","caption":"SalaStampa.eu, world press service"}}]}},"views":124,"_links":{"self":[{"href":"https:\/\/elcanillita.info\/press\/wp-json\/wp\/v2\/posts\/5562","targetHints":{"allow":["GET"]}}],"collection":[{"href":"https:\/\/elcanillita.info\/press\/wp-json\/wp\/v2\/posts"}],"about":[{"href":"https:\/\/elcanillita.info\/press\/wp-json\/wp\/v2\/types\/post"}],"author":[{"embeddable":true,"href":"https:\/\/elcanillita.info\/press\/wp-json\/wp\/v2\/users\/1"}],"replies":[{"embeddable":true,"href":"https:\/\/elcanillita.info\/press\/wp-json\/wp\/v2\/comments?post=5562"}],"version-history":[{"count":0,"href":"https:\/\/elcanillita.info\/press\/wp-json\/wp\/v2\/posts\/5562\/revisions"}],"wp:featuredmedia":[{"embeddable":true,"href":"https:\/\/elcanillita.info\/press\/wp-json\/wp\/v2\/media\/5564"}],"wp:attachment":[{"href":"https:\/\/elcanillita.info\/press\/wp-json\/wp\/v2\/media?parent=5562"}],"wp:term":[{"taxonomy":"category","embeddable":true,"href":"https:\/\/elcanillita.info\/press\/wp-json\/wp\/v2\/categories?post=5562"},{"taxonomy":"post_tag","embeddable":true,"href":"https:\/\/elcanillita.info\/press\/wp-json\/wp\/v2\/tags?post=5562"}],"curies":[{"name":"wp","href":"https:\/\/api.w.org\/{rel}","templated":true}]}}