{"id":5561,"date":"2025-10-30T03:52:41","date_gmt":"2025-10-30T06:52:41","guid":{"rendered":"https:\/\/elcanillita.info\/press\/?p=5561"},"modified":"2025-10-30T03:59:25","modified_gmt":"2025-10-30T06:59:25","slug":"rumores-de-baja-estofa-francos-se-autoplagio-el-obituario-politico-y-resucito-en-vivo","status":"publish","type":"post","link":"https:\/\/elcanillita.info\/press\/2025\/10\/30\/rumores-de-baja-estofa-francos-se-autoplagio-el-obituario-politico-y-resucito-en-vivo\/","title":{"rendered":"\ud83d\uddde\ufe0f \u2696\ufe0f \u271d\ufe0f Rumores de baja estofa: Francos se autoplagi\u00f3 el obituario pol\u00edtico y resucit\u00f3 en vivo"},"content":{"rendered":"\n<p class=\"p1\">Guillermo Francos sali\u00f3 del freezer medi\u00e1tico con una serenata: \u201cTantas veces me mataron, tantas veces me mor\u00ed\u2026\u201d. La cita de Mar\u00eda Elena Walsh fue su carta de defunci\u00f3n revocada y la confirmaci\u00f3n de que, al menos por hoy, sigue siendo jefe de Gabinete.<\/p>\n\n\n\n<p class=\"p1\">En las \u00faltimas horas, el funcionario se convirti\u00f3 en protagonista involuntario de una \u00f3pera en tres actos: rumores, desmentidas y met\u00e1foras musicales. Todo por una supuesta pelea con Santiago Caputo, el or\u00e1culo libertario que susurra al o\u00eddo de Milei.<\/p>\n\n\n\n<p class=\"p1\">Francos no perdi\u00f3 tiempo en se\u00f1alar culpables: \u201crumores de baja estofa\u201d, dispar\u00f3 contra el periodismo que, seg\u00fan \u00e9l, ya redactaba su epitafio pol\u00edtico. Una frase digna de los viejos caudillos de comit\u00e9, aunque adaptada al prime time televisivo.<\/p>\n\n\n\n<p class=\"p1\">Entre LN+ y TN, el funcionario jug\u00f3 a ser analista, v\u00edctima y testigo. Asegur\u00f3 que \u201cjam\u00e1s le dir\u00eda al presidente es \u00e9l o yo\u201d, en alusi\u00f3n a Caputo, y que su relaci\u00f3n con Milei \u201csigue intacta\u201d. Traducido al idioma de la Casa Rosada: a\u00fan no le cambiaron la cerradura.<\/p>\n\n\n\n<p class=\"p1\">Tambi\u00e9n aprovech\u00f3 para marcar distancia con Axel Kicillof, a quien vet\u00f3 del pr\u00f3ximo c\u00f3nclave de gobernadores. \u201cNos reuniremos con todos, menos con los que tienen ideas muy diferentes\u201d, dijo, inaugurando una nueva categor\u00eda diplom\u00e1tica: el di\u00e1logo selectivo.<\/p>\n\n\n\n<p class=\"p1\">Sobre el resultado electoral, se mostr\u00f3 entre sorprendido y aliviado. \u201cNo esper\u00e1bamos ganar por tanta diferencia\u2026 y menos en Buenos Aires\u201d, confes\u00f3. Una rareza: un pol\u00edtico argentino admitiendo que no planific\u00f3 su propio \u00e9xito.<\/p>\n\n\n\n<p class=\"p1\">En resumen, Francos sigue en pie, Milei conserva su jefe de Gabinete y el periodismo suma otra bala perdida en la guerra de versiones. El Gobierno respira una tregua interna mientras la oposici\u00f3n afila titulares para el pr\u00f3ximo cap\u00edtulo.<\/p>\n\n\n\n<p class=\"p1\">Porque en la Argentina, como dir\u00eda la propia Walsh, \u201cel show debe seguir, aunque el circo cambie de jaula\u201d.<\/p>\n\n\n\n<p><\/p>\n\n\n\n<p>\u270d\ufe0f \u00a9 2025 Don Enchufe -All Rights Reserved&nbsp;<\/p>\n\n\n\n<p><\/p>\n\n\n<p><small>\u00a9\ufe0f2025  Guzzo Photos  &#038; Graphic Publications \u2013 All Rights Reserved \u2013 Copyright \u00a9\ufe0f 2025 SalaStampa.eu, world press service \u2013 Guzzo Photos &#038; Graphic Publications \u2013 Registro Editori e Stampatori n. 1441 Turin, Italy<\/small><\/p>\n\n\n<p><\/p>\n","protected":false},"excerpt":{"rendered":"<p>Argentina: el jefe de Gabinete apareci\u00f3 en dos canales para negar su renuncia, despotricar contra el periodismo y citar a Mar\u00eda Elena Walsh como prueba de vida. El Mile\u00edsmo respira, por ahora, sin cambios en el tablero.<\/p>\n","protected":false},"author":1,"featured_media":0,"comment_status":"closed","ping_status":"","sticky":false,"template":"","format":"standard","meta":{"footnotes":"","_links_to":"","_links_to_target":""},"categories":[108,121,70,11,123,23,25],"tags":[29],"class_list":["post-5561","post","type-post","status-publish","format-standard","hentry","category-blogdiario","category-dc24","category-actualidad","category-america-del-sur","category-argentina","category-politica","category-sociedad","tag-argentina","entry","double"],"yoast_head":"<!-- This site is optimized with the Yoast SEO plugin v27.5 - https:\/\/yoast.com\/product\/yoast-seo-wordpress\/ -->\n<title>\ud83d\uddde\ufe0f \u2696\ufe0f \u271d\ufe0f Rumores de baja estofa: Francos se autoplagi\u00f3 el obituario pol\u00edtico y resucit\u00f3 en vivo - ElCanillita.Info<\/title>\n<meta name=\"robots\" content=\"index, follow, max-snippet:-1, max-image-preview:large, max-video-preview:-1\" \/>\n<link rel=\"canonical\" href=\"https:\/\/elcanillita.info\/press\/2025\/10\/30\/rumores-de-baja-estofa-francos-se-autoplagio-el-obituario-politico-y-resucito-en-vivo\/\" \/>\n<meta property=\"og:locale\" content=\"es_ES\" \/>\n<meta property=\"og:type\" content=\"article\" \/>\n<meta property=\"og:title\" content=\"\ud83d\uddde\ufe0f \u2696\ufe0f \u271d\ufe0f Rumores de baja estofa: Francos se autoplagi\u00f3 el obituario pol\u00edtico y resucit\u00f3 en vivo - ElCanillita.Info\" \/>\n<meta property=\"og:description\" content=\"Argentina: el jefe de Gabinete apareci\u00f3 en dos canales para negar su renuncia, despotricar contra el periodismo y citar a Mar\u00eda Elena Walsh como prueba de vida. El Mile\u00edsmo respira, por ahora, sin cambios en el tablero.\" \/>\n<meta property=\"og:url\" content=\"https:\/\/elcanillita.info\/press\/2025\/10\/30\/rumores-de-baja-estofa-francos-se-autoplagio-el-obituario-politico-y-resucito-en-vivo\/\" \/>\n<meta property=\"og:site_name\" content=\"ElCanillita.Info\" \/>\n<meta property=\"article:publisher\" content=\"https:\/\/ar-ar.facebook.com\/ElCanillitainfo-114249515285712\/\" \/>\n<meta property=\"article:published_time\" content=\"2025-10-30T06:52:41+00:00\" \/>\n<meta property=\"article:modified_time\" content=\"2025-10-30T06:59:25+00:00\" \/>\n<meta name=\"author\" content=\"SalaStampa.eu, world press service\" \/>\n<meta name=\"twitter:card\" content=\"summary_large_image\" \/>\n<meta name=\"twitter:label1\" content=\"Escrito por\" \/>\n\t<meta name=\"twitter:data1\" content=\"SalaStampa.eu, world press service\" \/>\n\t<meta name=\"twitter:label2\" content=\"Tiempo de lectura\" \/>\n\t<meta name=\"twitter:data2\" content=\"2 minutos\" \/>\n<script type=\"application\/ld+json\" class=\"yoast-schema-graph\">{\"@context\":\"https:\\\/\\\/schema.org\",\"@graph\":[{\"@type\":\"Article\",\"@id\":\"https:\\\/\\\/elcanillita.info\\\/press\\\/2025\\\/10\\\/30\\\/rumores-de-baja-estofa-francos-se-autoplagio-el-obituario-politico-y-resucito-en-vivo\\\/#article\",\"isPartOf\":{\"@id\":\"https:\\\/\\\/elcanillita.info\\\/press\\\/2025\\\/10\\\/30\\\/rumores-de-baja-estofa-francos-se-autoplagio-el-obituario-politico-y-resucito-en-vivo\\\/\"},\"author\":{\"name\":\"SalaStampa.eu, world press service\",\"@id\":\"https:\\\/\\\/elcanillita.info\\\/press\\\/#\\\/schema\\\/person\\\/7fcb79f38045700919f7da6d97e71ba0\"},\"headline\":\"\ud83d\uddde\ufe0f \u2696\ufe0f \u271d\ufe0f Rumores de baja estofa: Francos se autoplagi\u00f3 el obituario pol\u00edtico y resucit\u00f3 en vivo\",\"datePublished\":\"2025-10-30T06:52:41+00:00\",\"dateModified\":\"2025-10-30T06:59:25+00:00\",\"mainEntityOfPage\":{\"@id\":\"https:\\\/\\\/elcanillita.info\\\/press\\\/2025\\\/10\\\/30\\\/rumores-de-baja-estofa-francos-se-autoplagio-el-obituario-politico-y-resucito-en-vivo\\\/\"},\"wordCount\":371,\"publisher\":{\"@id\":\"https:\\\/\\\/elcanillita.info\\\/press\\\/#organization\"},\"keywords\":[\"Argentina\"],\"articleSection\":[\".\",\".\",\"Actualidad\",\"Am\u00e9rica del Sur\",\"Argentina\",\"Politica\",\"Sociedad\"],\"inLanguage\":\"es-AR\"},{\"@type\":\"WebPage\",\"@id\":\"https:\\\/\\\/elcanillita.info\\\/press\\\/2025\\\/10\\\/30\\\/rumores-de-baja-estofa-francos-se-autoplagio-el-obituario-politico-y-resucito-en-vivo\\\/\",\"url\":\"https:\\\/\\\/elcanillita.info\\\/press\\\/2025\\\/10\\\/30\\\/rumores-de-baja-estofa-francos-se-autoplagio-el-obituario-politico-y-resucito-en-vivo\\\/\",\"name\":\"\ud83d\uddde\ufe0f \u2696\ufe0f \u271d\ufe0f Rumores de baja estofa: Francos se autoplagi\u00f3 el obituario pol\u00edtico y resucit\u00f3 en vivo - ElCanillita.Info\",\"isPartOf\":{\"@id\":\"https:\\\/\\\/elcanillita.info\\\/press\\\/#website\"},\"datePublished\":\"2025-10-30T06:52:41+00:00\",\"dateModified\":\"2025-10-30T06:59:25+00:00\",\"inLanguage\":\"es-AR\",\"potentialAction\":[{\"@type\":\"ReadAction\",\"target\":[\"https:\\\/\\\/elcanillita.info\\\/press\\\/2025\\\/10\\\/30\\\/rumores-de-baja-estofa-francos-se-autoplagio-el-obituario-politico-y-resucito-en-vivo\\\/\"]}]},{\"@type\":\"WebSite\",\"@id\":\"https:\\\/\\\/elcanillita.info\\\/press\\\/#website\",\"url\":\"https:\\\/\\\/elcanillita.info\\\/press\\\/\",\"name\":\"ElCanillita.Info\",\"description\":\"desde los Apeninos a los Andes\",\"publisher\":{\"@id\":\"https:\\\/\\\/elcanillita.info\\\/press\\\/#organization\"},\"potentialAction\":[{\"@type\":\"SearchAction\",\"target\":{\"@type\":\"EntryPoint\",\"urlTemplate\":\"https:\\\/\\\/elcanillita.info\\\/press\\\/?s={search_term_string}\"},\"query-input\":{\"@type\":\"PropertyValueSpecification\",\"valueRequired\":true,\"valueName\":\"search_term_string\"}}],\"inLanguage\":\"es-AR\"},{\"@type\":\"Organization\",\"@id\":\"https:\\\/\\\/elcanillita.info\\\/press\\\/#organization\",\"name\":\"Guzzo Photos & Graphic Publications\",\"url\":\"https:\\\/\\\/elcanillita.info\\\/press\\\/\",\"logo\":{\"@type\":\"ImageObject\",\"inLanguage\":\"es-AR\",\"@id\":\"https:\\\/\\\/elcanillita.info\\\/press\\\/#\\\/schema\\\/logo\\\/image\\\/\",\"url\":\"https:\\\/\\\/elcanillita.info\\\/press\\\/images\\\/2020\\\/01\\\/cropped-cropped-cropped-elcanillitainfo.png\",\"contentUrl\":\"https:\\\/\\\/elcanillita.info\\\/press\\\/images\\\/2020\\\/01\\\/cropped-cropped-cropped-elcanillitainfo.png\",\"width\":460,\"height\":50,\"caption\":\"Guzzo Photos & Graphic Publications\"},\"image\":{\"@id\":\"https:\\\/\\\/elcanillita.info\\\/press\\\/#\\\/schema\\\/logo\\\/image\\\/\"},\"sameAs\":[\"https:\\\/\\\/ar-ar.facebook.com\\\/ElCanillitainfo-114249515285712\\\/\"]},{\"@type\":\"Person\",\"@id\":\"https:\\\/\\\/elcanillita.info\\\/press\\\/#\\\/schema\\\/person\\\/7fcb79f38045700919f7da6d97e71ba0\",\"name\":\"SalaStampa.eu, world press service\",\"image\":{\"@type\":\"ImageObject\",\"inLanguage\":\"es-AR\",\"@id\":\"https:\\\/\\\/secure.gravatar.com\\\/avatar\\\/c2f0e0d515a107624234994507816ca4724c7199cef73fc8bedebf6931d73888?s=96&d=mm&r=g\",\"url\":\"https:\\\/\\\/secure.gravatar.com\\\/avatar\\\/c2f0e0d515a107624234994507816ca4724c7199cef73fc8bedebf6931d73888?s=96&d=mm&r=g\",\"contentUrl\":\"https:\\\/\\\/secure.gravatar.com\\\/avatar\\\/c2f0e0d515a107624234994507816ca4724c7199cef73fc8bedebf6931d73888?s=96&d=mm&r=g\",\"caption\":\"SalaStampa.eu, world press service\"}}]}<\/script>\n<!-- \/ Yoast SEO plugin. -->","yoast_head_json":{"title":"\ud83d\uddde\ufe0f \u2696\ufe0f \u271d\ufe0f Rumores de baja estofa: Francos se autoplagi\u00f3 el obituario pol\u00edtico y resucit\u00f3 en vivo - ElCanillita.Info","robots":{"index":"index","follow":"follow","max-snippet":"max-snippet:-1","max-image-preview":"max-image-preview:large","max-video-preview":"max-video-preview:-1"},"canonical":"https:\/\/elcanillita.info\/press\/2025\/10\/30\/rumores-de-baja-estofa-francos-se-autoplagio-el-obituario-politico-y-resucito-en-vivo\/","og_locale":"es_ES","og_type":"article","og_title":"\ud83d\uddde\ufe0f \u2696\ufe0f \u271d\ufe0f Rumores de baja estofa: Francos se autoplagi\u00f3 el obituario pol\u00edtico y resucit\u00f3 en vivo - ElCanillita.Info","og_description":"Argentina: el jefe de Gabinete apareci\u00f3 en dos canales para negar su renuncia, despotricar contra el periodismo y citar a Mar\u00eda Elena Walsh como prueba de vida. El Mile\u00edsmo respira, por ahora, sin cambios en el tablero.","og_url":"https:\/\/elcanillita.info\/press\/2025\/10\/30\/rumores-de-baja-estofa-francos-se-autoplagio-el-obituario-politico-y-resucito-en-vivo\/","og_site_name":"ElCanillita.Info","article_publisher":"https:\/\/ar-ar.facebook.com\/ElCanillitainfo-114249515285712\/","article_published_time":"2025-10-30T06:52:41+00:00","article_modified_time":"2025-10-30T06:59:25+00:00","author":"SalaStampa.eu, world press service","twitter_card":"summary_large_image","twitter_misc":{"Escrito por":"SalaStampa.eu, world press service","Tiempo de lectura":"2 minutos"},"schema":{"@context":"https:\/\/schema.org","@graph":[{"@type":"Article","@id":"https:\/\/elcanillita.info\/press\/2025\/10\/30\/rumores-de-baja-estofa-francos-se-autoplagio-el-obituario-politico-y-resucito-en-vivo\/#article","isPartOf":{"@id":"https:\/\/elcanillita.info\/press\/2025\/10\/30\/rumores-de-baja-estofa-francos-se-autoplagio-el-obituario-politico-y-resucito-en-vivo\/"},"author":{"name":"SalaStampa.eu, world press service","@id":"https:\/\/elcanillita.info\/press\/#\/schema\/person\/7fcb79f38045700919f7da6d97e71ba0"},"headline":"\ud83d\uddde\ufe0f \u2696\ufe0f \u271d\ufe0f Rumores de baja estofa: Francos se autoplagi\u00f3 el obituario pol\u00edtico y resucit\u00f3 en vivo","datePublished":"2025-10-30T06:52:41+00:00","dateModified":"2025-10-30T06:59:25+00:00","mainEntityOfPage":{"@id":"https:\/\/elcanillita.info\/press\/2025\/10\/30\/rumores-de-baja-estofa-francos-se-autoplagio-el-obituario-politico-y-resucito-en-vivo\/"},"wordCount":371,"publisher":{"@id":"https:\/\/elcanillita.info\/press\/#organization"},"keywords":["Argentina"],"articleSection":[".",".","Actualidad","Am\u00e9rica del Sur","Argentina","Politica","Sociedad"],"inLanguage":"es-AR"},{"@type":"WebPage","@id":"https:\/\/elcanillita.info\/press\/2025\/10\/30\/rumores-de-baja-estofa-francos-se-autoplagio-el-obituario-politico-y-resucito-en-vivo\/","url":"https:\/\/elcanillita.info\/press\/2025\/10\/30\/rumores-de-baja-estofa-francos-se-autoplagio-el-obituario-politico-y-resucito-en-vivo\/","name":"\ud83d\uddde\ufe0f \u2696\ufe0f \u271d\ufe0f Rumores de baja estofa: Francos se autoplagi\u00f3 el obituario pol\u00edtico y resucit\u00f3 en vivo - ElCanillita.Info","isPartOf":{"@id":"https:\/\/elcanillita.info\/press\/#website"},"datePublished":"2025-10-30T06:52:41+00:00","dateModified":"2025-10-30T06:59:25+00:00","inLanguage":"es-AR","potentialAction":[{"@type":"ReadAction","target":["https:\/\/elcanillita.info\/press\/2025\/10\/30\/rumores-de-baja-estofa-francos-se-autoplagio-el-obituario-politico-y-resucito-en-vivo\/"]}]},{"@type":"WebSite","@id":"https:\/\/elcanillita.info\/press\/#website","url":"https:\/\/elcanillita.info\/press\/","name":"ElCanillita.Info","description":"desde los Apeninos a los Andes","publisher":{"@id":"https:\/\/elcanillita.info\/press\/#organization"},"potentialAction":[{"@type":"SearchAction","target":{"@type":"EntryPoint","urlTemplate":"https:\/\/elcanillita.info\/press\/?s={search_term_string}"},"query-input":{"@type":"PropertyValueSpecification","valueRequired":true,"valueName":"search_term_string"}}],"inLanguage":"es-AR"},{"@type":"Organization","@id":"https:\/\/elcanillita.info\/press\/#organization","name":"Guzzo Photos & Graphic Publications","url":"https:\/\/elcanillita.info\/press\/","logo":{"@type":"ImageObject","inLanguage":"es-AR","@id":"https:\/\/elcanillita.info\/press\/#\/schema\/logo\/image\/","url":"https:\/\/elcanillita.info\/press\/images\/2020\/01\/cropped-cropped-cropped-elcanillitainfo.png","contentUrl":"https:\/\/elcanillita.info\/press\/images\/2020\/01\/cropped-cropped-cropped-elcanillitainfo.png","width":460,"height":50,"caption":"Guzzo Photos & Graphic Publications"},"image":{"@id":"https:\/\/elcanillita.info\/press\/#\/schema\/logo\/image\/"},"sameAs":["https:\/\/ar-ar.facebook.com\/ElCanillitainfo-114249515285712\/"]},{"@type":"Person","@id":"https:\/\/elcanillita.info\/press\/#\/schema\/person\/7fcb79f38045700919f7da6d97e71ba0","name":"SalaStampa.eu, world press service","image":{"@type":"ImageObject","inLanguage":"es-AR","@id":"https:\/\/secure.gravatar.com\/avatar\/c2f0e0d515a107624234994507816ca4724c7199cef73fc8bedebf6931d73888?s=96&d=mm&r=g","url":"https:\/\/secure.gravatar.com\/avatar\/c2f0e0d515a107624234994507816ca4724c7199cef73fc8bedebf6931d73888?s=96&d=mm&r=g","contentUrl":"https:\/\/secure.gravatar.com\/avatar\/c2f0e0d515a107624234994507816ca4724c7199cef73fc8bedebf6931d73888?s=96&d=mm&r=g","caption":"SalaStampa.eu, world press service"}}]}},"views":103,"_links":{"self":[{"href":"https:\/\/elcanillita.info\/press\/wp-json\/wp\/v2\/posts\/5561","targetHints":{"allow":["GET"]}}],"collection":[{"href":"https:\/\/elcanillita.info\/press\/wp-json\/wp\/v2\/posts"}],"about":[{"href":"https:\/\/elcanillita.info\/press\/wp-json\/wp\/v2\/types\/post"}],"author":[{"embeddable":true,"href":"https:\/\/elcanillita.info\/press\/wp-json\/wp\/v2\/users\/1"}],"replies":[{"embeddable":true,"href":"https:\/\/elcanillita.info\/press\/wp-json\/wp\/v2\/comments?post=5561"}],"version-history":[{"count":0,"href":"https:\/\/elcanillita.info\/press\/wp-json\/wp\/v2\/posts\/5561\/revisions"}],"wp:attachment":[{"href":"https:\/\/elcanillita.info\/press\/wp-json\/wp\/v2\/media?parent=5561"}],"wp:term":[{"taxonomy":"category","embeddable":true,"href":"https:\/\/elcanillita.info\/press\/wp-json\/wp\/v2\/categories?post=5561"},{"taxonomy":"post_tag","embeddable":true,"href":"https:\/\/elcanillita.info\/press\/wp-json\/wp\/v2\/tags?post=5561"}],"curies":[{"name":"wp","href":"https:\/\/api.w.org\/{rel}","templated":true}]}}